{"id":30027,"date":"2015-09-29T16:17:23","date_gmt":"2015-09-29T15:17:23","guid":{"rendered":"https:\/\/www.prijedordanas.com\/?p=30027"},"modified":"2015-09-29T16:17:23","modified_gmt":"2015-09-29T15:17:23","slug":"rudar-prijedor-bod-na-domacem-terenu-cestitke-slaviji","status":"publish","type":"post","link":"https:\/\/www.prijedordanas.com\/?p=30027","title":{"rendered":"RUDAR-PRIJEDOR BOD NA DOMA\u0106EM TERENU: \u010cESTITKE SLAVIJI"},"content":{"rendered":"<p><a href=\"https:\/\/www.prijedordanas.com\/wp-content\/uploads\/2015\/09\/rudar-prijedor-slavija-rezultat-3.jpg\"><img loading=\"lazy\" decoding=\"async\" src=\"https:\/\/www.prijedordanas.com\/wp-content\/uploads\/2015\/09\/rudar-prijedor-slavija-rezultat-3-300x199.jpg\" alt=\"rudar prijedor-slavija-rezultat (3)\" width=\"300\" height=\"199\" class=\"alignleft size-medium wp-image-29881\" srcset=\"https:\/\/www.prijedordanas.com\/wp-content\/uploads\/2015\/09\/rudar-prijedor-slavija-rezultat-3-300x199.jpg 300w, https:\/\/www.prijedordanas.com\/wp-content\/uploads\/2015\/09\/rudar-prijedor-slavija-rezultat-3-480x320.jpg 480w, https:\/\/www.prijedordanas.com\/wp-content\/uploads\/2015\/09\/rudar-prijedor-slavija-rezultat-3.jpg 800w\" sizes=\"(max-width: 300px) 100vw, 300px\" \/><\/a>Nikako da Rudar-Prijedor po povratku na Gradski stadion ostvari pobjedu u prvenstvu Premijer lige BiH. <\/p>\n<p>U te\u0161koj seriji \u201erudari sa Sane\u201c su poslije pobjede nad ekipom Travnika (2:1) u Gradi\u0161ci, 23.avgusta, pora\u017eeni pred svojim navija\u010dima od mostarskog Zrinjskog i \u0160irokog Brijega sa minimalnih 0:1 i remizirali su protiv Slavije 2:2. <\/p>\n<p>Ujedno, ni nakon \u0161est godina nisu uspjeli da ostvare trijumf nad takmacem iz Isto\u010dnog Sarajeva.<\/p>\n<p>-Igrali smo pod imperativom pobjede. Poslije brzog gola \u201euspavali smo se\u201c, \u0161to je kvalitetniji tim gostiju iskoristio i preokrenuo rezultat. U nastavku ulaskom jo\u0161 jednog  \u0161pica, Petra Kuni\u0107a, krenuli smo vi\u0161e naprijed i stigli do izjedna\u010denja. Bili smo bolji, ali nismo do kraja zavr\u0161ili napade. Rezultatski me\u010d je mogao i\u0107i i u jednom i drugom smjeru &#8211; rekao je \u0161ef stru\u010dnog \u0161taba Prijedor\u010dana  Boris Gavran.<\/p>\n<p>Najbolji akter me\u010da bio je Mirza D\u017eafi\u0107, koji je postavio kona\u010dan ishod, a zanimljivo je da je D\u017eafa, kako ga oslovljavaju saigra\u010di bio strelac pogotka u pomenutom susretu protiv travni\u010dkih \u201evezira\u201c za trijumf. <\/p>\n<p>Potom Prijedor\u010dani 566 minuta nisu zatresli mre\u017ee svojih rivala, kako u prvenstvenim me\u010devima, tako i u po jednom duelu u Kupu Republike Srpske i Kupu BiH, do vode\u0107eg gola Filipa Are\u017eine, kada je iz \u201eslobodnjaka\u201c savladao kapitena \u201esokolova\u201c Mladena Lu\u010di\u0107a.<\/p>\n<p>-Silno smo \u017eeljeli pobjedu, ali poslije svega vi\u0111enog nerije\u0161en ishod je najpravedniji. Slaviji je pripalo prvo poluvrijeme, a nama nastavak i uspjeli smo da do\u0111emo do boda. \u010cestitam protivniku na osvojenom bodu, dokazali  su da nisu slu\u010dajno u gornjem dijelu tabele &#8211; naglasio je D\u017eafi\u0107, najbolji golgeter \u201ezeleno-crnih\u201c u bh.eliti, kojem je ovo bio 21 gol u 40 utakmici u borbama za bodove.<\/p>\n<p>APLAUZI SPALEVI\u0106U<\/p>\n<p>Jo\u0161 jednom je prijedorska publika potvrdila da cijeni istinske majstore \u201enajljep\u0161e sporedne stvari na svijetu\u201c u 69. minuti subotnjeg \u201esrpskog\u201c derbija.<\/p>\n<p>U trenutku kada je trener gostiju zamijenio Darka Saplevi\u0107a, koji je bio strijelac jednog gola, 38-godi\u0161nji napada\u010d ispra\u0107en je aplauzima sa terena.<\/p>\n<p>Tekst i foto \u2013 Nenad \u0110eri\u0107\/Aleksandar Drakuli\u0107 \u2013 <a href=\"www.prijedordanas.com\" target=\"_blank\">www.prijedordanas.com<\/a><\/p>\n","protected":false},"excerpt":{"rendered":"<p>Nikako da Rudar-Prijedor po povratku na Gradski stadion ostvari pobjedu u prvenstvu Premijer lige BiH. U te\u0161koj seriji \u201erudari sa Sane\u201c su poslije pobjede nad ekipom Travnika (2:1) u Gradi\u0161ci, [&hellip;]<\/p>\n","protected":false},"author":1,"featured_media":0,"comment_status":"closed","ping_status":"open","sticky":false,"template":"","format":"standard","meta":{"_monsterinsights_skip_tracking":false,"_monsterinsights_sitenote_active":false,"_monsterinsights_sitenote_note":"","_monsterinsights_sitenote_category":0,"footnotes":""},"categories":[7],"tags":[3933,5203,221,3821],"yoast_head":"<!-- This site is optimized with the Yoast SEO plugin v21.6 - https:\/\/yoast.com\/wordpress\/plugins\/seo\/ -->\n<title>RUDAR-PRIJEDOR BOD NA DOMA\u0106EM TERENU: \u010cESTITKE SLAVIJI - PrijedorDanas.com - Prijedorski gradski portal<\/title>\n<meta name=\"robots\" content=\"index, follow, max-snippet:-1, max-image-preview:large, max-video-preview:-1\" \/>\n<link rel=\"canonical\" href=\"https:\/\/www.prijedordanas.com\/?p=30027\" \/>\n<meta property=\"og:locale\" content=\"en_US\" \/>\n<meta property=\"og:type\" content=\"article\" \/>\n<meta property=\"og:title\" content=\"RUDAR-PRIJEDOR BOD NA DOMA\u0106EM TERENU: \u010cESTITKE SLAVIJI - PrijedorDanas.com - Prijedorski gradski portal\" \/>\n<meta property=\"og:description\" content=\"Nikako da Rudar-Prijedor po povratku na Gradski stadion ostvari pobjedu u prvenstvu Premijer lige BiH. U te\u0161koj seriji \u201erudari sa Sane\u201c su poslije pobjede nad ekipom Travnika (2:1) u Gradi\u0161ci, [&hellip;]\" \/>\n<meta property=\"og:url\" content=\"https:\/\/www.prijedordanas.com\/?p=30027\" \/>\n<meta property=\"og:site_name\" content=\"PrijedorDanas.com - Prijedorski gradski portal\" \/>\n<meta property=\"article:publisher\" content=\"https:\/\/www.facebook.com\/PrijedorDanasCom\/\" \/>\n<meta property=\"article:published_time\" content=\"2015-09-29T15:17:23+00:00\" \/>\n<meta property=\"og:image\" content=\"https:\/\/www.prijedordanas.com\/wp-content\/uploads\/2015\/09\/rudar-prijedor-slavija-rezultat-3-300x199.jpg\" \/>\n<meta name=\"author\" content=\"admin\" \/>\n<meta name=\"twitter:card\" content=\"summary_large_image\" \/>\n<meta name=\"twitter:label1\" content=\"Written by\" \/>\n\t<meta name=\"twitter:data1\" content=\"admin\" \/>\n\t<meta name=\"twitter:label2\" content=\"Est. reading time\" \/>\n\t<meta name=\"twitter:data2\" content=\"2 minutes\" \/>\n<script type=\"application\/ld+json\" class=\"yoast-schema-graph\">{\"@context\":\"https:\/\/schema.org\",\"@graph\":[{\"@type\":\"Article\",\"@id\":\"https:\/\/www.prijedordanas.com\/?p=30027#article\",\"isPartOf\":{\"@id\":\"https:\/\/www.prijedordanas.com\/?p=30027\"},\"author\":{\"name\":\"admin\",\"@id\":\"https:\/\/www.prijedordanas.com\/#\/schema\/person\/4e08ccf29b506ca916ff86d46bb700e6\"},\"headline\":\"RUDAR-PRIJEDOR BOD NA DOMA\u0106EM TERENU: \u010cESTITKE SLAVIJI\",\"datePublished\":\"2015-09-29T15:17:23+00:00\",\"dateModified\":\"2015-09-29T15:17:23+00:00\",\"mainEntityOfPage\":{\"@id\":\"https:\/\/www.prijedordanas.com\/?p=30027\"},\"wordCount\":358,\"publisher\":{\"@id\":\"https:\/\/www.prijedordanas.com\/#organization\"},\"keywords\":[\"Boris Gavran\",\"Darko Spalevi\u0107\",\"Rudar-Prijedor\",\"Slavija\"],\"articleSection\":[\"Sport\"],\"inLanguage\":\"en-US\"},{\"@type\":\"WebPage\",\"@id\":\"https:\/\/www.prijedordanas.com\/?p=30027\",\"url\":\"https:\/\/www.prijedordanas.com\/?p=30027\",\"name\":\"RUDAR-PRIJEDOR BOD NA DOMA\u0106EM TERENU: \u010cESTITKE SLAVIJI - PrijedorDanas.com - Prijedorski gradski portal\",\"isPartOf\":{\"@id\":\"https:\/\/www.prijedordanas.com\/#website\"},\"datePublished\":\"2015-09-29T15:17:23+00:00\",\"dateModified\":\"2015-09-29T15:17:23+00:00\",\"breadcrumb\":{\"@id\":\"https:\/\/www.prijedordanas.com\/?p=30027#breadcrumb\"},\"inLanguage\":\"en-US\",\"potentialAction\":[{\"@type\":\"ReadAction\",\"target\":[\"https:\/\/www.prijedordanas.com\/?p=30027\"]}]},{\"@type\":\"BreadcrumbList\",\"@id\":\"https:\/\/www.prijedordanas.com\/?p=30027#breadcrumb\",\"itemListElement\":[{\"@type\":\"ListItem\",\"position\":1,\"name\":\"Home\",\"item\":\"https:\/\/www.prijedordanas.com\/\"},{\"@type\":\"ListItem\",\"position\":2,\"name\":\"RUDAR-PRIJEDOR BOD NA DOMA\u0106EM TERENU: \u010cESTITKE SLAVIJI\"}]},{\"@type\":\"WebSite\",\"@id\":\"https:\/\/www.prijedordanas.com\/#website\",\"url\":\"https:\/\/www.prijedordanas.com\/\",\"name\":\"PrijedorDanas.com - Prijedorski gradski portal\",\"description\":\"Portal o doga\u0111anjima u gradu Prijedoru\",\"publisher\":{\"@id\":\"https:\/\/www.prijedordanas.com\/#organization\"},\"potentialAction\":[{\"@type\":\"SearchAction\",\"target\":{\"@type\":\"EntryPoint\",\"urlTemplate\":\"https:\/\/www.prijedordanas.com\/?s={search_term_string}\"},\"query-input\":\"required name=search_term_string\"}],\"inLanguage\":\"en-US\"},{\"@type\":\"Organization\",\"@id\":\"https:\/\/www.prijedordanas.com\/#organization\",\"name\":\"PrijedorDanas.com\",\"url\":\"https:\/\/www.prijedordanas.com\/\",\"logo\":{\"@type\":\"ImageObject\",\"inLanguage\":\"en-US\",\"@id\":\"https:\/\/www.prijedordanas.com\/#\/schema\/logo\/image\/\",\"url\":\"http:\/\/www.prijedordanas.com\/wp-content\/uploads\/2021\/12\/logopng.png\",\"contentUrl\":\"http:\/\/www.prijedordanas.com\/wp-content\/uploads\/2021\/12\/logopng.png\",\"width\":1019,\"height\":776,\"caption\":\"PrijedorDanas.com\"},\"image\":{\"@id\":\"https:\/\/www.prijedordanas.com\/#\/schema\/logo\/image\/\"},\"sameAs\":[\"https:\/\/www.facebook.com\/PrijedorDanasCom\/\"]},{\"@type\":\"Person\",\"@id\":\"https:\/\/www.prijedordanas.com\/#\/schema\/person\/4e08ccf29b506ca916ff86d46bb700e6\",\"name\":\"admin\",\"image\":{\"@type\":\"ImageObject\",\"inLanguage\":\"en-US\",\"@id\":\"https:\/\/www.prijedordanas.com\/#\/schema\/person\/image\/\",\"url\":\"https:\/\/secure.gravatar.com\/avatar\/1d3fc949d550f0b53a5f0d51e06dfd79?s=96&d=mm&r=g\",\"contentUrl\":\"https:\/\/secure.gravatar.com\/avatar\/1d3fc949d550f0b53a5f0d51e06dfd79?s=96&d=mm&r=g\",\"caption\":\"admin\"},\"url\":\"https:\/\/www.prijedordanas.com\/?author=1\"}]}<\/script>\n<!-- \/ Yoast SEO plugin. -->","yoast_head_json":{"title":"RUDAR-PRIJEDOR BOD NA DOMA\u0106EM TERENU: \u010cESTITKE SLAVIJI - PrijedorDanas.com - Prijedorski gradski portal","robots":{"index":"index","follow":"follow","max-snippet":"max-snippet:-1","max-image-preview":"max-image-preview:large","max-video-preview":"max-video-preview:-1"},"canonical":"https:\/\/www.prijedordanas.com\/?p=30027","og_locale":"en_US","og_type":"article","og_title":"RUDAR-PRIJEDOR BOD NA DOMA\u0106EM TERENU: \u010cESTITKE SLAVIJI - PrijedorDanas.com - Prijedorski gradski portal","og_description":"Nikako da Rudar-Prijedor po povratku na Gradski stadion ostvari pobjedu u prvenstvu Premijer lige BiH. U te\u0161koj seriji \u201erudari sa Sane\u201c su poslije pobjede nad ekipom Travnika (2:1) u Gradi\u0161ci, [&hellip;]","og_url":"https:\/\/www.prijedordanas.com\/?p=30027","og_site_name":"PrijedorDanas.com - Prijedorski gradski portal","article_publisher":"https:\/\/www.facebook.com\/PrijedorDanasCom\/","article_published_time":"2015-09-29T15:17:23+00:00","og_image":[{"url":"https:\/\/www.prijedordanas.com\/wp-content\/uploads\/2015\/09\/rudar-prijedor-slavija-rezultat-3-300x199.jpg"}],"author":"admin","twitter_card":"summary_large_image","twitter_misc":{"Written by":"admin","Est. reading time":"2 minutes"},"schema":{"@context":"https:\/\/schema.org","@graph":[{"@type":"Article","@id":"https:\/\/www.prijedordanas.com\/?p=30027#article","isPartOf":{"@id":"https:\/\/www.prijedordanas.com\/?p=30027"},"author":{"name":"admin","@id":"https:\/\/www.prijedordanas.com\/#\/schema\/person\/4e08ccf29b506ca916ff86d46bb700e6"},"headline":"RUDAR-PRIJEDOR BOD NA DOMA\u0106EM TERENU: \u010cESTITKE SLAVIJI","datePublished":"2015-09-29T15:17:23+00:00","dateModified":"2015-09-29T15:17:23+00:00","mainEntityOfPage":{"@id":"https:\/\/www.prijedordanas.com\/?p=30027"},"wordCount":358,"publisher":{"@id":"https:\/\/www.prijedordanas.com\/#organization"},"keywords":["Boris Gavran","Darko Spalevi\u0107","Rudar-Prijedor","Slavija"],"articleSection":["Sport"],"inLanguage":"en-US"},{"@type":"WebPage","@id":"https:\/\/www.prijedordanas.com\/?p=30027","url":"https:\/\/www.prijedordanas.com\/?p=30027","name":"RUDAR-PRIJEDOR BOD NA DOMA\u0106EM TERENU: \u010cESTITKE SLAVIJI - PrijedorDanas.com - Prijedorski gradski portal","isPartOf":{"@id":"https:\/\/www.prijedordanas.com\/#website"},"datePublished":"2015-09-29T15:17:23+00:00","dateModified":"2015-09-29T15:17:23+00:00","breadcrumb":{"@id":"https:\/\/www.prijedordanas.com\/?p=30027#breadcrumb"},"inLanguage":"en-US","potentialAction":[{"@type":"ReadAction","target":["https:\/\/www.prijedordanas.com\/?p=30027"]}]},{"@type":"BreadcrumbList","@id":"https:\/\/www.prijedordanas.com\/?p=30027#breadcrumb","itemListElement":[{"@type":"ListItem","position":1,"name":"Home","item":"https:\/\/www.prijedordanas.com\/"},{"@type":"ListItem","position":2,"name":"RUDAR-PRIJEDOR BOD NA DOMA\u0106EM TERENU: \u010cESTITKE SLAVIJI"}]},{"@type":"WebSite","@id":"https:\/\/www.prijedordanas.com\/#website","url":"https:\/\/www.prijedordanas.com\/","name":"PrijedorDanas.com - Prijedorski gradski portal","description":"Portal o doga\u0111anjima u gradu Prijedoru","publisher":{"@id":"https:\/\/www.prijedordanas.com\/#organization"},"potentialAction":[{"@type":"SearchAction","target":{"@type":"EntryPoint","urlTemplate":"https:\/\/www.prijedordanas.com\/?s={search_term_string}"},"query-input":"required name=search_term_string"}],"inLanguage":"en-US"},{"@type":"Organization","@id":"https:\/\/www.prijedordanas.com\/#organization","name":"PrijedorDanas.com","url":"https:\/\/www.prijedordanas.com\/","logo":{"@type":"ImageObject","inLanguage":"en-US","@id":"https:\/\/www.prijedordanas.com\/#\/schema\/logo\/image\/","url":"http:\/\/www.prijedordanas.com\/wp-content\/uploads\/2021\/12\/logopng.png","contentUrl":"http:\/\/www.prijedordanas.com\/wp-content\/uploads\/2021\/12\/logopng.png","width":1019,"height":776,"caption":"PrijedorDanas.com"},"image":{"@id":"https:\/\/www.prijedordanas.com\/#\/schema\/logo\/image\/"},"sameAs":["https:\/\/www.facebook.com\/PrijedorDanasCom\/"]},{"@type":"Person","@id":"https:\/\/www.prijedordanas.com\/#\/schema\/person\/4e08ccf29b506ca916ff86d46bb700e6","name":"admin","image":{"@type":"ImageObject","inLanguage":"en-US","@id":"https:\/\/www.prijedordanas.com\/#\/schema\/person\/image\/","url":"https:\/\/secure.gravatar.com\/avatar\/1d3fc949d550f0b53a5f0d51e06dfd79?s=96&d=mm&r=g","contentUrl":"https:\/\/secure.gravatar.com\/avatar\/1d3fc949d550f0b53a5f0d51e06dfd79?s=96&d=mm&r=g","caption":"admin"},"url":"https:\/\/www.prijedordanas.com\/?author=1"}]}},"_links":{"self":[{"href":"https:\/\/www.prijedordanas.com\/index.php?rest_route=\/wp\/v2\/posts\/30027"}],"collection":[{"href":"https:\/\/www.prijedordanas.com\/index.php?rest_route=\/wp\/v2\/posts"}],"about":[{"href":"https:\/\/www.prijedordanas.com\/index.php?rest_route=\/wp\/v2\/types\/post"}],"author":[{"embeddable":true,"href":"https:\/\/www.prijedordanas.com\/index.php?rest_route=\/wp\/v2\/users\/1"}],"replies":[{"embeddable":true,"href":"https:\/\/www.prijedordanas.com\/index.php?rest_route=%2Fwp%2Fv2%2Fcomments&post=30027"}],"version-history":[{"count":1,"href":"https:\/\/www.prijedordanas.com\/index.php?rest_route=\/wp\/v2\/posts\/30027\/revisions"}],"predecessor-version":[{"id":30028,"href":"https:\/\/www.prijedordanas.com\/index.php?rest_route=\/wp\/v2\/posts\/30027\/revisions\/30028"}],"wp:attachment":[{"href":"https:\/\/www.prijedordanas.com\/index.php?rest_route=%2Fwp%2Fv2%2Fmedia&parent=30027"}],"wp:term":[{"taxonomy":"category","embeddable":true,"href":"https:\/\/www.prijedordanas.com\/index.php?rest_route=%2Fwp%2Fv2%2Fcategories&post=30027"},{"taxonomy":"post_tag","embeddable":true,"href":"https:\/\/www.prijedordanas.com\/index.php?rest_route=%2Fwp%2Fv2%2Ftags&post=30027"}],"curies":[{"name":"wp","href":"https:\/\/api.w.org\/{rel}","templated":true}]}}