{"id":30011,"date":"2015-09-29T12:29:56","date_gmt":"2015-09-29T11:29:56","guid":{"rendered":"https:\/\/www.prijedordanas.com\/?p=30011"},"modified":"2015-09-29T12:32:07","modified_gmt":"2015-09-29T11:32:07","slug":"pozoriste-prijedor-generacija-bez-kosti-premijera","status":"publish","type":"post","link":"https:\/\/www.prijedordanas.com\/?p=30011","title":{"rendered":"POZORI\u0160TE PRIJEDOR: GENERACIJA BEZ KOSTI \u2013 PREMIJERA"},"content":{"rendered":"<p><a href=\"https:\/\/www.prijedordanas.com\/wp-content\/uploads\/2015\/09\/generacija-bez-kosti-plakat.jpg\"><img loading=\"lazy\" decoding=\"async\" src=\"https:\/\/www.prijedordanas.com\/wp-content\/uploads\/2015\/09\/generacija-bez-kosti-plakat-200x300.jpg\" alt=\"generacija bez kosti-plakat\" width=\"200\" height=\"300\" class=\"alignleft size-medium wp-image-30012\" srcset=\"https:\/\/www.prijedordanas.com\/wp-content\/uploads\/2015\/09\/generacija-bez-kosti-plakat-200x300.jpg 200w, https:\/\/www.prijedordanas.com\/wp-content\/uploads\/2015\/09\/generacija-bez-kosti-plakat.jpg 533w\" sizes=\"(max-width: 200px) 100vw, 200px\" \/><\/a>Mjesto: Pozori\u0161te Prijedor<br \/>\nVrijeme: 20 \u010dasova<br \/>\nDatum: 29.09.2015. godine<br \/>\nCijena ulaznica: 6 KM<\/p>\n<p>Generacija bez kosti<br \/>\n(po motivima drame Hadersfild, Uglje\u0161e \u0160ajtinca)<br \/>\nAutorski tim<br \/>\nRe\u017eija i scenografija : Darko Cvijeti\u0107<br \/>\nAsistent re\u017eije i muzi\u010dki urednik: Igor Motl<br \/>\nPomo\u0107nik redatelja i \u0161apta\u010d: Zorica Joji\u0107<br \/>\nGrafi\u010dki dizajn: Vladimir Vanja Vla\u010dina<\/p>\n<p>IGRAJU:<br \/>\nEna Radovanovi\u0107<br \/>\nBranko Jankovi\u0107<br \/>\nSr\u0111an Knjeginji\u0107<br \/>\nSini\u0161a Vu\u010di\u0107evi\u0107<br \/>\nVedran Mar\u010deta<br \/>\n\u017delimir Rivi\u0107<\/p>\n<p>Tehni\u010dka realizacija<br \/>\n\u0160ef tehnike i majstor scene: Milenko Bilbija<br \/>\nInspicijent: Dubravko Vukadinovi\u0107<br \/>\nOblikovanje svjetla: Goran \u0160obot<br \/>\nGarderoba: Mira Santra\u010d<br \/>\nMajstor scene: Milan Ke\u0161in<\/p>\n<p>Tekst i predstava GENERACIJA BEZ KOSTI nastajali su tokom dvomjese\u010dnog timskog istra\u017eivanja fenomena generacijskog raspada i empatijskog deficita u vremenu postratnosti a na osnovu dramskog predlo\u0161ka HADERSFILD, Uglje\u0161e \u0160ajtinca. <\/p>\n<p>Dekonstruiraju\u0107i zadati odabrani tekst \u2013 nalazili smo sebe zapletene u raspadu sopstvenih generacija i njezinih vrijednosti. I tra\u017eili smo dobro u nama, dobro, koje bi moglo biti upori\u0161te za nadu, za sutra, za generacije koje dolaze i donose svoje kosti.<\/p>\n<p>Predstavu posve\u0107ujemo preminulom glumcu na\u0161eg pozori\u0161ta Radenku Bilbiji (1956 \u2013 2015)<\/p>\n<p>Autorski tim projekta \u201cGeneracija bez kosti\u201d<\/p>\n","protected":false},"excerpt":{"rendered":"<p>Mjesto: Pozori\u0161te Prijedor Vrijeme: 20 \u010dasova Datum: 29.09.2015. godine Cijena ulaznica: 6 KM Generacija bez kosti (po motivima drame Hadersfild, Uglje\u0161e \u0160ajtinca) Autorski tim Re\u017eija i scenografija : Darko Cvijeti\u0107 [&hellip;]<\/p>\n","protected":false},"author":1,"featured_media":0,"comment_status":"closed","ping_status":"open","sticky":false,"template":"","format":"standard","meta":{"_monsterinsights_skip_tracking":false,"_monsterinsights_sitenote_active":false,"_monsterinsights_sitenote_note":"","_monsterinsights_sitenote_category":0,"footnotes":""},"categories":[6],"tags":[314,5114,5128,189,194,5129],"yoast_head":"<!-- This site is optimized with the Yoast SEO plugin v21.6 - https:\/\/yoast.com\/wordpress\/plugins\/seo\/ -->\n<title>POZORI\u0160TE PRIJEDOR: GENERACIJA BEZ KOSTI \u2013 PREMIJERA - PrijedorDanas.com - Prijedorski gradski portal<\/title>\n<meta name=\"robots\" content=\"index, follow, max-snippet:-1, max-image-preview:large, max-video-preview:-1\" \/>\n<link rel=\"canonical\" href=\"https:\/\/www.prijedordanas.com\/?p=30011\" \/>\n<meta property=\"og:locale\" content=\"en_US\" \/>\n<meta property=\"og:type\" content=\"article\" \/>\n<meta property=\"og:title\" content=\"POZORI\u0160TE PRIJEDOR: GENERACIJA BEZ KOSTI \u2013 PREMIJERA - PrijedorDanas.com - Prijedorski gradski portal\" \/>\n<meta property=\"og:description\" content=\"Mjesto: Pozori\u0161te Prijedor Vrijeme: 20 \u010dasova Datum: 29.09.2015. godine Cijena ulaznica: 6 KM Generacija bez kosti (po motivima drame Hadersfild, Uglje\u0161e \u0160ajtinca) Autorski tim Re\u017eija i scenografija : Darko Cvijeti\u0107 [&hellip;]\" \/>\n<meta property=\"og:url\" content=\"https:\/\/www.prijedordanas.com\/?p=30011\" \/>\n<meta property=\"og:site_name\" content=\"PrijedorDanas.com - Prijedorski gradski portal\" \/>\n<meta property=\"article:publisher\" content=\"https:\/\/www.facebook.com\/PrijedorDanasCom\/\" \/>\n<meta property=\"article:published_time\" content=\"2015-09-29T11:29:56+00:00\" \/>\n<meta property=\"article:modified_time\" content=\"2015-09-29T11:32:07+00:00\" \/>\n<meta property=\"og:image\" content=\"https:\/\/www.prijedordanas.com\/wp-content\/uploads\/2015\/09\/generacija-bez-kosti-plakat-200x300.jpg\" \/>\n<meta name=\"author\" content=\"admin\" \/>\n<meta name=\"twitter:card\" content=\"summary_large_image\" \/>\n<meta name=\"twitter:label1\" content=\"Written by\" \/>\n\t<meta name=\"twitter:data1\" content=\"admin\" \/>\n\t<meta name=\"twitter:label2\" content=\"Est. reading time\" \/>\n\t<meta name=\"twitter:data2\" content=\"1 minute\" \/>\n<script type=\"application\/ld+json\" class=\"yoast-schema-graph\">{\"@context\":\"https:\/\/schema.org\",\"@graph\":[{\"@type\":\"Article\",\"@id\":\"https:\/\/www.prijedordanas.com\/?p=30011#article\",\"isPartOf\":{\"@id\":\"https:\/\/www.prijedordanas.com\/?p=30011\"},\"author\":{\"name\":\"admin\",\"@id\":\"https:\/\/www.prijedordanas.com\/#\/schema\/person\/4e08ccf29b506ca916ff86d46bb700e6\"},\"headline\":\"POZORI\u0160TE PRIJEDOR: GENERACIJA BEZ KOSTI \u2013 PREMIJERA\",\"datePublished\":\"2015-09-29T11:29:56+00:00\",\"dateModified\":\"2015-09-29T11:32:07+00:00\",\"mainEntityOfPage\":{\"@id\":\"https:\/\/www.prijedordanas.com\/?p=30011\"},\"wordCount\":194,\"publisher\":{\"@id\":\"https:\/\/www.prijedordanas.com\/#organization\"},\"keywords\":[\"Darko Cvijeti\u0107\",\"Generacija bez kosti\",\"Hadersfild\",\"Pozori\u0161te Prijedor\",\"premijera\",\"Uglje\u0161a \u0160ajtinac\"],\"articleSection\":[\"Kultura\"],\"inLanguage\":\"en-US\"},{\"@type\":\"WebPage\",\"@id\":\"https:\/\/www.prijedordanas.com\/?p=30011\",\"url\":\"https:\/\/www.prijedordanas.com\/?p=30011\",\"name\":\"POZORI\u0160TE PRIJEDOR: GENERACIJA BEZ KOSTI \u2013 PREMIJERA - PrijedorDanas.com - Prijedorski gradski portal\",\"isPartOf\":{\"@id\":\"https:\/\/www.prijedordanas.com\/#website\"},\"datePublished\":\"2015-09-29T11:29:56+00:00\",\"dateModified\":\"2015-09-29T11:32:07+00:00\",\"breadcrumb\":{\"@id\":\"https:\/\/www.prijedordanas.com\/?p=30011#breadcrumb\"},\"inLanguage\":\"en-US\",\"potentialAction\":[{\"@type\":\"ReadAction\",\"target\":[\"https:\/\/www.prijedordanas.com\/?p=30011\"]}]},{\"@type\":\"BreadcrumbList\",\"@id\":\"https:\/\/www.prijedordanas.com\/?p=30011#breadcrumb\",\"itemListElement\":[{\"@type\":\"ListItem\",\"position\":1,\"name\":\"Home\",\"item\":\"https:\/\/www.prijedordanas.com\/\"},{\"@type\":\"ListItem\",\"position\":2,\"name\":\"POZORI\u0160TE PRIJEDOR: GENERACIJA BEZ KOSTI \u2013 PREMIJERA\"}]},{\"@type\":\"WebSite\",\"@id\":\"https:\/\/www.prijedordanas.com\/#website\",\"url\":\"https:\/\/www.prijedordanas.com\/\",\"name\":\"PrijedorDanas.com - Prijedorski gradski portal\",\"description\":\"Portal o doga\u0111anjima u gradu Prijedoru\",\"publisher\":{\"@id\":\"https:\/\/www.prijedordanas.com\/#organization\"},\"potentialAction\":[{\"@type\":\"SearchAction\",\"target\":{\"@type\":\"EntryPoint\",\"urlTemplate\":\"https:\/\/www.prijedordanas.com\/?s={search_term_string}\"},\"query-input\":\"required name=search_term_string\"}],\"inLanguage\":\"en-US\"},{\"@type\":\"Organization\",\"@id\":\"https:\/\/www.prijedordanas.com\/#organization\",\"name\":\"PrijedorDanas.com\",\"url\":\"https:\/\/www.prijedordanas.com\/\",\"logo\":{\"@type\":\"ImageObject\",\"inLanguage\":\"en-US\",\"@id\":\"https:\/\/www.prijedordanas.com\/#\/schema\/logo\/image\/\",\"url\":\"http:\/\/www.prijedordanas.com\/wp-content\/uploads\/2021\/12\/logopng.png\",\"contentUrl\":\"http:\/\/www.prijedordanas.com\/wp-content\/uploads\/2021\/12\/logopng.png\",\"width\":1019,\"height\":776,\"caption\":\"PrijedorDanas.com\"},\"image\":{\"@id\":\"https:\/\/www.prijedordanas.com\/#\/schema\/logo\/image\/\"},\"sameAs\":[\"https:\/\/www.facebook.com\/PrijedorDanasCom\/\"]},{\"@type\":\"Person\",\"@id\":\"https:\/\/www.prijedordanas.com\/#\/schema\/person\/4e08ccf29b506ca916ff86d46bb700e6\",\"name\":\"admin\",\"image\":{\"@type\":\"ImageObject\",\"inLanguage\":\"en-US\",\"@id\":\"https:\/\/www.prijedordanas.com\/#\/schema\/person\/image\/\",\"url\":\"https:\/\/secure.gravatar.com\/avatar\/1d3fc949d550f0b53a5f0d51e06dfd79?s=96&d=mm&r=g\",\"contentUrl\":\"https:\/\/secure.gravatar.com\/avatar\/1d3fc949d550f0b53a5f0d51e06dfd79?s=96&d=mm&r=g\",\"caption\":\"admin\"},\"url\":\"https:\/\/www.prijedordanas.com\/?author=1\"}]}<\/script>\n<!-- \/ Yoast SEO plugin. -->","yoast_head_json":{"title":"POZORI\u0160TE PRIJEDOR: GENERACIJA BEZ KOSTI \u2013 PREMIJERA - PrijedorDanas.com - Prijedorski gradski portal","robots":{"index":"index","follow":"follow","max-snippet":"max-snippet:-1","max-image-preview":"max-image-preview:large","max-video-preview":"max-video-preview:-1"},"canonical":"https:\/\/www.prijedordanas.com\/?p=30011","og_locale":"en_US","og_type":"article","og_title":"POZORI\u0160TE PRIJEDOR: GENERACIJA BEZ KOSTI \u2013 PREMIJERA - PrijedorDanas.com - Prijedorski gradski portal","og_description":"Mjesto: Pozori\u0161te Prijedor Vrijeme: 20 \u010dasova Datum: 29.09.2015. godine Cijena ulaznica: 6 KM Generacija bez kosti (po motivima drame Hadersfild, Uglje\u0161e \u0160ajtinca) Autorski tim Re\u017eija i scenografija : Darko Cvijeti\u0107 [&hellip;]","og_url":"https:\/\/www.prijedordanas.com\/?p=30011","og_site_name":"PrijedorDanas.com - Prijedorski gradski portal","article_publisher":"https:\/\/www.facebook.com\/PrijedorDanasCom\/","article_published_time":"2015-09-29T11:29:56+00:00","article_modified_time":"2015-09-29T11:32:07+00:00","og_image":[{"url":"https:\/\/www.prijedordanas.com\/wp-content\/uploads\/2015\/09\/generacija-bez-kosti-plakat-200x300.jpg"}],"author":"admin","twitter_card":"summary_large_image","twitter_misc":{"Written by":"admin","Est. reading time":"1 minute"},"schema":{"@context":"https:\/\/schema.org","@graph":[{"@type":"Article","@id":"https:\/\/www.prijedordanas.com\/?p=30011#article","isPartOf":{"@id":"https:\/\/www.prijedordanas.com\/?p=30011"},"author":{"name":"admin","@id":"https:\/\/www.prijedordanas.com\/#\/schema\/person\/4e08ccf29b506ca916ff86d46bb700e6"},"headline":"POZORI\u0160TE PRIJEDOR: GENERACIJA BEZ KOSTI \u2013 PREMIJERA","datePublished":"2015-09-29T11:29:56+00:00","dateModified":"2015-09-29T11:32:07+00:00","mainEntityOfPage":{"@id":"https:\/\/www.prijedordanas.com\/?p=30011"},"wordCount":194,"publisher":{"@id":"https:\/\/www.prijedordanas.com\/#organization"},"keywords":["Darko Cvijeti\u0107","Generacija bez kosti","Hadersfild","Pozori\u0161te Prijedor","premijera","Uglje\u0161a \u0160ajtinac"],"articleSection":["Kultura"],"inLanguage":"en-US"},{"@type":"WebPage","@id":"https:\/\/www.prijedordanas.com\/?p=30011","url":"https:\/\/www.prijedordanas.com\/?p=30011","name":"POZORI\u0160TE PRIJEDOR: GENERACIJA BEZ KOSTI \u2013 PREMIJERA - PrijedorDanas.com - Prijedorski gradski portal","isPartOf":{"@id":"https:\/\/www.prijedordanas.com\/#website"},"datePublished":"2015-09-29T11:29:56+00:00","dateModified":"2015-09-29T11:32:07+00:00","breadcrumb":{"@id":"https:\/\/www.prijedordanas.com\/?p=30011#breadcrumb"},"inLanguage":"en-US","potentialAction":[{"@type":"ReadAction","target":["https:\/\/www.prijedordanas.com\/?p=30011"]}]},{"@type":"BreadcrumbList","@id":"https:\/\/www.prijedordanas.com\/?p=30011#breadcrumb","itemListElement":[{"@type":"ListItem","position":1,"name":"Home","item":"https:\/\/www.prijedordanas.com\/"},{"@type":"ListItem","position":2,"name":"POZORI\u0160TE PRIJEDOR: GENERACIJA BEZ KOSTI \u2013 PREMIJERA"}]},{"@type":"WebSite","@id":"https:\/\/www.prijedordanas.com\/#website","url":"https:\/\/www.prijedordanas.com\/","name":"PrijedorDanas.com - Prijedorski gradski portal","description":"Portal o doga\u0111anjima u gradu Prijedoru","publisher":{"@id":"https:\/\/www.prijedordanas.com\/#organization"},"potentialAction":[{"@type":"SearchAction","target":{"@type":"EntryPoint","urlTemplate":"https:\/\/www.prijedordanas.com\/?s={search_term_string}"},"query-input":"required name=search_term_string"}],"inLanguage":"en-US"},{"@type":"Organization","@id":"https:\/\/www.prijedordanas.com\/#organization","name":"PrijedorDanas.com","url":"https:\/\/www.prijedordanas.com\/","logo":{"@type":"ImageObject","inLanguage":"en-US","@id":"https:\/\/www.prijedordanas.com\/#\/schema\/logo\/image\/","url":"http:\/\/www.prijedordanas.com\/wp-content\/uploads\/2021\/12\/logopng.png","contentUrl":"http:\/\/www.prijedordanas.com\/wp-content\/uploads\/2021\/12\/logopng.png","width":1019,"height":776,"caption":"PrijedorDanas.com"},"image":{"@id":"https:\/\/www.prijedordanas.com\/#\/schema\/logo\/image\/"},"sameAs":["https:\/\/www.facebook.com\/PrijedorDanasCom\/"]},{"@type":"Person","@id":"https:\/\/www.prijedordanas.com\/#\/schema\/person\/4e08ccf29b506ca916ff86d46bb700e6","name":"admin","image":{"@type":"ImageObject","inLanguage":"en-US","@id":"https:\/\/www.prijedordanas.com\/#\/schema\/person\/image\/","url":"https:\/\/secure.gravatar.com\/avatar\/1d3fc949d550f0b53a5f0d51e06dfd79?s=96&d=mm&r=g","contentUrl":"https:\/\/secure.gravatar.com\/avatar\/1d3fc949d550f0b53a5f0d51e06dfd79?s=96&d=mm&r=g","caption":"admin"},"url":"https:\/\/www.prijedordanas.com\/?author=1"}]}},"_links":{"self":[{"href":"https:\/\/www.prijedordanas.com\/index.php?rest_route=\/wp\/v2\/posts\/30011"}],"collection":[{"href":"https:\/\/www.prijedordanas.com\/index.php?rest_route=\/wp\/v2\/posts"}],"about":[{"href":"https:\/\/www.prijedordanas.com\/index.php?rest_route=\/wp\/v2\/types\/post"}],"author":[{"embeddable":true,"href":"https:\/\/www.prijedordanas.com\/index.php?rest_route=\/wp\/v2\/users\/1"}],"replies":[{"embeddable":true,"href":"https:\/\/www.prijedordanas.com\/index.php?rest_route=%2Fwp%2Fv2%2Fcomments&post=30011"}],"version-history":[{"count":3,"href":"https:\/\/www.prijedordanas.com\/index.php?rest_route=\/wp\/v2\/posts\/30011\/revisions"}],"predecessor-version":[{"id":30015,"href":"https:\/\/www.prijedordanas.com\/index.php?rest_route=\/wp\/v2\/posts\/30011\/revisions\/30015"}],"wp:attachment":[{"href":"https:\/\/www.prijedordanas.com\/index.php?rest_route=%2Fwp%2Fv2%2Fmedia&parent=30011"}],"wp:term":[{"taxonomy":"category","embeddable":true,"href":"https:\/\/www.prijedordanas.com\/index.php?rest_route=%2Fwp%2Fv2%2Fcategories&post=30011"},{"taxonomy":"post_tag","embeddable":true,"href":"https:\/\/www.prijedordanas.com\/index.php?rest_route=%2Fwp%2Fv2%2Ftags&post=30011"}],"curies":[{"name":"wp","href":"https:\/\/api.w.org\/{rel}","templated":true}]}}