{"id":29853,"date":"2015-09-26T09:42:39","date_gmt":"2015-09-26T08:42:39","guid":{"rendered":"https:\/\/www.prijedordanas.com\/?p=29853"},"modified":"2015-09-26T09:42:40","modified_gmt":"2015-09-26T08:42:40","slug":"mora-da-plati-9-300-km-za-advokata-po-sluzbenoj-duznosti-video","status":"publish","type":"post","link":"https:\/\/www.prijedordanas.com\/?p=29853","title":{"rendered":"MORA DA PLATI 9.300 KM ZA ADVOKATA PO SLU\u017dBENOJ DU\u017dNOSTI \u2013 VIDEO"},"content":{"rendered":"<p><a href=\"https:\/\/www.prijedordanas.com\/wp-content\/uploads\/2015\/09\/atv-milenko-beric.jpg\"><img loading=\"lazy\" decoding=\"async\" src=\"https:\/\/www.prijedordanas.com\/wp-content\/uploads\/2015\/09\/atv-milenko-beric-300x182.jpg\" alt=\"atv-milenko beric\" width=\"300\" height=\"182\" class=\"alignleft size-medium wp-image-29854\" srcset=\"https:\/\/www.prijedordanas.com\/wp-content\/uploads\/2015\/09\/atv-milenko-beric-300x182.jpg 300w, https:\/\/www.prijedordanas.com\/wp-content\/uploads\/2015\/09\/atv-milenko-beric.jpg 600w\" sizes=\"(max-width: 300px) 100vw, 300px\" \/><\/a>Milenku Beri\u0107u ne samo \u0161to visi nad glavom \u0161estogodi\u0161nja kazna zatvora, ve\u0107 odlukom suda mora da smisli kako da prona\u0111e skoro 10 hiljada maraka.<\/p>\n<p>Pro\u0161le godine sudija banjalu\u010dkog Okru\u017enog suda Snje\u017eana Kudri\u0107 zaklju\u010dila je da \u0107e dr\u017eava da mu plati advokata zbog te\u0161kog materijalnog stanja. Ovog mjeseca uslijedio je obrt. Milenko tvrdi ne slu\u010dajno, jer se njegov predmet pa i ime sudije na\u0161lo u medijima. Snje\u017eana Kudri\u0107 donosi odluku da Beri\u0107 sada mora da plati 9.300 maraka za usluge advokata kojeg je dobio po slu\u017ebenoj du\u017enosti.<\/p>\n<p>\u201cOd \u010dega? Prvo, suspendovan sam evo ve\u0107 15. mjesec. Imam 55 odsto plate a to u stvarnom nije ni pola plate, osnovica, a imam dvoje djece \u0161kolujem idu u srednju \u0161kolu\u201d, rekao je Beri\u0107.<\/p>\n<p>Pored zatvora, ka\u017enjavaju me i hiljadama maraka, a samo sam, ka\u017ee Beri\u0107, u otvorenom pismu koje su prenijeli mediji govorio istinu \u2013 da nisam kriv za ubistva. Sudija Snje\u017eana Kudri\u0107 nije htjela pred kameru. Novu odluku obrazlo\u017eila je pismeno, pozivaju\u0107i se na Zakon o krivi\u010dnom postupku.<\/p>\n<p>Iz Okru\u017enog suda kratko poru\u010duju da je Milenku Beri\u0107u, advokat Milan Romani\u0107 bio dodijeljen po slu\u017ebenom du\u017enosti, ali zbog obavezne odbrane, a ne zbog slabog materijalnog stanja. O njegovoj \u017ealbi  na rje\u0161enje kojim \u0107e ipak morati da plati tro\u0161kove advokata, Krivi\u010dno vije\u0107e suda tek \u0107e odlu\u010divati.<\/p>\n<p>Banjalu\u010dki Okru\u017eni sud je Milenka Beri\u0107a i Gorana Ni\u0161evi\u0107a prije 10 mjeseci osudio na \u0161est godina zatvora za ubistvo dvojice Bo\u0161njaka 92. godine u zaseoku Sivci kod Prijedora. Zahtjev za za\u0161titu zakonitosti Beri\u0107evog advokata na Vrhovnom sudu nije urodio plodom. Odbrana tvrdi da je u pitanju farsa, jer sud nije uva\u017eio izjave svjedoka Bo\u0161njaka koji su tvrdili da nije bio na mjestu ubistva, a nije dozvolio ni da se pro\u010ditaju izjave svjedoka koje su Beri\u0107u i\u0161le u korist.<\/p>\n<p>\u201cKako bi se osje\u0107ao \u010dovjek koji odgovara za ne\u0161to za \u0161ta nema veze, apsolutno nikakve. To s ponosom mogu da ka\u017eem pred svima\u201d, ka\u017ee Beri\u0107.<\/p>\n<p>Dok Milenko Beri\u0107 \u010deka poziv za odslu\u017eenje kazne, njegov advokat uputio je apelaciju Ustavnom sudu BiH. Milan Romani\u0107 tvrdi da tu\u017eila\u0161tvo nije dokazalo gdje su tijela ubijenih, iz kojeg oru\u017eja i gdje su ubijeni.<\/p>\n<p>\u201cTra\u017eimo od Ustavnog suda BiH da predmet vrati na ponovno su\u0111enje zbog povreda prava na odbranu, pau\u0161alne i proizvoljne ocjene dokaza od strane Okru\u017enog suda Banjaluka i Vrhovnog suda\u201d, rekao je Romani\u0107.<\/p>\n<p>Kako rje\u0161avanje apelacije, naj\u010de\u0161\u0107e traje godinama, Beri\u0107 je svjestan da \u0107e 24. februara idu\u0107e godine morati u fo\u010danski zatvor. Nudi da nevinost doka\u017ee i na poligrafu, ali od dr\u017eave je sada samo dobio odluku da plati sudski ra\u010dun od 9.300 maraka.<\/p>\n<p>Pogledajte prilog iz Centralnih ATV vijesti!<\/p>\n<p>ATV BL<\/p>\n<p><iframe loading=\"lazy\" width=\"500\" height=\"375\" src=\"https:\/\/www.youtube.com\/embed\/wqfyOylrVyA?feature=oembed\" frameborder=\"0\" allowfullscreen><\/iframe><\/p>\n","protected":false},"excerpt":{"rendered":"<p>Milenku Beri\u0107u ne samo \u0161to visi nad glavom \u0161estogodi\u0161nja kazna zatvora, ve\u0107 odlukom suda mora da smisli kako da prona\u0111e skoro 10 hiljada maraka. Pro\u0161le godine sudija banjalu\u010dkog Okru\u017enog suda [&hellip;]<\/p>\n","protected":false},"author":1,"featured_media":0,"comment_status":"closed","ping_status":"open","sticky":false,"template":"","format":"standard","meta":{"_monsterinsights_skip_tracking":false,"_monsterinsights_sitenote_active":false,"_monsterinsights_sitenote_note":"","_monsterinsights_sitenote_category":0,"footnotes":""},"categories":[4],"tags":[3561,3074],"yoast_head":"<!-- This site is optimized with the Yoast SEO plugin v21.6 - https:\/\/yoast.com\/wordpress\/plugins\/seo\/ -->\n<title>MORA DA PLATI 9.300 KM ZA ADVOKATA PO SLU\u017dBENOJ DU\u017dNOSTI \u2013 VIDEO - PrijedorDanas.com - Prijedorski gradski portal<\/title>\n<meta name=\"robots\" content=\"index, follow, max-snippet:-1, max-image-preview:large, max-video-preview:-1\" \/>\n<link rel=\"canonical\" href=\"https:\/\/www.prijedordanas.com\/?p=29853\" \/>\n<meta property=\"og:locale\" content=\"en_US\" \/>\n<meta property=\"og:type\" content=\"article\" \/>\n<meta property=\"og:title\" content=\"MORA DA PLATI 9.300 KM ZA ADVOKATA PO SLU\u017dBENOJ DU\u017dNOSTI \u2013 VIDEO - PrijedorDanas.com - Prijedorski gradski portal\" \/>\n<meta property=\"og:description\" content=\"Milenku Beri\u0107u ne samo \u0161to visi nad glavom \u0161estogodi\u0161nja kazna zatvora, ve\u0107 odlukom suda mora da smisli kako da prona\u0111e skoro 10 hiljada maraka. Pro\u0161le godine sudija banjalu\u010dkog Okru\u017enog suda [&hellip;]\" \/>\n<meta property=\"og:url\" content=\"https:\/\/www.prijedordanas.com\/?p=29853\" \/>\n<meta property=\"og:site_name\" content=\"PrijedorDanas.com - Prijedorski gradski portal\" \/>\n<meta property=\"article:publisher\" content=\"https:\/\/www.facebook.com\/PrijedorDanasCom\/\" \/>\n<meta property=\"article:published_time\" content=\"2015-09-26T08:42:39+00:00\" \/>\n<meta property=\"article:modified_time\" content=\"2015-09-26T08:42:40+00:00\" \/>\n<meta property=\"og:image\" content=\"https:\/\/www.prijedordanas.com\/wp-content\/uploads\/2015\/09\/atv-milenko-beric-300x182.jpg\" \/>\n<meta name=\"author\" content=\"admin\" \/>\n<meta name=\"twitter:card\" content=\"summary_large_image\" \/>\n<meta name=\"twitter:label1\" content=\"Written by\" \/>\n\t<meta name=\"twitter:data1\" content=\"admin\" \/>\n\t<meta name=\"twitter:label2\" content=\"Est. reading time\" \/>\n\t<meta name=\"twitter:data2\" content=\"2 minutes\" \/>\n<script type=\"application\/ld+json\" class=\"yoast-schema-graph\">{\"@context\":\"https:\/\/schema.org\",\"@graph\":[{\"@type\":\"Article\",\"@id\":\"https:\/\/www.prijedordanas.com\/?p=29853#article\",\"isPartOf\":{\"@id\":\"https:\/\/www.prijedordanas.com\/?p=29853\"},\"author\":{\"name\":\"admin\",\"@id\":\"https:\/\/www.prijedordanas.com\/#\/schema\/person\/4e08ccf29b506ca916ff86d46bb700e6\"},\"headline\":\"MORA DA PLATI 9.300 KM ZA ADVOKATA PO SLU\u017dBENOJ DU\u017dNOSTI \u2013 VIDEO\",\"datePublished\":\"2015-09-26T08:42:39+00:00\",\"dateModified\":\"2015-09-26T08:42:40+00:00\",\"mainEntityOfPage\":{\"@id\":\"https:\/\/www.prijedordanas.com\/?p=29853\"},\"wordCount\":501,\"publisher\":{\"@id\":\"https:\/\/www.prijedordanas.com\/#organization\"},\"keywords\":[\"Milenko Beri\u0107\",\"presuda\"],\"articleSection\":[\"Dru\u0161tvo\"],\"inLanguage\":\"en-US\"},{\"@type\":\"WebPage\",\"@id\":\"https:\/\/www.prijedordanas.com\/?p=29853\",\"url\":\"https:\/\/www.prijedordanas.com\/?p=29853\",\"name\":\"MORA DA PLATI 9.300 KM ZA ADVOKATA PO SLU\u017dBENOJ DU\u017dNOSTI \u2013 VIDEO - PrijedorDanas.com - Prijedorski gradski portal\",\"isPartOf\":{\"@id\":\"https:\/\/www.prijedordanas.com\/#website\"},\"datePublished\":\"2015-09-26T08:42:39+00:00\",\"dateModified\":\"2015-09-26T08:42:40+00:00\",\"breadcrumb\":{\"@id\":\"https:\/\/www.prijedordanas.com\/?p=29853#breadcrumb\"},\"inLanguage\":\"en-US\",\"potentialAction\":[{\"@type\":\"ReadAction\",\"target\":[\"https:\/\/www.prijedordanas.com\/?p=29853\"]}]},{\"@type\":\"BreadcrumbList\",\"@id\":\"https:\/\/www.prijedordanas.com\/?p=29853#breadcrumb\",\"itemListElement\":[{\"@type\":\"ListItem\",\"position\":1,\"name\":\"Home\",\"item\":\"https:\/\/www.prijedordanas.com\/\"},{\"@type\":\"ListItem\",\"position\":2,\"name\":\"MORA DA PLATI 9.300 KM ZA ADVOKATA PO SLU\u017dBENOJ DU\u017dNOSTI \u2013 VIDEO\"}]},{\"@type\":\"WebSite\",\"@id\":\"https:\/\/www.prijedordanas.com\/#website\",\"url\":\"https:\/\/www.prijedordanas.com\/\",\"name\":\"PrijedorDanas.com - Prijedorski gradski portal\",\"description\":\"Portal o doga\u0111anjima u gradu Prijedoru\",\"publisher\":{\"@id\":\"https:\/\/www.prijedordanas.com\/#organization\"},\"potentialAction\":[{\"@type\":\"SearchAction\",\"target\":{\"@type\":\"EntryPoint\",\"urlTemplate\":\"https:\/\/www.prijedordanas.com\/?s={search_term_string}\"},\"query-input\":\"required name=search_term_string\"}],\"inLanguage\":\"en-US\"},{\"@type\":\"Organization\",\"@id\":\"https:\/\/www.prijedordanas.com\/#organization\",\"name\":\"PrijedorDanas.com\",\"url\":\"https:\/\/www.prijedordanas.com\/\",\"logo\":{\"@type\":\"ImageObject\",\"inLanguage\":\"en-US\",\"@id\":\"https:\/\/www.prijedordanas.com\/#\/schema\/logo\/image\/\",\"url\":\"http:\/\/www.prijedordanas.com\/wp-content\/uploads\/2021\/12\/logopng.png\",\"contentUrl\":\"http:\/\/www.prijedordanas.com\/wp-content\/uploads\/2021\/12\/logopng.png\",\"width\":1019,\"height\":776,\"caption\":\"PrijedorDanas.com\"},\"image\":{\"@id\":\"https:\/\/www.prijedordanas.com\/#\/schema\/logo\/image\/\"},\"sameAs\":[\"https:\/\/www.facebook.com\/PrijedorDanasCom\/\"]},{\"@type\":\"Person\",\"@id\":\"https:\/\/www.prijedordanas.com\/#\/schema\/person\/4e08ccf29b506ca916ff86d46bb700e6\",\"name\":\"admin\",\"image\":{\"@type\":\"ImageObject\",\"inLanguage\":\"en-US\",\"@id\":\"https:\/\/www.prijedordanas.com\/#\/schema\/person\/image\/\",\"url\":\"https:\/\/secure.gravatar.com\/avatar\/1d3fc949d550f0b53a5f0d51e06dfd79?s=96&d=mm&r=g\",\"contentUrl\":\"https:\/\/secure.gravatar.com\/avatar\/1d3fc949d550f0b53a5f0d51e06dfd79?s=96&d=mm&r=g\",\"caption\":\"admin\"},\"url\":\"https:\/\/www.prijedordanas.com\/?author=1\"}]}<\/script>\n<!-- \/ Yoast SEO plugin. -->","yoast_head_json":{"title":"MORA DA PLATI 9.300 KM ZA ADVOKATA PO SLU\u017dBENOJ DU\u017dNOSTI \u2013 VIDEO - PrijedorDanas.com - Prijedorski gradski portal","robots":{"index":"index","follow":"follow","max-snippet":"max-snippet:-1","max-image-preview":"max-image-preview:large","max-video-preview":"max-video-preview:-1"},"canonical":"https:\/\/www.prijedordanas.com\/?p=29853","og_locale":"en_US","og_type":"article","og_title":"MORA DA PLATI 9.300 KM ZA ADVOKATA PO SLU\u017dBENOJ DU\u017dNOSTI \u2013 VIDEO - PrijedorDanas.com - Prijedorski gradski portal","og_description":"Milenku Beri\u0107u ne samo \u0161to visi nad glavom \u0161estogodi\u0161nja kazna zatvora, ve\u0107 odlukom suda mora da smisli kako da prona\u0111e skoro 10 hiljada maraka. Pro\u0161le godine sudija banjalu\u010dkog Okru\u017enog suda [&hellip;]","og_url":"https:\/\/www.prijedordanas.com\/?p=29853","og_site_name":"PrijedorDanas.com - Prijedorski gradski portal","article_publisher":"https:\/\/www.facebook.com\/PrijedorDanasCom\/","article_published_time":"2015-09-26T08:42:39+00:00","article_modified_time":"2015-09-26T08:42:40+00:00","og_image":[{"url":"https:\/\/www.prijedordanas.com\/wp-content\/uploads\/2015\/09\/atv-milenko-beric-300x182.jpg"}],"author":"admin","twitter_card":"summary_large_image","twitter_misc":{"Written by":"admin","Est. reading time":"2 minutes"},"schema":{"@context":"https:\/\/schema.org","@graph":[{"@type":"Article","@id":"https:\/\/www.prijedordanas.com\/?p=29853#article","isPartOf":{"@id":"https:\/\/www.prijedordanas.com\/?p=29853"},"author":{"name":"admin","@id":"https:\/\/www.prijedordanas.com\/#\/schema\/person\/4e08ccf29b506ca916ff86d46bb700e6"},"headline":"MORA DA PLATI 9.300 KM ZA ADVOKATA PO SLU\u017dBENOJ DU\u017dNOSTI \u2013 VIDEO","datePublished":"2015-09-26T08:42:39+00:00","dateModified":"2015-09-26T08:42:40+00:00","mainEntityOfPage":{"@id":"https:\/\/www.prijedordanas.com\/?p=29853"},"wordCount":501,"publisher":{"@id":"https:\/\/www.prijedordanas.com\/#organization"},"keywords":["Milenko Beri\u0107","presuda"],"articleSection":["Dru\u0161tvo"],"inLanguage":"en-US"},{"@type":"WebPage","@id":"https:\/\/www.prijedordanas.com\/?p=29853","url":"https:\/\/www.prijedordanas.com\/?p=29853","name":"MORA DA PLATI 9.300 KM ZA ADVOKATA PO SLU\u017dBENOJ DU\u017dNOSTI \u2013 VIDEO - PrijedorDanas.com - Prijedorski gradski portal","isPartOf":{"@id":"https:\/\/www.prijedordanas.com\/#website"},"datePublished":"2015-09-26T08:42:39+00:00","dateModified":"2015-09-26T08:42:40+00:00","breadcrumb":{"@id":"https:\/\/www.prijedordanas.com\/?p=29853#breadcrumb"},"inLanguage":"en-US","potentialAction":[{"@type":"ReadAction","target":["https:\/\/www.prijedordanas.com\/?p=29853"]}]},{"@type":"BreadcrumbList","@id":"https:\/\/www.prijedordanas.com\/?p=29853#breadcrumb","itemListElement":[{"@type":"ListItem","position":1,"name":"Home","item":"https:\/\/www.prijedordanas.com\/"},{"@type":"ListItem","position":2,"name":"MORA DA PLATI 9.300 KM ZA ADVOKATA PO SLU\u017dBENOJ DU\u017dNOSTI \u2013 VIDEO"}]},{"@type":"WebSite","@id":"https:\/\/www.prijedordanas.com\/#website","url":"https:\/\/www.prijedordanas.com\/","name":"PrijedorDanas.com - Prijedorski gradski portal","description":"Portal o doga\u0111anjima u gradu Prijedoru","publisher":{"@id":"https:\/\/www.prijedordanas.com\/#organization"},"potentialAction":[{"@type":"SearchAction","target":{"@type":"EntryPoint","urlTemplate":"https:\/\/www.prijedordanas.com\/?s={search_term_string}"},"query-input":"required name=search_term_string"}],"inLanguage":"en-US"},{"@type":"Organization","@id":"https:\/\/www.prijedordanas.com\/#organization","name":"PrijedorDanas.com","url":"https:\/\/www.prijedordanas.com\/","logo":{"@type":"ImageObject","inLanguage":"en-US","@id":"https:\/\/www.prijedordanas.com\/#\/schema\/logo\/image\/","url":"http:\/\/www.prijedordanas.com\/wp-content\/uploads\/2021\/12\/logopng.png","contentUrl":"http:\/\/www.prijedordanas.com\/wp-content\/uploads\/2021\/12\/logopng.png","width":1019,"height":776,"caption":"PrijedorDanas.com"},"image":{"@id":"https:\/\/www.prijedordanas.com\/#\/schema\/logo\/image\/"},"sameAs":["https:\/\/www.facebook.com\/PrijedorDanasCom\/"]},{"@type":"Person","@id":"https:\/\/www.prijedordanas.com\/#\/schema\/person\/4e08ccf29b506ca916ff86d46bb700e6","name":"admin","image":{"@type":"ImageObject","inLanguage":"en-US","@id":"https:\/\/www.prijedordanas.com\/#\/schema\/person\/image\/","url":"https:\/\/secure.gravatar.com\/avatar\/1d3fc949d550f0b53a5f0d51e06dfd79?s=96&d=mm&r=g","contentUrl":"https:\/\/secure.gravatar.com\/avatar\/1d3fc949d550f0b53a5f0d51e06dfd79?s=96&d=mm&r=g","caption":"admin"},"url":"https:\/\/www.prijedordanas.com\/?author=1"}]}},"_links":{"self":[{"href":"https:\/\/www.prijedordanas.com\/index.php?rest_route=\/wp\/v2\/posts\/29853"}],"collection":[{"href":"https:\/\/www.prijedordanas.com\/index.php?rest_route=\/wp\/v2\/posts"}],"about":[{"href":"https:\/\/www.prijedordanas.com\/index.php?rest_route=\/wp\/v2\/types\/post"}],"author":[{"embeddable":true,"href":"https:\/\/www.prijedordanas.com\/index.php?rest_route=\/wp\/v2\/users\/1"}],"replies":[{"embeddable":true,"href":"https:\/\/www.prijedordanas.com\/index.php?rest_route=%2Fwp%2Fv2%2Fcomments&post=29853"}],"version-history":[{"count":1,"href":"https:\/\/www.prijedordanas.com\/index.php?rest_route=\/wp\/v2\/posts\/29853\/revisions"}],"predecessor-version":[{"id":29855,"href":"https:\/\/www.prijedordanas.com\/index.php?rest_route=\/wp\/v2\/posts\/29853\/revisions\/29855"}],"wp:attachment":[{"href":"https:\/\/www.prijedordanas.com\/index.php?rest_route=%2Fwp%2Fv2%2Fmedia&parent=29853"}],"wp:term":[{"taxonomy":"category","embeddable":true,"href":"https:\/\/www.prijedordanas.com\/index.php?rest_route=%2Fwp%2Fv2%2Fcategories&post=29853"},{"taxonomy":"post_tag","embeddable":true,"href":"https:\/\/www.prijedordanas.com\/index.php?rest_route=%2Fwp%2Fv2%2Ftags&post=29853"}],"curies":[{"name":"wp","href":"https:\/\/api.w.org\/{rel}","templated":true}]}}