{"id":29818,"date":"2015-09-25T22:48:16","date_gmt":"2015-09-25T21:48:16","guid":{"rendered":"https:\/\/www.prijedordanas.com\/?p=29818"},"modified":"2015-09-25T22:54:54","modified_gmt":"2015-09-25T21:54:54","slug":"otvoreni-43-knjizevni-susreti-na-kozari-vujcicu-urucena-nagrada-skender-kulenovic-foto","status":"publish","type":"post","link":"https:\/\/www.prijedordanas.com\/?p=29818","title":{"rendered":"OTVORENI 43. KNJI\u017dEVNI SUSRETI NA KOZARI: VUJ\u010cI\u0106U URU\u010cENA NAGRADA \u201eSKENDER KULENOVI\u0106\u201c \u2013 FOTO"},"content":{"rendered":"<p><a href=\"https:\/\/www.prijedordanas.com\/wp-content\/uploads\/2015\/09\/knjizevni-susreti-na-kozari-otvaranje-1.jpg\"><img loading=\"lazy\" decoding=\"async\" class=\"alignleft size-medium wp-image-29819\" src=\"https:\/\/www.prijedordanas.com\/wp-content\/uploads\/2015\/09\/knjizevni-susreti-na-kozari-otvaranje-1-300x199.jpg\" alt=\"knjizevni susreti na kozari-otvaranje (1)\" width=\"300\" height=\"199\" srcset=\"https:\/\/www.prijedordanas.com\/wp-content\/uploads\/2015\/09\/knjizevni-susreti-na-kozari-otvaranje-1-300x199.jpg 300w, https:\/\/www.prijedordanas.com\/wp-content\/uploads\/2015\/09\/knjizevni-susreti-na-kozari-otvaranje-1-480x320.jpg 480w, https:\/\/www.prijedordanas.com\/wp-content\/uploads\/2015\/09\/knjizevni-susreti-na-kozari-otvaranje-1.jpg 600w\" sizes=\"(max-width: 300px) 100vw, 300px\" \/><\/a>Ministar prosvjete i kulture Republike Srpske Dane Male\u0161evi\u0107 otvorio je ve\u010deras u Prijedoru 43. Knji\u017eevne susrete na Kozari.<\/p>\n<p>Otvaraju\u0107i ovu manifestaciju, Male\u0161evi\u0107 je rekao da Knji\u017eevni susreti na Kozari zauzimaju visoko mjesto u kalendaru kulturnih de\u0161avanja Republike Srpske, a i \u0161ire.<\/p>\n<p>&#8220;Ovi knji\u017eevni susreti su svojevrstan poetski pomen za Skendera Kulenovi\u0107a i za njegovu majku Kne\u017eopoljku, za sve one koji su ostali na Kozari po zemunicama neotkriveni i za one koji su krenuli sa Kozare na put sa koga se nisu vratili&#8221;, istakao je Male\u0161evi\u0107.<\/p>\n<p><a href=\"https:\/\/www.prijedordanas.com\/wp-content\/uploads\/2015\/09\/knjizevni-susreti-na-kozari-otvaranje-2.jpg\"><img loading=\"lazy\" decoding=\"async\" class=\"alignleft size-medium wp-image-29821\" src=\"https:\/\/www.prijedordanas.com\/wp-content\/uploads\/2015\/09\/knjizevni-susreti-na-kozari-otvaranje-2-199x300.jpg\" alt=\"knjizevni susreti na kozari-otvaranje (2)\" width=\"199\" height=\"300\" srcset=\"https:\/\/www.prijedordanas.com\/wp-content\/uploads\/2015\/09\/knjizevni-susreti-na-kozari-otvaranje-2-199x300.jpg 199w, https:\/\/www.prijedordanas.com\/wp-content\/uploads\/2015\/09\/knjizevni-susreti-na-kozari-otvaranje-2.jpg 398w\" sizes=\"(max-width: 199px) 100vw, 199px\" \/><\/a>On ka\u017ee da Knji\u017eevni susreti na Kozari zbog toga zaslu\u017euju posebnu pa\u017enju i da resorno ministarstvo poma\u017ee ovu manifestaciju.<\/p>\n<p>&#8220;U budu\u0107nosti ovi knji\u017eevni susreti moraju da opstanu zbog onih kojima su namijenjeni. Organizacioni odbor se ove godine potrudio da ih obogati i da im da novu du\u0161u i zna\u010daj koji sve nas obavezuje&#8221;, rekao je Male\u0161evi\u0107.<\/p>\n<p>On je dodao da su susreti omogu\u0107ili da se u svih osam potkozarskih op\u0161tina na\u0111u pjesnici koji su me\u0111u najboljima, ako ne i najbolji i da podstaknu knji\u017eevno stvarala\u0161tvo kod djece, \u0161to je veliki zna\u010daj ove manifestacije.<\/p>\n<p>Gradona\u010delnik Prijedora Marko Pavi\u0107 po\u017eelio je dobrodo\u0161licu svim u\u010desnicima Knji\u017eevnih susreta i poru\u010dio da su Kozara i Skender iznjedrili Stojanku majku Kne\u017eopoljku.<\/p>\n<p>&#8220;To je ostavilo toliko traga na ovom podru\u010dju, da mi u znak sje\u0107anja ve\u0107 43 godine odr\u017eavamo Knji\u017eevne susrete na Kozari&#8221;, naglasio je Pavi\u0107.<\/p>\n<p>On je dodao da su ovi simboli objedinili sve potkozarske op\u0161tine koje zajedni\u010dki organizuju ove susrete, a dobitnici nagrada su ono \u010dime se organizatori ponose.<\/p>\n<p><a href=\"https:\/\/www.prijedordanas.com\/wp-content\/uploads\/2015\/09\/knjizevni-susreti-na-kozari-otvaranje-3.jpg\"><img loading=\"lazy\" decoding=\"async\" class=\"alignleft size-medium wp-image-29823\" src=\"https:\/\/www.prijedordanas.com\/wp-content\/uploads\/2015\/09\/knjizevni-susreti-na-kozari-otvaranje-3-300x199.jpg\" alt=\"knjizevni susreti na kozari-otvaranje (3)\" width=\"300\" height=\"199\" srcset=\"https:\/\/www.prijedordanas.com\/wp-content\/uploads\/2015\/09\/knjizevni-susreti-na-kozari-otvaranje-3-300x199.jpg 300w, https:\/\/www.prijedordanas.com\/wp-content\/uploads\/2015\/09\/knjizevni-susreti-na-kozari-otvaranje-3-480x320.jpg 480w, https:\/\/www.prijedordanas.com\/wp-content\/uploads\/2015\/09\/knjizevni-susreti-na-kozari-otvaranje-3.jpg 600w\" sizes=\"(max-width: 300px) 100vw, 300px\" \/><\/a>Pavi\u0107 je uru\u010dio nagradu &#8220;Skender Kulenovi\u0107&#8221; ovogodi\u0161njem laureatu Nikoli Vuj\u010di\u0107u, koji je rekao da je ovo jedna od zna\u010dajnijih knji\u017eevnih nagrada i da mu je velika \u010dast \u0161to je dobio, imaju\u0107i u vidu spisak dobitnika.<\/p>\n<p>&#8220;Lijepo je na\u0107i se na tom spisku koji je jedna, mo\u017ee se re\u0107i uslovno, mala antologija na\u0161e knji\u017eevnosti&#8221;, rekao je Vuj\u010di\u0107 i po\u017eelio da ova nagrada traje bar jo\u0161 \u010detrdestak godina koliko sada ima.<\/p>\n<p>Vuj\u010di\u0107 je pojasnio da je njegova nagra\u0111ena knjiga &#8220;Svedo\u010denje&#8221; jedno li\u010dno lirsko svjedo\u010denje o prisustvu u svijetu.<\/p>\n<p>Sve\u010dano otvaranje Knji\u017eevnih susreta bilo je ujedno i ve\u010de posve\u0107eno Branku \u0106opi\u0107u pod nazivom &#8220;Kozara \u0106opi\u0107u&#8221;.<\/p>\n<p>Osim laureata, stihove su kazivali pjesnici LJubivoje R\u0161umovi\u0107, Mo\u0161a Odalovi\u0107, Dragan Jovanovi\u0107 Danilov, \u0110or\u0111o Sladoje, Miroslav Maksimovi\u0107, Milosav Te\u0161i\u0107, Dejan Aleksi\u0107, Zlata Koci\u0107 i Predrag Bjelo\u0161evi\u0107.<\/p>\n<p>U umjetni\u010dkom dijelu programa nastupili su glimci iz Prijedora i Beograda.<\/p>\n<p>Sve\u010danom otvaranju je prisustvovala i ministar lokalne uprave i samouprave Republike Srpske Lejla Re\u0161i\u0107.<\/p>\n<p>Centralna manifestacija &#8220;Pjesni\u010dko podne&#8221; najavljena je za sutra na Mrakovici.<\/p>\n<p>Polaganje vijenca na bistu Skendera Kulenovi\u0107a i na spomenik na Kozari predvi\u0111eno je u 11.00 \u010dasova, a u okviru tradicionalnog poetskog \u010dasa koji je zakazan za 12.00 \u010dasova, osim nastupa pjesnika, ovogodi\u0161njem laueratu Nikolu Vuj\u010di\u0107u bi\u0107e uru\u010dena statua &#8220;LJubijski rudar&#8221; i nagrada od 3.000 KM koju tradicionalno dodjeljuje kompanija &#8220;Arselor Mital&#8221; Prijedor.<\/p>\n<p>Ve\u010de laureata, na kojem \u0107e Vuj\u010di\u0107 predstaviti svoju nagra\u0111enu knjigu poezije &#8220;Svedo\u010denje&#8221;, bi\u0107e odr\u017eano u 20.00 \u010dasova u Galeriji `96, \u010dime se zavr\u0161avaju ovogodi\u0161nji Knji\u017eevni susreti na Kozari.<\/p>\n<p>Tekst &#8211; SRNA<br \/>\nFoto \u2013 Aleksandar Drakuli\u0107 \u2013 <a href=\"www.prijedordanas.com\" target=\"_blank\">www.prijedordanas.com<\/a><\/p>\n<p><a href=\"https:\/\/www.prijedordanas.com\/wp-content\/uploads\/2015\/09\/knjizevni-susreti-na-kozari-otvaranje-4.jpg\"><img loading=\"lazy\" decoding=\"async\" src=\"https:\/\/www.prijedordanas.com\/wp-content\/uploads\/2015\/09\/knjizevni-susreti-na-kozari-otvaranje-4-300x199.jpg\" alt=\"knjizevni susreti na kozari-otvaranje (4)\" width=\"300\" height=\"199\" class=\"alignleft size-medium wp-image-29824\" srcset=\"https:\/\/www.prijedordanas.com\/wp-content\/uploads\/2015\/09\/knjizevni-susreti-na-kozari-otvaranje-4-300x199.jpg 300w, https:\/\/www.prijedordanas.com\/wp-content\/uploads\/2015\/09\/knjizevni-susreti-na-kozari-otvaranje-4-480x320.jpg 480w, https:\/\/www.prijedordanas.com\/wp-content\/uploads\/2015\/09\/knjizevni-susreti-na-kozari-otvaranje-4.jpg 600w\" sizes=\"(max-width: 300px) 100vw, 300px\" \/><\/a> <a href=\"https:\/\/www.prijedordanas.com\/wp-content\/uploads\/2015\/09\/knjizevni-susreti-na-kozari-otvaranje-5.jpg\"><img loading=\"lazy\" decoding=\"async\" src=\"https:\/\/www.prijedordanas.com\/wp-content\/uploads\/2015\/09\/knjizevni-susreti-na-kozari-otvaranje-5-300x199.jpg\" alt=\"knjizevni susreti na kozari-otvaranje (5)\" width=\"300\" height=\"199\" class=\"alignleft size-medium wp-image-29825\" srcset=\"https:\/\/www.prijedordanas.com\/wp-content\/uploads\/2015\/09\/knjizevni-susreti-na-kozari-otvaranje-5-300x199.jpg 300w, https:\/\/www.prijedordanas.com\/wp-content\/uploads\/2015\/09\/knjizevni-susreti-na-kozari-otvaranje-5-480x320.jpg 480w, https:\/\/www.prijedordanas.com\/wp-content\/uploads\/2015\/09\/knjizevni-susreti-na-kozari-otvaranje-5.jpg 600w\" sizes=\"(max-width: 300px) 100vw, 300px\" \/><\/a> <a href=\"https:\/\/www.prijedordanas.com\/wp-content\/uploads\/2015\/09\/knjizevni-susreti-na-kozari-otvaranje-6.jpg\"><img loading=\"lazy\" decoding=\"async\" src=\"https:\/\/www.prijedordanas.com\/wp-content\/uploads\/2015\/09\/knjizevni-susreti-na-kozari-otvaranje-6-300x199.jpg\" alt=\"knjizevni susreti na kozari-otvaranje (6)\" width=\"300\" height=\"199\" class=\"alignleft size-medium wp-image-29826\" srcset=\"https:\/\/www.prijedordanas.com\/wp-content\/uploads\/2015\/09\/knjizevni-susreti-na-kozari-otvaranje-6-300x199.jpg 300w, https:\/\/www.prijedordanas.com\/wp-content\/uploads\/2015\/09\/knjizevni-susreti-na-kozari-otvaranje-6-480x320.jpg 480w, https:\/\/www.prijedordanas.com\/wp-content\/uploads\/2015\/09\/knjizevni-susreti-na-kozari-otvaranje-6.jpg 600w\" sizes=\"(max-width: 300px) 100vw, 300px\" \/><\/a> <a href=\"https:\/\/www.prijedordanas.com\/wp-content\/uploads\/2015\/09\/knjizevni-susreti-na-kozari-otvaranje-7.jpg\"><img loading=\"lazy\" decoding=\"async\" src=\"https:\/\/www.prijedordanas.com\/wp-content\/uploads\/2015\/09\/knjizevni-susreti-na-kozari-otvaranje-7-300x199.jpg\" alt=\"knjizevni susreti na kozari-otvaranje (7)\" width=\"300\" height=\"199\" class=\"alignleft size-medium wp-image-29827\" srcset=\"https:\/\/www.prijedordanas.com\/wp-content\/uploads\/2015\/09\/knjizevni-susreti-na-kozari-otvaranje-7-300x199.jpg 300w, https:\/\/www.prijedordanas.com\/wp-content\/uploads\/2015\/09\/knjizevni-susreti-na-kozari-otvaranje-7-480x320.jpg 480w, https:\/\/www.prijedordanas.com\/wp-content\/uploads\/2015\/09\/knjizevni-susreti-na-kozari-otvaranje-7.jpg 600w\" sizes=\"(max-width: 300px) 100vw, 300px\" \/><\/a> <a href=\"https:\/\/www.prijedordanas.com\/wp-content\/uploads\/2015\/09\/knjizevni-susreti-na-kozari-otvaranje-8.jpg\"><img loading=\"lazy\" decoding=\"async\" src=\"https:\/\/www.prijedordanas.com\/wp-content\/uploads\/2015\/09\/knjizevni-susreti-na-kozari-otvaranje-8-300x199.jpg\" alt=\"knjizevni susreti na kozari-otvaranje (8)\" width=\"300\" height=\"199\" class=\"alignleft size-medium wp-image-29828\" srcset=\"https:\/\/www.prijedordanas.com\/wp-content\/uploads\/2015\/09\/knjizevni-susreti-na-kozari-otvaranje-8-300x199.jpg 300w, https:\/\/www.prijedordanas.com\/wp-content\/uploads\/2015\/09\/knjizevni-susreti-na-kozari-otvaranje-8-480x320.jpg 480w, https:\/\/www.prijedordanas.com\/wp-content\/uploads\/2015\/09\/knjizevni-susreti-na-kozari-otvaranje-8.jpg 600w\" sizes=\"(max-width: 300px) 100vw, 300px\" \/><\/a> <a href=\"https:\/\/www.prijedordanas.com\/wp-content\/uploads\/2015\/09\/knjizevni-susreti-na-kozari-otvaranje-9.jpg\"><img loading=\"lazy\" decoding=\"async\" src=\"https:\/\/www.prijedordanas.com\/wp-content\/uploads\/2015\/09\/knjizevni-susreti-na-kozari-otvaranje-9-300x199.jpg\" alt=\"knjizevni susreti na kozari-otvaranje (9)\" width=\"300\" height=\"199\" class=\"alignleft size-medium wp-image-29829\" srcset=\"https:\/\/www.prijedordanas.com\/wp-content\/uploads\/2015\/09\/knjizevni-susreti-na-kozari-otvaranje-9-300x199.jpg 300w, https:\/\/www.prijedordanas.com\/wp-content\/uploads\/2015\/09\/knjizevni-susreti-na-kozari-otvaranje-9-480x320.jpg 480w, https:\/\/www.prijedordanas.com\/wp-content\/uploads\/2015\/09\/knjizevni-susreti-na-kozari-otvaranje-9.jpg 600w\" sizes=\"(max-width: 300px) 100vw, 300px\" \/><\/a><\/p>\n","protected":false},"excerpt":{"rendered":"<p>Ministar prosvjete i kulture Republike Srpske Dane Male\u0161evi\u0107 otvorio je ve\u010deras u Prijedoru 43. Knji\u017eevne susrete na Kozari. Otvaraju\u0107i ovu manifestaciju, Male\u0161evi\u0107 je rekao da Knji\u017eevni susreti na Kozari zauzimaju [&hellip;]<\/p>\n","protected":false},"author":1,"featured_media":0,"comment_status":"closed","ping_status":"open","sticky":false,"template":"","format":"standard","meta":{"_monsterinsights_skip_tracking":false,"_monsterinsights_sitenote_active":false,"_monsterinsights_sitenote_note":"","_monsterinsights_sitenote_category":0,"footnotes":""},"categories":[6],"tags":[2442,5121,4883],"yoast_head":"<!-- This site is optimized with the Yoast SEO plugin v21.6 - https:\/\/yoast.com\/wordpress\/plugins\/seo\/ -->\n<title>OTVORENI 43. KNJI\u017dEVNI SUSRETI NA KOZARI: VUJ\u010cI\u0106U URU\u010cENA NAGRADA \u201eSKENDER KULENOVI\u0106\u201c \u2013 FOTO - PrijedorDanas.com - Prijedorski gradski portal<\/title>\n<meta name=\"robots\" content=\"index, follow, max-snippet:-1, max-image-preview:large, max-video-preview:-1\" \/>\n<link rel=\"canonical\" href=\"https:\/\/www.prijedordanas.com\/?p=29818\" \/>\n<meta property=\"og:locale\" content=\"en_US\" \/>\n<meta property=\"og:type\" content=\"article\" \/>\n<meta property=\"og:title\" content=\"OTVORENI 43. KNJI\u017dEVNI SUSRETI NA KOZARI: VUJ\u010cI\u0106U URU\u010cENA NAGRADA \u201eSKENDER KULENOVI\u0106\u201c \u2013 FOTO - PrijedorDanas.com - Prijedorski gradski portal\" \/>\n<meta property=\"og:description\" content=\"Ministar prosvjete i kulture Republike Srpske Dane Male\u0161evi\u0107 otvorio je ve\u010deras u Prijedoru 43. Knji\u017eevne susrete na Kozari. Otvaraju\u0107i ovu manifestaciju, Male\u0161evi\u0107 je rekao da Knji\u017eevni susreti na Kozari zauzimaju [&hellip;]\" \/>\n<meta property=\"og:url\" content=\"https:\/\/www.prijedordanas.com\/?p=29818\" \/>\n<meta property=\"og:site_name\" content=\"PrijedorDanas.com - Prijedorski gradski portal\" \/>\n<meta property=\"article:publisher\" content=\"https:\/\/www.facebook.com\/PrijedorDanasCom\/\" \/>\n<meta property=\"article:published_time\" content=\"2015-09-25T21:48:16+00:00\" \/>\n<meta property=\"article:modified_time\" content=\"2015-09-25T21:54:54+00:00\" \/>\n<meta property=\"og:image\" content=\"https:\/\/www.prijedordanas.com\/wp-content\/uploads\/2015\/09\/knjizevni-susreti-na-kozari-otvaranje-1-300x199.jpg\" \/>\n<meta name=\"author\" content=\"admin\" \/>\n<meta name=\"twitter:card\" content=\"summary_large_image\" \/>\n<meta name=\"twitter:label1\" content=\"Written by\" \/>\n\t<meta name=\"twitter:data1\" content=\"admin\" \/>\n\t<meta name=\"twitter:label2\" content=\"Est. reading time\" \/>\n\t<meta name=\"twitter:data2\" content=\"3 minutes\" \/>\n<script type=\"application\/ld+json\" class=\"yoast-schema-graph\">{\"@context\":\"https:\/\/schema.org\",\"@graph\":[{\"@type\":\"Article\",\"@id\":\"https:\/\/www.prijedordanas.com\/?p=29818#article\",\"isPartOf\":{\"@id\":\"https:\/\/www.prijedordanas.com\/?p=29818\"},\"author\":{\"name\":\"admin\",\"@id\":\"https:\/\/www.prijedordanas.com\/#\/schema\/person\/4e08ccf29b506ca916ff86d46bb700e6\"},\"headline\":\"OTVORENI 43. KNJI\u017dEVNI SUSRETI NA KOZARI: VUJ\u010cI\u0106U URU\u010cENA NAGRADA \u201eSKENDER KULENOVI\u0106\u201c \u2013 FOTO\",\"datePublished\":\"2015-09-25T21:48:16+00:00\",\"dateModified\":\"2015-09-25T21:54:54+00:00\",\"mainEntityOfPage\":{\"@id\":\"https:\/\/www.prijedordanas.com\/?p=29818\"},\"wordCount\":600,\"publisher\":{\"@id\":\"https:\/\/www.prijedordanas.com\/#organization\"},\"keywords\":[\"Knji\u017eevni susreti na Kozari\",\"nagrada Skender Kulenovi\u0107\",\"Nikola Vuj\u010di\u0107\"],\"articleSection\":[\"Kultura\"],\"inLanguage\":\"en-US\"},{\"@type\":\"WebPage\",\"@id\":\"https:\/\/www.prijedordanas.com\/?p=29818\",\"url\":\"https:\/\/www.prijedordanas.com\/?p=29818\",\"name\":\"OTVORENI 43. KNJI\u017dEVNI SUSRETI NA KOZARI: VUJ\u010cI\u0106U URU\u010cENA NAGRADA \u201eSKENDER KULENOVI\u0106\u201c \u2013 FOTO - PrijedorDanas.com - Prijedorski gradski portal\",\"isPartOf\":{\"@id\":\"https:\/\/www.prijedordanas.com\/#website\"},\"datePublished\":\"2015-09-25T21:48:16+00:00\",\"dateModified\":\"2015-09-25T21:54:54+00:00\",\"breadcrumb\":{\"@id\":\"https:\/\/www.prijedordanas.com\/?p=29818#breadcrumb\"},\"inLanguage\":\"en-US\",\"potentialAction\":[{\"@type\":\"ReadAction\",\"target\":[\"https:\/\/www.prijedordanas.com\/?p=29818\"]}]},{\"@type\":\"BreadcrumbList\",\"@id\":\"https:\/\/www.prijedordanas.com\/?p=29818#breadcrumb\",\"itemListElement\":[{\"@type\":\"ListItem\",\"position\":1,\"name\":\"Home\",\"item\":\"https:\/\/www.prijedordanas.com\/\"},{\"@type\":\"ListItem\",\"position\":2,\"name\":\"OTVORENI 43. KNJI\u017dEVNI SUSRETI NA KOZARI: VUJ\u010cI\u0106U URU\u010cENA NAGRADA \u201eSKENDER KULENOVI\u0106\u201c \u2013 FOTO\"}]},{\"@type\":\"WebSite\",\"@id\":\"https:\/\/www.prijedordanas.com\/#website\",\"url\":\"https:\/\/www.prijedordanas.com\/\",\"name\":\"PrijedorDanas.com - Prijedorski gradski portal\",\"description\":\"Portal o doga\u0111anjima u gradu Prijedoru\",\"publisher\":{\"@id\":\"https:\/\/www.prijedordanas.com\/#organization\"},\"potentialAction\":[{\"@type\":\"SearchAction\",\"target\":{\"@type\":\"EntryPoint\",\"urlTemplate\":\"https:\/\/www.prijedordanas.com\/?s={search_term_string}\"},\"query-input\":\"required name=search_term_string\"}],\"inLanguage\":\"en-US\"},{\"@type\":\"Organization\",\"@id\":\"https:\/\/www.prijedordanas.com\/#organization\",\"name\":\"PrijedorDanas.com\",\"url\":\"https:\/\/www.prijedordanas.com\/\",\"logo\":{\"@type\":\"ImageObject\",\"inLanguage\":\"en-US\",\"@id\":\"https:\/\/www.prijedordanas.com\/#\/schema\/logo\/image\/\",\"url\":\"http:\/\/www.prijedordanas.com\/wp-content\/uploads\/2021\/12\/logopng.png\",\"contentUrl\":\"http:\/\/www.prijedordanas.com\/wp-content\/uploads\/2021\/12\/logopng.png\",\"width\":1019,\"height\":776,\"caption\":\"PrijedorDanas.com\"},\"image\":{\"@id\":\"https:\/\/www.prijedordanas.com\/#\/schema\/logo\/image\/\"},\"sameAs\":[\"https:\/\/www.facebook.com\/PrijedorDanasCom\/\"]},{\"@type\":\"Person\",\"@id\":\"https:\/\/www.prijedordanas.com\/#\/schema\/person\/4e08ccf29b506ca916ff86d46bb700e6\",\"name\":\"admin\",\"image\":{\"@type\":\"ImageObject\",\"inLanguage\":\"en-US\",\"@id\":\"https:\/\/www.prijedordanas.com\/#\/schema\/person\/image\/\",\"url\":\"https:\/\/secure.gravatar.com\/avatar\/1d3fc949d550f0b53a5f0d51e06dfd79?s=96&d=mm&r=g\",\"contentUrl\":\"https:\/\/secure.gravatar.com\/avatar\/1d3fc949d550f0b53a5f0d51e06dfd79?s=96&d=mm&r=g\",\"caption\":\"admin\"},\"url\":\"https:\/\/www.prijedordanas.com\/?author=1\"}]}<\/script>\n<!-- \/ Yoast SEO plugin. -->","yoast_head_json":{"title":"OTVORENI 43. KNJI\u017dEVNI SUSRETI NA KOZARI: VUJ\u010cI\u0106U URU\u010cENA NAGRADA \u201eSKENDER KULENOVI\u0106\u201c \u2013 FOTO - PrijedorDanas.com - Prijedorski gradski portal","robots":{"index":"index","follow":"follow","max-snippet":"max-snippet:-1","max-image-preview":"max-image-preview:large","max-video-preview":"max-video-preview:-1"},"canonical":"https:\/\/www.prijedordanas.com\/?p=29818","og_locale":"en_US","og_type":"article","og_title":"OTVORENI 43. KNJI\u017dEVNI SUSRETI NA KOZARI: VUJ\u010cI\u0106U URU\u010cENA NAGRADA \u201eSKENDER KULENOVI\u0106\u201c \u2013 FOTO - PrijedorDanas.com - Prijedorski gradski portal","og_description":"Ministar prosvjete i kulture Republike Srpske Dane Male\u0161evi\u0107 otvorio je ve\u010deras u Prijedoru 43. Knji\u017eevne susrete na Kozari. Otvaraju\u0107i ovu manifestaciju, Male\u0161evi\u0107 je rekao da Knji\u017eevni susreti na Kozari zauzimaju [&hellip;]","og_url":"https:\/\/www.prijedordanas.com\/?p=29818","og_site_name":"PrijedorDanas.com - Prijedorski gradski portal","article_publisher":"https:\/\/www.facebook.com\/PrijedorDanasCom\/","article_published_time":"2015-09-25T21:48:16+00:00","article_modified_time":"2015-09-25T21:54:54+00:00","og_image":[{"url":"https:\/\/www.prijedordanas.com\/wp-content\/uploads\/2015\/09\/knjizevni-susreti-na-kozari-otvaranje-1-300x199.jpg"}],"author":"admin","twitter_card":"summary_large_image","twitter_misc":{"Written by":"admin","Est. reading time":"3 minutes"},"schema":{"@context":"https:\/\/schema.org","@graph":[{"@type":"Article","@id":"https:\/\/www.prijedordanas.com\/?p=29818#article","isPartOf":{"@id":"https:\/\/www.prijedordanas.com\/?p=29818"},"author":{"name":"admin","@id":"https:\/\/www.prijedordanas.com\/#\/schema\/person\/4e08ccf29b506ca916ff86d46bb700e6"},"headline":"OTVORENI 43. KNJI\u017dEVNI SUSRETI NA KOZARI: VUJ\u010cI\u0106U URU\u010cENA NAGRADA \u201eSKENDER KULENOVI\u0106\u201c \u2013 FOTO","datePublished":"2015-09-25T21:48:16+00:00","dateModified":"2015-09-25T21:54:54+00:00","mainEntityOfPage":{"@id":"https:\/\/www.prijedordanas.com\/?p=29818"},"wordCount":600,"publisher":{"@id":"https:\/\/www.prijedordanas.com\/#organization"},"keywords":["Knji\u017eevni susreti na Kozari","nagrada Skender Kulenovi\u0107","Nikola Vuj\u010di\u0107"],"articleSection":["Kultura"],"inLanguage":"en-US"},{"@type":"WebPage","@id":"https:\/\/www.prijedordanas.com\/?p=29818","url":"https:\/\/www.prijedordanas.com\/?p=29818","name":"OTVORENI 43. KNJI\u017dEVNI SUSRETI NA KOZARI: VUJ\u010cI\u0106U URU\u010cENA NAGRADA \u201eSKENDER KULENOVI\u0106\u201c \u2013 FOTO - PrijedorDanas.com - Prijedorski gradski portal","isPartOf":{"@id":"https:\/\/www.prijedordanas.com\/#website"},"datePublished":"2015-09-25T21:48:16+00:00","dateModified":"2015-09-25T21:54:54+00:00","breadcrumb":{"@id":"https:\/\/www.prijedordanas.com\/?p=29818#breadcrumb"},"inLanguage":"en-US","potentialAction":[{"@type":"ReadAction","target":["https:\/\/www.prijedordanas.com\/?p=29818"]}]},{"@type":"BreadcrumbList","@id":"https:\/\/www.prijedordanas.com\/?p=29818#breadcrumb","itemListElement":[{"@type":"ListItem","position":1,"name":"Home","item":"https:\/\/www.prijedordanas.com\/"},{"@type":"ListItem","position":2,"name":"OTVORENI 43. KNJI\u017dEVNI SUSRETI NA KOZARI: VUJ\u010cI\u0106U URU\u010cENA NAGRADA \u201eSKENDER KULENOVI\u0106\u201c \u2013 FOTO"}]},{"@type":"WebSite","@id":"https:\/\/www.prijedordanas.com\/#website","url":"https:\/\/www.prijedordanas.com\/","name":"PrijedorDanas.com - Prijedorski gradski portal","description":"Portal o doga\u0111anjima u gradu Prijedoru","publisher":{"@id":"https:\/\/www.prijedordanas.com\/#organization"},"potentialAction":[{"@type":"SearchAction","target":{"@type":"EntryPoint","urlTemplate":"https:\/\/www.prijedordanas.com\/?s={search_term_string}"},"query-input":"required name=search_term_string"}],"inLanguage":"en-US"},{"@type":"Organization","@id":"https:\/\/www.prijedordanas.com\/#organization","name":"PrijedorDanas.com","url":"https:\/\/www.prijedordanas.com\/","logo":{"@type":"ImageObject","inLanguage":"en-US","@id":"https:\/\/www.prijedordanas.com\/#\/schema\/logo\/image\/","url":"http:\/\/www.prijedordanas.com\/wp-content\/uploads\/2021\/12\/logopng.png","contentUrl":"http:\/\/www.prijedordanas.com\/wp-content\/uploads\/2021\/12\/logopng.png","width":1019,"height":776,"caption":"PrijedorDanas.com"},"image":{"@id":"https:\/\/www.prijedordanas.com\/#\/schema\/logo\/image\/"},"sameAs":["https:\/\/www.facebook.com\/PrijedorDanasCom\/"]},{"@type":"Person","@id":"https:\/\/www.prijedordanas.com\/#\/schema\/person\/4e08ccf29b506ca916ff86d46bb700e6","name":"admin","image":{"@type":"ImageObject","inLanguage":"en-US","@id":"https:\/\/www.prijedordanas.com\/#\/schema\/person\/image\/","url":"https:\/\/secure.gravatar.com\/avatar\/1d3fc949d550f0b53a5f0d51e06dfd79?s=96&d=mm&r=g","contentUrl":"https:\/\/secure.gravatar.com\/avatar\/1d3fc949d550f0b53a5f0d51e06dfd79?s=96&d=mm&r=g","caption":"admin"},"url":"https:\/\/www.prijedordanas.com\/?author=1"}]}},"_links":{"self":[{"href":"https:\/\/www.prijedordanas.com\/index.php?rest_route=\/wp\/v2\/posts\/29818"}],"collection":[{"href":"https:\/\/www.prijedordanas.com\/index.php?rest_route=\/wp\/v2\/posts"}],"about":[{"href":"https:\/\/www.prijedordanas.com\/index.php?rest_route=\/wp\/v2\/types\/post"}],"author":[{"embeddable":true,"href":"https:\/\/www.prijedordanas.com\/index.php?rest_route=\/wp\/v2\/users\/1"}],"replies":[{"embeddable":true,"href":"https:\/\/www.prijedordanas.com\/index.php?rest_route=%2Fwp%2Fv2%2Fcomments&post=29818"}],"version-history":[{"count":3,"href":"https:\/\/www.prijedordanas.com\/index.php?rest_route=\/wp\/v2\/posts\/29818\/revisions"}],"predecessor-version":[{"id":29830,"href":"https:\/\/www.prijedordanas.com\/index.php?rest_route=\/wp\/v2\/posts\/29818\/revisions\/29830"}],"wp:attachment":[{"href":"https:\/\/www.prijedordanas.com\/index.php?rest_route=%2Fwp%2Fv2%2Fmedia&parent=29818"}],"wp:term":[{"taxonomy":"category","embeddable":true,"href":"https:\/\/www.prijedordanas.com\/index.php?rest_route=%2Fwp%2Fv2%2Fcategories&post=29818"},{"taxonomy":"post_tag","embeddable":true,"href":"https:\/\/www.prijedordanas.com\/index.php?rest_route=%2Fwp%2Fv2%2Ftags&post=29818"}],"curies":[{"name":"wp","href":"https:\/\/api.w.org\/{rel}","templated":true}]}}