{"id":29797,"date":"2015-09-25T15:13:52","date_gmt":"2015-09-25T14:13:52","guid":{"rendered":"https:\/\/www.prijedordanas.com\/?p=29797"},"modified":"2015-09-25T16:54:06","modified_gmt":"2015-09-25T15:54:06","slug":"otvoreni-dani-meda-2015-foto","status":"publish","type":"post","link":"https:\/\/www.prijedordanas.com\/?p=29797","title":{"rendered":"OTVORENI &#8220;DANI MEDA 2015&#8221; &#8211; FOTO"},"content":{"rendered":"<p><a href=\"https:\/\/www.prijedordanas.com\/wp-content\/uploads\/2015\/09\/dani-meda-2015-1.jpg\"><img loading=\"lazy\" decoding=\"async\" class=\"alignleft size-medium wp-image-29798\" src=\"https:\/\/www.prijedordanas.com\/wp-content\/uploads\/2015\/09\/dani-meda-2015-1-300x199.jpg\" alt=\"dani meda 2015 (1)\" width=\"300\" height=\"199\" srcset=\"https:\/\/www.prijedordanas.com\/wp-content\/uploads\/2015\/09\/dani-meda-2015-1-300x199.jpg 300w, https:\/\/www.prijedordanas.com\/wp-content\/uploads\/2015\/09\/dani-meda-2015-1-480x320.jpg 480w, https:\/\/www.prijedordanas.com\/wp-content\/uploads\/2015\/09\/dani-meda-2015-1.jpg 600w\" sizes=\"(max-width: 300px) 100vw, 300px\" \/><\/a>Na malom gradskom trgu u Prijedoru otvorena je privredno-turisti\u010dka manifestacija &#8220;Dani meda 2015&#8221;, koja je okupila 34 izlaga\u010da.<\/p>\n<p>Izlaga\u010di su uglavnom \u010dlanovi Udru\u017eenja p\u010delara &#8220;Omarska&#8221; iz Omarske, &#8220;Prva p\u010dela&#8221; iz Prijedora i &#8220;Kozara&#8221; iz Kozarca, koji su organizatori.<\/p>\n<p>\u0160ef gradskog Odsjeka za unapre\u0111enje poljoprivrede Tatjana Mari\u0107 rekla je da na ovogodi\u0161njoj manifestaciji u\u010destvuju, osim prijedorskih p\u010delara, i izlaga\u010di sa podru\u010dja Banjaluke, Kostajnice, Gradi\u0161ke, Dervente, Novog Grada, Bosanskog Grahova, Cazina, Biha\u0107a, Sanskog Mosta, Sokoca i Trebinja.<\/p>\n<p><a href=\"https:\/\/www.prijedordanas.com\/wp-content\/uploads\/2015\/09\/dani-meda-2015-2.jpg\"><img loading=\"lazy\" decoding=\"async\" class=\"alignleft size-medium wp-image-29799\" src=\"https:\/\/www.prijedordanas.com\/wp-content\/uploads\/2015\/09\/dani-meda-2015-2-300x199.jpg\" alt=\"dani meda 2015 (2)\" width=\"300\" height=\"199\" srcset=\"https:\/\/www.prijedordanas.com\/wp-content\/uploads\/2015\/09\/dani-meda-2015-2-300x199.jpg 300w, https:\/\/www.prijedordanas.com\/wp-content\/uploads\/2015\/09\/dani-meda-2015-2-480x320.jpg 480w, https:\/\/www.prijedordanas.com\/wp-content\/uploads\/2015\/09\/dani-meda-2015-2.jpg 600w\" sizes=\"(max-width: 300px) 100vw, 300px\" \/><\/a>&#8220;Ovo je 10. `Sajam meda i p\u010delinjih proizvoda` i prilika da gra\u0111ani stupe u kontakt sa p\u010delarima, da vide njihovu ponudu i snabdiju se \u0161irokom paletom proizvoda od p\u010dela&#8221;, istakla je Mari\u0107eva.<\/p>\n<p>Ona je dodala da manifestacija ima izlo\u017ebeno-prodajni karakter, a pro\u0161irena je i ponudom izlaga\u010da narodnih rukotvorina, ljekovitog bilja i proizvoda iz slatkih radionica kola\u010da.<\/p>\n<p>Mari\u0107eva je navela da je gradska uprava Prijedor tokom prethodnih godina ukupno izdvojila oko 100.000 KM bud\u017eetskih sredstva za podsticaje p\u010delarima, ali i za organizaciju manifestacija i stru\u010dna predavanja.<\/p>\n<p>Ona je dodala i da na podru\u010dju grada Prijedora ima oko 120 p\u010delara koji imaju u svom vlasni\u0161tvu oko 20.000 ko\u0161nica raznih tipova.<\/p>\n<p>Cijena kilograma meda na ovoj manifestaciji, \u010diji je pokrovitelj grad Prijedor, iznosi od 12 KM do 15 KM, pa do 18 KM, koliko je kilogram hercegova\u010dkog meda.<\/p>\n<p>Posjetiocima Sajma do ponedjeljka, 28. septembra, u ponudi \u0107e biti razni proizvodi od meda po cijeni od dvije KM za propolis, pa do raznih vrsta vo\u0107a u medu, medova\u010de, mati\u010dnog mlije\u010da, perge i polena.<\/p>\n<p>Tekst \u2013 SRNA<br \/>\nFoto \u2013 Aleksandar Drakuli\u0107 \u2013 <a href=\"www.prijedordanas.com\" target=\"_blank\">www.prijedordanas.com<\/a><\/p>\n<p><a href=\"https:\/\/www.prijedordanas.com\/wp-content\/uploads\/2015\/09\/dani-meda-2015-3.jpg\"><img loading=\"lazy\" decoding=\"async\" src=\"https:\/\/www.prijedordanas.com\/wp-content\/uploads\/2015\/09\/dani-meda-2015-3-300x199.jpg\" alt=\"dani meda 2015 (3)\" width=\"300\" height=\"199\" class=\"alignleft size-medium wp-image-29800\" srcset=\"https:\/\/www.prijedordanas.com\/wp-content\/uploads\/2015\/09\/dani-meda-2015-3-300x199.jpg 300w, https:\/\/www.prijedordanas.com\/wp-content\/uploads\/2015\/09\/dani-meda-2015-3-480x320.jpg 480w, https:\/\/www.prijedordanas.com\/wp-content\/uploads\/2015\/09\/dani-meda-2015-3.jpg 600w\" sizes=\"(max-width: 300px) 100vw, 300px\" \/><\/a> <a href=\"https:\/\/www.prijedordanas.com\/wp-content\/uploads\/2015\/09\/dani-meda-2015-4.jpg\"><img loading=\"lazy\" decoding=\"async\" src=\"https:\/\/www.prijedordanas.com\/wp-content\/uploads\/2015\/09\/dani-meda-2015-4-300x199.jpg\" alt=\"dani meda 2015 (4)\" width=\"300\" height=\"199\" class=\"alignleft size-medium wp-image-29801\" srcset=\"https:\/\/www.prijedordanas.com\/wp-content\/uploads\/2015\/09\/dani-meda-2015-4-300x199.jpg 300w, https:\/\/www.prijedordanas.com\/wp-content\/uploads\/2015\/09\/dani-meda-2015-4-480x320.jpg 480w, https:\/\/www.prijedordanas.com\/wp-content\/uploads\/2015\/09\/dani-meda-2015-4.jpg 600w\" sizes=\"(max-width: 300px) 100vw, 300px\" \/><\/a> <a href=\"https:\/\/www.prijedordanas.com\/wp-content\/uploads\/2015\/09\/dani-meda-2015-5.jpg\"><img loading=\"lazy\" decoding=\"async\" src=\"https:\/\/www.prijedordanas.com\/wp-content\/uploads\/2015\/09\/dani-meda-2015-5-300x199.jpg\" alt=\"dani meda 2015 (5)\" width=\"300\" height=\"199\" class=\"alignleft size-medium wp-image-29802\" srcset=\"https:\/\/www.prijedordanas.com\/wp-content\/uploads\/2015\/09\/dani-meda-2015-5-300x199.jpg 300w, https:\/\/www.prijedordanas.com\/wp-content\/uploads\/2015\/09\/dani-meda-2015-5-480x320.jpg 480w, https:\/\/www.prijedordanas.com\/wp-content\/uploads\/2015\/09\/dani-meda-2015-5.jpg 600w\" sizes=\"(max-width: 300px) 100vw, 300px\" \/><\/a> <a href=\"https:\/\/www.prijedordanas.com\/wp-content\/uploads\/2015\/09\/dani-meda-2015-6.jpg\"><img loading=\"lazy\" decoding=\"async\" src=\"https:\/\/www.prijedordanas.com\/wp-content\/uploads\/2015\/09\/dani-meda-2015-6-300x199.jpg\" alt=\"dani meda 2015 (6)\" width=\"300\" height=\"199\" class=\"alignleft size-medium wp-image-29803\" srcset=\"https:\/\/www.prijedordanas.com\/wp-content\/uploads\/2015\/09\/dani-meda-2015-6-300x199.jpg 300w, https:\/\/www.prijedordanas.com\/wp-content\/uploads\/2015\/09\/dani-meda-2015-6-480x320.jpg 480w, https:\/\/www.prijedordanas.com\/wp-content\/uploads\/2015\/09\/dani-meda-2015-6.jpg 600w\" sizes=\"(max-width: 300px) 100vw, 300px\" \/><\/a><\/p>\n","protected":false},"excerpt":{"rendered":"<p>Na malom gradskom trgu u Prijedoru otvorena je privredno-turisti\u010dka manifestacija &#8220;Dani meda 2015&#8221;, koja je okupila 34 izlaga\u010da. Izlaga\u010di su uglavnom \u010dlanovi Udru\u017eenja p\u010delara &#8220;Omarska&#8221; iz Omarske, &#8220;Prva p\u010dela&#8221; iz [&hellip;]<\/p>\n","protected":false},"author":1,"featured_media":0,"comment_status":"closed","ping_status":"open","sticky":false,"template":"","format":"standard","meta":{"_monsterinsights_skip_tracking":false,"_monsterinsights_sitenote_active":false,"_monsterinsights_sitenote_note":"","_monsterinsights_sitenote_category":0,"footnotes":""},"categories":[4],"tags":[2430,2459,5160,5026],"yoast_head":"<!-- This site is optimized with the Yoast SEO plugin v21.6 - https:\/\/yoast.com\/wordpress\/plugins\/seo\/ -->\n<title>OTVORENI &quot;DANI MEDA 2015&quot; - FOTO - PrijedorDanas.com - Prijedorski gradski portal<\/title>\n<meta name=\"robots\" content=\"index, follow, max-snippet:-1, max-image-preview:large, max-video-preview:-1\" \/>\n<link rel=\"canonical\" href=\"https:\/\/www.prijedordanas.com\/?p=29797\" \/>\n<meta property=\"og:locale\" content=\"en_US\" \/>\n<meta property=\"og:type\" content=\"article\" \/>\n<meta property=\"og:title\" content=\"OTVORENI &quot;DANI MEDA 2015&quot; - FOTO - PrijedorDanas.com - Prijedorski gradski portal\" \/>\n<meta property=\"og:description\" content=\"Na malom gradskom trgu u Prijedoru otvorena je privredno-turisti\u010dka manifestacija &#8220;Dani meda 2015&#8221;, koja je okupila 34 izlaga\u010da. Izlaga\u010di su uglavnom \u010dlanovi Udru\u017eenja p\u010delara &#8220;Omarska&#8221; iz Omarske, &#8220;Prva p\u010dela&#8221; iz [&hellip;]\" \/>\n<meta property=\"og:url\" content=\"https:\/\/www.prijedordanas.com\/?p=29797\" \/>\n<meta property=\"og:site_name\" content=\"PrijedorDanas.com - Prijedorski gradski portal\" \/>\n<meta property=\"article:publisher\" content=\"https:\/\/www.facebook.com\/PrijedorDanasCom\/\" \/>\n<meta property=\"article:published_time\" content=\"2015-09-25T14:13:52+00:00\" \/>\n<meta property=\"article:modified_time\" content=\"2015-09-25T15:54:06+00:00\" \/>\n<meta property=\"og:image\" content=\"https:\/\/www.prijedordanas.com\/wp-content\/uploads\/2015\/09\/dani-meda-2015-1-300x199.jpg\" \/>\n<meta name=\"author\" content=\"admin\" \/>\n<meta name=\"twitter:card\" content=\"summary_large_image\" \/>\n<meta name=\"twitter:label1\" content=\"Written by\" \/>\n\t<meta name=\"twitter:data1\" content=\"admin\" \/>\n\t<meta name=\"twitter:label2\" content=\"Est. reading time\" \/>\n\t<meta name=\"twitter:data2\" content=\"1 minute\" \/>\n<script type=\"application\/ld+json\" class=\"yoast-schema-graph\">{\"@context\":\"https:\/\/schema.org\",\"@graph\":[{\"@type\":\"Article\",\"@id\":\"https:\/\/www.prijedordanas.com\/?p=29797#article\",\"isPartOf\":{\"@id\":\"https:\/\/www.prijedordanas.com\/?p=29797\"},\"author\":{\"name\":\"admin\",\"@id\":\"https:\/\/www.prijedordanas.com\/#\/schema\/person\/4e08ccf29b506ca916ff86d46bb700e6\"},\"headline\":\"OTVORENI &#8220;DANI MEDA 2015&#8221; &#8211; FOTO\",\"datePublished\":\"2015-09-25T14:13:52+00:00\",\"dateModified\":\"2015-09-25T15:54:06+00:00\",\"mainEntityOfPage\":{\"@id\":\"https:\/\/www.prijedordanas.com\/?p=29797\"},\"wordCount\":283,\"publisher\":{\"@id\":\"https:\/\/www.prijedordanas.com\/#organization\"},\"keywords\":[\"Dani meda\",\"med\",\"privredno-turisti\u010dka manifestacija\",\"Tatjana Mari\u0107\"],\"articleSection\":[\"Dru\u0161tvo\"],\"inLanguage\":\"en-US\"},{\"@type\":\"WebPage\",\"@id\":\"https:\/\/www.prijedordanas.com\/?p=29797\",\"url\":\"https:\/\/www.prijedordanas.com\/?p=29797\",\"name\":\"OTVORENI \\\"DANI MEDA 2015\\\" - FOTO - PrijedorDanas.com - Prijedorski gradski portal\",\"isPartOf\":{\"@id\":\"https:\/\/www.prijedordanas.com\/#website\"},\"datePublished\":\"2015-09-25T14:13:52+00:00\",\"dateModified\":\"2015-09-25T15:54:06+00:00\",\"breadcrumb\":{\"@id\":\"https:\/\/www.prijedordanas.com\/?p=29797#breadcrumb\"},\"inLanguage\":\"en-US\",\"potentialAction\":[{\"@type\":\"ReadAction\",\"target\":[\"https:\/\/www.prijedordanas.com\/?p=29797\"]}]},{\"@type\":\"BreadcrumbList\",\"@id\":\"https:\/\/www.prijedordanas.com\/?p=29797#breadcrumb\",\"itemListElement\":[{\"@type\":\"ListItem\",\"position\":1,\"name\":\"Home\",\"item\":\"https:\/\/www.prijedordanas.com\/\"},{\"@type\":\"ListItem\",\"position\":2,\"name\":\"OTVORENI &#8220;DANI MEDA 2015&#8221; &#8211; FOTO\"}]},{\"@type\":\"WebSite\",\"@id\":\"https:\/\/www.prijedordanas.com\/#website\",\"url\":\"https:\/\/www.prijedordanas.com\/\",\"name\":\"PrijedorDanas.com - Prijedorski gradski portal\",\"description\":\"Portal o doga\u0111anjima u gradu Prijedoru\",\"publisher\":{\"@id\":\"https:\/\/www.prijedordanas.com\/#organization\"},\"potentialAction\":[{\"@type\":\"SearchAction\",\"target\":{\"@type\":\"EntryPoint\",\"urlTemplate\":\"https:\/\/www.prijedordanas.com\/?s={search_term_string}\"},\"query-input\":\"required name=search_term_string\"}],\"inLanguage\":\"en-US\"},{\"@type\":\"Organization\",\"@id\":\"https:\/\/www.prijedordanas.com\/#organization\",\"name\":\"PrijedorDanas.com\",\"url\":\"https:\/\/www.prijedordanas.com\/\",\"logo\":{\"@type\":\"ImageObject\",\"inLanguage\":\"en-US\",\"@id\":\"https:\/\/www.prijedordanas.com\/#\/schema\/logo\/image\/\",\"url\":\"http:\/\/www.prijedordanas.com\/wp-content\/uploads\/2021\/12\/logopng.png\",\"contentUrl\":\"http:\/\/www.prijedordanas.com\/wp-content\/uploads\/2021\/12\/logopng.png\",\"width\":1019,\"height\":776,\"caption\":\"PrijedorDanas.com\"},\"image\":{\"@id\":\"https:\/\/www.prijedordanas.com\/#\/schema\/logo\/image\/\"},\"sameAs\":[\"https:\/\/www.facebook.com\/PrijedorDanasCom\/\"]},{\"@type\":\"Person\",\"@id\":\"https:\/\/www.prijedordanas.com\/#\/schema\/person\/4e08ccf29b506ca916ff86d46bb700e6\",\"name\":\"admin\",\"image\":{\"@type\":\"ImageObject\",\"inLanguage\":\"en-US\",\"@id\":\"https:\/\/www.prijedordanas.com\/#\/schema\/person\/image\/\",\"url\":\"https:\/\/secure.gravatar.com\/avatar\/1d3fc949d550f0b53a5f0d51e06dfd79?s=96&d=mm&r=g\",\"contentUrl\":\"https:\/\/secure.gravatar.com\/avatar\/1d3fc949d550f0b53a5f0d51e06dfd79?s=96&d=mm&r=g\",\"caption\":\"admin\"},\"url\":\"https:\/\/www.prijedordanas.com\/?author=1\"}]}<\/script>\n<!-- \/ Yoast SEO plugin. -->","yoast_head_json":{"title":"OTVORENI \"DANI MEDA 2015\" - FOTO - PrijedorDanas.com - Prijedorski gradski portal","robots":{"index":"index","follow":"follow","max-snippet":"max-snippet:-1","max-image-preview":"max-image-preview:large","max-video-preview":"max-video-preview:-1"},"canonical":"https:\/\/www.prijedordanas.com\/?p=29797","og_locale":"en_US","og_type":"article","og_title":"OTVORENI \"DANI MEDA 2015\" - FOTO - PrijedorDanas.com - Prijedorski gradski portal","og_description":"Na malom gradskom trgu u Prijedoru otvorena je privredno-turisti\u010dka manifestacija &#8220;Dani meda 2015&#8221;, koja je okupila 34 izlaga\u010da. Izlaga\u010di su uglavnom \u010dlanovi Udru\u017eenja p\u010delara &#8220;Omarska&#8221; iz Omarske, &#8220;Prva p\u010dela&#8221; iz [&hellip;]","og_url":"https:\/\/www.prijedordanas.com\/?p=29797","og_site_name":"PrijedorDanas.com - Prijedorski gradski portal","article_publisher":"https:\/\/www.facebook.com\/PrijedorDanasCom\/","article_published_time":"2015-09-25T14:13:52+00:00","article_modified_time":"2015-09-25T15:54:06+00:00","og_image":[{"url":"https:\/\/www.prijedordanas.com\/wp-content\/uploads\/2015\/09\/dani-meda-2015-1-300x199.jpg"}],"author":"admin","twitter_card":"summary_large_image","twitter_misc":{"Written by":"admin","Est. reading time":"1 minute"},"schema":{"@context":"https:\/\/schema.org","@graph":[{"@type":"Article","@id":"https:\/\/www.prijedordanas.com\/?p=29797#article","isPartOf":{"@id":"https:\/\/www.prijedordanas.com\/?p=29797"},"author":{"name":"admin","@id":"https:\/\/www.prijedordanas.com\/#\/schema\/person\/4e08ccf29b506ca916ff86d46bb700e6"},"headline":"OTVORENI &#8220;DANI MEDA 2015&#8221; &#8211; FOTO","datePublished":"2015-09-25T14:13:52+00:00","dateModified":"2015-09-25T15:54:06+00:00","mainEntityOfPage":{"@id":"https:\/\/www.prijedordanas.com\/?p=29797"},"wordCount":283,"publisher":{"@id":"https:\/\/www.prijedordanas.com\/#organization"},"keywords":["Dani meda","med","privredno-turisti\u010dka manifestacija","Tatjana Mari\u0107"],"articleSection":["Dru\u0161tvo"],"inLanguage":"en-US"},{"@type":"WebPage","@id":"https:\/\/www.prijedordanas.com\/?p=29797","url":"https:\/\/www.prijedordanas.com\/?p=29797","name":"OTVORENI \"DANI MEDA 2015\" - FOTO - PrijedorDanas.com - Prijedorski gradski portal","isPartOf":{"@id":"https:\/\/www.prijedordanas.com\/#website"},"datePublished":"2015-09-25T14:13:52+00:00","dateModified":"2015-09-25T15:54:06+00:00","breadcrumb":{"@id":"https:\/\/www.prijedordanas.com\/?p=29797#breadcrumb"},"inLanguage":"en-US","potentialAction":[{"@type":"ReadAction","target":["https:\/\/www.prijedordanas.com\/?p=29797"]}]},{"@type":"BreadcrumbList","@id":"https:\/\/www.prijedordanas.com\/?p=29797#breadcrumb","itemListElement":[{"@type":"ListItem","position":1,"name":"Home","item":"https:\/\/www.prijedordanas.com\/"},{"@type":"ListItem","position":2,"name":"OTVORENI &#8220;DANI MEDA 2015&#8221; &#8211; FOTO"}]},{"@type":"WebSite","@id":"https:\/\/www.prijedordanas.com\/#website","url":"https:\/\/www.prijedordanas.com\/","name":"PrijedorDanas.com - Prijedorski gradski portal","description":"Portal o doga\u0111anjima u gradu Prijedoru","publisher":{"@id":"https:\/\/www.prijedordanas.com\/#organization"},"potentialAction":[{"@type":"SearchAction","target":{"@type":"EntryPoint","urlTemplate":"https:\/\/www.prijedordanas.com\/?s={search_term_string}"},"query-input":"required name=search_term_string"}],"inLanguage":"en-US"},{"@type":"Organization","@id":"https:\/\/www.prijedordanas.com\/#organization","name":"PrijedorDanas.com","url":"https:\/\/www.prijedordanas.com\/","logo":{"@type":"ImageObject","inLanguage":"en-US","@id":"https:\/\/www.prijedordanas.com\/#\/schema\/logo\/image\/","url":"http:\/\/www.prijedordanas.com\/wp-content\/uploads\/2021\/12\/logopng.png","contentUrl":"http:\/\/www.prijedordanas.com\/wp-content\/uploads\/2021\/12\/logopng.png","width":1019,"height":776,"caption":"PrijedorDanas.com"},"image":{"@id":"https:\/\/www.prijedordanas.com\/#\/schema\/logo\/image\/"},"sameAs":["https:\/\/www.facebook.com\/PrijedorDanasCom\/"]},{"@type":"Person","@id":"https:\/\/www.prijedordanas.com\/#\/schema\/person\/4e08ccf29b506ca916ff86d46bb700e6","name":"admin","image":{"@type":"ImageObject","inLanguage":"en-US","@id":"https:\/\/www.prijedordanas.com\/#\/schema\/person\/image\/","url":"https:\/\/secure.gravatar.com\/avatar\/1d3fc949d550f0b53a5f0d51e06dfd79?s=96&d=mm&r=g","contentUrl":"https:\/\/secure.gravatar.com\/avatar\/1d3fc949d550f0b53a5f0d51e06dfd79?s=96&d=mm&r=g","caption":"admin"},"url":"https:\/\/www.prijedordanas.com\/?author=1"}]}},"_links":{"self":[{"href":"https:\/\/www.prijedordanas.com\/index.php?rest_route=\/wp\/v2\/posts\/29797"}],"collection":[{"href":"https:\/\/www.prijedordanas.com\/index.php?rest_route=\/wp\/v2\/posts"}],"about":[{"href":"https:\/\/www.prijedordanas.com\/index.php?rest_route=\/wp\/v2\/types\/post"}],"author":[{"embeddable":true,"href":"https:\/\/www.prijedordanas.com\/index.php?rest_route=\/wp\/v2\/users\/1"}],"replies":[{"embeddable":true,"href":"https:\/\/www.prijedordanas.com\/index.php?rest_route=%2Fwp%2Fv2%2Fcomments&post=29797"}],"version-history":[{"count":2,"href":"https:\/\/www.prijedordanas.com\/index.php?rest_route=\/wp\/v2\/posts\/29797\/revisions"}],"predecessor-version":[{"id":29808,"href":"https:\/\/www.prijedordanas.com\/index.php?rest_route=\/wp\/v2\/posts\/29797\/revisions\/29808"}],"wp:attachment":[{"href":"https:\/\/www.prijedordanas.com\/index.php?rest_route=%2Fwp%2Fv2%2Fmedia&parent=29797"}],"wp:term":[{"taxonomy":"category","embeddable":true,"href":"https:\/\/www.prijedordanas.com\/index.php?rest_route=%2Fwp%2Fv2%2Fcategories&post=29797"},{"taxonomy":"post_tag","embeddable":true,"href":"https:\/\/www.prijedordanas.com\/index.php?rest_route=%2Fwp%2Fv2%2Ftags&post=29797"}],"curies":[{"name":"wp","href":"https:\/\/api.w.org\/{rel}","templated":true}]}}