{"id":29719,"date":"2015-09-25T19:48:05","date_gmt":"2015-09-25T18:48:05","guid":{"rendered":"https:\/\/www.prijedordanas.com\/?p=29719"},"modified":"2015-09-25T19:48:05","modified_gmt":"2015-09-25T18:48:05","slug":"rudar-prijedor-pred-mec-sa-slavijom-kompletni-na-pobjedu","status":"publish","type":"post","link":"https:\/\/www.prijedordanas.com\/?p=29719","title":{"rendered":"RUDAR-PRIJEDOR PRED ME\u010c SA SLAVIJOM: KOMPLETNI NA POBJEDU"},"content":{"rendered":"<p><a href=\"https:\/\/www.prijedordanas.com\/wp-content\/uploads\/2015\/09\/rudar-prijedor-pres-uoci-slavije.jpg\"><img loading=\"lazy\" decoding=\"async\" src=\"https:\/\/www.prijedordanas.com\/wp-content\/uploads\/2015\/09\/rudar-prijedor-pres-uoci-slavije-300x199.jpg\" alt=\"rudar prijedor-pres uoci slavije\" width=\"300\" height=\"199\" class=\"alignleft size-medium wp-image-29720\" srcset=\"https:\/\/www.prijedordanas.com\/wp-content\/uploads\/2015\/09\/rudar-prijedor-pres-uoci-slavije-300x199.jpg 300w, https:\/\/www.prijedordanas.com\/wp-content\/uploads\/2015\/09\/rudar-prijedor-pres-uoci-slavije-480x320.jpg 480w, https:\/\/www.prijedordanas.com\/wp-content\/uploads\/2015\/09\/rudar-prijedor-pres-uoci-slavije.jpg 600w\" sizes=\"(max-width: 300px) 100vw, 300px\" \/><\/a>Fudbaleri Rudar-Prijedora pripremaju se za me\u010d desetog kola Premijer lige BiH u kojem do\u010dekuju u \u201esrpskom derbiju\u201c Slaviju iz Isto\u010dnog Sarajeva. <\/p>\n<p>\u0160ef stru\u010dnog \u0161taba Boris Gavran mo\u0107i\u0107e da ra\u010duna na sve raspolo\u017eive snage, nakon brojnih kartona koji su pratili \u201erudare sa Sane\u201c i do posljednjeg susreta u utorak na gostovanju u \u0161esnaestini finala Kupa BiH \u0160irokom Brijegu, po\u0161to se povrijedio rezervni golman \u017deljko Kuzmi\u0107.<\/p>\n<p>-Slavija ima kompaktnu ekipu i djeluju kao dobar kolektiv. Nemaju izrazitih pojedinaca,izuzimaju\u0107i napada\u010da Darka Spalevi\u0107a, na kojeg \u0107emo morati da obratimo posebnu pa\u017enju. Sve osim na\u0161e pobjede bilo bi ravno porazu, pa i remi. Igra\u0107emo pod imperativom, kao i sve utakmice do kraja prvenstva, jer ispada \u0161est klubova, a o\u010dekujemo ve\u0107u podr\u0161ku sa tribina &#8211; rekao je pomo\u0107ni trener Prijedor\u010dana Sa\u0161a Keranovi\u0107.<br \/>\nUvjeren je \u201eKera\u201c, nekada prvotimac \u201ezeleno-crnih\u201c, novogradske Slobode, gradi\u0161ke Kozare i reprezentativac Republike Srpske, koji je karijeru po\u010deo u Iskri iz Bugojna, da \u0107e momci pru\u017eiti 100 odsto svojih mogu\u0107nosti i znojem natopiti dres svog kluba. <\/p>\n<p>O\u010dekuje da \u0107e Rudar-Prijedor kona\u010dno, nakon 564 minuta posti\u0107i gol (ra\u010dunaju\u0107i i Kup-me\u010deve RS i BiH), jer je posljednji put Mirza D\u017eafi\u0107 u petom kolu, 23.avgusta, zatresao mre\u017eu Travnika za trijumf od 2:1. <\/p>\n<p>-Problem bi bio da ne posti\u017eemo golove, ali i da ne stvaramo \u0161anse. Imali smo ih u Zenici protiv \u010celika na primjer, tri-\u010detiri, \u010dak i izlaske pred golmana \u201eo\u010di u o\u010di\u201c, ali ni te \u201ezicere\u201c nismo koristili. Na bh.tr\u017ei\u0161tu nema izrazitih napada\u010da i nije to samo na\u0161 problem. Nemamo mi takvih mogu\u0107nosti da dovedemo igra\u010da, tipa Mersudina Ahmetovi\u0107a. D\u017eafi\u0107 je davao golove za Rudar-Prijedor, bio je tada i mla\u0111i, ali vjerujem da \u0107e opet proraditi, jer igra dobro &#8211; naglasio je Keranovi\u0107.<\/p>\n<p>Prijedor\u010danima ba\u0161 i \u201ene le\u017ei\u201c Slavija. Savladali su kao doma\u0107ini u elitnom dru\u0161tvu \u201esokolove\u201c 12.septembra 2009.godine u svojoj prvoj sezoni u dru\u0161tvu najbioljih. Potom su u sezoni 2010\/2001 remizirali (2:2), a u preostale tri 2011\/2012, 2012\/2013 i 2013\/2014 do\u017eivjeli sva tri poraza identi\u010dnim, minimalnim, rezultatom 0:1.        <\/p>\n<p>Tekst i foto \u2013 Nenad \u0110eri\u0107\/Aleksandar Drakuli\u0107 \u2013 <a href=\"www.prijedordanas.com\" target=\"_blank\">www.prijedordanas.com<\/a><\/p>\n","protected":false},"excerpt":{"rendered":"<p>Fudbaleri Rudar-Prijedora pripremaju se za me\u010d desetog kola Premijer lige BiH u kojem do\u010dekuju u \u201esrpskom derbiju\u201c Slaviju iz Isto\u010dnog Sarajeva. \u0160ef stru\u010dnog \u0161taba Boris Gavran mo\u0107i\u0107e da ra\u010duna na [&hellip;]<\/p>\n","protected":false},"author":1,"featured_media":0,"comment_status":"closed","ping_status":"open","sticky":false,"template":"","format":"standard","meta":{"_monsterinsights_skip_tracking":false,"_monsterinsights_sitenote_active":false,"_monsterinsights_sitenote_note":"","_monsterinsights_sitenote_category":0,"footnotes":""},"categories":[7],"tags":[193,221,3821],"yoast_head":"<!-- This site is optimized with the Yoast SEO plugin v21.6 - https:\/\/yoast.com\/wordpress\/plugins\/seo\/ -->\n<title>RUDAR-PRIJEDOR PRED ME\u010c SA SLAVIJOM: KOMPLETNI NA POBJEDU - PrijedorDanas.com - Prijedorski gradski portal<\/title>\n<meta name=\"robots\" content=\"index, follow, max-snippet:-1, max-image-preview:large, max-video-preview:-1\" \/>\n<link rel=\"canonical\" href=\"https:\/\/www.prijedordanas.com\/?p=29719\" \/>\n<meta property=\"og:locale\" content=\"en_US\" \/>\n<meta property=\"og:type\" content=\"article\" \/>\n<meta property=\"og:title\" content=\"RUDAR-PRIJEDOR PRED ME\u010c SA SLAVIJOM: KOMPLETNI NA POBJEDU - PrijedorDanas.com - Prijedorski gradski portal\" \/>\n<meta property=\"og:description\" content=\"Fudbaleri Rudar-Prijedora pripremaju se za me\u010d desetog kola Premijer lige BiH u kojem do\u010dekuju u \u201esrpskom derbiju\u201c Slaviju iz Isto\u010dnog Sarajeva. \u0160ef stru\u010dnog \u0161taba Boris Gavran mo\u0107i\u0107e da ra\u010duna na [&hellip;]\" \/>\n<meta property=\"og:url\" content=\"https:\/\/www.prijedordanas.com\/?p=29719\" \/>\n<meta property=\"og:site_name\" content=\"PrijedorDanas.com - Prijedorski gradski portal\" \/>\n<meta property=\"article:publisher\" content=\"https:\/\/www.facebook.com\/PrijedorDanasCom\/\" \/>\n<meta property=\"article:published_time\" content=\"2015-09-25T18:48:05+00:00\" \/>\n<meta property=\"og:image\" content=\"https:\/\/www.prijedordanas.com\/wp-content\/uploads\/2015\/09\/rudar-prijedor-pres-uoci-slavije-300x199.jpg\" \/>\n<meta name=\"author\" content=\"admin\" \/>\n<meta name=\"twitter:card\" content=\"summary_large_image\" \/>\n<meta name=\"twitter:label1\" content=\"Written by\" \/>\n\t<meta name=\"twitter:data1\" content=\"admin\" \/>\n\t<meta name=\"twitter:label2\" content=\"Est. reading time\" \/>\n\t<meta name=\"twitter:data2\" content=\"2 minutes\" \/>\n<script type=\"application\/ld+json\" class=\"yoast-schema-graph\">{\"@context\":\"https:\/\/schema.org\",\"@graph\":[{\"@type\":\"Article\",\"@id\":\"https:\/\/www.prijedordanas.com\/?p=29719#article\",\"isPartOf\":{\"@id\":\"https:\/\/www.prijedordanas.com\/?p=29719\"},\"author\":{\"name\":\"admin\",\"@id\":\"https:\/\/www.prijedordanas.com\/#\/schema\/person\/4e08ccf29b506ca916ff86d46bb700e6\"},\"headline\":\"RUDAR-PRIJEDOR PRED ME\u010c SA SLAVIJOM: KOMPLETNI NA POBJEDU\",\"datePublished\":\"2015-09-25T18:48:05+00:00\",\"dateModified\":\"2015-09-25T18:48:05+00:00\",\"mainEntityOfPage\":{\"@id\":\"https:\/\/www.prijedordanas.com\/?p=29719\"},\"wordCount\":385,\"publisher\":{\"@id\":\"https:\/\/www.prijedordanas.com\/#organization\"},\"keywords\":[\"Premijer liga BiH\",\"Rudar-Prijedor\",\"Slavija\"],\"articleSection\":[\"Sport\"],\"inLanguage\":\"en-US\"},{\"@type\":\"WebPage\",\"@id\":\"https:\/\/www.prijedordanas.com\/?p=29719\",\"url\":\"https:\/\/www.prijedordanas.com\/?p=29719\",\"name\":\"RUDAR-PRIJEDOR PRED ME\u010c SA SLAVIJOM: KOMPLETNI NA POBJEDU - PrijedorDanas.com - Prijedorski gradski portal\",\"isPartOf\":{\"@id\":\"https:\/\/www.prijedordanas.com\/#website\"},\"datePublished\":\"2015-09-25T18:48:05+00:00\",\"dateModified\":\"2015-09-25T18:48:05+00:00\",\"breadcrumb\":{\"@id\":\"https:\/\/www.prijedordanas.com\/?p=29719#breadcrumb\"},\"inLanguage\":\"en-US\",\"potentialAction\":[{\"@type\":\"ReadAction\",\"target\":[\"https:\/\/www.prijedordanas.com\/?p=29719\"]}]},{\"@type\":\"BreadcrumbList\",\"@id\":\"https:\/\/www.prijedordanas.com\/?p=29719#breadcrumb\",\"itemListElement\":[{\"@type\":\"ListItem\",\"position\":1,\"name\":\"Home\",\"item\":\"https:\/\/www.prijedordanas.com\/\"},{\"@type\":\"ListItem\",\"position\":2,\"name\":\"RUDAR-PRIJEDOR PRED ME\u010c SA SLAVIJOM: KOMPLETNI NA POBJEDU\"}]},{\"@type\":\"WebSite\",\"@id\":\"https:\/\/www.prijedordanas.com\/#website\",\"url\":\"https:\/\/www.prijedordanas.com\/\",\"name\":\"PrijedorDanas.com - Prijedorski gradski portal\",\"description\":\"Portal o doga\u0111anjima u gradu Prijedoru\",\"publisher\":{\"@id\":\"https:\/\/www.prijedordanas.com\/#organization\"},\"potentialAction\":[{\"@type\":\"SearchAction\",\"target\":{\"@type\":\"EntryPoint\",\"urlTemplate\":\"https:\/\/www.prijedordanas.com\/?s={search_term_string}\"},\"query-input\":\"required name=search_term_string\"}],\"inLanguage\":\"en-US\"},{\"@type\":\"Organization\",\"@id\":\"https:\/\/www.prijedordanas.com\/#organization\",\"name\":\"PrijedorDanas.com\",\"url\":\"https:\/\/www.prijedordanas.com\/\",\"logo\":{\"@type\":\"ImageObject\",\"inLanguage\":\"en-US\",\"@id\":\"https:\/\/www.prijedordanas.com\/#\/schema\/logo\/image\/\",\"url\":\"http:\/\/www.prijedordanas.com\/wp-content\/uploads\/2021\/12\/logopng.png\",\"contentUrl\":\"http:\/\/www.prijedordanas.com\/wp-content\/uploads\/2021\/12\/logopng.png\",\"width\":1019,\"height\":776,\"caption\":\"PrijedorDanas.com\"},\"image\":{\"@id\":\"https:\/\/www.prijedordanas.com\/#\/schema\/logo\/image\/\"},\"sameAs\":[\"https:\/\/www.facebook.com\/PrijedorDanasCom\/\"]},{\"@type\":\"Person\",\"@id\":\"https:\/\/www.prijedordanas.com\/#\/schema\/person\/4e08ccf29b506ca916ff86d46bb700e6\",\"name\":\"admin\",\"image\":{\"@type\":\"ImageObject\",\"inLanguage\":\"en-US\",\"@id\":\"https:\/\/www.prijedordanas.com\/#\/schema\/person\/image\/\",\"url\":\"https:\/\/secure.gravatar.com\/avatar\/1d3fc949d550f0b53a5f0d51e06dfd79?s=96&d=mm&r=g\",\"contentUrl\":\"https:\/\/secure.gravatar.com\/avatar\/1d3fc949d550f0b53a5f0d51e06dfd79?s=96&d=mm&r=g\",\"caption\":\"admin\"},\"url\":\"https:\/\/www.prijedordanas.com\/?author=1\"}]}<\/script>\n<!-- \/ Yoast SEO plugin. -->","yoast_head_json":{"title":"RUDAR-PRIJEDOR PRED ME\u010c SA SLAVIJOM: KOMPLETNI NA POBJEDU - PrijedorDanas.com - Prijedorski gradski portal","robots":{"index":"index","follow":"follow","max-snippet":"max-snippet:-1","max-image-preview":"max-image-preview:large","max-video-preview":"max-video-preview:-1"},"canonical":"https:\/\/www.prijedordanas.com\/?p=29719","og_locale":"en_US","og_type":"article","og_title":"RUDAR-PRIJEDOR PRED ME\u010c SA SLAVIJOM: KOMPLETNI NA POBJEDU - PrijedorDanas.com - Prijedorski gradski portal","og_description":"Fudbaleri Rudar-Prijedora pripremaju se za me\u010d desetog kola Premijer lige BiH u kojem do\u010dekuju u \u201esrpskom derbiju\u201c Slaviju iz Isto\u010dnog Sarajeva. \u0160ef stru\u010dnog \u0161taba Boris Gavran mo\u0107i\u0107e da ra\u010duna na [&hellip;]","og_url":"https:\/\/www.prijedordanas.com\/?p=29719","og_site_name":"PrijedorDanas.com - Prijedorski gradski portal","article_publisher":"https:\/\/www.facebook.com\/PrijedorDanasCom\/","article_published_time":"2015-09-25T18:48:05+00:00","og_image":[{"url":"https:\/\/www.prijedordanas.com\/wp-content\/uploads\/2015\/09\/rudar-prijedor-pres-uoci-slavije-300x199.jpg"}],"author":"admin","twitter_card":"summary_large_image","twitter_misc":{"Written by":"admin","Est. reading time":"2 minutes"},"schema":{"@context":"https:\/\/schema.org","@graph":[{"@type":"Article","@id":"https:\/\/www.prijedordanas.com\/?p=29719#article","isPartOf":{"@id":"https:\/\/www.prijedordanas.com\/?p=29719"},"author":{"name":"admin","@id":"https:\/\/www.prijedordanas.com\/#\/schema\/person\/4e08ccf29b506ca916ff86d46bb700e6"},"headline":"RUDAR-PRIJEDOR PRED ME\u010c SA SLAVIJOM: KOMPLETNI NA POBJEDU","datePublished":"2015-09-25T18:48:05+00:00","dateModified":"2015-09-25T18:48:05+00:00","mainEntityOfPage":{"@id":"https:\/\/www.prijedordanas.com\/?p=29719"},"wordCount":385,"publisher":{"@id":"https:\/\/www.prijedordanas.com\/#organization"},"keywords":["Premijer liga BiH","Rudar-Prijedor","Slavija"],"articleSection":["Sport"],"inLanguage":"en-US"},{"@type":"WebPage","@id":"https:\/\/www.prijedordanas.com\/?p=29719","url":"https:\/\/www.prijedordanas.com\/?p=29719","name":"RUDAR-PRIJEDOR PRED ME\u010c SA SLAVIJOM: KOMPLETNI NA POBJEDU - PrijedorDanas.com - Prijedorski gradski portal","isPartOf":{"@id":"https:\/\/www.prijedordanas.com\/#website"},"datePublished":"2015-09-25T18:48:05+00:00","dateModified":"2015-09-25T18:48:05+00:00","breadcrumb":{"@id":"https:\/\/www.prijedordanas.com\/?p=29719#breadcrumb"},"inLanguage":"en-US","potentialAction":[{"@type":"ReadAction","target":["https:\/\/www.prijedordanas.com\/?p=29719"]}]},{"@type":"BreadcrumbList","@id":"https:\/\/www.prijedordanas.com\/?p=29719#breadcrumb","itemListElement":[{"@type":"ListItem","position":1,"name":"Home","item":"https:\/\/www.prijedordanas.com\/"},{"@type":"ListItem","position":2,"name":"RUDAR-PRIJEDOR PRED ME\u010c SA SLAVIJOM: KOMPLETNI NA POBJEDU"}]},{"@type":"WebSite","@id":"https:\/\/www.prijedordanas.com\/#website","url":"https:\/\/www.prijedordanas.com\/","name":"PrijedorDanas.com - Prijedorski gradski portal","description":"Portal o doga\u0111anjima u gradu Prijedoru","publisher":{"@id":"https:\/\/www.prijedordanas.com\/#organization"},"potentialAction":[{"@type":"SearchAction","target":{"@type":"EntryPoint","urlTemplate":"https:\/\/www.prijedordanas.com\/?s={search_term_string}"},"query-input":"required name=search_term_string"}],"inLanguage":"en-US"},{"@type":"Organization","@id":"https:\/\/www.prijedordanas.com\/#organization","name":"PrijedorDanas.com","url":"https:\/\/www.prijedordanas.com\/","logo":{"@type":"ImageObject","inLanguage":"en-US","@id":"https:\/\/www.prijedordanas.com\/#\/schema\/logo\/image\/","url":"http:\/\/www.prijedordanas.com\/wp-content\/uploads\/2021\/12\/logopng.png","contentUrl":"http:\/\/www.prijedordanas.com\/wp-content\/uploads\/2021\/12\/logopng.png","width":1019,"height":776,"caption":"PrijedorDanas.com"},"image":{"@id":"https:\/\/www.prijedordanas.com\/#\/schema\/logo\/image\/"},"sameAs":["https:\/\/www.facebook.com\/PrijedorDanasCom\/"]},{"@type":"Person","@id":"https:\/\/www.prijedordanas.com\/#\/schema\/person\/4e08ccf29b506ca916ff86d46bb700e6","name":"admin","image":{"@type":"ImageObject","inLanguage":"en-US","@id":"https:\/\/www.prijedordanas.com\/#\/schema\/person\/image\/","url":"https:\/\/secure.gravatar.com\/avatar\/1d3fc949d550f0b53a5f0d51e06dfd79?s=96&d=mm&r=g","contentUrl":"https:\/\/secure.gravatar.com\/avatar\/1d3fc949d550f0b53a5f0d51e06dfd79?s=96&d=mm&r=g","caption":"admin"},"url":"https:\/\/www.prijedordanas.com\/?author=1"}]}},"_links":{"self":[{"href":"https:\/\/www.prijedordanas.com\/index.php?rest_route=\/wp\/v2\/posts\/29719"}],"collection":[{"href":"https:\/\/www.prijedordanas.com\/index.php?rest_route=\/wp\/v2\/posts"}],"about":[{"href":"https:\/\/www.prijedordanas.com\/index.php?rest_route=\/wp\/v2\/types\/post"}],"author":[{"embeddable":true,"href":"https:\/\/www.prijedordanas.com\/index.php?rest_route=\/wp\/v2\/users\/1"}],"replies":[{"embeddable":true,"href":"https:\/\/www.prijedordanas.com\/index.php?rest_route=%2Fwp%2Fv2%2Fcomments&post=29719"}],"version-history":[{"count":1,"href":"https:\/\/www.prijedordanas.com\/index.php?rest_route=\/wp\/v2\/posts\/29719\/revisions"}],"predecessor-version":[{"id":29721,"href":"https:\/\/www.prijedordanas.com\/index.php?rest_route=\/wp\/v2\/posts\/29719\/revisions\/29721"}],"wp:attachment":[{"href":"https:\/\/www.prijedordanas.com\/index.php?rest_route=%2Fwp%2Fv2%2Fmedia&parent=29719"}],"wp:term":[{"taxonomy":"category","embeddable":true,"href":"https:\/\/www.prijedordanas.com\/index.php?rest_route=%2Fwp%2Fv2%2Fcategories&post=29719"},{"taxonomy":"post_tag","embeddable":true,"href":"https:\/\/www.prijedordanas.com\/index.php?rest_route=%2Fwp%2Fv2%2Ftags&post=29719"}],"curies":[{"name":"wp","href":"https:\/\/api.w.org\/{rel}","templated":true}]}}