{"id":2971,"date":"2014-05-16T19:02:32","date_gmt":"2014-05-16T18:02:32","guid":{"rendered":"https:\/\/www.prijedordanas.com\/?p=2971"},"modified":"2014-05-16T19:02:32","modified_gmt":"2014-05-16T18:02:32","slug":"saobracaj-na-mostu-tece-normalno-akcija-omladine-u-vrbicama-prekinut-put-prijedor-sanski-most-foto","status":"publish","type":"post","link":"https:\/\/www.prijedordanas.com\/?p=2971","title":{"rendered":"SAOBRA\u0106AJ NA MOSTU TE\u010cE NORMALNO, AKCIJA OMLADINE U VRBICAMA, PREKINUT PUT PRIJEDOR-SANSKI MOST &#8211; FOTO"},"content":{"rendered":"<p><a href=\"https:\/\/www.prijedordanas.com\/wp-content\/uploads\/2014\/05\/zeger-1.jpg\"><img loading=\"lazy\" decoding=\"async\" class=\"alignleft size-thumbnail wp-image-2972\" alt=\"zeger 1\" src=\"https:\/\/www.prijedordanas.com\/wp-content\/uploads\/2014\/05\/zeger-1-300x300.jpg\" width=\"150\" height=\"150\" srcset=\"https:\/\/www.prijedordanas.com\/wp-content\/uploads\/2014\/05\/zeger-1-300x300.jpg 300w, https:\/\/www.prijedordanas.com\/wp-content\/uploads\/2014\/05\/zeger-1-50x50.jpg 50w\" sizes=\"(max-width: 150px) 100vw, 150px\" \/><\/a>Saobra\u0107aj na prijedorskom gradskom mostu se odvija normalno.<\/p>\n<p>Iako se nezvani\u010dno spominjalo kratko zatvaranje mosta tokom prolaska plimnog talasa iz pravca Sanskog Mosta, za tim nije bilo potrebe jer je ovaj talas dosta oslabio tokom svog puta.<\/p>\n<p>Putna komunikacija Prijedor-Sanski Most je prekinuta na dva mjesta, kod mosta na \u017degeru i u blizini vijadukta u naselju \u010carakovo.<\/p>\n<p>Vrijedi ista\u0107i da se stotinjak mladih Prijedor\u010dana samoinicijativno uputilo u Vrbice gdje poma\u017eu u punjenju vre\u0107a pijeska u ovom poplavljenom naselju.<\/p>\n<p>Foto &#8211; Nijaz Brki\u0107 i www.prijedordanas.com<br \/>\n<a href=\"https:\/\/www.prijedordanas.com\/wp-content\/uploads\/2014\/05\/zeger-2.jpg\"><img loading=\"lazy\" decoding=\"async\" class=\"alignleft size-thumbnail wp-image-2973\" alt=\"zeger 2\" src=\"https:\/\/www.prijedordanas.com\/wp-content\/uploads\/2014\/05\/zeger-2-300x300.jpg\" width=\"150\" height=\"150\" srcset=\"https:\/\/www.prijedordanas.com\/wp-content\/uploads\/2014\/05\/zeger-2-300x300.jpg 300w, https:\/\/www.prijedordanas.com\/wp-content\/uploads\/2014\/05\/zeger-2-50x50.jpg 50w\" sizes=\"(max-width: 150px) 100vw, 150px\" \/><\/a> <a href=\"https:\/\/www.prijedordanas.com\/wp-content\/uploads\/2014\/05\/vrbice-mladi.jpg\"><img loading=\"lazy\" decoding=\"async\" class=\"alignleft size-thumbnail wp-image-2974\" alt=\"vrbice-mladi\" src=\"https:\/\/www.prijedordanas.com\/wp-content\/uploads\/2014\/05\/vrbice-mladi-300x300.jpg\" width=\"150\" height=\"150\" srcset=\"https:\/\/www.prijedordanas.com\/wp-content\/uploads\/2014\/05\/vrbice-mladi-300x300.jpg 300w, https:\/\/www.prijedordanas.com\/wp-content\/uploads\/2014\/05\/vrbice-mladi-50x50.jpg 50w\" sizes=\"(max-width: 150px) 100vw, 150px\" \/><\/a><\/p>\n","protected":false},"excerpt":{"rendered":"<p>Saobra\u0107aj na prijedorskom gradskom mostu se odvija normalno. Iako se nezvani\u010dno spominjalo kratko zatvaranje mosta tokom prolaska plimnog talasa iz pravca Sanskog Mosta, za tim nije bilo potrebe jer je [&hellip;]<\/p>\n","protected":false},"author":1,"featured_media":0,"comment_status":"closed","ping_status":"open","sticky":false,"template":"","format":"standard","meta":{"_monsterinsights_skip_tracking":false,"_monsterinsights_sitenote_active":false,"_monsterinsights_sitenote_note":"","_monsterinsights_sitenote_category":0,"footnotes":""},"categories":[4],"tags":[],"yoast_head":"<!-- This site is optimized with the Yoast SEO plugin v21.6 - https:\/\/yoast.com\/wordpress\/plugins\/seo\/ -->\n<title>SAOBRA\u0106AJ NA MOSTU TE\u010cE NORMALNO, AKCIJA OMLADINE U VRBICAMA, PREKINUT PUT PRIJEDOR-SANSKI MOST - FOTO - PrijedorDanas.com - Prijedorski gradski portal<\/title>\n<meta name=\"robots\" content=\"index, follow, max-snippet:-1, max-image-preview:large, max-video-preview:-1\" \/>\n<link rel=\"canonical\" href=\"https:\/\/www.prijedordanas.com\/?p=2971\" \/>\n<meta property=\"og:locale\" content=\"en_US\" \/>\n<meta property=\"og:type\" content=\"article\" \/>\n<meta property=\"og:title\" content=\"SAOBRA\u0106AJ NA MOSTU TE\u010cE NORMALNO, AKCIJA OMLADINE U VRBICAMA, PREKINUT PUT PRIJEDOR-SANSKI MOST - FOTO - PrijedorDanas.com - Prijedorski gradski portal\" \/>\n<meta property=\"og:description\" content=\"Saobra\u0107aj na prijedorskom gradskom mostu se odvija normalno. Iako se nezvani\u010dno spominjalo kratko zatvaranje mosta tokom prolaska plimnog talasa iz pravca Sanskog Mosta, za tim nije bilo potrebe jer je [&hellip;]\" \/>\n<meta property=\"og:url\" content=\"https:\/\/www.prijedordanas.com\/?p=2971\" \/>\n<meta property=\"og:site_name\" content=\"PrijedorDanas.com - Prijedorski gradski portal\" \/>\n<meta property=\"article:publisher\" content=\"https:\/\/www.facebook.com\/PrijedorDanasCom\/\" \/>\n<meta property=\"article:published_time\" content=\"2014-05-16T18:02:32+00:00\" \/>\n<meta property=\"og:image\" content=\"https:\/\/www.prijedordanas.com\/wp-content\/uploads\/2014\/05\/zeger-1-300x300.jpg\" \/>\n<meta name=\"author\" content=\"admin\" \/>\n<meta name=\"twitter:card\" content=\"summary_large_image\" \/>\n<meta name=\"twitter:label1\" content=\"Written by\" \/>\n\t<meta name=\"twitter:data1\" content=\"admin\" \/>\n<script type=\"application\/ld+json\" class=\"yoast-schema-graph\">{\"@context\":\"https:\/\/schema.org\",\"@graph\":[{\"@type\":\"Article\",\"@id\":\"https:\/\/www.prijedordanas.com\/?p=2971#article\",\"isPartOf\":{\"@id\":\"https:\/\/www.prijedordanas.com\/?p=2971\"},\"author\":{\"name\":\"admin\",\"@id\":\"https:\/\/www.prijedordanas.com\/#\/schema\/person\/4e08ccf29b506ca916ff86d46bb700e6\"},\"headline\":\"SAOBRA\u0106AJ NA MOSTU TE\u010cE NORMALNO, AKCIJA OMLADINE U VRBICAMA, PREKINUT PUT PRIJEDOR-SANSKI MOST &#8211; FOTO\",\"datePublished\":\"2014-05-16T18:02:32+00:00\",\"dateModified\":\"2014-05-16T18:02:32+00:00\",\"mainEntityOfPage\":{\"@id\":\"https:\/\/www.prijedordanas.com\/?p=2971\"},\"wordCount\":109,\"publisher\":{\"@id\":\"https:\/\/www.prijedordanas.com\/#organization\"},\"articleSection\":[\"Dru\u0161tvo\"],\"inLanguage\":\"en-US\"},{\"@type\":\"WebPage\",\"@id\":\"https:\/\/www.prijedordanas.com\/?p=2971\",\"url\":\"https:\/\/www.prijedordanas.com\/?p=2971\",\"name\":\"SAOBRA\u0106AJ NA MOSTU TE\u010cE NORMALNO, AKCIJA OMLADINE U VRBICAMA, PREKINUT PUT PRIJEDOR-SANSKI MOST - FOTO - PrijedorDanas.com - Prijedorski gradski portal\",\"isPartOf\":{\"@id\":\"https:\/\/www.prijedordanas.com\/#website\"},\"datePublished\":\"2014-05-16T18:02:32+00:00\",\"dateModified\":\"2014-05-16T18:02:32+00:00\",\"breadcrumb\":{\"@id\":\"https:\/\/www.prijedordanas.com\/?p=2971#breadcrumb\"},\"inLanguage\":\"en-US\",\"potentialAction\":[{\"@type\":\"ReadAction\",\"target\":[\"https:\/\/www.prijedordanas.com\/?p=2971\"]}]},{\"@type\":\"BreadcrumbList\",\"@id\":\"https:\/\/www.prijedordanas.com\/?p=2971#breadcrumb\",\"itemListElement\":[{\"@type\":\"ListItem\",\"position\":1,\"name\":\"Home\",\"item\":\"https:\/\/www.prijedordanas.com\/\"},{\"@type\":\"ListItem\",\"position\":2,\"name\":\"SAOBRA\u0106AJ NA MOSTU TE\u010cE NORMALNO, AKCIJA OMLADINE U VRBICAMA, PREKINUT PUT PRIJEDOR-SANSKI MOST &#8211; FOTO\"}]},{\"@type\":\"WebSite\",\"@id\":\"https:\/\/www.prijedordanas.com\/#website\",\"url\":\"https:\/\/www.prijedordanas.com\/\",\"name\":\"PrijedorDanas.com - Prijedorski gradski portal\",\"description\":\"Portal o doga\u0111anjima u gradu Prijedoru\",\"publisher\":{\"@id\":\"https:\/\/www.prijedordanas.com\/#organization\"},\"potentialAction\":[{\"@type\":\"SearchAction\",\"target\":{\"@type\":\"EntryPoint\",\"urlTemplate\":\"https:\/\/www.prijedordanas.com\/?s={search_term_string}\"},\"query-input\":\"required name=search_term_string\"}],\"inLanguage\":\"en-US\"},{\"@type\":\"Organization\",\"@id\":\"https:\/\/www.prijedordanas.com\/#organization\",\"name\":\"PrijedorDanas.com\",\"url\":\"https:\/\/www.prijedordanas.com\/\",\"logo\":{\"@type\":\"ImageObject\",\"inLanguage\":\"en-US\",\"@id\":\"https:\/\/www.prijedordanas.com\/#\/schema\/logo\/image\/\",\"url\":\"http:\/\/www.prijedordanas.com\/wp-content\/uploads\/2021\/12\/logopng.png\",\"contentUrl\":\"http:\/\/www.prijedordanas.com\/wp-content\/uploads\/2021\/12\/logopng.png\",\"width\":1019,\"height\":776,\"caption\":\"PrijedorDanas.com\"},\"image\":{\"@id\":\"https:\/\/www.prijedordanas.com\/#\/schema\/logo\/image\/\"},\"sameAs\":[\"https:\/\/www.facebook.com\/PrijedorDanasCom\/\"]},{\"@type\":\"Person\",\"@id\":\"https:\/\/www.prijedordanas.com\/#\/schema\/person\/4e08ccf29b506ca916ff86d46bb700e6\",\"name\":\"admin\",\"image\":{\"@type\":\"ImageObject\",\"inLanguage\":\"en-US\",\"@id\":\"https:\/\/www.prijedordanas.com\/#\/schema\/person\/image\/\",\"url\":\"https:\/\/secure.gravatar.com\/avatar\/1d3fc949d550f0b53a5f0d51e06dfd79?s=96&d=mm&r=g\",\"contentUrl\":\"https:\/\/secure.gravatar.com\/avatar\/1d3fc949d550f0b53a5f0d51e06dfd79?s=96&d=mm&r=g\",\"caption\":\"admin\"},\"url\":\"https:\/\/www.prijedordanas.com\/?author=1\"}]}<\/script>\n<!-- \/ Yoast SEO plugin. -->","yoast_head_json":{"title":"SAOBRA\u0106AJ NA MOSTU TE\u010cE NORMALNO, AKCIJA OMLADINE U VRBICAMA, PREKINUT PUT PRIJEDOR-SANSKI MOST - FOTO - PrijedorDanas.com - Prijedorski gradski portal","robots":{"index":"index","follow":"follow","max-snippet":"max-snippet:-1","max-image-preview":"max-image-preview:large","max-video-preview":"max-video-preview:-1"},"canonical":"https:\/\/www.prijedordanas.com\/?p=2971","og_locale":"en_US","og_type":"article","og_title":"SAOBRA\u0106AJ NA MOSTU TE\u010cE NORMALNO, AKCIJA OMLADINE U VRBICAMA, PREKINUT PUT PRIJEDOR-SANSKI MOST - FOTO - PrijedorDanas.com - Prijedorski gradski portal","og_description":"Saobra\u0107aj na prijedorskom gradskom mostu se odvija normalno. Iako se nezvani\u010dno spominjalo kratko zatvaranje mosta tokom prolaska plimnog talasa iz pravca Sanskog Mosta, za tim nije bilo potrebe jer je [&hellip;]","og_url":"https:\/\/www.prijedordanas.com\/?p=2971","og_site_name":"PrijedorDanas.com - Prijedorski gradski portal","article_publisher":"https:\/\/www.facebook.com\/PrijedorDanasCom\/","article_published_time":"2014-05-16T18:02:32+00:00","og_image":[{"url":"https:\/\/www.prijedordanas.com\/wp-content\/uploads\/2014\/05\/zeger-1-300x300.jpg"}],"author":"admin","twitter_card":"summary_large_image","twitter_misc":{"Written by":"admin"},"schema":{"@context":"https:\/\/schema.org","@graph":[{"@type":"Article","@id":"https:\/\/www.prijedordanas.com\/?p=2971#article","isPartOf":{"@id":"https:\/\/www.prijedordanas.com\/?p=2971"},"author":{"name":"admin","@id":"https:\/\/www.prijedordanas.com\/#\/schema\/person\/4e08ccf29b506ca916ff86d46bb700e6"},"headline":"SAOBRA\u0106AJ NA MOSTU TE\u010cE NORMALNO, AKCIJA OMLADINE U VRBICAMA, PREKINUT PUT PRIJEDOR-SANSKI MOST &#8211; FOTO","datePublished":"2014-05-16T18:02:32+00:00","dateModified":"2014-05-16T18:02:32+00:00","mainEntityOfPage":{"@id":"https:\/\/www.prijedordanas.com\/?p=2971"},"wordCount":109,"publisher":{"@id":"https:\/\/www.prijedordanas.com\/#organization"},"articleSection":["Dru\u0161tvo"],"inLanguage":"en-US"},{"@type":"WebPage","@id":"https:\/\/www.prijedordanas.com\/?p=2971","url":"https:\/\/www.prijedordanas.com\/?p=2971","name":"SAOBRA\u0106AJ NA MOSTU TE\u010cE NORMALNO, AKCIJA OMLADINE U VRBICAMA, PREKINUT PUT PRIJEDOR-SANSKI MOST - FOTO - PrijedorDanas.com - Prijedorski gradski portal","isPartOf":{"@id":"https:\/\/www.prijedordanas.com\/#website"},"datePublished":"2014-05-16T18:02:32+00:00","dateModified":"2014-05-16T18:02:32+00:00","breadcrumb":{"@id":"https:\/\/www.prijedordanas.com\/?p=2971#breadcrumb"},"inLanguage":"en-US","potentialAction":[{"@type":"ReadAction","target":["https:\/\/www.prijedordanas.com\/?p=2971"]}]},{"@type":"BreadcrumbList","@id":"https:\/\/www.prijedordanas.com\/?p=2971#breadcrumb","itemListElement":[{"@type":"ListItem","position":1,"name":"Home","item":"https:\/\/www.prijedordanas.com\/"},{"@type":"ListItem","position":2,"name":"SAOBRA\u0106AJ NA MOSTU TE\u010cE NORMALNO, AKCIJA OMLADINE U VRBICAMA, PREKINUT PUT PRIJEDOR-SANSKI MOST &#8211; FOTO"}]},{"@type":"WebSite","@id":"https:\/\/www.prijedordanas.com\/#website","url":"https:\/\/www.prijedordanas.com\/","name":"PrijedorDanas.com - Prijedorski gradski portal","description":"Portal o doga\u0111anjima u gradu Prijedoru","publisher":{"@id":"https:\/\/www.prijedordanas.com\/#organization"},"potentialAction":[{"@type":"SearchAction","target":{"@type":"EntryPoint","urlTemplate":"https:\/\/www.prijedordanas.com\/?s={search_term_string}"},"query-input":"required name=search_term_string"}],"inLanguage":"en-US"},{"@type":"Organization","@id":"https:\/\/www.prijedordanas.com\/#organization","name":"PrijedorDanas.com","url":"https:\/\/www.prijedordanas.com\/","logo":{"@type":"ImageObject","inLanguage":"en-US","@id":"https:\/\/www.prijedordanas.com\/#\/schema\/logo\/image\/","url":"http:\/\/www.prijedordanas.com\/wp-content\/uploads\/2021\/12\/logopng.png","contentUrl":"http:\/\/www.prijedordanas.com\/wp-content\/uploads\/2021\/12\/logopng.png","width":1019,"height":776,"caption":"PrijedorDanas.com"},"image":{"@id":"https:\/\/www.prijedordanas.com\/#\/schema\/logo\/image\/"},"sameAs":["https:\/\/www.facebook.com\/PrijedorDanasCom\/"]},{"@type":"Person","@id":"https:\/\/www.prijedordanas.com\/#\/schema\/person\/4e08ccf29b506ca916ff86d46bb700e6","name":"admin","image":{"@type":"ImageObject","inLanguage":"en-US","@id":"https:\/\/www.prijedordanas.com\/#\/schema\/person\/image\/","url":"https:\/\/secure.gravatar.com\/avatar\/1d3fc949d550f0b53a5f0d51e06dfd79?s=96&d=mm&r=g","contentUrl":"https:\/\/secure.gravatar.com\/avatar\/1d3fc949d550f0b53a5f0d51e06dfd79?s=96&d=mm&r=g","caption":"admin"},"url":"https:\/\/www.prijedordanas.com\/?author=1"}]}},"_links":{"self":[{"href":"https:\/\/www.prijedordanas.com\/index.php?rest_route=\/wp\/v2\/posts\/2971"}],"collection":[{"href":"https:\/\/www.prijedordanas.com\/index.php?rest_route=\/wp\/v2\/posts"}],"about":[{"href":"https:\/\/www.prijedordanas.com\/index.php?rest_route=\/wp\/v2\/types\/post"}],"author":[{"embeddable":true,"href":"https:\/\/www.prijedordanas.com\/index.php?rest_route=\/wp\/v2\/users\/1"}],"replies":[{"embeddable":true,"href":"https:\/\/www.prijedordanas.com\/index.php?rest_route=%2Fwp%2Fv2%2Fcomments&post=2971"}],"version-history":[{"count":1,"href":"https:\/\/www.prijedordanas.com\/index.php?rest_route=\/wp\/v2\/posts\/2971\/revisions"}],"predecessor-version":[{"id":2975,"href":"https:\/\/www.prijedordanas.com\/index.php?rest_route=\/wp\/v2\/posts\/2971\/revisions\/2975"}],"wp:attachment":[{"href":"https:\/\/www.prijedordanas.com\/index.php?rest_route=%2Fwp%2Fv2%2Fmedia&parent=2971"}],"wp:term":[{"taxonomy":"category","embeddable":true,"href":"https:\/\/www.prijedordanas.com\/index.php?rest_route=%2Fwp%2Fv2%2Fcategories&post=2971"},{"taxonomy":"post_tag","embeddable":true,"href":"https:\/\/www.prijedordanas.com\/index.php?rest_route=%2Fwp%2Fv2%2Ftags&post=2971"}],"curies":[{"name":"wp","href":"https:\/\/api.w.org\/{rel}","templated":true}]}}