{"id":29661,"date":"2015-09-24T11:48:48","date_gmt":"2015-09-24T10:48:48","guid":{"rendered":"https:\/\/www.prijedordanas.com\/?p=29661"},"modified":"2015-09-25T13:53:36","modified_gmt":"2015-09-25T12:53:36","slug":"odrzana-tradicionalna-bajramska-akademija-foto-video","status":"publish","type":"post","link":"https:\/\/www.prijedordanas.com\/?p=29661","title":{"rendered":"ODR\u017dANA TRADICIONALNA BAJRAMSKA AKADEMIJA \u2013 FOTO \u2013 VIDEO"},"content":{"rendered":"<p><a href=\"https:\/\/www.prijedordanas.com\/wp-content\/uploads\/2015\/09\/bajramska-akademija-prijedor-2015-1.jpg\"><img loading=\"lazy\" decoding=\"async\" class=\"alignleft size-medium wp-image-29662\" src=\"https:\/\/www.prijedordanas.com\/wp-content\/uploads\/2015\/09\/bajramska-akademija-prijedor-2015-1-300x199.jpg\" alt=\"bajramska akademija prijedor 2015 (1)\" width=\"300\" height=\"199\" srcset=\"https:\/\/www.prijedordanas.com\/wp-content\/uploads\/2015\/09\/bajramska-akademija-prijedor-2015-1-300x199.jpg 300w, https:\/\/www.prijedordanas.com\/wp-content\/uploads\/2015\/09\/bajramska-akademija-prijedor-2015-1-480x320.jpg 480w, https:\/\/www.prijedordanas.com\/wp-content\/uploads\/2015\/09\/bajramska-akademija-prijedor-2015-1.jpg 800w\" sizes=\"(max-width: 300px) 100vw, 300px\" \/><\/a>Sino\u0107 je u dvorani \u201eMladost\u201c u Prijedoru odr\u017eana ve\u0107 tradicionalna manifestacija \u201eBajramska akademija\u201c koja je organizovana povodom Kurban bajrama, najve\u0107eg islamskog praznika.<\/p>\n<p>Med\u017elis Islamske zajednice Prijedor, koji je bio organizator ove manifestacije, pobrinuo se da program bude raznovrstan pa je nekoliko stotina prisutnih gledalaca moglo da u\u017eiva u folkloru, sevdalinkama, ilahijama.<\/p>\n<p>U programu su u\u010destvovali hor i folklor KUD \u201eOsman D\u017eafi\u0107\u201c Prijedor, kulturno-umjetni\u010dka dru\u0161tva \u201eBrdo\u201c Hambarine i \u201eKozara\u201c Donja Ljubija, hor \u201eHarmonija\u201c Sanski Most, Dinko Salihba\u0161i\u0107, Almir Delalovi\u0107 i Sinanudin Bajri\u0107.<\/p>\n<p><a href=\"https:\/\/www.prijedordanas.com\/wp-content\/uploads\/2015\/09\/bajramska-akademija-prijedor-2015-6.jpg\"><img loading=\"lazy\" decoding=\"async\" class=\"alignleft size-medium wp-image-29663\" src=\"https:\/\/www.prijedordanas.com\/wp-content\/uploads\/2015\/09\/bajramska-akademija-prijedor-2015-6-300x199.jpg\" alt=\"bajramska akademija prijedor 2015 (6)\" width=\"300\" height=\"199\" srcset=\"https:\/\/www.prijedordanas.com\/wp-content\/uploads\/2015\/09\/bajramska-akademija-prijedor-2015-6-300x199.jpg 300w, https:\/\/www.prijedordanas.com\/wp-content\/uploads\/2015\/09\/bajramska-akademija-prijedor-2015-6-480x320.jpg 480w, https:\/\/www.prijedordanas.com\/wp-content\/uploads\/2015\/09\/bajramska-akademija-prijedor-2015-6.jpg 800w\" sizes=\"(max-width: 300px) 100vw, 300px\" \/><\/a>Okupljenima se prigodnim rije\u010dima obratio Husein ef. Veli\u0107, glavni imam Med\u017elisa IZ Prijedor.<\/p>\n<p>On je naglasio da je Kurban bajram bio i ostao praznik radosti, veselja i porodi\u010dne sre\u0107e a na kraju je svim pripadnicima islamske vjeroispovijesti \u010destitao ovaj veliki praznik rije\u010dima Bajram \u0161erif mubarek olsun.<\/p>\n<p>Kurban bajram je uz Ramazanski bajram najve\u0107i islamski praznik. Traje \u010detiri dana i za njega se vezuju obred prino\u0161enja \u017ertve Bogu, odnosno obaveza klanja kurbana, te obred had\u017ea, posjete svetim mjestima u Mekki, zbog \u010dega se ovaj bajram naziva i Had\u017eijski bajram.<\/p>\n<p>Samoj manifestaciji su prisustvovali predstavnici javnog, politi\u010dkog, privrednog i kulturnog \u017eivota na\u0161eg grada.<\/p>\n<p>Tekst i foto \u2013 Aleksandar Drakuli\u0107 \u2013 <a href=\"www.prijedordanas.com\" target=\"_blank\">www.prijedordanas.com<\/a><\/p>\n<p><iframe loading=\"lazy\" width=\"500\" height=\"281\" src=\"https:\/\/www.youtube.com\/embed\/ivgjUIK97FU?feature=oembed\" frameborder=\"0\" allowfullscreen><\/iframe><\/p>\n<p><a href=\"https:\/\/www.prijedordanas.com\/wp-content\/uploads\/2015\/09\/bajramska-akademija-prijedor-2015-2.jpg\"><img loading=\"lazy\" decoding=\"async\" src=\"https:\/\/www.prijedordanas.com\/wp-content\/uploads\/2015\/09\/bajramska-akademija-prijedor-2015-2-300x199.jpg\" alt=\"bajramska akademija prijedor 2015 (2)\" width=\"300\" height=\"199\" class=\"alignleft size-medium wp-image-29665\" srcset=\"https:\/\/www.prijedordanas.com\/wp-content\/uploads\/2015\/09\/bajramska-akademija-prijedor-2015-2-300x199.jpg 300w, https:\/\/www.prijedordanas.com\/wp-content\/uploads\/2015\/09\/bajramska-akademija-prijedor-2015-2-480x320.jpg 480w, https:\/\/www.prijedordanas.com\/wp-content\/uploads\/2015\/09\/bajramska-akademija-prijedor-2015-2.jpg 800w\" sizes=\"(max-width: 300px) 100vw, 300px\" \/><\/a> <a href=\"https:\/\/www.prijedordanas.com\/wp-content\/uploads\/2015\/09\/bajramska-akademija-prijedor-2015-3.jpg\"><img loading=\"lazy\" decoding=\"async\" src=\"https:\/\/www.prijedordanas.com\/wp-content\/uploads\/2015\/09\/bajramska-akademija-prijedor-2015-3-300x199.jpg\" alt=\"bajramska akademija prijedor 2015 (3)\" width=\"300\" height=\"199\" class=\"alignleft size-medium wp-image-29666\" srcset=\"https:\/\/www.prijedordanas.com\/wp-content\/uploads\/2015\/09\/bajramska-akademija-prijedor-2015-3-300x199.jpg 300w, https:\/\/www.prijedordanas.com\/wp-content\/uploads\/2015\/09\/bajramska-akademija-prijedor-2015-3-480x320.jpg 480w, https:\/\/www.prijedordanas.com\/wp-content\/uploads\/2015\/09\/bajramska-akademija-prijedor-2015-3.jpg 800w\" sizes=\"(max-width: 300px) 100vw, 300px\" \/><\/a> <a href=\"https:\/\/www.prijedordanas.com\/wp-content\/uploads\/2015\/09\/bajramska-akademija-prijedor-2015-4.jpg\"><img loading=\"lazy\" decoding=\"async\" src=\"https:\/\/www.prijedordanas.com\/wp-content\/uploads\/2015\/09\/bajramska-akademija-prijedor-2015-4-300x199.jpg\" alt=\"bajramska akademija prijedor 2015 (4)\" width=\"300\" height=\"199\" class=\"alignleft size-medium wp-image-29668\" srcset=\"https:\/\/www.prijedordanas.com\/wp-content\/uploads\/2015\/09\/bajramska-akademija-prijedor-2015-4-300x199.jpg 300w, https:\/\/www.prijedordanas.com\/wp-content\/uploads\/2015\/09\/bajramska-akademija-prijedor-2015-4-480x320.jpg 480w, https:\/\/www.prijedordanas.com\/wp-content\/uploads\/2015\/09\/bajramska-akademija-prijedor-2015-4.jpg 800w\" sizes=\"(max-width: 300px) 100vw, 300px\" \/><\/a> <a href=\"https:\/\/www.prijedordanas.com\/wp-content\/uploads\/2015\/09\/bajramska-akademija-prijedor-2015-5.jpg\"><img loading=\"lazy\" decoding=\"async\" src=\"https:\/\/www.prijedordanas.com\/wp-content\/uploads\/2015\/09\/bajramska-akademija-prijedor-2015-5-300x199.jpg\" alt=\"bajramska akademija prijedor 2015 (5)\" width=\"300\" height=\"199\" class=\"alignleft size-medium wp-image-29669\" srcset=\"https:\/\/www.prijedordanas.com\/wp-content\/uploads\/2015\/09\/bajramska-akademija-prijedor-2015-5-300x199.jpg 300w, https:\/\/www.prijedordanas.com\/wp-content\/uploads\/2015\/09\/bajramska-akademija-prijedor-2015-5-480x320.jpg 480w, https:\/\/www.prijedordanas.com\/wp-content\/uploads\/2015\/09\/bajramska-akademija-prijedor-2015-5.jpg 800w\" sizes=\"(max-width: 300px) 100vw, 300px\" \/><\/a><\/p>\n","protected":false},"excerpt":{"rendered":"<p>Sino\u0107 je u dvorani \u201eMladost\u201c u Prijedoru odr\u017eana ve\u0107 tradicionalna manifestacija \u201eBajramska akademija\u201c koja je organizovana povodom Kurban bajrama, najve\u0107eg islamskog praznika. Med\u017elis Islamske zajednice Prijedor, koji je bio organizator [&hellip;]<\/p>\n","protected":false},"author":1,"featured_media":0,"comment_status":"closed","ping_status":"open","sticky":false,"template":"","format":"standard","meta":{"_monsterinsights_skip_tracking":false,"_monsterinsights_sitenote_active":false,"_monsterinsights_sitenote_note":"","_monsterinsights_sitenote_category":0,"footnotes":""},"categories":[4],"tags":[5118,4296],"yoast_head":"<!-- This site is optimized with the Yoast SEO plugin v21.6 - https:\/\/yoast.com\/wordpress\/plugins\/seo\/ -->\n<title>ODR\u017dANA TRADICIONALNA BAJRAMSKA AKADEMIJA \u2013 FOTO \u2013 VIDEO - PrijedorDanas.com - Prijedorski gradski portal<\/title>\n<meta name=\"robots\" content=\"index, follow, max-snippet:-1, max-image-preview:large, max-video-preview:-1\" \/>\n<link rel=\"canonical\" href=\"https:\/\/www.prijedordanas.com\/?p=29661\" \/>\n<meta property=\"og:locale\" content=\"en_US\" \/>\n<meta property=\"og:type\" content=\"article\" \/>\n<meta property=\"og:title\" content=\"ODR\u017dANA TRADICIONALNA BAJRAMSKA AKADEMIJA \u2013 FOTO \u2013 VIDEO - PrijedorDanas.com - Prijedorski gradski portal\" \/>\n<meta property=\"og:description\" content=\"Sino\u0107 je u dvorani \u201eMladost\u201c u Prijedoru odr\u017eana ve\u0107 tradicionalna manifestacija \u201eBajramska akademija\u201c koja je organizovana povodom Kurban bajrama, najve\u0107eg islamskog praznika. Med\u017elis Islamske zajednice Prijedor, koji je bio organizator [&hellip;]\" \/>\n<meta property=\"og:url\" content=\"https:\/\/www.prijedordanas.com\/?p=29661\" \/>\n<meta property=\"og:site_name\" content=\"PrijedorDanas.com - Prijedorski gradski portal\" \/>\n<meta property=\"article:publisher\" content=\"https:\/\/www.facebook.com\/PrijedorDanasCom\/\" \/>\n<meta property=\"article:published_time\" content=\"2015-09-24T10:48:48+00:00\" \/>\n<meta property=\"article:modified_time\" content=\"2015-09-25T12:53:36+00:00\" \/>\n<meta property=\"og:image\" content=\"https:\/\/www.prijedordanas.com\/wp-content\/uploads\/2015\/09\/bajramska-akademija-prijedor-2015-1-300x199.jpg\" \/>\n<meta name=\"author\" content=\"admin\" \/>\n<meta name=\"twitter:card\" content=\"summary_large_image\" \/>\n<meta name=\"twitter:label1\" content=\"Written by\" \/>\n\t<meta name=\"twitter:data1\" content=\"admin\" \/>\n\t<meta name=\"twitter:label2\" content=\"Est. reading time\" \/>\n\t<meta name=\"twitter:data2\" content=\"1 minute\" \/>\n<script type=\"application\/ld+json\" class=\"yoast-schema-graph\">{\"@context\":\"https:\/\/schema.org\",\"@graph\":[{\"@type\":\"Article\",\"@id\":\"https:\/\/www.prijedordanas.com\/?p=29661#article\",\"isPartOf\":{\"@id\":\"https:\/\/www.prijedordanas.com\/?p=29661\"},\"author\":{\"name\":\"admin\",\"@id\":\"https:\/\/www.prijedordanas.com\/#\/schema\/person\/4e08ccf29b506ca916ff86d46bb700e6\"},\"headline\":\"ODR\u017dANA TRADICIONALNA BAJRAMSKA AKADEMIJA \u2013 FOTO \u2013 VIDEO\",\"datePublished\":\"2015-09-24T10:48:48+00:00\",\"dateModified\":\"2015-09-25T12:53:36+00:00\",\"mainEntityOfPage\":{\"@id\":\"https:\/\/www.prijedordanas.com\/?p=29661\"},\"wordCount\":222,\"publisher\":{\"@id\":\"https:\/\/www.prijedordanas.com\/#organization\"},\"keywords\":[\"Bajramska akademija\",\"Med\u017elis Islamske zajednice Prijedor\"],\"articleSection\":[\"Dru\u0161tvo\"],\"inLanguage\":\"en-US\"},{\"@type\":\"WebPage\",\"@id\":\"https:\/\/www.prijedordanas.com\/?p=29661\",\"url\":\"https:\/\/www.prijedordanas.com\/?p=29661\",\"name\":\"ODR\u017dANA TRADICIONALNA BAJRAMSKA AKADEMIJA \u2013 FOTO \u2013 VIDEO - PrijedorDanas.com - Prijedorski gradski portal\",\"isPartOf\":{\"@id\":\"https:\/\/www.prijedordanas.com\/#website\"},\"datePublished\":\"2015-09-24T10:48:48+00:00\",\"dateModified\":\"2015-09-25T12:53:36+00:00\",\"breadcrumb\":{\"@id\":\"https:\/\/www.prijedordanas.com\/?p=29661#breadcrumb\"},\"inLanguage\":\"en-US\",\"potentialAction\":[{\"@type\":\"ReadAction\",\"target\":[\"https:\/\/www.prijedordanas.com\/?p=29661\"]}]},{\"@type\":\"BreadcrumbList\",\"@id\":\"https:\/\/www.prijedordanas.com\/?p=29661#breadcrumb\",\"itemListElement\":[{\"@type\":\"ListItem\",\"position\":1,\"name\":\"Home\",\"item\":\"https:\/\/www.prijedordanas.com\/\"},{\"@type\":\"ListItem\",\"position\":2,\"name\":\"ODR\u017dANA TRADICIONALNA BAJRAMSKA AKADEMIJA \u2013 FOTO \u2013 VIDEO\"}]},{\"@type\":\"WebSite\",\"@id\":\"https:\/\/www.prijedordanas.com\/#website\",\"url\":\"https:\/\/www.prijedordanas.com\/\",\"name\":\"PrijedorDanas.com - Prijedorski gradski portal\",\"description\":\"Portal o doga\u0111anjima u gradu Prijedoru\",\"publisher\":{\"@id\":\"https:\/\/www.prijedordanas.com\/#organization\"},\"potentialAction\":[{\"@type\":\"SearchAction\",\"target\":{\"@type\":\"EntryPoint\",\"urlTemplate\":\"https:\/\/www.prijedordanas.com\/?s={search_term_string}\"},\"query-input\":\"required name=search_term_string\"}],\"inLanguage\":\"en-US\"},{\"@type\":\"Organization\",\"@id\":\"https:\/\/www.prijedordanas.com\/#organization\",\"name\":\"PrijedorDanas.com\",\"url\":\"https:\/\/www.prijedordanas.com\/\",\"logo\":{\"@type\":\"ImageObject\",\"inLanguage\":\"en-US\",\"@id\":\"https:\/\/www.prijedordanas.com\/#\/schema\/logo\/image\/\",\"url\":\"http:\/\/www.prijedordanas.com\/wp-content\/uploads\/2021\/12\/logopng.png\",\"contentUrl\":\"http:\/\/www.prijedordanas.com\/wp-content\/uploads\/2021\/12\/logopng.png\",\"width\":1019,\"height\":776,\"caption\":\"PrijedorDanas.com\"},\"image\":{\"@id\":\"https:\/\/www.prijedordanas.com\/#\/schema\/logo\/image\/\"},\"sameAs\":[\"https:\/\/www.facebook.com\/PrijedorDanasCom\/\"]},{\"@type\":\"Person\",\"@id\":\"https:\/\/www.prijedordanas.com\/#\/schema\/person\/4e08ccf29b506ca916ff86d46bb700e6\",\"name\":\"admin\",\"image\":{\"@type\":\"ImageObject\",\"inLanguage\":\"en-US\",\"@id\":\"https:\/\/www.prijedordanas.com\/#\/schema\/person\/image\/\",\"url\":\"https:\/\/secure.gravatar.com\/avatar\/1d3fc949d550f0b53a5f0d51e06dfd79?s=96&d=mm&r=g\",\"contentUrl\":\"https:\/\/secure.gravatar.com\/avatar\/1d3fc949d550f0b53a5f0d51e06dfd79?s=96&d=mm&r=g\",\"caption\":\"admin\"},\"url\":\"https:\/\/www.prijedordanas.com\/?author=1\"}]}<\/script>\n<!-- \/ Yoast SEO plugin. -->","yoast_head_json":{"title":"ODR\u017dANA TRADICIONALNA BAJRAMSKA AKADEMIJA \u2013 FOTO \u2013 VIDEO - PrijedorDanas.com - Prijedorski gradski portal","robots":{"index":"index","follow":"follow","max-snippet":"max-snippet:-1","max-image-preview":"max-image-preview:large","max-video-preview":"max-video-preview:-1"},"canonical":"https:\/\/www.prijedordanas.com\/?p=29661","og_locale":"en_US","og_type":"article","og_title":"ODR\u017dANA TRADICIONALNA BAJRAMSKA AKADEMIJA \u2013 FOTO \u2013 VIDEO - PrijedorDanas.com - Prijedorski gradski portal","og_description":"Sino\u0107 je u dvorani \u201eMladost\u201c u Prijedoru odr\u017eana ve\u0107 tradicionalna manifestacija \u201eBajramska akademija\u201c koja je organizovana povodom Kurban bajrama, najve\u0107eg islamskog praznika. Med\u017elis Islamske zajednice Prijedor, koji je bio organizator [&hellip;]","og_url":"https:\/\/www.prijedordanas.com\/?p=29661","og_site_name":"PrijedorDanas.com - Prijedorski gradski portal","article_publisher":"https:\/\/www.facebook.com\/PrijedorDanasCom\/","article_published_time":"2015-09-24T10:48:48+00:00","article_modified_time":"2015-09-25T12:53:36+00:00","og_image":[{"url":"https:\/\/www.prijedordanas.com\/wp-content\/uploads\/2015\/09\/bajramska-akademija-prijedor-2015-1-300x199.jpg"}],"author":"admin","twitter_card":"summary_large_image","twitter_misc":{"Written by":"admin","Est. reading time":"1 minute"},"schema":{"@context":"https:\/\/schema.org","@graph":[{"@type":"Article","@id":"https:\/\/www.prijedordanas.com\/?p=29661#article","isPartOf":{"@id":"https:\/\/www.prijedordanas.com\/?p=29661"},"author":{"name":"admin","@id":"https:\/\/www.prijedordanas.com\/#\/schema\/person\/4e08ccf29b506ca916ff86d46bb700e6"},"headline":"ODR\u017dANA TRADICIONALNA BAJRAMSKA AKADEMIJA \u2013 FOTO \u2013 VIDEO","datePublished":"2015-09-24T10:48:48+00:00","dateModified":"2015-09-25T12:53:36+00:00","mainEntityOfPage":{"@id":"https:\/\/www.prijedordanas.com\/?p=29661"},"wordCount":222,"publisher":{"@id":"https:\/\/www.prijedordanas.com\/#organization"},"keywords":["Bajramska akademija","Med\u017elis Islamske zajednice Prijedor"],"articleSection":["Dru\u0161tvo"],"inLanguage":"en-US"},{"@type":"WebPage","@id":"https:\/\/www.prijedordanas.com\/?p=29661","url":"https:\/\/www.prijedordanas.com\/?p=29661","name":"ODR\u017dANA TRADICIONALNA BAJRAMSKA AKADEMIJA \u2013 FOTO \u2013 VIDEO - PrijedorDanas.com - Prijedorski gradski portal","isPartOf":{"@id":"https:\/\/www.prijedordanas.com\/#website"},"datePublished":"2015-09-24T10:48:48+00:00","dateModified":"2015-09-25T12:53:36+00:00","breadcrumb":{"@id":"https:\/\/www.prijedordanas.com\/?p=29661#breadcrumb"},"inLanguage":"en-US","potentialAction":[{"@type":"ReadAction","target":["https:\/\/www.prijedordanas.com\/?p=29661"]}]},{"@type":"BreadcrumbList","@id":"https:\/\/www.prijedordanas.com\/?p=29661#breadcrumb","itemListElement":[{"@type":"ListItem","position":1,"name":"Home","item":"https:\/\/www.prijedordanas.com\/"},{"@type":"ListItem","position":2,"name":"ODR\u017dANA TRADICIONALNA BAJRAMSKA AKADEMIJA \u2013 FOTO \u2013 VIDEO"}]},{"@type":"WebSite","@id":"https:\/\/www.prijedordanas.com\/#website","url":"https:\/\/www.prijedordanas.com\/","name":"PrijedorDanas.com - Prijedorski gradski portal","description":"Portal o doga\u0111anjima u gradu Prijedoru","publisher":{"@id":"https:\/\/www.prijedordanas.com\/#organization"},"potentialAction":[{"@type":"SearchAction","target":{"@type":"EntryPoint","urlTemplate":"https:\/\/www.prijedordanas.com\/?s={search_term_string}"},"query-input":"required name=search_term_string"}],"inLanguage":"en-US"},{"@type":"Organization","@id":"https:\/\/www.prijedordanas.com\/#organization","name":"PrijedorDanas.com","url":"https:\/\/www.prijedordanas.com\/","logo":{"@type":"ImageObject","inLanguage":"en-US","@id":"https:\/\/www.prijedordanas.com\/#\/schema\/logo\/image\/","url":"http:\/\/www.prijedordanas.com\/wp-content\/uploads\/2021\/12\/logopng.png","contentUrl":"http:\/\/www.prijedordanas.com\/wp-content\/uploads\/2021\/12\/logopng.png","width":1019,"height":776,"caption":"PrijedorDanas.com"},"image":{"@id":"https:\/\/www.prijedordanas.com\/#\/schema\/logo\/image\/"},"sameAs":["https:\/\/www.facebook.com\/PrijedorDanasCom\/"]},{"@type":"Person","@id":"https:\/\/www.prijedordanas.com\/#\/schema\/person\/4e08ccf29b506ca916ff86d46bb700e6","name":"admin","image":{"@type":"ImageObject","inLanguage":"en-US","@id":"https:\/\/www.prijedordanas.com\/#\/schema\/person\/image\/","url":"https:\/\/secure.gravatar.com\/avatar\/1d3fc949d550f0b53a5f0d51e06dfd79?s=96&d=mm&r=g","contentUrl":"https:\/\/secure.gravatar.com\/avatar\/1d3fc949d550f0b53a5f0d51e06dfd79?s=96&d=mm&r=g","caption":"admin"},"url":"https:\/\/www.prijedordanas.com\/?author=1"}]}},"_links":{"self":[{"href":"https:\/\/www.prijedordanas.com\/index.php?rest_route=\/wp\/v2\/posts\/29661"}],"collection":[{"href":"https:\/\/www.prijedordanas.com\/index.php?rest_route=\/wp\/v2\/posts"}],"about":[{"href":"https:\/\/www.prijedordanas.com\/index.php?rest_route=\/wp\/v2\/types\/post"}],"author":[{"embeddable":true,"href":"https:\/\/www.prijedordanas.com\/index.php?rest_route=\/wp\/v2\/users\/1"}],"replies":[{"embeddable":true,"href":"https:\/\/www.prijedordanas.com\/index.php?rest_route=%2Fwp%2Fv2%2Fcomments&post=29661"}],"version-history":[{"count":4,"href":"https:\/\/www.prijedordanas.com\/index.php?rest_route=\/wp\/v2\/posts\/29661\/revisions"}],"predecessor-version":[{"id":29793,"href":"https:\/\/www.prijedordanas.com\/index.php?rest_route=\/wp\/v2\/posts\/29661\/revisions\/29793"}],"wp:attachment":[{"href":"https:\/\/www.prijedordanas.com\/index.php?rest_route=%2Fwp%2Fv2%2Fmedia&parent=29661"}],"wp:term":[{"taxonomy":"category","embeddable":true,"href":"https:\/\/www.prijedordanas.com\/index.php?rest_route=%2Fwp%2Fv2%2Fcategories&post=29661"},{"taxonomy":"post_tag","embeddable":true,"href":"https:\/\/www.prijedordanas.com\/index.php?rest_route=%2Fwp%2Fv2%2Ftags&post=29661"}],"curies":[{"name":"wp","href":"https:\/\/api.w.org\/{rel}","templated":true}]}}