{"id":29658,"date":"2015-09-24T10:38:55","date_gmt":"2015-09-24T09:38:55","guid":{"rendered":"https:\/\/www.prijedordanas.com\/?p=29658"},"modified":"2015-09-24T10:38:55","modified_gmt":"2015-09-24T09:38:55","slug":"rudar-prijedor-eliminisan-iz-kupa-bih-siroki-brijeg-prejak","status":"publish","type":"post","link":"https:\/\/www.prijedordanas.com\/?p=29658","title":{"rendered":"RUDAR-PRIJEDOR ELIMINISAN IZ KUPA BIH: \u0160IROKI BRIJEG PREJAK"},"content":{"rendered":"<p><a href=\"https:\/\/www.prijedordanas.com\/wp-content\/uploads\/2015\/09\/rudar-prijedor-siroki-brijeg-rezultat-3.jpg\"><img loading=\"lazy\" decoding=\"async\" class=\"alignleft size-medium wp-image-29426\" src=\"https:\/\/www.prijedordanas.com\/wp-content\/uploads\/2015\/09\/rudar-prijedor-siroki-brijeg-rezultat-3-300x199.jpg\" alt=\"rudar prijedor-siroki brijeg-rezultat (3)\" width=\"300\" height=\"199\" srcset=\"https:\/\/www.prijedordanas.com\/wp-content\/uploads\/2015\/09\/rudar-prijedor-siroki-brijeg-rezultat-3-300x199.jpg 300w, https:\/\/www.prijedordanas.com\/wp-content\/uploads\/2015\/09\/rudar-prijedor-siroki-brijeg-rezultat-3-480x320.jpg 480w, https:\/\/www.prijedordanas.com\/wp-content\/uploads\/2015\/09\/rudar-prijedor-siroki-brijeg-rezultat-3.jpg 800w\" sizes=\"(max-width: 300px) 100vw, 300px\" \/><\/a>Fudbaleri Rudar-Prijedora, poslije eliminacije iz Kupa Republike Srpske, kojeg su nedavno za pro\u0161lu sezonu osvojili, ispali su i iz Kupa BiH na startu ovog takmi\u010denja.<\/p>\n<p>U drugom me\u0111usobnom odmjeravanju snaga u \u010detiri dana, \u0160iroki Brijeg je na stadionu \u201ePecara\u201c bio prejak za Prijedor\u010dane i savladao ih sa ubjedljivih 5:0.<\/p>\n<p>\u201eRudarisa Sane\u201c igrali su sa kombinovanim sastavom.<\/p>\n<p>Umjesto pouzdanog golmana Dalibora Kozi\u0107a mre\u017eu je \u010duvao \u017deljko Kuzmi\u0107, kojeg je, nakon primljene \u201epetarde\u201c u 53.minuti zamijenio Nemanja Petrovi\u0107.<\/p>\n<p>-Doma\u0107in je, tako\u0111e, dosta promijenio tim, ali se ispostavilo da su igra\u010di koji su dobili priliku imali jo\u0161 vi\u0161e motiva za dokazivanje. Te\u0161ko je bilo suprotstaviti se kvalitetnijem rivalu, kada se zna da smo ujutro krenuli na dug put i bezmalo iz autobusa iza\u0161li na teren. Uspijevali smo gotovo pola sata da mu pariramo, ali smo potom za dva minuta primili dva gola. \u010cestitamo \u0160irokobrije\u017eanima na zaslu\u017eenoj pobjedi. Na nama je da se koncentri\u0161emo na prvenstveni me\u010d protiv Slavije iz Isto\u010dnog Sarajeva &#8211; rekao je \u0161ef stru\u010dnog \u0161taba Prijedor\u010dana Boris Gavran.<\/p>\n<p>Tekst i foto arhiva \u2013 Nenad \u0110eri\u0107\/Aleksandar Drakuli\u0107 \u2013 <a href=\"www.prijedordanas.com\" target=\"_blank\">www.prijedordanas.com<\/a><\/p>\n","protected":false},"excerpt":{"rendered":"<p>Fudbaleri Rudar-Prijedora, poslije eliminacije iz Kupa Republike Srpske, kojeg su nedavno za pro\u0161lu sezonu osvojili, ispali su i iz Kupa BiH na startu ovog takmi\u010denja. U drugom me\u0111usobnom odmjeravanju snaga [&hellip;]<\/p>\n","protected":false},"author":1,"featured_media":0,"comment_status":"closed","ping_status":"open","sticky":false,"template":"","format":"standard","meta":{"_monsterinsights_skip_tracking":false,"_monsterinsights_sitenote_active":false,"_monsterinsights_sitenote_note":"","_monsterinsights_sitenote_category":0,"footnotes":""},"categories":[7],"tags":[509,221,521],"yoast_head":"<!-- This site is optimized with the Yoast SEO plugin v21.6 - https:\/\/yoast.com\/wordpress\/plugins\/seo\/ -->\n<title>RUDAR-PRIJEDOR ELIMINISAN IZ KUPA BIH: \u0160IROKI BRIJEG PREJAK - PrijedorDanas.com - Prijedorski gradski portal<\/title>\n<meta name=\"robots\" content=\"index, follow, max-snippet:-1, max-image-preview:large, max-video-preview:-1\" \/>\n<link rel=\"canonical\" href=\"https:\/\/www.prijedordanas.com\/?p=29658\" \/>\n<meta property=\"og:locale\" content=\"en_US\" \/>\n<meta property=\"og:type\" content=\"article\" \/>\n<meta property=\"og:title\" content=\"RUDAR-PRIJEDOR ELIMINISAN IZ KUPA BIH: \u0160IROKI BRIJEG PREJAK - PrijedorDanas.com - Prijedorski gradski portal\" \/>\n<meta property=\"og:description\" content=\"Fudbaleri Rudar-Prijedora, poslije eliminacije iz Kupa Republike Srpske, kojeg su nedavno za pro\u0161lu sezonu osvojili, ispali su i iz Kupa BiH na startu ovog takmi\u010denja. U drugom me\u0111usobnom odmjeravanju snaga [&hellip;]\" \/>\n<meta property=\"og:url\" content=\"https:\/\/www.prijedordanas.com\/?p=29658\" \/>\n<meta property=\"og:site_name\" content=\"PrijedorDanas.com - Prijedorski gradski portal\" \/>\n<meta property=\"article:publisher\" content=\"https:\/\/www.facebook.com\/PrijedorDanasCom\/\" \/>\n<meta property=\"article:published_time\" content=\"2015-09-24T09:38:55+00:00\" \/>\n<meta property=\"og:image\" content=\"https:\/\/www.prijedordanas.com\/wp-content\/uploads\/2015\/09\/rudar-prijedor-siroki-brijeg-rezultat-3-300x199.jpg\" \/>\n<meta name=\"author\" content=\"admin\" \/>\n<meta name=\"twitter:card\" content=\"summary_large_image\" \/>\n<meta name=\"twitter:label1\" content=\"Written by\" \/>\n\t<meta name=\"twitter:data1\" content=\"admin\" \/>\n\t<meta name=\"twitter:label2\" content=\"Est. reading time\" \/>\n\t<meta name=\"twitter:data2\" content=\"1 minute\" \/>\n<script type=\"application\/ld+json\" class=\"yoast-schema-graph\">{\"@context\":\"https:\/\/schema.org\",\"@graph\":[{\"@type\":\"Article\",\"@id\":\"https:\/\/www.prijedordanas.com\/?p=29658#article\",\"isPartOf\":{\"@id\":\"https:\/\/www.prijedordanas.com\/?p=29658\"},\"author\":{\"name\":\"admin\",\"@id\":\"https:\/\/www.prijedordanas.com\/#\/schema\/person\/4e08ccf29b506ca916ff86d46bb700e6\"},\"headline\":\"RUDAR-PRIJEDOR ELIMINISAN IZ KUPA BIH: \u0160IROKI BRIJEG PREJAK\",\"datePublished\":\"2015-09-24T09:38:55+00:00\",\"dateModified\":\"2015-09-24T09:38:55+00:00\",\"mainEntityOfPage\":{\"@id\":\"https:\/\/www.prijedordanas.com\/?p=29658\"},\"wordCount\":203,\"publisher\":{\"@id\":\"https:\/\/www.prijedordanas.com\/#organization\"},\"keywords\":[\"Kup BiH\",\"Rudar-Prijedor\",\"\u0160iroki Brijeg\"],\"articleSection\":[\"Sport\"],\"inLanguage\":\"en-US\"},{\"@type\":\"WebPage\",\"@id\":\"https:\/\/www.prijedordanas.com\/?p=29658\",\"url\":\"https:\/\/www.prijedordanas.com\/?p=29658\",\"name\":\"RUDAR-PRIJEDOR ELIMINISAN IZ KUPA BIH: \u0160IROKI BRIJEG PREJAK - PrijedorDanas.com - Prijedorski gradski portal\",\"isPartOf\":{\"@id\":\"https:\/\/www.prijedordanas.com\/#website\"},\"datePublished\":\"2015-09-24T09:38:55+00:00\",\"dateModified\":\"2015-09-24T09:38:55+00:00\",\"breadcrumb\":{\"@id\":\"https:\/\/www.prijedordanas.com\/?p=29658#breadcrumb\"},\"inLanguage\":\"en-US\",\"potentialAction\":[{\"@type\":\"ReadAction\",\"target\":[\"https:\/\/www.prijedordanas.com\/?p=29658\"]}]},{\"@type\":\"BreadcrumbList\",\"@id\":\"https:\/\/www.prijedordanas.com\/?p=29658#breadcrumb\",\"itemListElement\":[{\"@type\":\"ListItem\",\"position\":1,\"name\":\"Home\",\"item\":\"https:\/\/www.prijedordanas.com\/\"},{\"@type\":\"ListItem\",\"position\":2,\"name\":\"RUDAR-PRIJEDOR ELIMINISAN IZ KUPA BIH: \u0160IROKI BRIJEG PREJAK\"}]},{\"@type\":\"WebSite\",\"@id\":\"https:\/\/www.prijedordanas.com\/#website\",\"url\":\"https:\/\/www.prijedordanas.com\/\",\"name\":\"PrijedorDanas.com - Prijedorski gradski portal\",\"description\":\"Portal o doga\u0111anjima u gradu Prijedoru\",\"publisher\":{\"@id\":\"https:\/\/www.prijedordanas.com\/#organization\"},\"potentialAction\":[{\"@type\":\"SearchAction\",\"target\":{\"@type\":\"EntryPoint\",\"urlTemplate\":\"https:\/\/www.prijedordanas.com\/?s={search_term_string}\"},\"query-input\":\"required name=search_term_string\"}],\"inLanguage\":\"en-US\"},{\"@type\":\"Organization\",\"@id\":\"https:\/\/www.prijedordanas.com\/#organization\",\"name\":\"PrijedorDanas.com\",\"url\":\"https:\/\/www.prijedordanas.com\/\",\"logo\":{\"@type\":\"ImageObject\",\"inLanguage\":\"en-US\",\"@id\":\"https:\/\/www.prijedordanas.com\/#\/schema\/logo\/image\/\",\"url\":\"http:\/\/www.prijedordanas.com\/wp-content\/uploads\/2021\/12\/logopng.png\",\"contentUrl\":\"http:\/\/www.prijedordanas.com\/wp-content\/uploads\/2021\/12\/logopng.png\",\"width\":1019,\"height\":776,\"caption\":\"PrijedorDanas.com\"},\"image\":{\"@id\":\"https:\/\/www.prijedordanas.com\/#\/schema\/logo\/image\/\"},\"sameAs\":[\"https:\/\/www.facebook.com\/PrijedorDanasCom\/\"]},{\"@type\":\"Person\",\"@id\":\"https:\/\/www.prijedordanas.com\/#\/schema\/person\/4e08ccf29b506ca916ff86d46bb700e6\",\"name\":\"admin\",\"image\":{\"@type\":\"ImageObject\",\"inLanguage\":\"en-US\",\"@id\":\"https:\/\/www.prijedordanas.com\/#\/schema\/person\/image\/\",\"url\":\"https:\/\/secure.gravatar.com\/avatar\/1d3fc949d550f0b53a5f0d51e06dfd79?s=96&d=mm&r=g\",\"contentUrl\":\"https:\/\/secure.gravatar.com\/avatar\/1d3fc949d550f0b53a5f0d51e06dfd79?s=96&d=mm&r=g\",\"caption\":\"admin\"},\"url\":\"https:\/\/www.prijedordanas.com\/?author=1\"}]}<\/script>\n<!-- \/ Yoast SEO plugin. -->","yoast_head_json":{"title":"RUDAR-PRIJEDOR ELIMINISAN IZ KUPA BIH: \u0160IROKI BRIJEG PREJAK - PrijedorDanas.com - Prijedorski gradski portal","robots":{"index":"index","follow":"follow","max-snippet":"max-snippet:-1","max-image-preview":"max-image-preview:large","max-video-preview":"max-video-preview:-1"},"canonical":"https:\/\/www.prijedordanas.com\/?p=29658","og_locale":"en_US","og_type":"article","og_title":"RUDAR-PRIJEDOR ELIMINISAN IZ KUPA BIH: \u0160IROKI BRIJEG PREJAK - PrijedorDanas.com - Prijedorski gradski portal","og_description":"Fudbaleri Rudar-Prijedora, poslije eliminacije iz Kupa Republike Srpske, kojeg su nedavno za pro\u0161lu sezonu osvojili, ispali su i iz Kupa BiH na startu ovog takmi\u010denja. U drugom me\u0111usobnom odmjeravanju snaga [&hellip;]","og_url":"https:\/\/www.prijedordanas.com\/?p=29658","og_site_name":"PrijedorDanas.com - Prijedorski gradski portal","article_publisher":"https:\/\/www.facebook.com\/PrijedorDanasCom\/","article_published_time":"2015-09-24T09:38:55+00:00","og_image":[{"url":"https:\/\/www.prijedordanas.com\/wp-content\/uploads\/2015\/09\/rudar-prijedor-siroki-brijeg-rezultat-3-300x199.jpg"}],"author":"admin","twitter_card":"summary_large_image","twitter_misc":{"Written by":"admin","Est. reading time":"1 minute"},"schema":{"@context":"https:\/\/schema.org","@graph":[{"@type":"Article","@id":"https:\/\/www.prijedordanas.com\/?p=29658#article","isPartOf":{"@id":"https:\/\/www.prijedordanas.com\/?p=29658"},"author":{"name":"admin","@id":"https:\/\/www.prijedordanas.com\/#\/schema\/person\/4e08ccf29b506ca916ff86d46bb700e6"},"headline":"RUDAR-PRIJEDOR ELIMINISAN IZ KUPA BIH: \u0160IROKI BRIJEG PREJAK","datePublished":"2015-09-24T09:38:55+00:00","dateModified":"2015-09-24T09:38:55+00:00","mainEntityOfPage":{"@id":"https:\/\/www.prijedordanas.com\/?p=29658"},"wordCount":203,"publisher":{"@id":"https:\/\/www.prijedordanas.com\/#organization"},"keywords":["Kup BiH","Rudar-Prijedor","\u0160iroki Brijeg"],"articleSection":["Sport"],"inLanguage":"en-US"},{"@type":"WebPage","@id":"https:\/\/www.prijedordanas.com\/?p=29658","url":"https:\/\/www.prijedordanas.com\/?p=29658","name":"RUDAR-PRIJEDOR ELIMINISAN IZ KUPA BIH: \u0160IROKI BRIJEG PREJAK - PrijedorDanas.com - Prijedorski gradski portal","isPartOf":{"@id":"https:\/\/www.prijedordanas.com\/#website"},"datePublished":"2015-09-24T09:38:55+00:00","dateModified":"2015-09-24T09:38:55+00:00","breadcrumb":{"@id":"https:\/\/www.prijedordanas.com\/?p=29658#breadcrumb"},"inLanguage":"en-US","potentialAction":[{"@type":"ReadAction","target":["https:\/\/www.prijedordanas.com\/?p=29658"]}]},{"@type":"BreadcrumbList","@id":"https:\/\/www.prijedordanas.com\/?p=29658#breadcrumb","itemListElement":[{"@type":"ListItem","position":1,"name":"Home","item":"https:\/\/www.prijedordanas.com\/"},{"@type":"ListItem","position":2,"name":"RUDAR-PRIJEDOR ELIMINISAN IZ KUPA BIH: \u0160IROKI BRIJEG PREJAK"}]},{"@type":"WebSite","@id":"https:\/\/www.prijedordanas.com\/#website","url":"https:\/\/www.prijedordanas.com\/","name":"PrijedorDanas.com - Prijedorski gradski portal","description":"Portal o doga\u0111anjima u gradu Prijedoru","publisher":{"@id":"https:\/\/www.prijedordanas.com\/#organization"},"potentialAction":[{"@type":"SearchAction","target":{"@type":"EntryPoint","urlTemplate":"https:\/\/www.prijedordanas.com\/?s={search_term_string}"},"query-input":"required name=search_term_string"}],"inLanguage":"en-US"},{"@type":"Organization","@id":"https:\/\/www.prijedordanas.com\/#organization","name":"PrijedorDanas.com","url":"https:\/\/www.prijedordanas.com\/","logo":{"@type":"ImageObject","inLanguage":"en-US","@id":"https:\/\/www.prijedordanas.com\/#\/schema\/logo\/image\/","url":"http:\/\/www.prijedordanas.com\/wp-content\/uploads\/2021\/12\/logopng.png","contentUrl":"http:\/\/www.prijedordanas.com\/wp-content\/uploads\/2021\/12\/logopng.png","width":1019,"height":776,"caption":"PrijedorDanas.com"},"image":{"@id":"https:\/\/www.prijedordanas.com\/#\/schema\/logo\/image\/"},"sameAs":["https:\/\/www.facebook.com\/PrijedorDanasCom\/"]},{"@type":"Person","@id":"https:\/\/www.prijedordanas.com\/#\/schema\/person\/4e08ccf29b506ca916ff86d46bb700e6","name":"admin","image":{"@type":"ImageObject","inLanguage":"en-US","@id":"https:\/\/www.prijedordanas.com\/#\/schema\/person\/image\/","url":"https:\/\/secure.gravatar.com\/avatar\/1d3fc949d550f0b53a5f0d51e06dfd79?s=96&d=mm&r=g","contentUrl":"https:\/\/secure.gravatar.com\/avatar\/1d3fc949d550f0b53a5f0d51e06dfd79?s=96&d=mm&r=g","caption":"admin"},"url":"https:\/\/www.prijedordanas.com\/?author=1"}]}},"_links":{"self":[{"href":"https:\/\/www.prijedordanas.com\/index.php?rest_route=\/wp\/v2\/posts\/29658"}],"collection":[{"href":"https:\/\/www.prijedordanas.com\/index.php?rest_route=\/wp\/v2\/posts"}],"about":[{"href":"https:\/\/www.prijedordanas.com\/index.php?rest_route=\/wp\/v2\/types\/post"}],"author":[{"embeddable":true,"href":"https:\/\/www.prijedordanas.com\/index.php?rest_route=\/wp\/v2\/users\/1"}],"replies":[{"embeddable":true,"href":"https:\/\/www.prijedordanas.com\/index.php?rest_route=%2Fwp%2Fv2%2Fcomments&post=29658"}],"version-history":[{"count":1,"href":"https:\/\/www.prijedordanas.com\/index.php?rest_route=\/wp\/v2\/posts\/29658\/revisions"}],"predecessor-version":[{"id":29660,"href":"https:\/\/www.prijedordanas.com\/index.php?rest_route=\/wp\/v2\/posts\/29658\/revisions\/29660"}],"wp:attachment":[{"href":"https:\/\/www.prijedordanas.com\/index.php?rest_route=%2Fwp%2Fv2%2Fmedia&parent=29658"}],"wp:term":[{"taxonomy":"category","embeddable":true,"href":"https:\/\/www.prijedordanas.com\/index.php?rest_route=%2Fwp%2Fv2%2Fcategories&post=29658"},{"taxonomy":"post_tag","embeddable":true,"href":"https:\/\/www.prijedordanas.com\/index.php?rest_route=%2Fwp%2Fv2%2Ftags&post=29658"}],"curies":[{"name":"wp","href":"https:\/\/api.w.org\/{rel}","templated":true}]}}