{"id":29357,"date":"2015-09-18T22:12:32","date_gmt":"2015-09-18T21:12:32","guid":{"rendered":"https:\/\/www.prijedordanas.com\/?p=29357"},"modified":"2015-09-18T22:12:32","modified_gmt":"2015-09-18T21:12:32","slug":"republickom-inspektoru-sest-mjeseci-zatvora-i-20-000-km-novcane-kazne","status":"publish","type":"post","link":"https:\/\/www.prijedordanas.com\/?p=29357","title":{"rendered":"REPUBLI\u010cKOM INSPEKTORU \u0160EST MJESECI ZATVORA I 20.000 KM NOV\u010cANE KAZNE"},"content":{"rendered":"<p><a href=\"https:\/\/www.prijedordanas.com\/wp-content\/uploads\/2015\/09\/okruzni-sud-banja-luka-1.jpg\"><img loading=\"lazy\" decoding=\"async\" src=\"https:\/\/www.prijedordanas.com\/wp-content\/uploads\/2015\/09\/okruzni-sud-banja-luka-1-300x134.jpg\" alt=\"okruzni sud banja luka (1)\" width=\"300\" height=\"134\" class=\"alignleft size-medium wp-image-29358\" srcset=\"https:\/\/www.prijedordanas.com\/wp-content\/uploads\/2015\/09\/okruzni-sud-banja-luka-1-300x134.jpg 300w, https:\/\/www.prijedordanas.com\/wp-content\/uploads\/2015\/09\/okruzni-sud-banja-luka-1.jpg 670w\" sizes=\"(max-width: 300px) 100vw, 300px\" \/><\/a>Okru\u017eni sud Banjaluka osudio je republi\u010dkog inspektora Slavka Stoj\u010di\u0107a na \u0161est mjeseci zatvora i nov\u010danu kaznu od 20.000 KM jer je u vi\u0161e navrata tra\u017eio mito. <\/p>\n<p>Stoj\u010di\u0107 se tereti da je, kao republi\u010dki inspektor za poslove za\u0161tite od po\u017eara Republi\u010dke uprave za inspekcijske poslove odjeljenje Prijedor, u periodu od septembra 2014. do 15. juna ove godine u Novom Gradu, od direktora lokalnog preduze\u0107a &#8220;Kolorteks&#8221; \u010diji su inicijali T.V. u vi\u0161e navrata tra\u017eio mito. <\/p>\n<p>Nov\u010danu kaznu Stoj\u010di\u0107 je du\u017ean da plati u roku od tri mjeseca po pravosna\u017enoj presudi, a ukoliko u tom roku ne bude platio, kazna \u0107e biti zamijenjena tako \u0161to \u0107e se za svakih 100 KM nov\u010dane kazne odrediti jedan dan zatvora. <\/p>\n<p>SRNA<\/p>\n","protected":false},"excerpt":{"rendered":"<p>Okru\u017eni sud Banjaluka osudio je republi\u010dkog inspektora Slavka Stoj\u010di\u0107a na \u0161est mjeseci zatvora i nov\u010danu kaznu od 20.000 KM jer je u vi\u0161e navrata tra\u017eio mito. Stoj\u010di\u0107 se tereti da [&hellip;]<\/p>\n","protected":false},"author":1,"featured_media":0,"comment_status":"closed","ping_status":"open","sticky":false,"template":"","format":"standard","meta":{"_monsterinsights_skip_tracking":false,"_monsterinsights_sitenote_active":false,"_monsterinsights_sitenote_note":"","_monsterinsights_sitenote_category":0,"footnotes":""},"categories":[5],"tags":[2295,3912,3668,3074,5059,5058,4078],"yoast_head":"<!-- This site is optimized with the Yoast SEO plugin v21.6 - https:\/\/yoast.com\/wordpress\/plugins\/seo\/ -->\n<title>REPUBLI\u010cKOM INSPEKTORU \u0160EST MJESECI ZATVORA I 20.000 KM NOV\u010cANE KAZNE - PrijedorDanas.com - Prijedorski gradski portal<\/title>\n<meta name=\"robots\" content=\"index, follow, max-snippet:-1, max-image-preview:large, max-video-preview:-1\" \/>\n<link rel=\"canonical\" href=\"https:\/\/www.prijedordanas.com\/?p=29357\" \/>\n<meta property=\"og:locale\" content=\"en_US\" \/>\n<meta property=\"og:type\" content=\"article\" \/>\n<meta property=\"og:title\" content=\"REPUBLI\u010cKOM INSPEKTORU \u0160EST MJESECI ZATVORA I 20.000 KM NOV\u010cANE KAZNE - PrijedorDanas.com - Prijedorski gradski portal\" \/>\n<meta property=\"og:description\" content=\"Okru\u017eni sud Banjaluka osudio je republi\u010dkog inspektora Slavka Stoj\u010di\u0107a na \u0161est mjeseci zatvora i nov\u010danu kaznu od 20.000 KM jer je u vi\u0161e navrata tra\u017eio mito. Stoj\u010di\u0107 se tereti da [&hellip;]\" \/>\n<meta property=\"og:url\" content=\"https:\/\/www.prijedordanas.com\/?p=29357\" \/>\n<meta property=\"og:site_name\" content=\"PrijedorDanas.com - Prijedorski gradski portal\" \/>\n<meta property=\"article:publisher\" content=\"https:\/\/www.facebook.com\/PrijedorDanasCom\/\" \/>\n<meta property=\"article:published_time\" content=\"2015-09-18T21:12:32+00:00\" \/>\n<meta property=\"og:image\" content=\"https:\/\/www.prijedordanas.com\/wp-content\/uploads\/2015\/09\/okruzni-sud-banja-luka-1-300x134.jpg\" \/>\n<meta name=\"author\" content=\"admin\" \/>\n<meta name=\"twitter:card\" content=\"summary_large_image\" \/>\n<meta name=\"twitter:label1\" content=\"Written by\" \/>\n\t<meta name=\"twitter:data1\" content=\"admin\" \/>\n\t<meta name=\"twitter:label2\" content=\"Est. reading time\" \/>\n\t<meta name=\"twitter:data2\" content=\"1 minute\" \/>\n<script type=\"application\/ld+json\" class=\"yoast-schema-graph\">{\"@context\":\"https:\/\/schema.org\",\"@graph\":[{\"@type\":\"Article\",\"@id\":\"https:\/\/www.prijedordanas.com\/?p=29357#article\",\"isPartOf\":{\"@id\":\"https:\/\/www.prijedordanas.com\/?p=29357\"},\"author\":{\"name\":\"admin\",\"@id\":\"https:\/\/www.prijedordanas.com\/#\/schema\/person\/4e08ccf29b506ca916ff86d46bb700e6\"},\"headline\":\"REPUBLI\u010cKOM INSPEKTORU \u0160EST MJESECI ZATVORA I 20.000 KM NOV\u010cANE KAZNE\",\"datePublished\":\"2015-09-18T21:12:32+00:00\",\"dateModified\":\"2015-09-18T21:12:32+00:00\",\"mainEntityOfPage\":{\"@id\":\"https:\/\/www.prijedordanas.com\/?p=29357\"},\"wordCount\":143,\"publisher\":{\"@id\":\"https:\/\/www.prijedordanas.com\/#organization\"},\"keywords\":[\"kazna\",\"mito\",\"Okru\u017eni sud Banja Luka\",\"presuda\",\"republi\u010dki inspektor\",\"Slavko Stoj\u010di\u0107\",\"zatvor\"],\"articleSection\":[\"Hronika\"],\"inLanguage\":\"en-US\"},{\"@type\":\"WebPage\",\"@id\":\"https:\/\/www.prijedordanas.com\/?p=29357\",\"url\":\"https:\/\/www.prijedordanas.com\/?p=29357\",\"name\":\"REPUBLI\u010cKOM INSPEKTORU \u0160EST MJESECI ZATVORA I 20.000 KM NOV\u010cANE KAZNE - PrijedorDanas.com - Prijedorski gradski portal\",\"isPartOf\":{\"@id\":\"https:\/\/www.prijedordanas.com\/#website\"},\"datePublished\":\"2015-09-18T21:12:32+00:00\",\"dateModified\":\"2015-09-18T21:12:32+00:00\",\"breadcrumb\":{\"@id\":\"https:\/\/www.prijedordanas.com\/?p=29357#breadcrumb\"},\"inLanguage\":\"en-US\",\"potentialAction\":[{\"@type\":\"ReadAction\",\"target\":[\"https:\/\/www.prijedordanas.com\/?p=29357\"]}]},{\"@type\":\"BreadcrumbList\",\"@id\":\"https:\/\/www.prijedordanas.com\/?p=29357#breadcrumb\",\"itemListElement\":[{\"@type\":\"ListItem\",\"position\":1,\"name\":\"Home\",\"item\":\"https:\/\/www.prijedordanas.com\/\"},{\"@type\":\"ListItem\",\"position\":2,\"name\":\"REPUBLI\u010cKOM INSPEKTORU \u0160EST MJESECI ZATVORA I 20.000 KM NOV\u010cANE KAZNE\"}]},{\"@type\":\"WebSite\",\"@id\":\"https:\/\/www.prijedordanas.com\/#website\",\"url\":\"https:\/\/www.prijedordanas.com\/\",\"name\":\"PrijedorDanas.com - Prijedorski gradski portal\",\"description\":\"Portal o doga\u0111anjima u gradu Prijedoru\",\"publisher\":{\"@id\":\"https:\/\/www.prijedordanas.com\/#organization\"},\"potentialAction\":[{\"@type\":\"SearchAction\",\"target\":{\"@type\":\"EntryPoint\",\"urlTemplate\":\"https:\/\/www.prijedordanas.com\/?s={search_term_string}\"},\"query-input\":\"required name=search_term_string\"}],\"inLanguage\":\"en-US\"},{\"@type\":\"Organization\",\"@id\":\"https:\/\/www.prijedordanas.com\/#organization\",\"name\":\"PrijedorDanas.com\",\"url\":\"https:\/\/www.prijedordanas.com\/\",\"logo\":{\"@type\":\"ImageObject\",\"inLanguage\":\"en-US\",\"@id\":\"https:\/\/www.prijedordanas.com\/#\/schema\/logo\/image\/\",\"url\":\"http:\/\/www.prijedordanas.com\/wp-content\/uploads\/2021\/12\/logopng.png\",\"contentUrl\":\"http:\/\/www.prijedordanas.com\/wp-content\/uploads\/2021\/12\/logopng.png\",\"width\":1019,\"height\":776,\"caption\":\"PrijedorDanas.com\"},\"image\":{\"@id\":\"https:\/\/www.prijedordanas.com\/#\/schema\/logo\/image\/\"},\"sameAs\":[\"https:\/\/www.facebook.com\/PrijedorDanasCom\/\"]},{\"@type\":\"Person\",\"@id\":\"https:\/\/www.prijedordanas.com\/#\/schema\/person\/4e08ccf29b506ca916ff86d46bb700e6\",\"name\":\"admin\",\"image\":{\"@type\":\"ImageObject\",\"inLanguage\":\"en-US\",\"@id\":\"https:\/\/www.prijedordanas.com\/#\/schema\/person\/image\/\",\"url\":\"https:\/\/secure.gravatar.com\/avatar\/1d3fc949d550f0b53a5f0d51e06dfd79?s=96&d=mm&r=g\",\"contentUrl\":\"https:\/\/secure.gravatar.com\/avatar\/1d3fc949d550f0b53a5f0d51e06dfd79?s=96&d=mm&r=g\",\"caption\":\"admin\"},\"url\":\"https:\/\/www.prijedordanas.com\/?author=1\"}]}<\/script>\n<!-- \/ Yoast SEO plugin. -->","yoast_head_json":{"title":"REPUBLI\u010cKOM INSPEKTORU \u0160EST MJESECI ZATVORA I 20.000 KM NOV\u010cANE KAZNE - PrijedorDanas.com - Prijedorski gradski portal","robots":{"index":"index","follow":"follow","max-snippet":"max-snippet:-1","max-image-preview":"max-image-preview:large","max-video-preview":"max-video-preview:-1"},"canonical":"https:\/\/www.prijedordanas.com\/?p=29357","og_locale":"en_US","og_type":"article","og_title":"REPUBLI\u010cKOM INSPEKTORU \u0160EST MJESECI ZATVORA I 20.000 KM NOV\u010cANE KAZNE - PrijedorDanas.com - Prijedorski gradski portal","og_description":"Okru\u017eni sud Banjaluka osudio je republi\u010dkog inspektora Slavka Stoj\u010di\u0107a na \u0161est mjeseci zatvora i nov\u010danu kaznu od 20.000 KM jer je u vi\u0161e navrata tra\u017eio mito. Stoj\u010di\u0107 se tereti da [&hellip;]","og_url":"https:\/\/www.prijedordanas.com\/?p=29357","og_site_name":"PrijedorDanas.com - Prijedorski gradski portal","article_publisher":"https:\/\/www.facebook.com\/PrijedorDanasCom\/","article_published_time":"2015-09-18T21:12:32+00:00","og_image":[{"url":"https:\/\/www.prijedordanas.com\/wp-content\/uploads\/2015\/09\/okruzni-sud-banja-luka-1-300x134.jpg"}],"author":"admin","twitter_card":"summary_large_image","twitter_misc":{"Written by":"admin","Est. reading time":"1 minute"},"schema":{"@context":"https:\/\/schema.org","@graph":[{"@type":"Article","@id":"https:\/\/www.prijedordanas.com\/?p=29357#article","isPartOf":{"@id":"https:\/\/www.prijedordanas.com\/?p=29357"},"author":{"name":"admin","@id":"https:\/\/www.prijedordanas.com\/#\/schema\/person\/4e08ccf29b506ca916ff86d46bb700e6"},"headline":"REPUBLI\u010cKOM INSPEKTORU \u0160EST MJESECI ZATVORA I 20.000 KM NOV\u010cANE KAZNE","datePublished":"2015-09-18T21:12:32+00:00","dateModified":"2015-09-18T21:12:32+00:00","mainEntityOfPage":{"@id":"https:\/\/www.prijedordanas.com\/?p=29357"},"wordCount":143,"publisher":{"@id":"https:\/\/www.prijedordanas.com\/#organization"},"keywords":["kazna","mito","Okru\u017eni sud Banja Luka","presuda","republi\u010dki inspektor","Slavko Stoj\u010di\u0107","zatvor"],"articleSection":["Hronika"],"inLanguage":"en-US"},{"@type":"WebPage","@id":"https:\/\/www.prijedordanas.com\/?p=29357","url":"https:\/\/www.prijedordanas.com\/?p=29357","name":"REPUBLI\u010cKOM INSPEKTORU \u0160EST MJESECI ZATVORA I 20.000 KM NOV\u010cANE KAZNE - PrijedorDanas.com - Prijedorski gradski portal","isPartOf":{"@id":"https:\/\/www.prijedordanas.com\/#website"},"datePublished":"2015-09-18T21:12:32+00:00","dateModified":"2015-09-18T21:12:32+00:00","breadcrumb":{"@id":"https:\/\/www.prijedordanas.com\/?p=29357#breadcrumb"},"inLanguage":"en-US","potentialAction":[{"@type":"ReadAction","target":["https:\/\/www.prijedordanas.com\/?p=29357"]}]},{"@type":"BreadcrumbList","@id":"https:\/\/www.prijedordanas.com\/?p=29357#breadcrumb","itemListElement":[{"@type":"ListItem","position":1,"name":"Home","item":"https:\/\/www.prijedordanas.com\/"},{"@type":"ListItem","position":2,"name":"REPUBLI\u010cKOM INSPEKTORU \u0160EST MJESECI ZATVORA I 20.000 KM NOV\u010cANE KAZNE"}]},{"@type":"WebSite","@id":"https:\/\/www.prijedordanas.com\/#website","url":"https:\/\/www.prijedordanas.com\/","name":"PrijedorDanas.com - Prijedorski gradski portal","description":"Portal o doga\u0111anjima u gradu Prijedoru","publisher":{"@id":"https:\/\/www.prijedordanas.com\/#organization"},"potentialAction":[{"@type":"SearchAction","target":{"@type":"EntryPoint","urlTemplate":"https:\/\/www.prijedordanas.com\/?s={search_term_string}"},"query-input":"required name=search_term_string"}],"inLanguage":"en-US"},{"@type":"Organization","@id":"https:\/\/www.prijedordanas.com\/#organization","name":"PrijedorDanas.com","url":"https:\/\/www.prijedordanas.com\/","logo":{"@type":"ImageObject","inLanguage":"en-US","@id":"https:\/\/www.prijedordanas.com\/#\/schema\/logo\/image\/","url":"http:\/\/www.prijedordanas.com\/wp-content\/uploads\/2021\/12\/logopng.png","contentUrl":"http:\/\/www.prijedordanas.com\/wp-content\/uploads\/2021\/12\/logopng.png","width":1019,"height":776,"caption":"PrijedorDanas.com"},"image":{"@id":"https:\/\/www.prijedordanas.com\/#\/schema\/logo\/image\/"},"sameAs":["https:\/\/www.facebook.com\/PrijedorDanasCom\/"]},{"@type":"Person","@id":"https:\/\/www.prijedordanas.com\/#\/schema\/person\/4e08ccf29b506ca916ff86d46bb700e6","name":"admin","image":{"@type":"ImageObject","inLanguage":"en-US","@id":"https:\/\/www.prijedordanas.com\/#\/schema\/person\/image\/","url":"https:\/\/secure.gravatar.com\/avatar\/1d3fc949d550f0b53a5f0d51e06dfd79?s=96&d=mm&r=g","contentUrl":"https:\/\/secure.gravatar.com\/avatar\/1d3fc949d550f0b53a5f0d51e06dfd79?s=96&d=mm&r=g","caption":"admin"},"url":"https:\/\/www.prijedordanas.com\/?author=1"}]}},"_links":{"self":[{"href":"https:\/\/www.prijedordanas.com\/index.php?rest_route=\/wp\/v2\/posts\/29357"}],"collection":[{"href":"https:\/\/www.prijedordanas.com\/index.php?rest_route=\/wp\/v2\/posts"}],"about":[{"href":"https:\/\/www.prijedordanas.com\/index.php?rest_route=\/wp\/v2\/types\/post"}],"author":[{"embeddable":true,"href":"https:\/\/www.prijedordanas.com\/index.php?rest_route=\/wp\/v2\/users\/1"}],"replies":[{"embeddable":true,"href":"https:\/\/www.prijedordanas.com\/index.php?rest_route=%2Fwp%2Fv2%2Fcomments&post=29357"}],"version-history":[{"count":1,"href":"https:\/\/www.prijedordanas.com\/index.php?rest_route=\/wp\/v2\/posts\/29357\/revisions"}],"predecessor-version":[{"id":29359,"href":"https:\/\/www.prijedordanas.com\/index.php?rest_route=\/wp\/v2\/posts\/29357\/revisions\/29359"}],"wp:attachment":[{"href":"https:\/\/www.prijedordanas.com\/index.php?rest_route=%2Fwp%2Fv2%2Fmedia&parent=29357"}],"wp:term":[{"taxonomy":"category","embeddable":true,"href":"https:\/\/www.prijedordanas.com\/index.php?rest_route=%2Fwp%2Fv2%2Fcategories&post=29357"},{"taxonomy":"post_tag","embeddable":true,"href":"https:\/\/www.prijedordanas.com\/index.php?rest_route=%2Fwp%2Fv2%2Ftags&post=29357"}],"curies":[{"name":"wp","href":"https:\/\/api.w.org\/{rel}","templated":true}]}}