{"id":29280,"date":"2015-09-18T16:48:08","date_gmt":"2015-09-18T15:48:08","guid":{"rendered":"https:\/\/www.prijedordanas.com\/?p=29280"},"modified":"2015-09-18T16:52:44","modified_gmt":"2015-09-18T15:52:44","slug":"kup-rs-gomjenica-izgubila-od-karanovca-foto","status":"publish","type":"post","link":"https:\/\/www.prijedordanas.com\/?p=29280","title":{"rendered":"KUP RS: GOMJENICA IZGUBILA OD KARANOVCA &#8211; FOTO"},"content":{"rendered":"<p><a href=\"https:\/\/www.prijedordanas.com\/wp-content\/uploads\/2015\/09\/kup-rs-gomjenica-karanovac-1.jpg\"><img loading=\"lazy\" decoding=\"async\" class=\"alignleft size-medium wp-image-29314\" src=\"https:\/\/www.prijedordanas.com\/wp-content\/uploads\/2015\/09\/kup-rs-gomjenica-karanovac-1-300x199.jpg\" alt=\"kup rs-gomjenica-karanovac (1)\" width=\"300\" height=\"199\" srcset=\"https:\/\/www.prijedordanas.com\/wp-content\/uploads\/2015\/09\/kup-rs-gomjenica-karanovac-1-300x199.jpg 300w, https:\/\/www.prijedordanas.com\/wp-content\/uploads\/2015\/09\/kup-rs-gomjenica-karanovac-1-480x320.jpg 480w, https:\/\/www.prijedordanas.com\/wp-content\/uploads\/2015\/09\/kup-rs-gomjenica-karanovac-1.jpg 600w\" sizes=\"(max-width: 300px) 100vw, 300px\" \/><\/a>U susretu regionalnih liga\u0161a Republike Srpske, u okviru \u0161esnaestine finala Kupa Republike Srpske, gosti su slavili u Prijedoru, Gomjenica: Karanovac 0:2(0:0).<\/p>\n<p>Trener doma\u0107ih Mile Kotaran nije mogao da ra\u010duna na sve raspolo\u017eive snage, jer je dosta igra\u010da bilo povrije\u0111eno ili sa radnim obavezama, ali se njegov tim dobro nosio sa rivalom u prvom poluvremenu, kada nije bilo golova.<\/p>\n<p>Tek u 30.minutu sastav Karanovca je zaprijetio, po\u0161to je Nikola Toma\u0161evi\u0107 iskosa sa desne strane uputio neugodan \u0161ut, ali je golman Miran Pejnovi\u0107 odli\u010dno intervenisao i izbacio loptu u korner.<\/p>\n<p>Odluka o pobjedniku pala je u nastavku. Sini\u0161a Milo\u0161evi\u0107 je u 51.minuti \u201eizbacio\u201c u protivni\u010dkom kaznenom prostoru najboljeg aktera susreta Bojana Vasili\u0107a, koji je lako savladao tada nemo\u0107nog Pejnovi\u0107a za 0:1.<\/p>\n<p>Samo minut kasnije prednost Karanovca mogla je biti udvostru\u010dena, ali je Nikola Babi\u0107 iz blizine pogodio stativu.<\/p>\n<p>Trijumf izabranika Ranka Stanarevi\u0107a \u201eovjerio\u201c je u 56.minuti Dario Gruji\u0107, kada je iz slobodnog udarca sa oko 25 metara sna\u017eno tukao, a lopta, uz pomo\u0107 \u201e\u017eivog zida\u201c odjsela u mre\u017ei Prijedor\u010dana.<\/p>\n<p>Gomjeni\u010dani su imali lijepu priliku u 87.minuti da barem smanje vo\u0111stvo rivala. Igor Mr\u0161i\u0107 je dobro proigrao \u0110or\u0111a Kre\u0107u, koji ubacuje sa desne strane, me\u0111utim, Branislav Kajtez je uputio loptu ka Sini\u0161i Mar\u010deti\u0107u, za koga je to bio lak plijen, kao i u dva navrata, tokom me\u010da, kada su isti akteri bili na sceni, a kapiten Karanovca, nekada \u010duvar mre\u017ee banjalu\u010dkog Borca, bio je siguran.<\/p>\n<p>Gomjenica-Karanovac 0:2(0:0)<\/p>\n<p>Prijedor<br \/>\nStadion Gomjenice \u201ekraj Celpaka\u201c<br \/>\nGledalaca: 50<br \/>\nSudija: Aleksandar Njegomirovi\u0107 (Prnjavor) 7<br \/>\nStrijelci: Vasili\u0107 u 51. i Aleksi\u0107 u 56.minuti<br \/>\n\u017duti kartoni: Mr\u0161i\u0107, Davidovi\u0107 (Gomjenica), M.Ra\u010di\u0107, Ducanovi\u0107, Lukaji\u0107 (Karanovac)<\/p>\n<p>GOMJENICA:<br \/>\nPejnovi\u0107 6,5, Dragi\u0107 6,5, Vasiljevi\u0107 6, Dragani\u0107 6, Karanovi\u0107 6,5, Kre\u0107a 6,5, Mr\u0161i\u0107 6,5, Jari\u0107 6, Kajtez 6, Kne\u017eevi\u0107 6, Davidovi\u0107 6<br \/>\nTrener: Mile Kotaran<\/p>\n<p>KARANOVAC:<br \/>\nMar\u010deti\u0107 7, Lukaji\u0107 7, Ducanovi\u0107 6,5, Toma\u0161evi\u0107 6 (od 46. Babi\u0107 6,5), Milo\u0161evi\u0107 7, Vasili\u0107 7,5 (od 75. Dedi\u0107 -), Aleksi\u0107 7, Gruji\u0107 7,5, N.Ra\u010di\u0107 6,5, Vuji\u010di\u0107 7, M.Ra\u010di\u0107 &#8211; (od 29. Milanovi\u0107 7)<br \/>\nTrener: Ranko Stanarevi\u0107<\/p>\n<p>Igra\u010d utakmice: Bojan Vasili\u0107<\/p>\n<p>Tekst i foto \u2013 Nenad \u0110eri\u0107\/Aleksandar Drakuli\u0107 \u2013 <a href=\"www.prijedordanas.com\" target=\"_blank\">www.prijedordanas.com<\/a><\/p>\n<p><a href=\"https:\/\/www.prijedordanas.com\/wp-content\/uploads\/2015\/09\/kup-rs-gomjenica-karanovac-2.jpg\"><img loading=\"lazy\" decoding=\"async\" src=\"https:\/\/www.prijedordanas.com\/wp-content\/uploads\/2015\/09\/kup-rs-gomjenica-karanovac-2-300x199.jpg\" alt=\"kup rs-gomjenica-karanovac (2)\" width=\"300\" height=\"199\" class=\"alignleft size-medium wp-image-29315\" srcset=\"https:\/\/www.prijedordanas.com\/wp-content\/uploads\/2015\/09\/kup-rs-gomjenica-karanovac-2-300x199.jpg 300w, https:\/\/www.prijedordanas.com\/wp-content\/uploads\/2015\/09\/kup-rs-gomjenica-karanovac-2-480x320.jpg 480w, https:\/\/www.prijedordanas.com\/wp-content\/uploads\/2015\/09\/kup-rs-gomjenica-karanovac-2.jpg 600w\" sizes=\"(max-width: 300px) 100vw, 300px\" \/><\/a> <a href=\"https:\/\/www.prijedordanas.com\/wp-content\/uploads\/2015\/09\/kup-rs-gomjenica-karanovac-3.jpg\"><img loading=\"lazy\" decoding=\"async\" src=\"https:\/\/www.prijedordanas.com\/wp-content\/uploads\/2015\/09\/kup-rs-gomjenica-karanovac-3-300x199.jpg\" alt=\"kup rs-gomjenica-karanovac (3)\" width=\"300\" height=\"199\" class=\"alignleft size-medium wp-image-29316\" srcset=\"https:\/\/www.prijedordanas.com\/wp-content\/uploads\/2015\/09\/kup-rs-gomjenica-karanovac-3-300x199.jpg 300w, https:\/\/www.prijedordanas.com\/wp-content\/uploads\/2015\/09\/kup-rs-gomjenica-karanovac-3-480x320.jpg 480w, https:\/\/www.prijedordanas.com\/wp-content\/uploads\/2015\/09\/kup-rs-gomjenica-karanovac-3.jpg 600w\" sizes=\"(max-width: 300px) 100vw, 300px\" \/><\/a> <a href=\"https:\/\/www.prijedordanas.com\/wp-content\/uploads\/2015\/09\/kup-rs-gomjenica-karanovac-4.jpg\"><img loading=\"lazy\" decoding=\"async\" src=\"https:\/\/www.prijedordanas.com\/wp-content\/uploads\/2015\/09\/kup-rs-gomjenica-karanovac-4-300x199.jpg\" alt=\"kup rs-gomjenica-karanovac (4)\" width=\"300\" height=\"199\" class=\"alignleft size-medium wp-image-29317\" srcset=\"https:\/\/www.prijedordanas.com\/wp-content\/uploads\/2015\/09\/kup-rs-gomjenica-karanovac-4-300x199.jpg 300w, https:\/\/www.prijedordanas.com\/wp-content\/uploads\/2015\/09\/kup-rs-gomjenica-karanovac-4-480x320.jpg 480w, https:\/\/www.prijedordanas.com\/wp-content\/uploads\/2015\/09\/kup-rs-gomjenica-karanovac-4.jpg 600w\" sizes=\"(max-width: 300px) 100vw, 300px\" \/><\/a> <a href=\"https:\/\/www.prijedordanas.com\/wp-content\/uploads\/2015\/09\/kup-rs-gomjenica-karanovac-5.jpg\"><img loading=\"lazy\" decoding=\"async\" src=\"https:\/\/www.prijedordanas.com\/wp-content\/uploads\/2015\/09\/kup-rs-gomjenica-karanovac-5-300x199.jpg\" alt=\"kup rs-gomjenica-karanovac (5)\" width=\"300\" height=\"199\" class=\"alignleft size-medium wp-image-29318\" srcset=\"https:\/\/www.prijedordanas.com\/wp-content\/uploads\/2015\/09\/kup-rs-gomjenica-karanovac-5-300x199.jpg 300w, https:\/\/www.prijedordanas.com\/wp-content\/uploads\/2015\/09\/kup-rs-gomjenica-karanovac-5-480x320.jpg 480w, https:\/\/www.prijedordanas.com\/wp-content\/uploads\/2015\/09\/kup-rs-gomjenica-karanovac-5.jpg 600w\" sizes=\"(max-width: 300px) 100vw, 300px\" \/><\/a> <a href=\"https:\/\/www.prijedordanas.com\/wp-content\/uploads\/2015\/09\/kup-rs-gomjenica-karanovac-6.jpg\"><img loading=\"lazy\" decoding=\"async\" src=\"https:\/\/www.prijedordanas.com\/wp-content\/uploads\/2015\/09\/kup-rs-gomjenica-karanovac-6-300x199.jpg\" alt=\"kup rs-gomjenica-karanovac (6)\" width=\"300\" height=\"199\" class=\"alignleft size-medium wp-image-29319\" srcset=\"https:\/\/www.prijedordanas.com\/wp-content\/uploads\/2015\/09\/kup-rs-gomjenica-karanovac-6-300x199.jpg 300w, https:\/\/www.prijedordanas.com\/wp-content\/uploads\/2015\/09\/kup-rs-gomjenica-karanovac-6-480x320.jpg 480w, https:\/\/www.prijedordanas.com\/wp-content\/uploads\/2015\/09\/kup-rs-gomjenica-karanovac-6.jpg 600w\" sizes=\"(max-width: 300px) 100vw, 300px\" \/><\/a><\/p>\n","protected":false},"excerpt":{"rendered":"<p>U susretu regionalnih liga\u0161a Republike Srpske, u okviru \u0161esnaestine finala Kupa Republike Srpske, gosti su slavili u Prijedoru, Gomjenica: Karanovac 0:2(0:0). Trener doma\u0107ih Mile Kotaran nije mogao da ra\u010duna na [&hellip;]<\/p>\n","protected":false},"author":1,"featured_media":0,"comment_status":"closed","ping_status":"open","sticky":false,"template":"","format":"standard","meta":{"_monsterinsights_skip_tracking":false,"_monsterinsights_sitenote_active":false,"_monsterinsights_sitenote_note":"","_monsterinsights_sitenote_category":0,"footnotes":""},"categories":[7],"tags":[293,2691,667],"yoast_head":"<!-- This site is optimized with the Yoast SEO plugin v21.6 - https:\/\/yoast.com\/wordpress\/plugins\/seo\/ -->\n<title>KUP RS: GOMJENICA IZGUBILA OD KARANOVCA - FOTO - PrijedorDanas.com - Prijedorski gradski portal<\/title>\n<meta name=\"robots\" content=\"index, follow, max-snippet:-1, max-image-preview:large, max-video-preview:-1\" \/>\n<link rel=\"canonical\" href=\"https:\/\/www.prijedordanas.com\/?p=29280\" \/>\n<meta property=\"og:locale\" content=\"en_US\" \/>\n<meta property=\"og:type\" content=\"article\" \/>\n<meta property=\"og:title\" content=\"KUP RS: GOMJENICA IZGUBILA OD KARANOVCA - FOTO - PrijedorDanas.com - Prijedorski gradski portal\" \/>\n<meta property=\"og:description\" content=\"U susretu regionalnih liga\u0161a Republike Srpske, u okviru \u0161esnaestine finala Kupa Republike Srpske, gosti su slavili u Prijedoru, Gomjenica: Karanovac 0:2(0:0). Trener doma\u0107ih Mile Kotaran nije mogao da ra\u010duna na [&hellip;]\" \/>\n<meta property=\"og:url\" content=\"https:\/\/www.prijedordanas.com\/?p=29280\" \/>\n<meta property=\"og:site_name\" content=\"PrijedorDanas.com - Prijedorski gradski portal\" \/>\n<meta property=\"article:publisher\" content=\"https:\/\/www.facebook.com\/PrijedorDanasCom\/\" \/>\n<meta property=\"article:published_time\" content=\"2015-09-18T15:48:08+00:00\" \/>\n<meta property=\"article:modified_time\" content=\"2015-09-18T15:52:44+00:00\" \/>\n<meta property=\"og:image\" content=\"https:\/\/www.prijedordanas.com\/wp-content\/uploads\/2015\/09\/kup-rs-gomjenica-karanovac-1-300x199.jpg\" \/>\n<meta name=\"author\" content=\"admin\" \/>\n<meta name=\"twitter:card\" content=\"summary_large_image\" \/>\n<meta name=\"twitter:label1\" content=\"Written by\" \/>\n\t<meta name=\"twitter:data1\" content=\"admin\" \/>\n\t<meta name=\"twitter:label2\" content=\"Est. reading time\" \/>\n\t<meta name=\"twitter:data2\" content=\"2 minutes\" \/>\n<script type=\"application\/ld+json\" class=\"yoast-schema-graph\">{\"@context\":\"https:\/\/schema.org\",\"@graph\":[{\"@type\":\"Article\",\"@id\":\"https:\/\/www.prijedordanas.com\/?p=29280#article\",\"isPartOf\":{\"@id\":\"https:\/\/www.prijedordanas.com\/?p=29280\"},\"author\":{\"name\":\"admin\",\"@id\":\"https:\/\/www.prijedordanas.com\/#\/schema\/person\/4e08ccf29b506ca916ff86d46bb700e6\"},\"headline\":\"KUP RS: GOMJENICA IZGUBILA OD KARANOVCA &#8211; FOTO\",\"datePublished\":\"2015-09-18T15:48:08+00:00\",\"dateModified\":\"2015-09-18T15:52:44+00:00\",\"mainEntityOfPage\":{\"@id\":\"https:\/\/www.prijedordanas.com\/?p=29280\"},\"wordCount\":362,\"publisher\":{\"@id\":\"https:\/\/www.prijedordanas.com\/#organization\"},\"keywords\":[\"Gomjenica\",\"Karanovac\",\"Kup Republike Srpske\"],\"articleSection\":[\"Sport\"],\"inLanguage\":\"en-US\"},{\"@type\":\"WebPage\",\"@id\":\"https:\/\/www.prijedordanas.com\/?p=29280\",\"url\":\"https:\/\/www.prijedordanas.com\/?p=29280\",\"name\":\"KUP RS: GOMJENICA IZGUBILA OD KARANOVCA - FOTO - PrijedorDanas.com - Prijedorski gradski portal\",\"isPartOf\":{\"@id\":\"https:\/\/www.prijedordanas.com\/#website\"},\"datePublished\":\"2015-09-18T15:48:08+00:00\",\"dateModified\":\"2015-09-18T15:52:44+00:00\",\"breadcrumb\":{\"@id\":\"https:\/\/www.prijedordanas.com\/?p=29280#breadcrumb\"},\"inLanguage\":\"en-US\",\"potentialAction\":[{\"@type\":\"ReadAction\",\"target\":[\"https:\/\/www.prijedordanas.com\/?p=29280\"]}]},{\"@type\":\"BreadcrumbList\",\"@id\":\"https:\/\/www.prijedordanas.com\/?p=29280#breadcrumb\",\"itemListElement\":[{\"@type\":\"ListItem\",\"position\":1,\"name\":\"Home\",\"item\":\"https:\/\/www.prijedordanas.com\/\"},{\"@type\":\"ListItem\",\"position\":2,\"name\":\"KUP RS: GOMJENICA IZGUBILA OD KARANOVCA &#8211; FOTO\"}]},{\"@type\":\"WebSite\",\"@id\":\"https:\/\/www.prijedordanas.com\/#website\",\"url\":\"https:\/\/www.prijedordanas.com\/\",\"name\":\"PrijedorDanas.com - Prijedorski gradski portal\",\"description\":\"Portal o doga\u0111anjima u gradu Prijedoru\",\"publisher\":{\"@id\":\"https:\/\/www.prijedordanas.com\/#organization\"},\"potentialAction\":[{\"@type\":\"SearchAction\",\"target\":{\"@type\":\"EntryPoint\",\"urlTemplate\":\"https:\/\/www.prijedordanas.com\/?s={search_term_string}\"},\"query-input\":\"required name=search_term_string\"}],\"inLanguage\":\"en-US\"},{\"@type\":\"Organization\",\"@id\":\"https:\/\/www.prijedordanas.com\/#organization\",\"name\":\"PrijedorDanas.com\",\"url\":\"https:\/\/www.prijedordanas.com\/\",\"logo\":{\"@type\":\"ImageObject\",\"inLanguage\":\"en-US\",\"@id\":\"https:\/\/www.prijedordanas.com\/#\/schema\/logo\/image\/\",\"url\":\"http:\/\/www.prijedordanas.com\/wp-content\/uploads\/2021\/12\/logopng.png\",\"contentUrl\":\"http:\/\/www.prijedordanas.com\/wp-content\/uploads\/2021\/12\/logopng.png\",\"width\":1019,\"height\":776,\"caption\":\"PrijedorDanas.com\"},\"image\":{\"@id\":\"https:\/\/www.prijedordanas.com\/#\/schema\/logo\/image\/\"},\"sameAs\":[\"https:\/\/www.facebook.com\/PrijedorDanasCom\/\"]},{\"@type\":\"Person\",\"@id\":\"https:\/\/www.prijedordanas.com\/#\/schema\/person\/4e08ccf29b506ca916ff86d46bb700e6\",\"name\":\"admin\",\"image\":{\"@type\":\"ImageObject\",\"inLanguage\":\"en-US\",\"@id\":\"https:\/\/www.prijedordanas.com\/#\/schema\/person\/image\/\",\"url\":\"https:\/\/secure.gravatar.com\/avatar\/1d3fc949d550f0b53a5f0d51e06dfd79?s=96&d=mm&r=g\",\"contentUrl\":\"https:\/\/secure.gravatar.com\/avatar\/1d3fc949d550f0b53a5f0d51e06dfd79?s=96&d=mm&r=g\",\"caption\":\"admin\"},\"url\":\"https:\/\/www.prijedordanas.com\/?author=1\"}]}<\/script>\n<!-- \/ Yoast SEO plugin. -->","yoast_head_json":{"title":"KUP RS: GOMJENICA IZGUBILA OD KARANOVCA - FOTO - PrijedorDanas.com - Prijedorski gradski portal","robots":{"index":"index","follow":"follow","max-snippet":"max-snippet:-1","max-image-preview":"max-image-preview:large","max-video-preview":"max-video-preview:-1"},"canonical":"https:\/\/www.prijedordanas.com\/?p=29280","og_locale":"en_US","og_type":"article","og_title":"KUP RS: GOMJENICA IZGUBILA OD KARANOVCA - FOTO - PrijedorDanas.com - Prijedorski gradski portal","og_description":"U susretu regionalnih liga\u0161a Republike Srpske, u okviru \u0161esnaestine finala Kupa Republike Srpske, gosti su slavili u Prijedoru, Gomjenica: Karanovac 0:2(0:0). Trener doma\u0107ih Mile Kotaran nije mogao da ra\u010duna na [&hellip;]","og_url":"https:\/\/www.prijedordanas.com\/?p=29280","og_site_name":"PrijedorDanas.com - Prijedorski gradski portal","article_publisher":"https:\/\/www.facebook.com\/PrijedorDanasCom\/","article_published_time":"2015-09-18T15:48:08+00:00","article_modified_time":"2015-09-18T15:52:44+00:00","og_image":[{"url":"https:\/\/www.prijedordanas.com\/wp-content\/uploads\/2015\/09\/kup-rs-gomjenica-karanovac-1-300x199.jpg"}],"author":"admin","twitter_card":"summary_large_image","twitter_misc":{"Written by":"admin","Est. reading time":"2 minutes"},"schema":{"@context":"https:\/\/schema.org","@graph":[{"@type":"Article","@id":"https:\/\/www.prijedordanas.com\/?p=29280#article","isPartOf":{"@id":"https:\/\/www.prijedordanas.com\/?p=29280"},"author":{"name":"admin","@id":"https:\/\/www.prijedordanas.com\/#\/schema\/person\/4e08ccf29b506ca916ff86d46bb700e6"},"headline":"KUP RS: GOMJENICA IZGUBILA OD KARANOVCA &#8211; FOTO","datePublished":"2015-09-18T15:48:08+00:00","dateModified":"2015-09-18T15:52:44+00:00","mainEntityOfPage":{"@id":"https:\/\/www.prijedordanas.com\/?p=29280"},"wordCount":362,"publisher":{"@id":"https:\/\/www.prijedordanas.com\/#organization"},"keywords":["Gomjenica","Karanovac","Kup Republike Srpske"],"articleSection":["Sport"],"inLanguage":"en-US"},{"@type":"WebPage","@id":"https:\/\/www.prijedordanas.com\/?p=29280","url":"https:\/\/www.prijedordanas.com\/?p=29280","name":"KUP RS: GOMJENICA IZGUBILA OD KARANOVCA - FOTO - PrijedorDanas.com - Prijedorski gradski portal","isPartOf":{"@id":"https:\/\/www.prijedordanas.com\/#website"},"datePublished":"2015-09-18T15:48:08+00:00","dateModified":"2015-09-18T15:52:44+00:00","breadcrumb":{"@id":"https:\/\/www.prijedordanas.com\/?p=29280#breadcrumb"},"inLanguage":"en-US","potentialAction":[{"@type":"ReadAction","target":["https:\/\/www.prijedordanas.com\/?p=29280"]}]},{"@type":"BreadcrumbList","@id":"https:\/\/www.prijedordanas.com\/?p=29280#breadcrumb","itemListElement":[{"@type":"ListItem","position":1,"name":"Home","item":"https:\/\/www.prijedordanas.com\/"},{"@type":"ListItem","position":2,"name":"KUP RS: GOMJENICA IZGUBILA OD KARANOVCA &#8211; FOTO"}]},{"@type":"WebSite","@id":"https:\/\/www.prijedordanas.com\/#website","url":"https:\/\/www.prijedordanas.com\/","name":"PrijedorDanas.com - Prijedorski gradski portal","description":"Portal o doga\u0111anjima u gradu Prijedoru","publisher":{"@id":"https:\/\/www.prijedordanas.com\/#organization"},"potentialAction":[{"@type":"SearchAction","target":{"@type":"EntryPoint","urlTemplate":"https:\/\/www.prijedordanas.com\/?s={search_term_string}"},"query-input":"required name=search_term_string"}],"inLanguage":"en-US"},{"@type":"Organization","@id":"https:\/\/www.prijedordanas.com\/#organization","name":"PrijedorDanas.com","url":"https:\/\/www.prijedordanas.com\/","logo":{"@type":"ImageObject","inLanguage":"en-US","@id":"https:\/\/www.prijedordanas.com\/#\/schema\/logo\/image\/","url":"http:\/\/www.prijedordanas.com\/wp-content\/uploads\/2021\/12\/logopng.png","contentUrl":"http:\/\/www.prijedordanas.com\/wp-content\/uploads\/2021\/12\/logopng.png","width":1019,"height":776,"caption":"PrijedorDanas.com"},"image":{"@id":"https:\/\/www.prijedordanas.com\/#\/schema\/logo\/image\/"},"sameAs":["https:\/\/www.facebook.com\/PrijedorDanasCom\/"]},{"@type":"Person","@id":"https:\/\/www.prijedordanas.com\/#\/schema\/person\/4e08ccf29b506ca916ff86d46bb700e6","name":"admin","image":{"@type":"ImageObject","inLanguage":"en-US","@id":"https:\/\/www.prijedordanas.com\/#\/schema\/person\/image\/","url":"https:\/\/secure.gravatar.com\/avatar\/1d3fc949d550f0b53a5f0d51e06dfd79?s=96&d=mm&r=g","contentUrl":"https:\/\/secure.gravatar.com\/avatar\/1d3fc949d550f0b53a5f0d51e06dfd79?s=96&d=mm&r=g","caption":"admin"},"url":"https:\/\/www.prijedordanas.com\/?author=1"}]}},"_links":{"self":[{"href":"https:\/\/www.prijedordanas.com\/index.php?rest_route=\/wp\/v2\/posts\/29280"}],"collection":[{"href":"https:\/\/www.prijedordanas.com\/index.php?rest_route=\/wp\/v2\/posts"}],"about":[{"href":"https:\/\/www.prijedordanas.com\/index.php?rest_route=\/wp\/v2\/types\/post"}],"author":[{"embeddable":true,"href":"https:\/\/www.prijedordanas.com\/index.php?rest_route=\/wp\/v2\/users\/1"}],"replies":[{"embeddable":true,"href":"https:\/\/www.prijedordanas.com\/index.php?rest_route=%2Fwp%2Fv2%2Fcomments&post=29280"}],"version-history":[{"count":4,"href":"https:\/\/www.prijedordanas.com\/index.php?rest_route=\/wp\/v2\/posts\/29280\/revisions"}],"predecessor-version":[{"id":29323,"href":"https:\/\/www.prijedordanas.com\/index.php?rest_route=\/wp\/v2\/posts\/29280\/revisions\/29323"}],"wp:attachment":[{"href":"https:\/\/www.prijedordanas.com\/index.php?rest_route=%2Fwp%2Fv2%2Fmedia&parent=29280"}],"wp:term":[{"taxonomy":"category","embeddable":true,"href":"https:\/\/www.prijedordanas.com\/index.php?rest_route=%2Fwp%2Fv2%2Fcategories&post=29280"},{"taxonomy":"post_tag","embeddable":true,"href":"https:\/\/www.prijedordanas.com\/index.php?rest_route=%2Fwp%2Fv2%2Ftags&post=29280"}],"curies":[{"name":"wp","href":"https:\/\/api.w.org\/{rel}","templated":true}]}}