{"id":29259,"date":"2015-09-17T20:13:00","date_gmt":"2015-09-17T19:13:00","guid":{"rendered":"https:\/\/www.prijedordanas.com\/?p=29259"},"modified":"2015-09-17T20:13:00","modified_gmt":"2015-09-17T19:13:00","slug":"rudar-prijedor-eliminisan-iz-kupa-rs-gavran-se-prepao","status":"publish","type":"post","link":"https:\/\/www.prijedordanas.com\/?p=29259","title":{"rendered":"RUDAR-PRIJEDOR ELIMINISAN IZ KUPA RS: GAVRAN SE PREPAO"},"content":{"rendered":"<p><a href=\"https:\/\/www.prijedordanas.com\/wp-content\/uploads\/2015\/09\/rudar-prijedor-gavran-ispadanje-iz-kupa-rs.jpg\"><img loading=\"lazy\" decoding=\"async\" src=\"https:\/\/www.prijedordanas.com\/wp-content\/uploads\/2015\/09\/rudar-prijedor-gavran-ispadanje-iz-kupa-rs-300x275.jpg\" alt=\"rudar prijedor-gavran-ispadanje iz kupa rs\" width=\"300\" height=\"275\" class=\"alignleft size-medium wp-image-29260\" srcset=\"https:\/\/www.prijedordanas.com\/wp-content\/uploads\/2015\/09\/rudar-prijedor-gavran-ispadanje-iz-kupa-rs-300x275.jpg 300w, https:\/\/www.prijedordanas.com\/wp-content\/uploads\/2015\/09\/rudar-prijedor-gavran-ispadanje-iz-kupa-rs.jpg 600w\" sizes=\"(max-width: 300px) 100vw, 300px\" \/><\/a>U Rudar-Prijedoru, koji je, kao branilac trofeja u Kupu Republike Srpske, na startu novog ciklusa takmi\u010denja, 23.po redu, eliminisan minimalnim porazom 0:1 na gostovanju drugoliga\u0161u tesli\u0107kom Proleteru, izra\u017eavaju \u017ealjenje zbog ispadanja. Ipak, \u0161efu stru\u010dnog \u0161taba ovog bh.premijerliga\u0161a Borisu Gavranu neke stvari su, poslije ove utakmice, mnogo jasnije.<\/p>\n<p>-Spletom okolnosti, zbog povreda i kartona, ukazali smo priliku momcima, koji nisu imali dovoljnu minuta\u017eu. Vjerovatno su i sami mislili da zaslu\u017euju vi\u0161e i o\u010dekivao sam da tu utakmicu shvate tako da mi doka\u017eu da nisam do sada bio u pravu. Tek sada su kod mene napravili prepad, jer sam postao svjestan i da nemam alternative za prvotimce koji su u prvom planu &#8211; naglasio je Gavran.  <\/p>\n<p>Misli su ve\u0107 okrenute ka subotnjem okr\u0161aju u borbama za bodove, ovogodi\u0161njem finalisti Kupa BIH, \u0160irokom Brijegu, protiv kojeg \u0107e \u201erudari sa Sane\u201c odmjeriti snage i u utorak na stadionu \u201ePecara\u201c u \u0161esnaestini finala Kupa BiH. Mnogo je problema oko igra\u010dkog kadra, izvjesno je da \u0107e zbog \u017eutih kartona izostati Neboj\u0161a Peji\u0107, Stipe Milo\u0161 i \u010cedomir \u0106ulum.      <\/p>\n<p>Tekst i foto \u2013 Nenad \u0110eri\u0107\/Aleksandar Drakuli\u0107 \u2013 <a href=\"www.prijedordanas.com\" target=\"_blank\">www.prijedordanas.com<\/a><\/p>\n","protected":false},"excerpt":{"rendered":"<p>U Rudar-Prijedoru, koji je, kao branilac trofeja u Kupu Republike Srpske, na startu novog ciklusa takmi\u010denja, 23.po redu, eliminisan minimalnim porazom 0:1 na gostovanju drugoliga\u0161u tesli\u0107kom Proleteru, izra\u017eavaju \u017ealjenje zbog [&hellip;]<\/p>\n","protected":false},"author":1,"featured_media":0,"comment_status":"closed","ping_status":"open","sticky":false,"template":"","format":"standard","meta":{"_monsterinsights_skip_tracking":false,"_monsterinsights_sitenote_active":false,"_monsterinsights_sitenote_note":"","_monsterinsights_sitenote_category":0,"footnotes":""},"categories":[7],"tags":[3933,5041,4397,777,5040,221],"yoast_head":"<!-- This site is optimized with the Yoast SEO plugin v21.6 - https:\/\/yoast.com\/wordpress\/plugins\/seo\/ -->\n<title>RUDAR-PRIJEDOR ELIMINISAN IZ KUPA RS: GAVRAN SE PREPAO - PrijedorDanas.com - Prijedorski gradski portal<\/title>\n<meta name=\"robots\" content=\"index, follow, max-snippet:-1, max-image-preview:large, max-video-preview:-1\" \/>\n<link rel=\"canonical\" href=\"https:\/\/www.prijedordanas.com\/?p=29259\" \/>\n<meta property=\"og:locale\" content=\"en_US\" \/>\n<meta property=\"og:type\" content=\"article\" \/>\n<meta property=\"og:title\" content=\"RUDAR-PRIJEDOR ELIMINISAN IZ KUPA RS: GAVRAN SE PREPAO - PrijedorDanas.com - Prijedorski gradski portal\" \/>\n<meta property=\"og:description\" content=\"U Rudar-Prijedoru, koji je, kao branilac trofeja u Kupu Republike Srpske, na startu novog ciklusa takmi\u010denja, 23.po redu, eliminisan minimalnim porazom 0:1 na gostovanju drugoliga\u0161u tesli\u0107kom Proleteru, izra\u017eavaju \u017ealjenje zbog [&hellip;]\" \/>\n<meta property=\"og:url\" content=\"https:\/\/www.prijedordanas.com\/?p=29259\" \/>\n<meta property=\"og:site_name\" content=\"PrijedorDanas.com - Prijedorski gradski portal\" \/>\n<meta property=\"article:publisher\" content=\"https:\/\/www.facebook.com\/PrijedorDanasCom\/\" \/>\n<meta property=\"article:published_time\" content=\"2015-09-17T19:13:00+00:00\" \/>\n<meta property=\"og:image\" content=\"https:\/\/www.prijedordanas.com\/wp-content\/uploads\/2015\/09\/rudar-prijedor-gavran-ispadanje-iz-kupa-rs-300x275.jpg\" \/>\n<meta name=\"author\" content=\"admin\" \/>\n<meta name=\"twitter:card\" content=\"summary_large_image\" \/>\n<meta name=\"twitter:label1\" content=\"Written by\" \/>\n\t<meta name=\"twitter:data1\" content=\"admin\" \/>\n\t<meta name=\"twitter:label2\" content=\"Est. reading time\" \/>\n\t<meta name=\"twitter:data2\" content=\"1 minute\" \/>\n<script type=\"application\/ld+json\" class=\"yoast-schema-graph\">{\"@context\":\"https:\/\/schema.org\",\"@graph\":[{\"@type\":\"Article\",\"@id\":\"https:\/\/www.prijedordanas.com\/?p=29259#article\",\"isPartOf\":{\"@id\":\"https:\/\/www.prijedordanas.com\/?p=29259\"},\"author\":{\"name\":\"admin\",\"@id\":\"https:\/\/www.prijedordanas.com\/#\/schema\/person\/4e08ccf29b506ca916ff86d46bb700e6\"},\"headline\":\"RUDAR-PRIJEDOR ELIMINISAN IZ KUPA RS: GAVRAN SE PREPAO\",\"datePublished\":\"2015-09-17T19:13:00+00:00\",\"dateModified\":\"2015-09-17T19:13:00+00:00\",\"mainEntityOfPage\":{\"@id\":\"https:\/\/www.prijedordanas.com\/?p=29259\"},\"wordCount\":204,\"publisher\":{\"@id\":\"https:\/\/www.prijedordanas.com\/#organization\"},\"keywords\":[\"Boris Gavran\",\"eliminacija\",\"igra\u010dki kadar\",\"Kup RS\",\"prepad\",\"Rudar-Prijedor\"],\"articleSection\":[\"Sport\"],\"inLanguage\":\"en-US\"},{\"@type\":\"WebPage\",\"@id\":\"https:\/\/www.prijedordanas.com\/?p=29259\",\"url\":\"https:\/\/www.prijedordanas.com\/?p=29259\",\"name\":\"RUDAR-PRIJEDOR ELIMINISAN IZ KUPA RS: GAVRAN SE PREPAO - PrijedorDanas.com - Prijedorski gradski portal\",\"isPartOf\":{\"@id\":\"https:\/\/www.prijedordanas.com\/#website\"},\"datePublished\":\"2015-09-17T19:13:00+00:00\",\"dateModified\":\"2015-09-17T19:13:00+00:00\",\"breadcrumb\":{\"@id\":\"https:\/\/www.prijedordanas.com\/?p=29259#breadcrumb\"},\"inLanguage\":\"en-US\",\"potentialAction\":[{\"@type\":\"ReadAction\",\"target\":[\"https:\/\/www.prijedordanas.com\/?p=29259\"]}]},{\"@type\":\"BreadcrumbList\",\"@id\":\"https:\/\/www.prijedordanas.com\/?p=29259#breadcrumb\",\"itemListElement\":[{\"@type\":\"ListItem\",\"position\":1,\"name\":\"Home\",\"item\":\"https:\/\/www.prijedordanas.com\/\"},{\"@type\":\"ListItem\",\"position\":2,\"name\":\"RUDAR-PRIJEDOR ELIMINISAN IZ KUPA RS: GAVRAN SE PREPAO\"}]},{\"@type\":\"WebSite\",\"@id\":\"https:\/\/www.prijedordanas.com\/#website\",\"url\":\"https:\/\/www.prijedordanas.com\/\",\"name\":\"PrijedorDanas.com - Prijedorski gradski portal\",\"description\":\"Portal o doga\u0111anjima u gradu Prijedoru\",\"publisher\":{\"@id\":\"https:\/\/www.prijedordanas.com\/#organization\"},\"potentialAction\":[{\"@type\":\"SearchAction\",\"target\":{\"@type\":\"EntryPoint\",\"urlTemplate\":\"https:\/\/www.prijedordanas.com\/?s={search_term_string}\"},\"query-input\":\"required name=search_term_string\"}],\"inLanguage\":\"en-US\"},{\"@type\":\"Organization\",\"@id\":\"https:\/\/www.prijedordanas.com\/#organization\",\"name\":\"PrijedorDanas.com\",\"url\":\"https:\/\/www.prijedordanas.com\/\",\"logo\":{\"@type\":\"ImageObject\",\"inLanguage\":\"en-US\",\"@id\":\"https:\/\/www.prijedordanas.com\/#\/schema\/logo\/image\/\",\"url\":\"http:\/\/www.prijedordanas.com\/wp-content\/uploads\/2021\/12\/logopng.png\",\"contentUrl\":\"http:\/\/www.prijedordanas.com\/wp-content\/uploads\/2021\/12\/logopng.png\",\"width\":1019,\"height\":776,\"caption\":\"PrijedorDanas.com\"},\"image\":{\"@id\":\"https:\/\/www.prijedordanas.com\/#\/schema\/logo\/image\/\"},\"sameAs\":[\"https:\/\/www.facebook.com\/PrijedorDanasCom\/\"]},{\"@type\":\"Person\",\"@id\":\"https:\/\/www.prijedordanas.com\/#\/schema\/person\/4e08ccf29b506ca916ff86d46bb700e6\",\"name\":\"admin\",\"image\":{\"@type\":\"ImageObject\",\"inLanguage\":\"en-US\",\"@id\":\"https:\/\/www.prijedordanas.com\/#\/schema\/person\/image\/\",\"url\":\"https:\/\/secure.gravatar.com\/avatar\/1d3fc949d550f0b53a5f0d51e06dfd79?s=96&d=mm&r=g\",\"contentUrl\":\"https:\/\/secure.gravatar.com\/avatar\/1d3fc949d550f0b53a5f0d51e06dfd79?s=96&d=mm&r=g\",\"caption\":\"admin\"},\"url\":\"https:\/\/www.prijedordanas.com\/?author=1\"}]}<\/script>\n<!-- \/ Yoast SEO plugin. -->","yoast_head_json":{"title":"RUDAR-PRIJEDOR ELIMINISAN IZ KUPA RS: GAVRAN SE PREPAO - PrijedorDanas.com - Prijedorski gradski portal","robots":{"index":"index","follow":"follow","max-snippet":"max-snippet:-1","max-image-preview":"max-image-preview:large","max-video-preview":"max-video-preview:-1"},"canonical":"https:\/\/www.prijedordanas.com\/?p=29259","og_locale":"en_US","og_type":"article","og_title":"RUDAR-PRIJEDOR ELIMINISAN IZ KUPA RS: GAVRAN SE PREPAO - PrijedorDanas.com - Prijedorski gradski portal","og_description":"U Rudar-Prijedoru, koji je, kao branilac trofeja u Kupu Republike Srpske, na startu novog ciklusa takmi\u010denja, 23.po redu, eliminisan minimalnim porazom 0:1 na gostovanju drugoliga\u0161u tesli\u0107kom Proleteru, izra\u017eavaju \u017ealjenje zbog [&hellip;]","og_url":"https:\/\/www.prijedordanas.com\/?p=29259","og_site_name":"PrijedorDanas.com - Prijedorski gradski portal","article_publisher":"https:\/\/www.facebook.com\/PrijedorDanasCom\/","article_published_time":"2015-09-17T19:13:00+00:00","og_image":[{"url":"https:\/\/www.prijedordanas.com\/wp-content\/uploads\/2015\/09\/rudar-prijedor-gavran-ispadanje-iz-kupa-rs-300x275.jpg"}],"author":"admin","twitter_card":"summary_large_image","twitter_misc":{"Written by":"admin","Est. reading time":"1 minute"},"schema":{"@context":"https:\/\/schema.org","@graph":[{"@type":"Article","@id":"https:\/\/www.prijedordanas.com\/?p=29259#article","isPartOf":{"@id":"https:\/\/www.prijedordanas.com\/?p=29259"},"author":{"name":"admin","@id":"https:\/\/www.prijedordanas.com\/#\/schema\/person\/4e08ccf29b506ca916ff86d46bb700e6"},"headline":"RUDAR-PRIJEDOR ELIMINISAN IZ KUPA RS: GAVRAN SE PREPAO","datePublished":"2015-09-17T19:13:00+00:00","dateModified":"2015-09-17T19:13:00+00:00","mainEntityOfPage":{"@id":"https:\/\/www.prijedordanas.com\/?p=29259"},"wordCount":204,"publisher":{"@id":"https:\/\/www.prijedordanas.com\/#organization"},"keywords":["Boris Gavran","eliminacija","igra\u010dki kadar","Kup RS","prepad","Rudar-Prijedor"],"articleSection":["Sport"],"inLanguage":"en-US"},{"@type":"WebPage","@id":"https:\/\/www.prijedordanas.com\/?p=29259","url":"https:\/\/www.prijedordanas.com\/?p=29259","name":"RUDAR-PRIJEDOR ELIMINISAN IZ KUPA RS: GAVRAN SE PREPAO - PrijedorDanas.com - Prijedorski gradski portal","isPartOf":{"@id":"https:\/\/www.prijedordanas.com\/#website"},"datePublished":"2015-09-17T19:13:00+00:00","dateModified":"2015-09-17T19:13:00+00:00","breadcrumb":{"@id":"https:\/\/www.prijedordanas.com\/?p=29259#breadcrumb"},"inLanguage":"en-US","potentialAction":[{"@type":"ReadAction","target":["https:\/\/www.prijedordanas.com\/?p=29259"]}]},{"@type":"BreadcrumbList","@id":"https:\/\/www.prijedordanas.com\/?p=29259#breadcrumb","itemListElement":[{"@type":"ListItem","position":1,"name":"Home","item":"https:\/\/www.prijedordanas.com\/"},{"@type":"ListItem","position":2,"name":"RUDAR-PRIJEDOR ELIMINISAN IZ KUPA RS: GAVRAN SE PREPAO"}]},{"@type":"WebSite","@id":"https:\/\/www.prijedordanas.com\/#website","url":"https:\/\/www.prijedordanas.com\/","name":"PrijedorDanas.com - Prijedorski gradski portal","description":"Portal o doga\u0111anjima u gradu Prijedoru","publisher":{"@id":"https:\/\/www.prijedordanas.com\/#organization"},"potentialAction":[{"@type":"SearchAction","target":{"@type":"EntryPoint","urlTemplate":"https:\/\/www.prijedordanas.com\/?s={search_term_string}"},"query-input":"required name=search_term_string"}],"inLanguage":"en-US"},{"@type":"Organization","@id":"https:\/\/www.prijedordanas.com\/#organization","name":"PrijedorDanas.com","url":"https:\/\/www.prijedordanas.com\/","logo":{"@type":"ImageObject","inLanguage":"en-US","@id":"https:\/\/www.prijedordanas.com\/#\/schema\/logo\/image\/","url":"http:\/\/www.prijedordanas.com\/wp-content\/uploads\/2021\/12\/logopng.png","contentUrl":"http:\/\/www.prijedordanas.com\/wp-content\/uploads\/2021\/12\/logopng.png","width":1019,"height":776,"caption":"PrijedorDanas.com"},"image":{"@id":"https:\/\/www.prijedordanas.com\/#\/schema\/logo\/image\/"},"sameAs":["https:\/\/www.facebook.com\/PrijedorDanasCom\/"]},{"@type":"Person","@id":"https:\/\/www.prijedordanas.com\/#\/schema\/person\/4e08ccf29b506ca916ff86d46bb700e6","name":"admin","image":{"@type":"ImageObject","inLanguage":"en-US","@id":"https:\/\/www.prijedordanas.com\/#\/schema\/person\/image\/","url":"https:\/\/secure.gravatar.com\/avatar\/1d3fc949d550f0b53a5f0d51e06dfd79?s=96&d=mm&r=g","contentUrl":"https:\/\/secure.gravatar.com\/avatar\/1d3fc949d550f0b53a5f0d51e06dfd79?s=96&d=mm&r=g","caption":"admin"},"url":"https:\/\/www.prijedordanas.com\/?author=1"}]}},"_links":{"self":[{"href":"https:\/\/www.prijedordanas.com\/index.php?rest_route=\/wp\/v2\/posts\/29259"}],"collection":[{"href":"https:\/\/www.prijedordanas.com\/index.php?rest_route=\/wp\/v2\/posts"}],"about":[{"href":"https:\/\/www.prijedordanas.com\/index.php?rest_route=\/wp\/v2\/types\/post"}],"author":[{"embeddable":true,"href":"https:\/\/www.prijedordanas.com\/index.php?rest_route=\/wp\/v2\/users\/1"}],"replies":[{"embeddable":true,"href":"https:\/\/www.prijedordanas.com\/index.php?rest_route=%2Fwp%2Fv2%2Fcomments&post=29259"}],"version-history":[{"count":1,"href":"https:\/\/www.prijedordanas.com\/index.php?rest_route=\/wp\/v2\/posts\/29259\/revisions"}],"predecessor-version":[{"id":29261,"href":"https:\/\/www.prijedordanas.com\/index.php?rest_route=\/wp\/v2\/posts\/29259\/revisions\/29261"}],"wp:attachment":[{"href":"https:\/\/www.prijedordanas.com\/index.php?rest_route=%2Fwp%2Fv2%2Fmedia&parent=29259"}],"wp:term":[{"taxonomy":"category","embeddable":true,"href":"https:\/\/www.prijedordanas.com\/index.php?rest_route=%2Fwp%2Fv2%2Fcategories&post=29259"},{"taxonomy":"post_tag","embeddable":true,"href":"https:\/\/www.prijedordanas.com\/index.php?rest_route=%2Fwp%2Fv2%2Ftags&post=29259"}],"curies":[{"name":"wp","href":"https:\/\/api.w.org\/{rel}","templated":true}]}}