{"id":29137,"date":"2015-09-14T18:47:37","date_gmt":"2015-09-14T17:47:37","guid":{"rendered":"https:\/\/www.prijedordanas.com\/?p=29137"},"modified":"2015-09-14T18:47:37","modified_gmt":"2015-09-14T17:47:37","slug":"mladi-prijedorcanin-u-pionirskoj-reprezentaciji-srpske-na-danima-fudbala","status":"publish","type":"post","link":"https:\/\/www.prijedordanas.com\/?p=29137","title":{"rendered":"MLADI PRIJEDOR\u010cANIN U PIONIRSKOJ REPREZENTACIJI SRPSKE NA \u201eDANIMA FUDBALA\u201c"},"content":{"rendered":"<p><a href=\"https:\/\/www.prijedordanas.com\/wp-content\/uploads\/2015\/09\/nikola-coric.jpg\"><img loading=\"lazy\" decoding=\"async\" src=\"https:\/\/www.prijedordanas.com\/wp-content\/uploads\/2015\/09\/nikola-coric-252x300.jpg\" alt=\"nikola coric\" width=\"252\" height=\"300\" class=\"alignleft size-medium wp-image-29138\" srcset=\"https:\/\/www.prijedordanas.com\/wp-content\/uploads\/2015\/09\/nikola-coric-252x300.jpg 252w, https:\/\/www.prijedordanas.com\/wp-content\/uploads\/2015\/09\/nikola-coric.jpg 504w\" sizes=\"(max-width: 252px) 100vw, 252px\" \/><\/a>Tradicionalna manifestacija \u201eDani fudbala\u201c u organizaciji Fudbalskog saveza Republike Srpske, koja se organizuje povodom proslave ro\u0111endana Saveza po\u010dinje 15. septembra u Derventi utakmicom U-15 reprezentacije Republike Srpske i vr\u0161njaka iz domac\u0301eg Tekstilca, \u010dlana Prve lige.<\/p>\n<p>Utakmica je na programu od 16 \u010dasova, a okupljanje reprezentativaca planirano je u 12 \u010dasova na stadionu Fudbalskog kluba Tekstilac. <\/p>\n<p>Na spisku reprezentativaca za ovu akciju Fudbalskog saveza Republike Srpske su:<br \/>\n1. Stani\u0161ic\u0301 Nikola (Radnik, Bijeljina)<br \/>\n2. Tomic\u0301 Slobodan (Radnik, Bijeljina)<br \/>\n3. Radic\u0301 Aleksa (Radnik, Bijeljina)<br \/>\n4. Arsic\u0301 Vladimir (Borac, Banjaluka)<br \/>\n5. Turanjanin Nikola (Borac, Banjaluka)<br \/>\n6. Jovic\u0301 \u0110or\u0111e (Borac, Banjaluka)<br \/>\n7. \u0110eric\u0301 Uro\u0161 (OFK Glasinac 2011, Sokolac)<br \/>\n8. Koprivica Marko (Leotar, Trebinje)<br \/>\n9. Milo\u0161evic\u0301 Dragan (Vlasenica)<br \/>\n10. Soldat Ognjen (Sloboda, Mrkonjic\u0301 Grad)<br \/>\n11. Matkovic\u0301 Dragan (Zvijezda 09, Etno selo \u201eStani\u0161ic\u0301i\u201c)<br \/>\n12. Mojovic\u0301 Ognjen (Sutjeska, Fo\u010da)<br \/>\n13. Nikolic\u0301 Nemanja (Drina, Zvornik)<br \/>\n14. Sremac David (Polet 1926, Brod)<br \/>\n15. C\u0301oric\u0301 Nikola (Rudar-Prijedor)<br \/>\n16. Unkic\u0301 Aljo (Mineral, Banja Vruc\u0301ica)<br \/>\n17. Rokic\u0301 Milo\u0161 (Borac, Kozarska Dubica)<br \/>\n18. \u0110ur\u0111ic\u0301 Strahinja (Jedinstvo, Br\u010dko)<br \/>\n19. Pale\u017enica Viktor (Borac, \u0160amac)<\/p>\n<p>Stru\u010dni \u0161tab za ovu akciju sa\u010dinjavaju treneri Veljko Cvijetinovic\u0301, Denis Male\u0161evic\u0301, Dino Sikiric\u0301 i Dejan Plisnic\u0301, fizioterapeut Dragana Sokunic\u0301 i sekretar stru\u010dnog \u0161taba U-15 reprezentacije Dejan Todoric\u0301.<\/p>\n<p>Fudbalski savez Republike Srpske<\/p>\n<p>Mladi Prijedor\u010danin Nikola \u0106ori\u0107 tako se ponovo na\u0161ao na spisku pionirske reprezentacije Republike Srpske, nakon \u0161to je nedavno bio njen \u010dlan i na me\u0111unarodnom turniru \u201eJozef Kubin\u201c u Jablonecu (\u010ce\u0161ka) gdje je osvojeno drugo mjesto.<\/p>\n<p>-Zadovoljan sam \u0161to sam ponovo na spisku pionirskih reprezentativaca Srpske. S obzirom da se radi o samo jednom me\u010du potrudi\u0107u se da opravdam poziv i dostojno reprezentujem svoj rodni grad i mati\u010dni klub Rudar-Prijedor \u2013 rekao je \u0106ori\u0107.<\/p>\n<p>Tekst i foto arhiva \u2013 Aleksandar Drakuli\u0107 \u2013 <a href=\"www.prijedordanas.com\" target=\"_blank\">www.prijedordanas.com<\/a><\/p>\n","protected":false},"excerpt":{"rendered":"<p>Tradicionalna manifestacija \u201eDani fudbala\u201c u organizaciji Fudbalskog saveza Republike Srpske, koja se organizuje povodom proslave ro\u0111endana Saveza po\u010dinje 15. septembra u Derventi utakmicom U-15 reprezentacije Republike Srpske i vr\u0161njaka iz [&hellip;]<\/p>\n","protected":false},"author":1,"featured_media":0,"comment_status":"closed","ping_status":"open","sticky":false,"template":"","format":"standard","meta":{"_monsterinsights_skip_tracking":false,"_monsterinsights_sitenote_active":false,"_monsterinsights_sitenote_note":"","_monsterinsights_sitenote_category":0,"footnotes":""},"categories":[7],"tags":[5000,4669,4363,2445,4999],"yoast_head":"<!-- This site is optimized with the Yoast SEO plugin v21.6 - https:\/\/yoast.com\/wordpress\/plugins\/seo\/ -->\n<title>MLADI PRIJEDOR\u010cANIN U PIONIRSKOJ REPREZENTACIJI SRPSKE NA \u201eDANIMA FUDBALA\u201c - PrijedorDanas.com - Prijedorski gradski portal<\/title>\n<meta name=\"robots\" content=\"index, follow, max-snippet:-1, max-image-preview:large, max-video-preview:-1\" \/>\n<link rel=\"canonical\" href=\"https:\/\/www.prijedordanas.com\/?p=29137\" \/>\n<meta property=\"og:locale\" content=\"en_US\" \/>\n<meta property=\"og:type\" content=\"article\" \/>\n<meta property=\"og:title\" content=\"MLADI PRIJEDOR\u010cANIN U PIONIRSKOJ REPREZENTACIJI SRPSKE NA \u201eDANIMA FUDBALA\u201c - PrijedorDanas.com - Prijedorski gradski portal\" \/>\n<meta property=\"og:description\" content=\"Tradicionalna manifestacija \u201eDani fudbala\u201c u organizaciji Fudbalskog saveza Republike Srpske, koja se organizuje povodom proslave ro\u0111endana Saveza po\u010dinje 15. septembra u Derventi utakmicom U-15 reprezentacije Republike Srpske i vr\u0161njaka iz [&hellip;]\" \/>\n<meta property=\"og:url\" content=\"https:\/\/www.prijedordanas.com\/?p=29137\" \/>\n<meta property=\"og:site_name\" content=\"PrijedorDanas.com - Prijedorski gradski portal\" \/>\n<meta property=\"article:publisher\" content=\"https:\/\/www.facebook.com\/PrijedorDanasCom\/\" \/>\n<meta property=\"article:published_time\" content=\"2015-09-14T17:47:37+00:00\" \/>\n<meta property=\"og:image\" content=\"https:\/\/www.prijedordanas.com\/wp-content\/uploads\/2015\/09\/nikola-coric-252x300.jpg\" \/>\n<meta name=\"author\" content=\"admin\" \/>\n<meta name=\"twitter:card\" content=\"summary_large_image\" \/>\n<meta name=\"twitter:label1\" content=\"Written by\" \/>\n\t<meta name=\"twitter:data1\" content=\"admin\" \/>\n\t<meta name=\"twitter:label2\" content=\"Est. reading time\" \/>\n\t<meta name=\"twitter:data2\" content=\"1 minute\" \/>\n<script type=\"application\/ld+json\" class=\"yoast-schema-graph\">{\"@context\":\"https:\/\/schema.org\",\"@graph\":[{\"@type\":\"Article\",\"@id\":\"https:\/\/www.prijedordanas.com\/?p=29137#article\",\"isPartOf\":{\"@id\":\"https:\/\/www.prijedordanas.com\/?p=29137\"},\"author\":{\"name\":\"admin\",\"@id\":\"https:\/\/www.prijedordanas.com\/#\/schema\/person\/4e08ccf29b506ca916ff86d46bb700e6\"},\"headline\":\"MLADI PRIJEDOR\u010cANIN U PIONIRSKOJ REPREZENTACIJI SRPSKE NA \u201eDANIMA FUDBALA\u201c\",\"datePublished\":\"2015-09-14T17:47:37+00:00\",\"dateModified\":\"2015-09-14T17:47:37+00:00\",\"mainEntityOfPage\":{\"@id\":\"https:\/\/www.prijedordanas.com\/?p=29137\"},\"wordCount\":291,\"publisher\":{\"@id\":\"https:\/\/www.prijedordanas.com\/#organization\"},\"keywords\":[\"Dani fudbala\",\"Fudbalski savez Republike Srpske\",\"Nikola \u0106ori\u0107\",\"reprezentacija Republike Srpske\",\"U-15\"],\"articleSection\":[\"Sport\"],\"inLanguage\":\"en-US\"},{\"@type\":\"WebPage\",\"@id\":\"https:\/\/www.prijedordanas.com\/?p=29137\",\"url\":\"https:\/\/www.prijedordanas.com\/?p=29137\",\"name\":\"MLADI PRIJEDOR\u010cANIN U PIONIRSKOJ REPREZENTACIJI SRPSKE NA \u201eDANIMA FUDBALA\u201c - PrijedorDanas.com - Prijedorski gradski portal\",\"isPartOf\":{\"@id\":\"https:\/\/www.prijedordanas.com\/#website\"},\"datePublished\":\"2015-09-14T17:47:37+00:00\",\"dateModified\":\"2015-09-14T17:47:37+00:00\",\"breadcrumb\":{\"@id\":\"https:\/\/www.prijedordanas.com\/?p=29137#breadcrumb\"},\"inLanguage\":\"en-US\",\"potentialAction\":[{\"@type\":\"ReadAction\",\"target\":[\"https:\/\/www.prijedordanas.com\/?p=29137\"]}]},{\"@type\":\"BreadcrumbList\",\"@id\":\"https:\/\/www.prijedordanas.com\/?p=29137#breadcrumb\",\"itemListElement\":[{\"@type\":\"ListItem\",\"position\":1,\"name\":\"Home\",\"item\":\"https:\/\/www.prijedordanas.com\/\"},{\"@type\":\"ListItem\",\"position\":2,\"name\":\"MLADI PRIJEDOR\u010cANIN U PIONIRSKOJ REPREZENTACIJI SRPSKE NA \u201eDANIMA FUDBALA\u201c\"}]},{\"@type\":\"WebSite\",\"@id\":\"https:\/\/www.prijedordanas.com\/#website\",\"url\":\"https:\/\/www.prijedordanas.com\/\",\"name\":\"PrijedorDanas.com - Prijedorski gradski portal\",\"description\":\"Portal o doga\u0111anjima u gradu Prijedoru\",\"publisher\":{\"@id\":\"https:\/\/www.prijedordanas.com\/#organization\"},\"potentialAction\":[{\"@type\":\"SearchAction\",\"target\":{\"@type\":\"EntryPoint\",\"urlTemplate\":\"https:\/\/www.prijedordanas.com\/?s={search_term_string}\"},\"query-input\":\"required name=search_term_string\"}],\"inLanguage\":\"en-US\"},{\"@type\":\"Organization\",\"@id\":\"https:\/\/www.prijedordanas.com\/#organization\",\"name\":\"PrijedorDanas.com\",\"url\":\"https:\/\/www.prijedordanas.com\/\",\"logo\":{\"@type\":\"ImageObject\",\"inLanguage\":\"en-US\",\"@id\":\"https:\/\/www.prijedordanas.com\/#\/schema\/logo\/image\/\",\"url\":\"http:\/\/www.prijedordanas.com\/wp-content\/uploads\/2021\/12\/logopng.png\",\"contentUrl\":\"http:\/\/www.prijedordanas.com\/wp-content\/uploads\/2021\/12\/logopng.png\",\"width\":1019,\"height\":776,\"caption\":\"PrijedorDanas.com\"},\"image\":{\"@id\":\"https:\/\/www.prijedordanas.com\/#\/schema\/logo\/image\/\"},\"sameAs\":[\"https:\/\/www.facebook.com\/PrijedorDanasCom\/\"]},{\"@type\":\"Person\",\"@id\":\"https:\/\/www.prijedordanas.com\/#\/schema\/person\/4e08ccf29b506ca916ff86d46bb700e6\",\"name\":\"admin\",\"image\":{\"@type\":\"ImageObject\",\"inLanguage\":\"en-US\",\"@id\":\"https:\/\/www.prijedordanas.com\/#\/schema\/person\/image\/\",\"url\":\"https:\/\/secure.gravatar.com\/avatar\/1d3fc949d550f0b53a5f0d51e06dfd79?s=96&d=mm&r=g\",\"contentUrl\":\"https:\/\/secure.gravatar.com\/avatar\/1d3fc949d550f0b53a5f0d51e06dfd79?s=96&d=mm&r=g\",\"caption\":\"admin\"},\"url\":\"https:\/\/www.prijedordanas.com\/?author=1\"}]}<\/script>\n<!-- \/ Yoast SEO plugin. -->","yoast_head_json":{"title":"MLADI PRIJEDOR\u010cANIN U PIONIRSKOJ REPREZENTACIJI SRPSKE NA \u201eDANIMA FUDBALA\u201c - PrijedorDanas.com - Prijedorski gradski portal","robots":{"index":"index","follow":"follow","max-snippet":"max-snippet:-1","max-image-preview":"max-image-preview:large","max-video-preview":"max-video-preview:-1"},"canonical":"https:\/\/www.prijedordanas.com\/?p=29137","og_locale":"en_US","og_type":"article","og_title":"MLADI PRIJEDOR\u010cANIN U PIONIRSKOJ REPREZENTACIJI SRPSKE NA \u201eDANIMA FUDBALA\u201c - PrijedorDanas.com - Prijedorski gradski portal","og_description":"Tradicionalna manifestacija \u201eDani fudbala\u201c u organizaciji Fudbalskog saveza Republike Srpske, koja se organizuje povodom proslave ro\u0111endana Saveza po\u010dinje 15. septembra u Derventi utakmicom U-15 reprezentacije Republike Srpske i vr\u0161njaka iz [&hellip;]","og_url":"https:\/\/www.prijedordanas.com\/?p=29137","og_site_name":"PrijedorDanas.com - Prijedorski gradski portal","article_publisher":"https:\/\/www.facebook.com\/PrijedorDanasCom\/","article_published_time":"2015-09-14T17:47:37+00:00","og_image":[{"url":"https:\/\/www.prijedordanas.com\/wp-content\/uploads\/2015\/09\/nikola-coric-252x300.jpg"}],"author":"admin","twitter_card":"summary_large_image","twitter_misc":{"Written by":"admin","Est. reading time":"1 minute"},"schema":{"@context":"https:\/\/schema.org","@graph":[{"@type":"Article","@id":"https:\/\/www.prijedordanas.com\/?p=29137#article","isPartOf":{"@id":"https:\/\/www.prijedordanas.com\/?p=29137"},"author":{"name":"admin","@id":"https:\/\/www.prijedordanas.com\/#\/schema\/person\/4e08ccf29b506ca916ff86d46bb700e6"},"headline":"MLADI PRIJEDOR\u010cANIN U PIONIRSKOJ REPREZENTACIJI SRPSKE NA \u201eDANIMA FUDBALA\u201c","datePublished":"2015-09-14T17:47:37+00:00","dateModified":"2015-09-14T17:47:37+00:00","mainEntityOfPage":{"@id":"https:\/\/www.prijedordanas.com\/?p=29137"},"wordCount":291,"publisher":{"@id":"https:\/\/www.prijedordanas.com\/#organization"},"keywords":["Dani fudbala","Fudbalski savez Republike Srpske","Nikola \u0106ori\u0107","reprezentacija Republike Srpske","U-15"],"articleSection":["Sport"],"inLanguage":"en-US"},{"@type":"WebPage","@id":"https:\/\/www.prijedordanas.com\/?p=29137","url":"https:\/\/www.prijedordanas.com\/?p=29137","name":"MLADI PRIJEDOR\u010cANIN U PIONIRSKOJ REPREZENTACIJI SRPSKE NA \u201eDANIMA FUDBALA\u201c - PrijedorDanas.com - Prijedorski gradski portal","isPartOf":{"@id":"https:\/\/www.prijedordanas.com\/#website"},"datePublished":"2015-09-14T17:47:37+00:00","dateModified":"2015-09-14T17:47:37+00:00","breadcrumb":{"@id":"https:\/\/www.prijedordanas.com\/?p=29137#breadcrumb"},"inLanguage":"en-US","potentialAction":[{"@type":"ReadAction","target":["https:\/\/www.prijedordanas.com\/?p=29137"]}]},{"@type":"BreadcrumbList","@id":"https:\/\/www.prijedordanas.com\/?p=29137#breadcrumb","itemListElement":[{"@type":"ListItem","position":1,"name":"Home","item":"https:\/\/www.prijedordanas.com\/"},{"@type":"ListItem","position":2,"name":"MLADI PRIJEDOR\u010cANIN U PIONIRSKOJ REPREZENTACIJI SRPSKE NA \u201eDANIMA FUDBALA\u201c"}]},{"@type":"WebSite","@id":"https:\/\/www.prijedordanas.com\/#website","url":"https:\/\/www.prijedordanas.com\/","name":"PrijedorDanas.com - Prijedorski gradski portal","description":"Portal o doga\u0111anjima u gradu Prijedoru","publisher":{"@id":"https:\/\/www.prijedordanas.com\/#organization"},"potentialAction":[{"@type":"SearchAction","target":{"@type":"EntryPoint","urlTemplate":"https:\/\/www.prijedordanas.com\/?s={search_term_string}"},"query-input":"required name=search_term_string"}],"inLanguage":"en-US"},{"@type":"Organization","@id":"https:\/\/www.prijedordanas.com\/#organization","name":"PrijedorDanas.com","url":"https:\/\/www.prijedordanas.com\/","logo":{"@type":"ImageObject","inLanguage":"en-US","@id":"https:\/\/www.prijedordanas.com\/#\/schema\/logo\/image\/","url":"http:\/\/www.prijedordanas.com\/wp-content\/uploads\/2021\/12\/logopng.png","contentUrl":"http:\/\/www.prijedordanas.com\/wp-content\/uploads\/2021\/12\/logopng.png","width":1019,"height":776,"caption":"PrijedorDanas.com"},"image":{"@id":"https:\/\/www.prijedordanas.com\/#\/schema\/logo\/image\/"},"sameAs":["https:\/\/www.facebook.com\/PrijedorDanasCom\/"]},{"@type":"Person","@id":"https:\/\/www.prijedordanas.com\/#\/schema\/person\/4e08ccf29b506ca916ff86d46bb700e6","name":"admin","image":{"@type":"ImageObject","inLanguage":"en-US","@id":"https:\/\/www.prijedordanas.com\/#\/schema\/person\/image\/","url":"https:\/\/secure.gravatar.com\/avatar\/1d3fc949d550f0b53a5f0d51e06dfd79?s=96&d=mm&r=g","contentUrl":"https:\/\/secure.gravatar.com\/avatar\/1d3fc949d550f0b53a5f0d51e06dfd79?s=96&d=mm&r=g","caption":"admin"},"url":"https:\/\/www.prijedordanas.com\/?author=1"}]}},"_links":{"self":[{"href":"https:\/\/www.prijedordanas.com\/index.php?rest_route=\/wp\/v2\/posts\/29137"}],"collection":[{"href":"https:\/\/www.prijedordanas.com\/index.php?rest_route=\/wp\/v2\/posts"}],"about":[{"href":"https:\/\/www.prijedordanas.com\/index.php?rest_route=\/wp\/v2\/types\/post"}],"author":[{"embeddable":true,"href":"https:\/\/www.prijedordanas.com\/index.php?rest_route=\/wp\/v2\/users\/1"}],"replies":[{"embeddable":true,"href":"https:\/\/www.prijedordanas.com\/index.php?rest_route=%2Fwp%2Fv2%2Fcomments&post=29137"}],"version-history":[{"count":1,"href":"https:\/\/www.prijedordanas.com\/index.php?rest_route=\/wp\/v2\/posts\/29137\/revisions"}],"predecessor-version":[{"id":29139,"href":"https:\/\/www.prijedordanas.com\/index.php?rest_route=\/wp\/v2\/posts\/29137\/revisions\/29139"}],"wp:attachment":[{"href":"https:\/\/www.prijedordanas.com\/index.php?rest_route=%2Fwp%2Fv2%2Fmedia&parent=29137"}],"wp:term":[{"taxonomy":"category","embeddable":true,"href":"https:\/\/www.prijedordanas.com\/index.php?rest_route=%2Fwp%2Fv2%2Fcategories&post=29137"},{"taxonomy":"post_tag","embeddable":true,"href":"https:\/\/www.prijedordanas.com\/index.php?rest_route=%2Fwp%2Fv2%2Ftags&post=29137"}],"curies":[{"name":"wp","href":"https:\/\/api.w.org\/{rel}","templated":true}]}}