{"id":29096,"date":"2015-09-13T02:49:28","date_gmt":"2015-09-13T01:49:28","guid":{"rendered":"https:\/\/www.prijedordanas.com\/?p=29096"},"modified":"2015-09-13T02:49:28","modified_gmt":"2015-09-13T01:49:28","slug":"rudar-prijedor-remizirao-sa-celikom-prvi-bod-sa-bilinog-polja-foto","status":"publish","type":"post","link":"https:\/\/www.prijedordanas.com\/?p=29096","title":{"rendered":"RUDAR-PRIJEDOR REMIZIRAO SA \u010cELIKOM : PRVI BOD SA \u201eBILINOG POLJA\u201c &#8211; FOTO"},"content":{"rendered":"<p><a href=\"https:\/\/www.prijedordanas.com\/wp-content\/uploads\/2015\/09\/zenicablog-celik-rudar-prijedor-1.jpg\"><img loading=\"lazy\" decoding=\"async\" class=\"alignleft size-medium wp-image-29097\" src=\"https:\/\/www.prijedordanas.com\/wp-content\/uploads\/2015\/09\/zenicablog-celik-rudar-prijedor-1-300x211.jpg\" alt=\"zenicablog-celik-rudar prijedor (1)\" width=\"300\" height=\"211\" srcset=\"https:\/\/www.prijedordanas.com\/wp-content\/uploads\/2015\/09\/zenicablog-celik-rudar-prijedor-1-300x211.jpg 300w, https:\/\/www.prijedordanas.com\/wp-content\/uploads\/2015\/09\/zenicablog-celik-rudar-prijedor-1.jpg 720w\" sizes=\"(max-width: 300px) 100vw, 300px\" \/><\/a>Iako i u tre\u0107oj uzastopnoj utakmici u premijerliga\u0161koj konkurenciji nisu zatresli mre\u017eu svojih rivala, fudbaleri Rudar-Prijedora osvojili su vrijedan bod u Zenici potiv \u010celika, remiziraju\u0107i 0:0.<\/p>\n<p>Iznenadili su \u201ezeleno-crni\u201c favorizovanog doma\u0107ina, do ovog kola tre\u0107eplasiranu ekipu na tabelu, a, uz \u0160iroki Brijeg i Sarajevu, najefikasniju u prvenstvu, ne dozvoliv\u0161i joj da se \u201erazmahne\u201c.<\/p>\n<p>Ujedno \u201erudari sa Sane\u201c su poslije tri ovosezonske gostuju\u0107a poraza prvi put ostali nepora\u017eeni na strani, kao i nakon pet susreta u bh.eliti na \u201eBilinom polju\u201c u kojima su teren napu\u0161tali pognute glave.<\/p>\n<p>-Iako smo bili igra\u010dki oslabljeni, odigrali smo najbolju utakmicu. \u010cestitam svojim momcima na maksimalnom zalaganju. Od prvog minuta orijentisali smo se na napada\u010dku igru. Nekoliko \u0161uteva bili su prijetnja kapitenu protivnika, golmanu Adiju Adilovi\u0107u. Samo u jednom dijelu susreta, po\u010detkom drugog poluvrema uslijedio je mali pad, kada su Zeni\u010dani poku\u0161ali ne\u0161to da naprave, Me\u0111utim, takti\u010dki dobro postavljeni, nismo im to dozvolili i na kraju smo zaslu\u017eeno osvojili bod, koji nam mnogo zna\u010di pred nova isku\u0161enja &#8211; rekao je \u0161ef stru\u010dnog \u0161taba Prijedor\u010dana Boris Gavran.<\/p>\n<p><a href=\"https:\/\/www.prijedordanas.com\/wp-content\/uploads\/2015\/09\/zenicablog-celik-rudar-prijedor-2.jpg\"><img loading=\"lazy\" decoding=\"async\" class=\"alignleft size-medium wp-image-29098\" src=\"https:\/\/www.prijedordanas.com\/wp-content\/uploads\/2015\/09\/zenicablog-celik-rudar-prijedor-2-300x211.jpg\" alt=\"zenicablog-celik-rudar prijedor (2)\" width=\"300\" height=\"211\" srcset=\"https:\/\/www.prijedordanas.com\/wp-content\/uploads\/2015\/09\/zenicablog-celik-rudar-prijedor-2-300x211.jpg 300w, https:\/\/www.prijedordanas.com\/wp-content\/uploads\/2015\/09\/zenicablog-celik-rudar-prijedor-2.jpg 720w\" sizes=\"(max-width: 300px) 100vw, 300px\" \/><\/a>\u010celik: Rudar-Prijedor 0:0<\/p>\n<p>Zenica<br \/>\nStadion \u201eBilino polje\u201c<br \/>\nGledalaca: 500<br \/>\nSudija: Ognjen Valji\u0107 (Banjaluka) 7,5<br \/>\n\u017duti kartoni: Kari\u0107, Sal\u010dinovi\u0107, Pezer, M.Popovi\u0107 (\u010celik), Burazor, Kuni\u0107, Peji\u0107, \u0106ulum, Milo\u0161 (Rudar-Prijedor)<br \/>\nIgra\u010d utakmice: Neboj\u0161a Peji\u0107 (Rudar Prijedor) 7,5<\/p>\n<p>\u010cELIK: Adilovi\u0107 7,5, Grahovac 6 (od 46. G.Popovi\u0107 5,5), Kazazi\u0107 6, Kari\u0107 7, Sal\u010dinovi\u0107 7 (od 72. Bu\u010dan -), Selimovi\u0107 6, Koji\u0107 6, M.Popovi\u0107 7, Pezer 5,5 (od 62. Radovanovi\u0107 -), He\u0107o 5,5, \u010coli\u0107 5,5<br \/>\nTrener: Elvedin Beganovi\u0107<\/p>\n<p>RUDAR-PRIJEDOR:<br \/>\nKozi\u0107 7, Burazor 7 (od 90. Petkovi\u0107 -), Koji\u0107 7, Pekija 7,5 Are\u017eina 7 (od 88. D\u017easper -), Milo\u0161 7, \u0106ulum 7,5, Ovusu 6,5 (od 56. Ni\u0161evi\u0107 6,5), Jovi\u010di\u0107 7, Peji\u0107 7,5, Kuni\u0107 7<br \/>\nTrener: Boris Gavran<\/p>\n<p>Tekst \u2013 Nenad \u0110eri\u0107\/Aleksandar Drakuli\u0107 \u2013 <a href=\"www.prijedordanas.com\" target=\"_blank\">www.prijedordanas.com<\/a><br \/>\nFoto &#8211; www.zenicablog.com<\/p>\n<p><a href=\"https:\/\/www.prijedordanas.com\/wp-content\/uploads\/2015\/09\/zenicablog-celik-rudar-prijedor-3.jpg\"><img loading=\"lazy\" decoding=\"async\" class=\"alignleft size-medium wp-image-29099\" src=\"https:\/\/www.prijedordanas.com\/wp-content\/uploads\/2015\/09\/zenicablog-celik-rudar-prijedor-3-300x211.jpg\" alt=\"zenicablog-celik-rudar prijedor (3)\" width=\"300\" height=\"211\" srcset=\"https:\/\/www.prijedordanas.com\/wp-content\/uploads\/2015\/09\/zenicablog-celik-rudar-prijedor-3-300x211.jpg 300w, https:\/\/www.prijedordanas.com\/wp-content\/uploads\/2015\/09\/zenicablog-celik-rudar-prijedor-3.jpg 720w\" sizes=\"(max-width: 300px) 100vw, 300px\" \/><\/a> <a href=\"https:\/\/www.prijedordanas.com\/wp-content\/uploads\/2015\/09\/zenicablog-celik-rudar-prijedor-4.jpg\"><img loading=\"lazy\" decoding=\"async\" class=\"alignleft size-medium wp-image-29100\" src=\"https:\/\/www.prijedordanas.com\/wp-content\/uploads\/2015\/09\/zenicablog-celik-rudar-prijedor-4-300x211.jpg\" alt=\"zenicablog-celik-rudar prijedor (4)\" width=\"300\" height=\"211\" srcset=\"https:\/\/www.prijedordanas.com\/wp-content\/uploads\/2015\/09\/zenicablog-celik-rudar-prijedor-4-300x211.jpg 300w, https:\/\/www.prijedordanas.com\/wp-content\/uploads\/2015\/09\/zenicablog-celik-rudar-prijedor-4.jpg 720w\" sizes=\"(max-width: 300px) 100vw, 300px\" \/><\/a> <a href=\"https:\/\/www.prijedordanas.com\/wp-content\/uploads\/2015\/09\/zenicablog-celik-rudar-prijedor-5.jpg\"><img loading=\"lazy\" decoding=\"async\" class=\"alignleft size-medium wp-image-29101\" src=\"https:\/\/www.prijedordanas.com\/wp-content\/uploads\/2015\/09\/zenicablog-celik-rudar-prijedor-5-300x211.jpg\" alt=\"zenicablog-celik-rudar prijedor (5)\" width=\"300\" height=\"211\" srcset=\"https:\/\/www.prijedordanas.com\/wp-content\/uploads\/2015\/09\/zenicablog-celik-rudar-prijedor-5-300x211.jpg 300w, https:\/\/www.prijedordanas.com\/wp-content\/uploads\/2015\/09\/zenicablog-celik-rudar-prijedor-5.jpg 720w\" sizes=\"(max-width: 300px) 100vw, 300px\" \/><\/a> <a href=\"https:\/\/www.prijedordanas.com\/wp-content\/uploads\/2015\/09\/zenicablog-celik-rudar-prijedor-6.jpg\"><img loading=\"lazy\" decoding=\"async\" class=\"alignleft size-medium wp-image-29102\" src=\"https:\/\/www.prijedordanas.com\/wp-content\/uploads\/2015\/09\/zenicablog-celik-rudar-prijedor-6-300x211.jpg\" alt=\"zenicablog-celik-rudar prijedor (6)\" width=\"300\" height=\"211\" srcset=\"https:\/\/www.prijedordanas.com\/wp-content\/uploads\/2015\/09\/zenicablog-celik-rudar-prijedor-6-300x211.jpg 300w, https:\/\/www.prijedordanas.com\/wp-content\/uploads\/2015\/09\/zenicablog-celik-rudar-prijedor-6.jpg 720w\" sizes=\"(max-width: 300px) 100vw, 300px\" \/><\/a><\/p>\n","protected":false},"excerpt":{"rendered":"<p>Iako i u tre\u0107oj uzastopnoj utakmici u premijerliga\u0161koj konkurenciji nisu zatresli mre\u017eu svojih rivala, fudbaleri Rudar-Prijedora osvojili su vrijedan bod u Zenici potiv \u010celika, remiziraju\u0107i 0:0. Iznenadili su \u201ezeleno-crni\u201c favorizovanog [&hellip;]<\/p>\n","protected":false},"author":1,"featured_media":0,"comment_status":"closed","ping_status":"open","sticky":false,"template":"","format":"standard","meta":{"_monsterinsights_skip_tracking":false,"_monsterinsights_sitenote_active":false,"_monsterinsights_sitenote_note":"","_monsterinsights_sitenote_category":0,"footnotes":""},"categories":[7],"tags":[34,1161,221],"yoast_head":"<!-- This site is optimized with the Yoast SEO plugin v21.6 - https:\/\/yoast.com\/wordpress\/plugins\/seo\/ -->\n<title>RUDAR-PRIJEDOR REMIZIRAO SA \u010cELIKOM : PRVI BOD SA \u201eBILINOG POLJA\u201c - FOTO - PrijedorDanas.com - Prijedorski gradski portal<\/title>\n<meta name=\"robots\" content=\"index, follow, max-snippet:-1, max-image-preview:large, max-video-preview:-1\" \/>\n<link rel=\"canonical\" href=\"https:\/\/www.prijedordanas.com\/?p=29096\" \/>\n<meta property=\"og:locale\" content=\"en_US\" \/>\n<meta property=\"og:type\" content=\"article\" \/>\n<meta property=\"og:title\" content=\"RUDAR-PRIJEDOR REMIZIRAO SA \u010cELIKOM : PRVI BOD SA \u201eBILINOG POLJA\u201c - FOTO - PrijedorDanas.com - Prijedorski gradski portal\" \/>\n<meta property=\"og:description\" content=\"Iako i u tre\u0107oj uzastopnoj utakmici u premijerliga\u0161koj konkurenciji nisu zatresli mre\u017eu svojih rivala, fudbaleri Rudar-Prijedora osvojili su vrijedan bod u Zenici potiv \u010celika, remiziraju\u0107i 0:0. Iznenadili su \u201ezeleno-crni\u201c favorizovanog [&hellip;]\" \/>\n<meta property=\"og:url\" content=\"https:\/\/www.prijedordanas.com\/?p=29096\" \/>\n<meta property=\"og:site_name\" content=\"PrijedorDanas.com - Prijedorski gradski portal\" \/>\n<meta property=\"article:publisher\" content=\"https:\/\/www.facebook.com\/PrijedorDanasCom\/\" \/>\n<meta property=\"article:published_time\" content=\"2015-09-13T01:49:28+00:00\" \/>\n<meta property=\"og:image\" content=\"https:\/\/www.prijedordanas.com\/wp-content\/uploads\/2015\/09\/zenicablog-celik-rudar-prijedor-1-300x211.jpg\" \/>\n<meta name=\"author\" content=\"admin\" \/>\n<meta name=\"twitter:card\" content=\"summary_large_image\" \/>\n<meta name=\"twitter:label1\" content=\"Written by\" \/>\n\t<meta name=\"twitter:data1\" content=\"admin\" \/>\n\t<meta name=\"twitter:label2\" content=\"Est. reading time\" \/>\n\t<meta name=\"twitter:data2\" content=\"1 minute\" \/>\n<script type=\"application\/ld+json\" class=\"yoast-schema-graph\">{\"@context\":\"https:\/\/schema.org\",\"@graph\":[{\"@type\":\"Article\",\"@id\":\"https:\/\/www.prijedordanas.com\/?p=29096#article\",\"isPartOf\":{\"@id\":\"https:\/\/www.prijedordanas.com\/?p=29096\"},\"author\":{\"name\":\"admin\",\"@id\":\"https:\/\/www.prijedordanas.com\/#\/schema\/person\/4e08ccf29b506ca916ff86d46bb700e6\"},\"headline\":\"RUDAR-PRIJEDOR REMIZIRAO SA \u010cELIKOM : PRVI BOD SA \u201eBILINOG POLJA\u201c &#8211; FOTO\",\"datePublished\":\"2015-09-13T01:49:28+00:00\",\"dateModified\":\"2015-09-13T01:49:28+00:00\",\"mainEntityOfPage\":{\"@id\":\"https:\/\/www.prijedordanas.com\/?p=29096\"},\"wordCount\":306,\"publisher\":{\"@id\":\"https:\/\/www.prijedordanas.com\/#organization\"},\"keywords\":[\"\u010celik\",\"remi\",\"Rudar-Prijedor\"],\"articleSection\":[\"Sport\"],\"inLanguage\":\"en-US\"},{\"@type\":\"WebPage\",\"@id\":\"https:\/\/www.prijedordanas.com\/?p=29096\",\"url\":\"https:\/\/www.prijedordanas.com\/?p=29096\",\"name\":\"RUDAR-PRIJEDOR REMIZIRAO SA \u010cELIKOM : PRVI BOD SA \u201eBILINOG POLJA\u201c - FOTO - PrijedorDanas.com - Prijedorski gradski portal\",\"isPartOf\":{\"@id\":\"https:\/\/www.prijedordanas.com\/#website\"},\"datePublished\":\"2015-09-13T01:49:28+00:00\",\"dateModified\":\"2015-09-13T01:49:28+00:00\",\"breadcrumb\":{\"@id\":\"https:\/\/www.prijedordanas.com\/?p=29096#breadcrumb\"},\"inLanguage\":\"en-US\",\"potentialAction\":[{\"@type\":\"ReadAction\",\"target\":[\"https:\/\/www.prijedordanas.com\/?p=29096\"]}]},{\"@type\":\"BreadcrumbList\",\"@id\":\"https:\/\/www.prijedordanas.com\/?p=29096#breadcrumb\",\"itemListElement\":[{\"@type\":\"ListItem\",\"position\":1,\"name\":\"Home\",\"item\":\"https:\/\/www.prijedordanas.com\/\"},{\"@type\":\"ListItem\",\"position\":2,\"name\":\"RUDAR-PRIJEDOR REMIZIRAO SA \u010cELIKOM : PRVI BOD SA \u201eBILINOG POLJA\u201c &#8211; FOTO\"}]},{\"@type\":\"WebSite\",\"@id\":\"https:\/\/www.prijedordanas.com\/#website\",\"url\":\"https:\/\/www.prijedordanas.com\/\",\"name\":\"PrijedorDanas.com - Prijedorski gradski portal\",\"description\":\"Portal o doga\u0111anjima u gradu Prijedoru\",\"publisher\":{\"@id\":\"https:\/\/www.prijedordanas.com\/#organization\"},\"potentialAction\":[{\"@type\":\"SearchAction\",\"target\":{\"@type\":\"EntryPoint\",\"urlTemplate\":\"https:\/\/www.prijedordanas.com\/?s={search_term_string}\"},\"query-input\":\"required name=search_term_string\"}],\"inLanguage\":\"en-US\"},{\"@type\":\"Organization\",\"@id\":\"https:\/\/www.prijedordanas.com\/#organization\",\"name\":\"PrijedorDanas.com\",\"url\":\"https:\/\/www.prijedordanas.com\/\",\"logo\":{\"@type\":\"ImageObject\",\"inLanguage\":\"en-US\",\"@id\":\"https:\/\/www.prijedordanas.com\/#\/schema\/logo\/image\/\",\"url\":\"http:\/\/www.prijedordanas.com\/wp-content\/uploads\/2021\/12\/logopng.png\",\"contentUrl\":\"http:\/\/www.prijedordanas.com\/wp-content\/uploads\/2021\/12\/logopng.png\",\"width\":1019,\"height\":776,\"caption\":\"PrijedorDanas.com\"},\"image\":{\"@id\":\"https:\/\/www.prijedordanas.com\/#\/schema\/logo\/image\/\"},\"sameAs\":[\"https:\/\/www.facebook.com\/PrijedorDanasCom\/\"]},{\"@type\":\"Person\",\"@id\":\"https:\/\/www.prijedordanas.com\/#\/schema\/person\/4e08ccf29b506ca916ff86d46bb700e6\",\"name\":\"admin\",\"image\":{\"@type\":\"ImageObject\",\"inLanguage\":\"en-US\",\"@id\":\"https:\/\/www.prijedordanas.com\/#\/schema\/person\/image\/\",\"url\":\"https:\/\/secure.gravatar.com\/avatar\/1d3fc949d550f0b53a5f0d51e06dfd79?s=96&d=mm&r=g\",\"contentUrl\":\"https:\/\/secure.gravatar.com\/avatar\/1d3fc949d550f0b53a5f0d51e06dfd79?s=96&d=mm&r=g\",\"caption\":\"admin\"},\"url\":\"https:\/\/www.prijedordanas.com\/?author=1\"}]}<\/script>\n<!-- \/ Yoast SEO plugin. -->","yoast_head_json":{"title":"RUDAR-PRIJEDOR REMIZIRAO SA \u010cELIKOM : PRVI BOD SA \u201eBILINOG POLJA\u201c - FOTO - PrijedorDanas.com - Prijedorski gradski portal","robots":{"index":"index","follow":"follow","max-snippet":"max-snippet:-1","max-image-preview":"max-image-preview:large","max-video-preview":"max-video-preview:-1"},"canonical":"https:\/\/www.prijedordanas.com\/?p=29096","og_locale":"en_US","og_type":"article","og_title":"RUDAR-PRIJEDOR REMIZIRAO SA \u010cELIKOM : PRVI BOD SA \u201eBILINOG POLJA\u201c - FOTO - PrijedorDanas.com - Prijedorski gradski portal","og_description":"Iako i u tre\u0107oj uzastopnoj utakmici u premijerliga\u0161koj konkurenciji nisu zatresli mre\u017eu svojih rivala, fudbaleri Rudar-Prijedora osvojili su vrijedan bod u Zenici potiv \u010celika, remiziraju\u0107i 0:0. Iznenadili su \u201ezeleno-crni\u201c favorizovanog [&hellip;]","og_url":"https:\/\/www.prijedordanas.com\/?p=29096","og_site_name":"PrijedorDanas.com - Prijedorski gradski portal","article_publisher":"https:\/\/www.facebook.com\/PrijedorDanasCom\/","article_published_time":"2015-09-13T01:49:28+00:00","og_image":[{"url":"https:\/\/www.prijedordanas.com\/wp-content\/uploads\/2015\/09\/zenicablog-celik-rudar-prijedor-1-300x211.jpg"}],"author":"admin","twitter_card":"summary_large_image","twitter_misc":{"Written by":"admin","Est. reading time":"1 minute"},"schema":{"@context":"https:\/\/schema.org","@graph":[{"@type":"Article","@id":"https:\/\/www.prijedordanas.com\/?p=29096#article","isPartOf":{"@id":"https:\/\/www.prijedordanas.com\/?p=29096"},"author":{"name":"admin","@id":"https:\/\/www.prijedordanas.com\/#\/schema\/person\/4e08ccf29b506ca916ff86d46bb700e6"},"headline":"RUDAR-PRIJEDOR REMIZIRAO SA \u010cELIKOM : PRVI BOD SA \u201eBILINOG POLJA\u201c &#8211; FOTO","datePublished":"2015-09-13T01:49:28+00:00","dateModified":"2015-09-13T01:49:28+00:00","mainEntityOfPage":{"@id":"https:\/\/www.prijedordanas.com\/?p=29096"},"wordCount":306,"publisher":{"@id":"https:\/\/www.prijedordanas.com\/#organization"},"keywords":["\u010celik","remi","Rudar-Prijedor"],"articleSection":["Sport"],"inLanguage":"en-US"},{"@type":"WebPage","@id":"https:\/\/www.prijedordanas.com\/?p=29096","url":"https:\/\/www.prijedordanas.com\/?p=29096","name":"RUDAR-PRIJEDOR REMIZIRAO SA \u010cELIKOM : PRVI BOD SA \u201eBILINOG POLJA\u201c - FOTO - PrijedorDanas.com - Prijedorski gradski portal","isPartOf":{"@id":"https:\/\/www.prijedordanas.com\/#website"},"datePublished":"2015-09-13T01:49:28+00:00","dateModified":"2015-09-13T01:49:28+00:00","breadcrumb":{"@id":"https:\/\/www.prijedordanas.com\/?p=29096#breadcrumb"},"inLanguage":"en-US","potentialAction":[{"@type":"ReadAction","target":["https:\/\/www.prijedordanas.com\/?p=29096"]}]},{"@type":"BreadcrumbList","@id":"https:\/\/www.prijedordanas.com\/?p=29096#breadcrumb","itemListElement":[{"@type":"ListItem","position":1,"name":"Home","item":"https:\/\/www.prijedordanas.com\/"},{"@type":"ListItem","position":2,"name":"RUDAR-PRIJEDOR REMIZIRAO SA \u010cELIKOM : PRVI BOD SA \u201eBILINOG POLJA\u201c &#8211; FOTO"}]},{"@type":"WebSite","@id":"https:\/\/www.prijedordanas.com\/#website","url":"https:\/\/www.prijedordanas.com\/","name":"PrijedorDanas.com - Prijedorski gradski portal","description":"Portal o doga\u0111anjima u gradu Prijedoru","publisher":{"@id":"https:\/\/www.prijedordanas.com\/#organization"},"potentialAction":[{"@type":"SearchAction","target":{"@type":"EntryPoint","urlTemplate":"https:\/\/www.prijedordanas.com\/?s={search_term_string}"},"query-input":"required name=search_term_string"}],"inLanguage":"en-US"},{"@type":"Organization","@id":"https:\/\/www.prijedordanas.com\/#organization","name":"PrijedorDanas.com","url":"https:\/\/www.prijedordanas.com\/","logo":{"@type":"ImageObject","inLanguage":"en-US","@id":"https:\/\/www.prijedordanas.com\/#\/schema\/logo\/image\/","url":"http:\/\/www.prijedordanas.com\/wp-content\/uploads\/2021\/12\/logopng.png","contentUrl":"http:\/\/www.prijedordanas.com\/wp-content\/uploads\/2021\/12\/logopng.png","width":1019,"height":776,"caption":"PrijedorDanas.com"},"image":{"@id":"https:\/\/www.prijedordanas.com\/#\/schema\/logo\/image\/"},"sameAs":["https:\/\/www.facebook.com\/PrijedorDanasCom\/"]},{"@type":"Person","@id":"https:\/\/www.prijedordanas.com\/#\/schema\/person\/4e08ccf29b506ca916ff86d46bb700e6","name":"admin","image":{"@type":"ImageObject","inLanguage":"en-US","@id":"https:\/\/www.prijedordanas.com\/#\/schema\/person\/image\/","url":"https:\/\/secure.gravatar.com\/avatar\/1d3fc949d550f0b53a5f0d51e06dfd79?s=96&d=mm&r=g","contentUrl":"https:\/\/secure.gravatar.com\/avatar\/1d3fc949d550f0b53a5f0d51e06dfd79?s=96&d=mm&r=g","caption":"admin"},"url":"https:\/\/www.prijedordanas.com\/?author=1"}]}},"_links":{"self":[{"href":"https:\/\/www.prijedordanas.com\/index.php?rest_route=\/wp\/v2\/posts\/29096"}],"collection":[{"href":"https:\/\/www.prijedordanas.com\/index.php?rest_route=\/wp\/v2\/posts"}],"about":[{"href":"https:\/\/www.prijedordanas.com\/index.php?rest_route=\/wp\/v2\/types\/post"}],"author":[{"embeddable":true,"href":"https:\/\/www.prijedordanas.com\/index.php?rest_route=\/wp\/v2\/users\/1"}],"replies":[{"embeddable":true,"href":"https:\/\/www.prijedordanas.com\/index.php?rest_route=%2Fwp%2Fv2%2Fcomments&post=29096"}],"version-history":[{"count":1,"href":"https:\/\/www.prijedordanas.com\/index.php?rest_route=\/wp\/v2\/posts\/29096\/revisions"}],"predecessor-version":[{"id":29103,"href":"https:\/\/www.prijedordanas.com\/index.php?rest_route=\/wp\/v2\/posts\/29096\/revisions\/29103"}],"wp:attachment":[{"href":"https:\/\/www.prijedordanas.com\/index.php?rest_route=%2Fwp%2Fv2%2Fmedia&parent=29096"}],"wp:term":[{"taxonomy":"category","embeddable":true,"href":"https:\/\/www.prijedordanas.com\/index.php?rest_route=%2Fwp%2Fv2%2Fcategories&post=29096"},{"taxonomy":"post_tag","embeddable":true,"href":"https:\/\/www.prijedordanas.com\/index.php?rest_route=%2Fwp%2Fv2%2Ftags&post=29096"}],"curies":[{"name":"wp","href":"https:\/\/api.w.org\/{rel}","templated":true}]}}