{"id":29075,"date":"2015-09-12T10:03:27","date_gmt":"2015-09-12T09:03:27","guid":{"rendered":"https:\/\/www.prijedordanas.com\/?p=29075"},"modified":"2015-09-12T10:03:27","modified_gmt":"2015-09-12T09:03:27","slug":"mladi-prijedorski-fudbaler-dobio-poziv-za-pripreme-reprezentacije-srbije","status":"publish","type":"post","link":"https:\/\/www.prijedordanas.com\/?p=29075","title":{"rendered":"MLADI PRIJEDORSKI FUDBALER DOBIO POZIV ZA PRIPREME REPREZENTACIJE SRBIJE"},"content":{"rendered":"<p><a href=\"https:\/\/www.prijedordanas.com\/wp-content\/uploads\/2015\/09\/luka-kacavenda.jpg\"><img loading=\"lazy\" decoding=\"async\" src=\"https:\/\/www.prijedordanas.com\/wp-content\/uploads\/2015\/09\/luka-kacavenda-185x300.jpg\" alt=\"luka kacavenda\" width=\"185\" height=\"300\" class=\"alignleft size-medium wp-image-29076\" srcset=\"https:\/\/www.prijedordanas.com\/wp-content\/uploads\/2015\/09\/luka-kacavenda-185x300.jpg 185w, https:\/\/www.prijedordanas.com\/wp-content\/uploads\/2015\/09\/luka-kacavenda.jpg 370w\" sizes=\"(max-width: 185px) 100vw, 185px\" \/><\/a>Da je Prijedor rasadnik fudbalskih talenata odavno je ve\u0107 poznato.<\/p>\n<p>Tome u prilog ide i najnoviji poziv za pripreme reprezentacije Srbije za Luku Ka\u010davendu, mladog golmana Rudar-Prijedora.<\/p>\n<p>Naime, ovaj mladi\u0107 koji jo\u0161 nije napunio 15 godina, nedavno je u\u010destvovao na okupljanju U-15 reprezentacije Republike Srpske u Dvorovima gdje je primije\u0107en od strane Gorana Cvijetinovi\u0107a, skauta za mla\u0111e selekcije Fudbalskog saveza Srbije.<\/p>\n<p>-Dobio sam poziv za pripreme pionirske reprezentacije Srbije u \u201eKu\u0107i fudbala\u201c u Staroj  Pazovi, od 15. do 18. septembra. Presretan sam na dobiujenom pozivu od strane selektora Vladimira Je\u0161i\u0107a i bi\u0107e mi \u010dast i zadovoljstvo da se tamo pojavim \u2013 ka\u017ee Ka\u010davenda.<\/p>\n<p>Mladi Prijedor\u010danin isti\u010de da mu je uzor legendarni italijanski golman \u0110anlui\u0111i Bufon, a u dosada\u0161njem bavljenju fudbalom u Rudar-Prijedoru trenirali su ga Mirsad Bejzuri\u0107, Branko Ilin\u010di\u0107, Dino Sikiri\u0107, Mladen Parhamov, Sr\u0111an Marjanovi\u0107 te trener golmana Perica Topi\u0107.<\/p>\n<p>-Nekoliko puta sam pozivan u reprezentaciju Republike Srpske za okupljanja i turnire gdje sam osvajao i nagrade za najboljeg golmana. Do sada nije bilo poziva od strane FSBiH tako da mi nije bilo te\u0161ko da se odlu\u010dim za odlazak na pripreme reprezentacije Srbije gdje \u0107u svojim radom poku\u0161ati da se nametnem \u2013 pri\u010da Luka koji se, sa svojih 188 centimetara visine, isti\u010de me\u0111u vr\u0161njacima, i ima sve predispozije da upornim radom postigne kvalitetan golman.<\/p>\n<p>Tekst i foto \u2013 Luka Ka\u010davenda\/Aleksandar Drakuli\u0107 \u2013 <a href=\"www.prijedordanas.com\" target=\"_blank\">www.prijedordanas.com<\/a><\/p>\n","protected":false},"excerpt":{"rendered":"<p>Da je Prijedor rasadnik fudbalskih talenata odavno je ve\u0107 poznato. Tome u prilog ide i najnoviji poziv za pripreme reprezentacije Srbije za Luku Ka\u010davendu, mladog golmana Rudar-Prijedora. Naime, ovaj mladi\u0107 [&hellip;]<\/p>\n","protected":false},"author":1,"featured_media":0,"comment_status":"closed","ping_status":"open","sticky":false,"template":"","format":"standard","meta":{"_monsterinsights_skip_tracking":false,"_monsterinsights_sitenote_active":false,"_monsterinsights_sitenote_note":"","_monsterinsights_sitenote_category":0,"footnotes":""},"categories":[7],"tags":[735,2607,1507,201,3949],"yoast_head":"<!-- This site is optimized with the Yoast SEO plugin v21.6 - https:\/\/yoast.com\/wordpress\/plugins\/seo\/ -->\n<title>MLADI PRIJEDORSKI FUDBALER DOBIO POZIV ZA PRIPREME REPREZENTACIJE SRBIJE - PrijedorDanas.com - Prijedorski gradski portal<\/title>\n<meta name=\"robots\" content=\"index, follow, max-snippet:-1, max-image-preview:large, max-video-preview:-1\" \/>\n<link rel=\"canonical\" href=\"https:\/\/www.prijedordanas.com\/?p=29075\" \/>\n<meta property=\"og:locale\" content=\"en_US\" \/>\n<meta property=\"og:type\" content=\"article\" \/>\n<meta property=\"og:title\" content=\"MLADI PRIJEDORSKI FUDBALER DOBIO POZIV ZA PRIPREME REPREZENTACIJE SRBIJE - PrijedorDanas.com - Prijedorski gradski portal\" \/>\n<meta property=\"og:description\" content=\"Da je Prijedor rasadnik fudbalskih talenata odavno je ve\u0107 poznato. Tome u prilog ide i najnoviji poziv za pripreme reprezentacije Srbije za Luku Ka\u010davendu, mladog golmana Rudar-Prijedora. Naime, ovaj mladi\u0107 [&hellip;]\" \/>\n<meta property=\"og:url\" content=\"https:\/\/www.prijedordanas.com\/?p=29075\" \/>\n<meta property=\"og:site_name\" content=\"PrijedorDanas.com - Prijedorski gradski portal\" \/>\n<meta property=\"article:publisher\" content=\"https:\/\/www.facebook.com\/PrijedorDanasCom\/\" \/>\n<meta property=\"article:published_time\" content=\"2015-09-12T09:03:27+00:00\" \/>\n<meta property=\"og:image\" content=\"https:\/\/www.prijedordanas.com\/wp-content\/uploads\/2015\/09\/luka-kacavenda-185x300.jpg\" \/>\n<meta name=\"author\" content=\"admin\" \/>\n<meta name=\"twitter:card\" content=\"summary_large_image\" \/>\n<meta name=\"twitter:label1\" content=\"Written by\" \/>\n\t<meta name=\"twitter:data1\" content=\"admin\" \/>\n\t<meta name=\"twitter:label2\" content=\"Est. reading time\" \/>\n\t<meta name=\"twitter:data2\" content=\"1 minute\" \/>\n<script type=\"application\/ld+json\" class=\"yoast-schema-graph\">{\"@context\":\"https:\/\/schema.org\",\"@graph\":[{\"@type\":\"Article\",\"@id\":\"https:\/\/www.prijedordanas.com\/?p=29075#article\",\"isPartOf\":{\"@id\":\"https:\/\/www.prijedordanas.com\/?p=29075\"},\"author\":{\"name\":\"admin\",\"@id\":\"https:\/\/www.prijedordanas.com\/#\/schema\/person\/4e08ccf29b506ca916ff86d46bb700e6\"},\"headline\":\"MLADI PRIJEDORSKI FUDBALER DOBIO POZIV ZA PRIPREME REPREZENTACIJE SRBIJE\",\"datePublished\":\"2015-09-12T09:03:27+00:00\",\"dateModified\":\"2015-09-12T09:03:27+00:00\",\"mainEntityOfPage\":{\"@id\":\"https:\/\/www.prijedordanas.com\/?p=29075\"},\"wordCount\":252,\"publisher\":{\"@id\":\"https:\/\/www.prijedordanas.com\/#organization\"},\"keywords\":[\"golman\",\"Luka Ka\u010davenda\",\"pioniri\",\"pripreme\",\"reprezentacija Srbije\"],\"articleSection\":[\"Sport\"],\"inLanguage\":\"en-US\"},{\"@type\":\"WebPage\",\"@id\":\"https:\/\/www.prijedordanas.com\/?p=29075\",\"url\":\"https:\/\/www.prijedordanas.com\/?p=29075\",\"name\":\"MLADI PRIJEDORSKI FUDBALER DOBIO POZIV ZA PRIPREME REPREZENTACIJE SRBIJE - PrijedorDanas.com - Prijedorski gradski portal\",\"isPartOf\":{\"@id\":\"https:\/\/www.prijedordanas.com\/#website\"},\"datePublished\":\"2015-09-12T09:03:27+00:00\",\"dateModified\":\"2015-09-12T09:03:27+00:00\",\"breadcrumb\":{\"@id\":\"https:\/\/www.prijedordanas.com\/?p=29075#breadcrumb\"},\"inLanguage\":\"en-US\",\"potentialAction\":[{\"@type\":\"ReadAction\",\"target\":[\"https:\/\/www.prijedordanas.com\/?p=29075\"]}]},{\"@type\":\"BreadcrumbList\",\"@id\":\"https:\/\/www.prijedordanas.com\/?p=29075#breadcrumb\",\"itemListElement\":[{\"@type\":\"ListItem\",\"position\":1,\"name\":\"Home\",\"item\":\"https:\/\/www.prijedordanas.com\/\"},{\"@type\":\"ListItem\",\"position\":2,\"name\":\"MLADI PRIJEDORSKI FUDBALER DOBIO POZIV ZA PRIPREME REPREZENTACIJE SRBIJE\"}]},{\"@type\":\"WebSite\",\"@id\":\"https:\/\/www.prijedordanas.com\/#website\",\"url\":\"https:\/\/www.prijedordanas.com\/\",\"name\":\"PrijedorDanas.com - Prijedorski gradski portal\",\"description\":\"Portal o doga\u0111anjima u gradu Prijedoru\",\"publisher\":{\"@id\":\"https:\/\/www.prijedordanas.com\/#organization\"},\"potentialAction\":[{\"@type\":\"SearchAction\",\"target\":{\"@type\":\"EntryPoint\",\"urlTemplate\":\"https:\/\/www.prijedordanas.com\/?s={search_term_string}\"},\"query-input\":\"required name=search_term_string\"}],\"inLanguage\":\"en-US\"},{\"@type\":\"Organization\",\"@id\":\"https:\/\/www.prijedordanas.com\/#organization\",\"name\":\"PrijedorDanas.com\",\"url\":\"https:\/\/www.prijedordanas.com\/\",\"logo\":{\"@type\":\"ImageObject\",\"inLanguage\":\"en-US\",\"@id\":\"https:\/\/www.prijedordanas.com\/#\/schema\/logo\/image\/\",\"url\":\"http:\/\/www.prijedordanas.com\/wp-content\/uploads\/2021\/12\/logopng.png\",\"contentUrl\":\"http:\/\/www.prijedordanas.com\/wp-content\/uploads\/2021\/12\/logopng.png\",\"width\":1019,\"height\":776,\"caption\":\"PrijedorDanas.com\"},\"image\":{\"@id\":\"https:\/\/www.prijedordanas.com\/#\/schema\/logo\/image\/\"},\"sameAs\":[\"https:\/\/www.facebook.com\/PrijedorDanasCom\/\"]},{\"@type\":\"Person\",\"@id\":\"https:\/\/www.prijedordanas.com\/#\/schema\/person\/4e08ccf29b506ca916ff86d46bb700e6\",\"name\":\"admin\",\"image\":{\"@type\":\"ImageObject\",\"inLanguage\":\"en-US\",\"@id\":\"https:\/\/www.prijedordanas.com\/#\/schema\/person\/image\/\",\"url\":\"https:\/\/secure.gravatar.com\/avatar\/1d3fc949d550f0b53a5f0d51e06dfd79?s=96&d=mm&r=g\",\"contentUrl\":\"https:\/\/secure.gravatar.com\/avatar\/1d3fc949d550f0b53a5f0d51e06dfd79?s=96&d=mm&r=g\",\"caption\":\"admin\"},\"url\":\"https:\/\/www.prijedordanas.com\/?author=1\"}]}<\/script>\n<!-- \/ Yoast SEO plugin. -->","yoast_head_json":{"title":"MLADI PRIJEDORSKI FUDBALER DOBIO POZIV ZA PRIPREME REPREZENTACIJE SRBIJE - PrijedorDanas.com - Prijedorski gradski portal","robots":{"index":"index","follow":"follow","max-snippet":"max-snippet:-1","max-image-preview":"max-image-preview:large","max-video-preview":"max-video-preview:-1"},"canonical":"https:\/\/www.prijedordanas.com\/?p=29075","og_locale":"en_US","og_type":"article","og_title":"MLADI PRIJEDORSKI FUDBALER DOBIO POZIV ZA PRIPREME REPREZENTACIJE SRBIJE - PrijedorDanas.com - Prijedorski gradski portal","og_description":"Da je Prijedor rasadnik fudbalskih talenata odavno je ve\u0107 poznato. Tome u prilog ide i najnoviji poziv za pripreme reprezentacije Srbije za Luku Ka\u010davendu, mladog golmana Rudar-Prijedora. Naime, ovaj mladi\u0107 [&hellip;]","og_url":"https:\/\/www.prijedordanas.com\/?p=29075","og_site_name":"PrijedorDanas.com - Prijedorski gradski portal","article_publisher":"https:\/\/www.facebook.com\/PrijedorDanasCom\/","article_published_time":"2015-09-12T09:03:27+00:00","og_image":[{"url":"https:\/\/www.prijedordanas.com\/wp-content\/uploads\/2015\/09\/luka-kacavenda-185x300.jpg"}],"author":"admin","twitter_card":"summary_large_image","twitter_misc":{"Written by":"admin","Est. reading time":"1 minute"},"schema":{"@context":"https:\/\/schema.org","@graph":[{"@type":"Article","@id":"https:\/\/www.prijedordanas.com\/?p=29075#article","isPartOf":{"@id":"https:\/\/www.prijedordanas.com\/?p=29075"},"author":{"name":"admin","@id":"https:\/\/www.prijedordanas.com\/#\/schema\/person\/4e08ccf29b506ca916ff86d46bb700e6"},"headline":"MLADI PRIJEDORSKI FUDBALER DOBIO POZIV ZA PRIPREME REPREZENTACIJE SRBIJE","datePublished":"2015-09-12T09:03:27+00:00","dateModified":"2015-09-12T09:03:27+00:00","mainEntityOfPage":{"@id":"https:\/\/www.prijedordanas.com\/?p=29075"},"wordCount":252,"publisher":{"@id":"https:\/\/www.prijedordanas.com\/#organization"},"keywords":["golman","Luka Ka\u010davenda","pioniri","pripreme","reprezentacija Srbije"],"articleSection":["Sport"],"inLanguage":"en-US"},{"@type":"WebPage","@id":"https:\/\/www.prijedordanas.com\/?p=29075","url":"https:\/\/www.prijedordanas.com\/?p=29075","name":"MLADI PRIJEDORSKI FUDBALER DOBIO POZIV ZA PRIPREME REPREZENTACIJE SRBIJE - PrijedorDanas.com - Prijedorski gradski portal","isPartOf":{"@id":"https:\/\/www.prijedordanas.com\/#website"},"datePublished":"2015-09-12T09:03:27+00:00","dateModified":"2015-09-12T09:03:27+00:00","breadcrumb":{"@id":"https:\/\/www.prijedordanas.com\/?p=29075#breadcrumb"},"inLanguage":"en-US","potentialAction":[{"@type":"ReadAction","target":["https:\/\/www.prijedordanas.com\/?p=29075"]}]},{"@type":"BreadcrumbList","@id":"https:\/\/www.prijedordanas.com\/?p=29075#breadcrumb","itemListElement":[{"@type":"ListItem","position":1,"name":"Home","item":"https:\/\/www.prijedordanas.com\/"},{"@type":"ListItem","position":2,"name":"MLADI PRIJEDORSKI FUDBALER DOBIO POZIV ZA PRIPREME REPREZENTACIJE SRBIJE"}]},{"@type":"WebSite","@id":"https:\/\/www.prijedordanas.com\/#website","url":"https:\/\/www.prijedordanas.com\/","name":"PrijedorDanas.com - Prijedorski gradski portal","description":"Portal o doga\u0111anjima u gradu Prijedoru","publisher":{"@id":"https:\/\/www.prijedordanas.com\/#organization"},"potentialAction":[{"@type":"SearchAction","target":{"@type":"EntryPoint","urlTemplate":"https:\/\/www.prijedordanas.com\/?s={search_term_string}"},"query-input":"required name=search_term_string"}],"inLanguage":"en-US"},{"@type":"Organization","@id":"https:\/\/www.prijedordanas.com\/#organization","name":"PrijedorDanas.com","url":"https:\/\/www.prijedordanas.com\/","logo":{"@type":"ImageObject","inLanguage":"en-US","@id":"https:\/\/www.prijedordanas.com\/#\/schema\/logo\/image\/","url":"http:\/\/www.prijedordanas.com\/wp-content\/uploads\/2021\/12\/logopng.png","contentUrl":"http:\/\/www.prijedordanas.com\/wp-content\/uploads\/2021\/12\/logopng.png","width":1019,"height":776,"caption":"PrijedorDanas.com"},"image":{"@id":"https:\/\/www.prijedordanas.com\/#\/schema\/logo\/image\/"},"sameAs":["https:\/\/www.facebook.com\/PrijedorDanasCom\/"]},{"@type":"Person","@id":"https:\/\/www.prijedordanas.com\/#\/schema\/person\/4e08ccf29b506ca916ff86d46bb700e6","name":"admin","image":{"@type":"ImageObject","inLanguage":"en-US","@id":"https:\/\/www.prijedordanas.com\/#\/schema\/person\/image\/","url":"https:\/\/secure.gravatar.com\/avatar\/1d3fc949d550f0b53a5f0d51e06dfd79?s=96&d=mm&r=g","contentUrl":"https:\/\/secure.gravatar.com\/avatar\/1d3fc949d550f0b53a5f0d51e06dfd79?s=96&d=mm&r=g","caption":"admin"},"url":"https:\/\/www.prijedordanas.com\/?author=1"}]}},"_links":{"self":[{"href":"https:\/\/www.prijedordanas.com\/index.php?rest_route=\/wp\/v2\/posts\/29075"}],"collection":[{"href":"https:\/\/www.prijedordanas.com\/index.php?rest_route=\/wp\/v2\/posts"}],"about":[{"href":"https:\/\/www.prijedordanas.com\/index.php?rest_route=\/wp\/v2\/types\/post"}],"author":[{"embeddable":true,"href":"https:\/\/www.prijedordanas.com\/index.php?rest_route=\/wp\/v2\/users\/1"}],"replies":[{"embeddable":true,"href":"https:\/\/www.prijedordanas.com\/index.php?rest_route=%2Fwp%2Fv2%2Fcomments&post=29075"}],"version-history":[{"count":1,"href":"https:\/\/www.prijedordanas.com\/index.php?rest_route=\/wp\/v2\/posts\/29075\/revisions"}],"predecessor-version":[{"id":29077,"href":"https:\/\/www.prijedordanas.com\/index.php?rest_route=\/wp\/v2\/posts\/29075\/revisions\/29077"}],"wp:attachment":[{"href":"https:\/\/www.prijedordanas.com\/index.php?rest_route=%2Fwp%2Fv2%2Fmedia&parent=29075"}],"wp:term":[{"taxonomy":"category","embeddable":true,"href":"https:\/\/www.prijedordanas.com\/index.php?rest_route=%2Fwp%2Fv2%2Fcategories&post=29075"},{"taxonomy":"post_tag","embeddable":true,"href":"https:\/\/www.prijedordanas.com\/index.php?rest_route=%2Fwp%2Fv2%2Ftags&post=29075"}],"curies":[{"name":"wp","href":"https:\/\/api.w.org\/{rel}","templated":true}]}}