{"id":28942,"date":"2015-09-10T09:46:37","date_gmt":"2015-09-10T08:46:37","guid":{"rendered":"https:\/\/www.prijedordanas.com\/?p=28942"},"modified":"2015-09-10T09:52:08","modified_gmt":"2015-09-10T08:52:08","slug":"zrinjski-slavio-u-prijedoru-todorovic-matirao-odlicnog-kozica-foto","status":"publish","type":"post","link":"https:\/\/www.prijedordanas.com\/?p=28942","title":{"rendered":"ZRINJSKI SLAVIO U PRIJEDORU: TODOROVI\u0106 \u201eMATIRAO\u201c ODLI\u010cNOG KOZI\u0106A &#8211; FOTO"},"content":{"rendered":"<p><a href=\"https:\/\/www.prijedordanas.com\/wp-content\/uploads\/2015\/09\/rudar-prijedor-zrinjski-izvjestaj-1.jpg\"><img loading=\"lazy\" decoding=\"async\" class=\"alignleft size-medium wp-image-28943\" src=\"https:\/\/www.prijedordanas.com\/wp-content\/uploads\/2015\/09\/rudar-prijedor-zrinjski-izvjestaj-1-300x199.jpg\" alt=\"rudar prijedor-zrinjski-izvjestaj (1)\" width=\"300\" height=\"199\" srcset=\"https:\/\/www.prijedordanas.com\/wp-content\/uploads\/2015\/09\/rudar-prijedor-zrinjski-izvjestaj-1-300x199.jpg 300w, https:\/\/www.prijedordanas.com\/wp-content\/uploads\/2015\/09\/rudar-prijedor-zrinjski-izvjestaj-1-480x320.jpg 480w, https:\/\/www.prijedordanas.com\/wp-content\/uploads\/2015\/09\/rudar-prijedor-zrinjski-izvjestaj-1.jpg 800w\" sizes=\"(max-width: 300px) 100vw, 300px\" \/><\/a>Lider Premijer lige BiH je slavio pobjedu u Prijedoru, iako su doma\u0107i u\u010dinili sve da, vrativ\u0161i se na Gradski stadion ostanu nepora\u017eeni. Presudio je 40.minut, kada je Ognjen Todorovi\u0107 primio loptu ispred \u0161esnaesterca, oslobodiv\u0161i se dvojice \u010duvara izborio se za \u0161ut i sa oko 18 metara pogodio donji desni ugao odli\u010dnog golmana Dalibora Kozi\u0107a za Rudar-Prijedor: Zrinjski 0:1.<\/p>\n<p>Vrijedi ista\u0107i da Mostarci sedam kola nisu primili gol, ra\u010dunaju\u0107i i pro\u0161lu sezonu, kada im je sada\u0161nji prvotimac, kao \u010dlana \u0160irokog Brijega na \u201ePecari\u201c kada je bilo 1:1 zatresao mre\u017eu, netaknuta je je ve\u0107 672 minuta, ujedno to je bio jedini pogodak koji su primili u posljednjih 13 prvenstvenih me\u010deva.<\/p>\n<p>\u201eRudari sa Sane\u201c imaju razloga za ljutnju na sudiju Admira \u0160ehovi\u0107a, jer u 30.minuti Mirza D\u017eafi\u0107 je \u201etukao\u201c prema protivni\u010dkom golu, a lopta pogodila u ruku Aleksandra Radulovi\u0107a. I u nastavku, u 62.minuti D\u017eafi\u0107 je sapleten u protivni\u010dkom kaznenom prostoru, ali djelilac pravde nije pokazao na \u201ebijelu ta\u010dku\u201c, ve\u0107 dodijelio \u017euti karton Dejanu Koji\u0107u zbog progovora.<\/p>\n<p><a href=\"https:\/\/www.prijedordanas.com\/wp-content\/uploads\/2015\/09\/rudar-prijedor-zrinjski-izvjestaj-5.jpg\"><img loading=\"lazy\" decoding=\"async\" class=\"alignleft size-medium wp-image-28944\" src=\"https:\/\/www.prijedordanas.com\/wp-content\/uploads\/2015\/09\/rudar-prijedor-zrinjski-izvjestaj-5-300x199.jpg\" alt=\"rudar prijedor-zrinjski-izvjestaj (5)\" width=\"300\" height=\"199\" srcset=\"https:\/\/www.prijedordanas.com\/wp-content\/uploads\/2015\/09\/rudar-prijedor-zrinjski-izvjestaj-5-300x199.jpg 300w, https:\/\/www.prijedordanas.com\/wp-content\/uploads\/2015\/09\/rudar-prijedor-zrinjski-izvjestaj-5-480x320.jpg 480w, https:\/\/www.prijedordanas.com\/wp-content\/uploads\/2015\/09\/rudar-prijedor-zrinjski-izvjestaj-5.jpg 800w\" sizes=\"(max-width: 300px) 100vw, 300px\" \/><\/a>Ipak, ovi sporni detalji ne umanjuju zaslu\u017een trijumf izabranika trenera Vinka Marinovi\u0107a, koji su od po\u010detka, poslije dva susreta u kojima na \u201eBijelom Brijegu\u201c nisu uspjeli da postignu gol, imali loptu vi\u0161e u svom posjedu. U 23.minutu Ivan Peko je sa 20 metara \u201epucao\u201c, a Kozi\u0107 \u010dudesno, poslu\u017eiv\u0161i se i ramenom, zaustavio \u201ete\u0161ku\u201c loptu.<\/p>\n<p>Do primljenog gola, kada su se momci Borisa Gavrana oslobodili po\u010detnog pritiska, prvo je Aleksandar Jovi\u010di\u0107 u 31.minutu iskosa sa lijeve strane ga\u0111ao donji desni ugao, a potom u 37. minuti i Boris Ni\u0161evi\u0107 poku\u0161ao, ali je \u010duvar mre\u017ee gostiju Goran Kara\u010di\u0107 oba puta bio na mjestu.<\/p>\n<p>\u201eTragi\u010dar\u201c me\u010da mogao je biti Jasmin Me\u0161anovi\u0107. U 42.minutu, nakon centar\u0161uta kapitena Danijela Stojanovi\u0107a sa lijeve strane, sa sedam-osam metara nije uspio da savlada odli\u010dnog Kozi\u0107a.<\/p>\n<p><a href=\"https:\/\/www.prijedordanas.com\/wp-content\/uploads\/2015\/09\/rudar-prijedor-zrinjski-izvjestaj-2.jpg\"><img loading=\"lazy\" decoding=\"async\" class=\"alignleft size-medium wp-image-28947\" src=\"https:\/\/www.prijedordanas.com\/wp-content\/uploads\/2015\/09\/rudar-prijedor-zrinjski-izvjestaj-2-300x199.jpg\" alt=\"rudar prijedor-zrinjski-izvjestaj (2)\" width=\"300\" height=\"199\" srcset=\"https:\/\/www.prijedordanas.com\/wp-content\/uploads\/2015\/09\/rudar-prijedor-zrinjski-izvjestaj-2-300x199.jpg 300w, https:\/\/www.prijedordanas.com\/wp-content\/uploads\/2015\/09\/rudar-prijedor-zrinjski-izvjestaj-2-480x320.jpg 480w, https:\/\/www.prijedordanas.com\/wp-content\/uploads\/2015\/09\/rudar-prijedor-zrinjski-izvjestaj-2.jpg 800w\" sizes=\"(max-width: 300px) 100vw, 300px\" \/><\/a>I u drugom dijelu, u 68.minutu, kada Kozi\u0107 brani \u0161ut Milo\u0161a \u017deravice, Me\u0161anovi\u0107 nije uspio da \u201ematira\u201c Kozi\u0107a, a samo dva minuta kasnije bio je \u201eo\u010di u o\u010di\u201c pred njim, jo\u0161 jednom je \u201eKoza\u201c iza\u0161ao kao pobjednik i ponio epitet igra\u010da utakmice.<\/p>\n<p>Dodu\u0161e, u 73.minutu lopta je pro\u0161la kraj njega, ali je Aleksandar Jovi\u010di\u0107 sprije\u010dio da pre\u0111e gol-liniju. I kako to nerijetko u fudbalu biva, umalo da Prijedor\u010dani u posljednjim trenucima ne kazne \u201eplemi\u0107e\u201c za proma\u0161aje.<\/p>\n<p>Lijepo poslu\u017een od D\u017eafi\u0107a, dodu\u0161e ometen, Koji\u0107 sa \u201epeterca\u201c nije najbolje uputio loptu, iako su svi na stadionu pomislili da \u0107e uslijediti izjedna\u010denje.<\/p>\n<p>Na kraju treba ista\u0107i korektno pona\u0161anje svih aktera, po sun\u010danom i na momente vjetrovitom vremenu, ali i navija\u010dkih grupa, doma\u0107ih \u201eAlkohol bojsa\u201c i mostarskih \u201eUltrasa\u201c.<\/p>\n<p><a href=\"https:\/\/www.prijedordanas.com\/wp-content\/uploads\/2015\/09\/rudar-prijedor-zrinjski-izvjestaj-3.jpg\"><img loading=\"lazy\" decoding=\"async\" src=\"https:\/\/www.prijedordanas.com\/wp-content\/uploads\/2015\/09\/rudar-prijedor-zrinjski-izvjestaj-3-300x199.jpg\" alt=\"rudar prijedor-zrinjski-izvjestaj (3)\" width=\"300\" height=\"199\" class=\"alignleft size-medium wp-image-28948\" srcset=\"https:\/\/www.prijedordanas.com\/wp-content\/uploads\/2015\/09\/rudar-prijedor-zrinjski-izvjestaj-3-300x199.jpg 300w, https:\/\/www.prijedordanas.com\/wp-content\/uploads\/2015\/09\/rudar-prijedor-zrinjski-izvjestaj-3-480x320.jpg 480w, https:\/\/www.prijedordanas.com\/wp-content\/uploads\/2015\/09\/rudar-prijedor-zrinjski-izvjestaj-3.jpg 800w\" sizes=\"(max-width: 300px) 100vw, 300px\" \/><\/a>Rudar-Prijedor: Zrinjski 0:1(0:1)<\/p>\n<p>Prijedor<br \/>\nGradski stadion<br \/>\nGledalaca: 600<br \/>\nSudija: Admir \u0160ehovi\u0107 (Sarajevo) 6<br \/>\nStrijelac: Todorovi\u0107 u 40.minuti<br \/>\n\u017duti kartoni: Milo\u0161, Koji\u0107, D\u017eafi\u0107, Are\u017eina (Rudar Prijedor), Todorovi\u0107, Radulovi\u0107, Blai\u0107 (Zrinjski).<\/p>\n<p>RUDAR-PRIJEDOR<br \/>\nKozi\u0107 7,5, Ni\u0161evi\u0107 6,5 (od 46. Mrki\u0107 6,5), Burazor 7, Koji\u0107 6, Pekija 6,5, D\u017eafi\u0107 7, Are\u017eina 6, Milo\u0161 6 (od 80. Kuni\u0107 -), \u0106ulum 6,5 (od 65. Hamzi\u0107 -), Jovi\u010di\u0107 7, Peji\u0107 6<\/p>\n<p>ZRINJSKI<br \/>\nKara\u010di\u0107 7, Blai\u0107 6, Peko 7, Graovac 7, Radulovi\u0107 6,5, \u017deravica 6,5, Todorovi\u0107 7, Stojanovi\u0107 7 (od 90. Filipovi\u0107 -), Me\u0161anovi\u0107 6 (od 86. Kordi\u0107 -),La\u0161tro 7, Zakari\u0107 6,5 (od 82. Stojki\u0107 -)<\/p>\n<p>Igra\u010d utakmice: Dalibor Kozi\u0107<\/p>\n<p>Tekst i foto \u2013 Nenad \u0110eri\u0107\/Aleksandar Drakuli\u0107 \u2013 <a href=\"www.prijedordanas.com\" target=\"_blank\">www.prijedordanas.com<\/a><\/p>\n<p><a href=\"https:\/\/www.prijedordanas.com\/wp-content\/uploads\/2015\/09\/rudar-prijedor-zrinjski-izvjestaj-4.jpg\"><img loading=\"lazy\" decoding=\"async\" src=\"https:\/\/www.prijedordanas.com\/wp-content\/uploads\/2015\/09\/rudar-prijedor-zrinjski-izvjestaj-4-300x199.jpg\" alt=\"rudar prijedor-zrinjski-izvjestaj (4)\" width=\"300\" height=\"199\" class=\"alignleft size-medium wp-image-28949\" srcset=\"https:\/\/www.prijedordanas.com\/wp-content\/uploads\/2015\/09\/rudar-prijedor-zrinjski-izvjestaj-4-300x199.jpg 300w, https:\/\/www.prijedordanas.com\/wp-content\/uploads\/2015\/09\/rudar-prijedor-zrinjski-izvjestaj-4-480x320.jpg 480w, https:\/\/www.prijedordanas.com\/wp-content\/uploads\/2015\/09\/rudar-prijedor-zrinjski-izvjestaj-4.jpg 800w\" sizes=\"(max-width: 300px) 100vw, 300px\" \/><\/a> <a href=\"https:\/\/www.prijedordanas.com\/wp-content\/uploads\/2015\/09\/rudar-prijedor-zrinjski-izvjestaj-6.jpg\"><img loading=\"lazy\" decoding=\"async\" src=\"https:\/\/www.prijedordanas.com\/wp-content\/uploads\/2015\/09\/rudar-prijedor-zrinjski-izvjestaj-6-300x199.jpg\" alt=\"rudar prijedor-zrinjski-izvjestaj (6)\" width=\"300\" height=\"199\" class=\"alignleft size-medium wp-image-28950\" srcset=\"https:\/\/www.prijedordanas.com\/wp-content\/uploads\/2015\/09\/rudar-prijedor-zrinjski-izvjestaj-6-300x199.jpg 300w, https:\/\/www.prijedordanas.com\/wp-content\/uploads\/2015\/09\/rudar-prijedor-zrinjski-izvjestaj-6-480x320.jpg 480w, https:\/\/www.prijedordanas.com\/wp-content\/uploads\/2015\/09\/rudar-prijedor-zrinjski-izvjestaj-6.jpg 800w\" sizes=\"(max-width: 300px) 100vw, 300px\" \/><\/a> <a href=\"https:\/\/www.prijedordanas.com\/wp-content\/uploads\/2015\/09\/rudar-prijedor-zrinjski-izvjestaj-7.jpg\"><img loading=\"lazy\" decoding=\"async\" src=\"https:\/\/www.prijedordanas.com\/wp-content\/uploads\/2015\/09\/rudar-prijedor-zrinjski-izvjestaj-7-300x199.jpg\" alt=\"rudar prijedor-zrinjski-izvjestaj (7)\" width=\"300\" height=\"199\" class=\"alignleft size-medium wp-image-28951\" srcset=\"https:\/\/www.prijedordanas.com\/wp-content\/uploads\/2015\/09\/rudar-prijedor-zrinjski-izvjestaj-7-300x199.jpg 300w, https:\/\/www.prijedordanas.com\/wp-content\/uploads\/2015\/09\/rudar-prijedor-zrinjski-izvjestaj-7-480x320.jpg 480w, https:\/\/www.prijedordanas.com\/wp-content\/uploads\/2015\/09\/rudar-prijedor-zrinjski-izvjestaj-7.jpg 800w\" sizes=\"(max-width: 300px) 100vw, 300px\" \/><\/a> <a href=\"https:\/\/www.prijedordanas.com\/wp-content\/uploads\/2015\/09\/rudar-prijedor-zrinjski-izvjestaj-8.jpg\"><img loading=\"lazy\" decoding=\"async\" src=\"https:\/\/www.prijedordanas.com\/wp-content\/uploads\/2015\/09\/rudar-prijedor-zrinjski-izvjestaj-8-300x199.jpg\" alt=\"rudar prijedor-zrinjski-izvjestaj (8)\" width=\"300\" height=\"199\" class=\"alignleft size-medium wp-image-28952\" srcset=\"https:\/\/www.prijedordanas.com\/wp-content\/uploads\/2015\/09\/rudar-prijedor-zrinjski-izvjestaj-8-300x199.jpg 300w, https:\/\/www.prijedordanas.com\/wp-content\/uploads\/2015\/09\/rudar-prijedor-zrinjski-izvjestaj-8-480x320.jpg 480w, https:\/\/www.prijedordanas.com\/wp-content\/uploads\/2015\/09\/rudar-prijedor-zrinjski-izvjestaj-8.jpg 800w\" sizes=\"(max-width: 300px) 100vw, 300px\" \/><\/a> <a href=\"https:\/\/www.prijedordanas.com\/wp-content\/uploads\/2015\/09\/rudar-prijedor-zrinjski-izvjestaj-9.jpg\"><img loading=\"lazy\" decoding=\"async\" src=\"https:\/\/www.prijedordanas.com\/wp-content\/uploads\/2015\/09\/rudar-prijedor-zrinjski-izvjestaj-9-300x199.jpg\" alt=\"rudar prijedor-zrinjski-izvjestaj (9)\" width=\"300\" height=\"199\" class=\"alignleft size-medium wp-image-28953\" srcset=\"https:\/\/www.prijedordanas.com\/wp-content\/uploads\/2015\/09\/rudar-prijedor-zrinjski-izvjestaj-9-300x199.jpg 300w, https:\/\/www.prijedordanas.com\/wp-content\/uploads\/2015\/09\/rudar-prijedor-zrinjski-izvjestaj-9-480x320.jpg 480w, https:\/\/www.prijedordanas.com\/wp-content\/uploads\/2015\/09\/rudar-prijedor-zrinjski-izvjestaj-9.jpg 800w\" sizes=\"(max-width: 300px) 100vw, 300px\" \/><\/a> <a href=\"https:\/\/www.prijedordanas.com\/wp-content\/uploads\/2015\/09\/rudar-prijedor-zrinjski-izvjestaj-10.jpg\"><img loading=\"lazy\" decoding=\"async\" src=\"https:\/\/www.prijedordanas.com\/wp-content\/uploads\/2015\/09\/rudar-prijedor-zrinjski-izvjestaj-10-300x199.jpg\" alt=\"rudar prijedor-zrinjski-izvjestaj (10)\" width=\"300\" height=\"199\" class=\"alignleft size-medium wp-image-28954\" srcset=\"https:\/\/www.prijedordanas.com\/wp-content\/uploads\/2015\/09\/rudar-prijedor-zrinjski-izvjestaj-10-300x199.jpg 300w, https:\/\/www.prijedordanas.com\/wp-content\/uploads\/2015\/09\/rudar-prijedor-zrinjski-izvjestaj-10-480x320.jpg 480w, https:\/\/www.prijedordanas.com\/wp-content\/uploads\/2015\/09\/rudar-prijedor-zrinjski-izvjestaj-10.jpg 800w\" sizes=\"(max-width: 300px) 100vw, 300px\" \/><\/a><\/p>\n","protected":false},"excerpt":{"rendered":"<p>Lider Premijer lige BiH je slavio pobjedu u Prijedoru, iako su doma\u0107i u\u010dinili sve da, vrativ\u0161i se na Gradski stadion ostanu nepora\u017eeni. Presudio je 40.minut, kada je Ognjen Todorovi\u0107 primio [&hellip;]<\/p>\n","protected":false},"author":1,"featured_media":0,"comment_status":"closed","ping_status":"open","sticky":false,"template":"","format":"standard","meta":{"_monsterinsights_skip_tracking":false,"_monsterinsights_sitenote_active":false,"_monsterinsights_sitenote_note":"","_monsterinsights_sitenote_category":0,"footnotes":""},"categories":[7],"tags":[221,803],"yoast_head":"<!-- This site is optimized with the Yoast SEO plugin v21.6 - https:\/\/yoast.com\/wordpress\/plugins\/seo\/ -->\n<title>ZRINJSKI SLAVIO U PRIJEDORU: TODOROVI\u0106 \u201eMATIRAO\u201c ODLI\u010cNOG KOZI\u0106A - FOTO - PrijedorDanas.com - Prijedorski gradski portal<\/title>\n<meta name=\"robots\" content=\"index, follow, max-snippet:-1, max-image-preview:large, max-video-preview:-1\" \/>\n<link rel=\"canonical\" href=\"https:\/\/www.prijedordanas.com\/?p=28942\" \/>\n<meta property=\"og:locale\" content=\"en_US\" \/>\n<meta property=\"og:type\" content=\"article\" \/>\n<meta property=\"og:title\" content=\"ZRINJSKI SLAVIO U PRIJEDORU: TODOROVI\u0106 \u201eMATIRAO\u201c ODLI\u010cNOG KOZI\u0106A - FOTO - PrijedorDanas.com - Prijedorski gradski portal\" \/>\n<meta property=\"og:description\" content=\"Lider Premijer lige BiH je slavio pobjedu u Prijedoru, iako su doma\u0107i u\u010dinili sve da, vrativ\u0161i se na Gradski stadion ostanu nepora\u017eeni. Presudio je 40.minut, kada je Ognjen Todorovi\u0107 primio [&hellip;]\" \/>\n<meta property=\"og:url\" content=\"https:\/\/www.prijedordanas.com\/?p=28942\" \/>\n<meta property=\"og:site_name\" content=\"PrijedorDanas.com - Prijedorski gradski portal\" \/>\n<meta property=\"article:publisher\" content=\"https:\/\/www.facebook.com\/PrijedorDanasCom\/\" \/>\n<meta property=\"article:published_time\" content=\"2015-09-10T08:46:37+00:00\" \/>\n<meta property=\"article:modified_time\" content=\"2015-09-10T08:52:08+00:00\" \/>\n<meta property=\"og:image\" content=\"https:\/\/www.prijedordanas.com\/wp-content\/uploads\/2015\/09\/rudar-prijedor-zrinjski-izvjestaj-1-300x199.jpg\" \/>\n<meta name=\"author\" content=\"admin\" \/>\n<meta name=\"twitter:card\" content=\"summary_large_image\" \/>\n<meta name=\"twitter:label1\" content=\"Written by\" \/>\n\t<meta name=\"twitter:data1\" content=\"admin\" \/>\n\t<meta name=\"twitter:label2\" content=\"Est. reading time\" \/>\n\t<meta name=\"twitter:data2\" content=\"3 minutes\" \/>\n<script type=\"application\/ld+json\" class=\"yoast-schema-graph\">{\"@context\":\"https:\/\/schema.org\",\"@graph\":[{\"@type\":\"Article\",\"@id\":\"https:\/\/www.prijedordanas.com\/?p=28942#article\",\"isPartOf\":{\"@id\":\"https:\/\/www.prijedordanas.com\/?p=28942\"},\"author\":{\"name\":\"admin\",\"@id\":\"https:\/\/www.prijedordanas.com\/#\/schema\/person\/4e08ccf29b506ca916ff86d46bb700e6\"},\"headline\":\"ZRINJSKI SLAVIO U PRIJEDORU: TODOROVI\u0106 \u201eMATIRAO\u201c ODLI\u010cNOG KOZI\u0106A &#8211; FOTO\",\"datePublished\":\"2015-09-10T08:46:37+00:00\",\"dateModified\":\"2015-09-10T08:52:08+00:00\",\"mainEntityOfPage\":{\"@id\":\"https:\/\/www.prijedordanas.com\/?p=28942\"},\"wordCount\":578,\"publisher\":{\"@id\":\"https:\/\/www.prijedordanas.com\/#organization\"},\"keywords\":[\"Rudar-Prijedor\",\"Zrinjski\"],\"articleSection\":[\"Sport\"],\"inLanguage\":\"en-US\"},{\"@type\":\"WebPage\",\"@id\":\"https:\/\/www.prijedordanas.com\/?p=28942\",\"url\":\"https:\/\/www.prijedordanas.com\/?p=28942\",\"name\":\"ZRINJSKI SLAVIO U PRIJEDORU: TODOROVI\u0106 \u201eMATIRAO\u201c ODLI\u010cNOG KOZI\u0106A - FOTO - PrijedorDanas.com - Prijedorski gradski portal\",\"isPartOf\":{\"@id\":\"https:\/\/www.prijedordanas.com\/#website\"},\"datePublished\":\"2015-09-10T08:46:37+00:00\",\"dateModified\":\"2015-09-10T08:52:08+00:00\",\"breadcrumb\":{\"@id\":\"https:\/\/www.prijedordanas.com\/?p=28942#breadcrumb\"},\"inLanguage\":\"en-US\",\"potentialAction\":[{\"@type\":\"ReadAction\",\"target\":[\"https:\/\/www.prijedordanas.com\/?p=28942\"]}]},{\"@type\":\"BreadcrumbList\",\"@id\":\"https:\/\/www.prijedordanas.com\/?p=28942#breadcrumb\",\"itemListElement\":[{\"@type\":\"ListItem\",\"position\":1,\"name\":\"Home\",\"item\":\"https:\/\/www.prijedordanas.com\/\"},{\"@type\":\"ListItem\",\"position\":2,\"name\":\"ZRINJSKI SLAVIO U PRIJEDORU: TODOROVI\u0106 \u201eMATIRAO\u201c ODLI\u010cNOG KOZI\u0106A &#8211; FOTO\"}]},{\"@type\":\"WebSite\",\"@id\":\"https:\/\/www.prijedordanas.com\/#website\",\"url\":\"https:\/\/www.prijedordanas.com\/\",\"name\":\"PrijedorDanas.com - Prijedorski gradski portal\",\"description\":\"Portal o doga\u0111anjima u gradu Prijedoru\",\"publisher\":{\"@id\":\"https:\/\/www.prijedordanas.com\/#organization\"},\"potentialAction\":[{\"@type\":\"SearchAction\",\"target\":{\"@type\":\"EntryPoint\",\"urlTemplate\":\"https:\/\/www.prijedordanas.com\/?s={search_term_string}\"},\"query-input\":\"required name=search_term_string\"}],\"inLanguage\":\"en-US\"},{\"@type\":\"Organization\",\"@id\":\"https:\/\/www.prijedordanas.com\/#organization\",\"name\":\"PrijedorDanas.com\",\"url\":\"https:\/\/www.prijedordanas.com\/\",\"logo\":{\"@type\":\"ImageObject\",\"inLanguage\":\"en-US\",\"@id\":\"https:\/\/www.prijedordanas.com\/#\/schema\/logo\/image\/\",\"url\":\"http:\/\/www.prijedordanas.com\/wp-content\/uploads\/2021\/12\/logopng.png\",\"contentUrl\":\"http:\/\/www.prijedordanas.com\/wp-content\/uploads\/2021\/12\/logopng.png\",\"width\":1019,\"height\":776,\"caption\":\"PrijedorDanas.com\"},\"image\":{\"@id\":\"https:\/\/www.prijedordanas.com\/#\/schema\/logo\/image\/\"},\"sameAs\":[\"https:\/\/www.facebook.com\/PrijedorDanasCom\/\"]},{\"@type\":\"Person\",\"@id\":\"https:\/\/www.prijedordanas.com\/#\/schema\/person\/4e08ccf29b506ca916ff86d46bb700e6\",\"name\":\"admin\",\"image\":{\"@type\":\"ImageObject\",\"inLanguage\":\"en-US\",\"@id\":\"https:\/\/www.prijedordanas.com\/#\/schema\/person\/image\/\",\"url\":\"https:\/\/secure.gravatar.com\/avatar\/1d3fc949d550f0b53a5f0d51e06dfd79?s=96&d=mm&r=g\",\"contentUrl\":\"https:\/\/secure.gravatar.com\/avatar\/1d3fc949d550f0b53a5f0d51e06dfd79?s=96&d=mm&r=g\",\"caption\":\"admin\"},\"url\":\"https:\/\/www.prijedordanas.com\/?author=1\"}]}<\/script>\n<!-- \/ Yoast SEO plugin. -->","yoast_head_json":{"title":"ZRINJSKI SLAVIO U PRIJEDORU: TODOROVI\u0106 \u201eMATIRAO\u201c ODLI\u010cNOG KOZI\u0106A - FOTO - PrijedorDanas.com - Prijedorski gradski portal","robots":{"index":"index","follow":"follow","max-snippet":"max-snippet:-1","max-image-preview":"max-image-preview:large","max-video-preview":"max-video-preview:-1"},"canonical":"https:\/\/www.prijedordanas.com\/?p=28942","og_locale":"en_US","og_type":"article","og_title":"ZRINJSKI SLAVIO U PRIJEDORU: TODOROVI\u0106 \u201eMATIRAO\u201c ODLI\u010cNOG KOZI\u0106A - FOTO - PrijedorDanas.com - Prijedorski gradski portal","og_description":"Lider Premijer lige BiH je slavio pobjedu u Prijedoru, iako su doma\u0107i u\u010dinili sve da, vrativ\u0161i se na Gradski stadion ostanu nepora\u017eeni. Presudio je 40.minut, kada je Ognjen Todorovi\u0107 primio [&hellip;]","og_url":"https:\/\/www.prijedordanas.com\/?p=28942","og_site_name":"PrijedorDanas.com - Prijedorski gradski portal","article_publisher":"https:\/\/www.facebook.com\/PrijedorDanasCom\/","article_published_time":"2015-09-10T08:46:37+00:00","article_modified_time":"2015-09-10T08:52:08+00:00","og_image":[{"url":"https:\/\/www.prijedordanas.com\/wp-content\/uploads\/2015\/09\/rudar-prijedor-zrinjski-izvjestaj-1-300x199.jpg"}],"author":"admin","twitter_card":"summary_large_image","twitter_misc":{"Written by":"admin","Est. reading time":"3 minutes"},"schema":{"@context":"https:\/\/schema.org","@graph":[{"@type":"Article","@id":"https:\/\/www.prijedordanas.com\/?p=28942#article","isPartOf":{"@id":"https:\/\/www.prijedordanas.com\/?p=28942"},"author":{"name":"admin","@id":"https:\/\/www.prijedordanas.com\/#\/schema\/person\/4e08ccf29b506ca916ff86d46bb700e6"},"headline":"ZRINJSKI SLAVIO U PRIJEDORU: TODOROVI\u0106 \u201eMATIRAO\u201c ODLI\u010cNOG KOZI\u0106A &#8211; FOTO","datePublished":"2015-09-10T08:46:37+00:00","dateModified":"2015-09-10T08:52:08+00:00","mainEntityOfPage":{"@id":"https:\/\/www.prijedordanas.com\/?p=28942"},"wordCount":578,"publisher":{"@id":"https:\/\/www.prijedordanas.com\/#organization"},"keywords":["Rudar-Prijedor","Zrinjski"],"articleSection":["Sport"],"inLanguage":"en-US"},{"@type":"WebPage","@id":"https:\/\/www.prijedordanas.com\/?p=28942","url":"https:\/\/www.prijedordanas.com\/?p=28942","name":"ZRINJSKI SLAVIO U PRIJEDORU: TODOROVI\u0106 \u201eMATIRAO\u201c ODLI\u010cNOG KOZI\u0106A - FOTO - PrijedorDanas.com - Prijedorski gradski portal","isPartOf":{"@id":"https:\/\/www.prijedordanas.com\/#website"},"datePublished":"2015-09-10T08:46:37+00:00","dateModified":"2015-09-10T08:52:08+00:00","breadcrumb":{"@id":"https:\/\/www.prijedordanas.com\/?p=28942#breadcrumb"},"inLanguage":"en-US","potentialAction":[{"@type":"ReadAction","target":["https:\/\/www.prijedordanas.com\/?p=28942"]}]},{"@type":"BreadcrumbList","@id":"https:\/\/www.prijedordanas.com\/?p=28942#breadcrumb","itemListElement":[{"@type":"ListItem","position":1,"name":"Home","item":"https:\/\/www.prijedordanas.com\/"},{"@type":"ListItem","position":2,"name":"ZRINJSKI SLAVIO U PRIJEDORU: TODOROVI\u0106 \u201eMATIRAO\u201c ODLI\u010cNOG KOZI\u0106A &#8211; FOTO"}]},{"@type":"WebSite","@id":"https:\/\/www.prijedordanas.com\/#website","url":"https:\/\/www.prijedordanas.com\/","name":"PrijedorDanas.com - Prijedorski gradski portal","description":"Portal o doga\u0111anjima u gradu Prijedoru","publisher":{"@id":"https:\/\/www.prijedordanas.com\/#organization"},"potentialAction":[{"@type":"SearchAction","target":{"@type":"EntryPoint","urlTemplate":"https:\/\/www.prijedordanas.com\/?s={search_term_string}"},"query-input":"required name=search_term_string"}],"inLanguage":"en-US"},{"@type":"Organization","@id":"https:\/\/www.prijedordanas.com\/#organization","name":"PrijedorDanas.com","url":"https:\/\/www.prijedordanas.com\/","logo":{"@type":"ImageObject","inLanguage":"en-US","@id":"https:\/\/www.prijedordanas.com\/#\/schema\/logo\/image\/","url":"http:\/\/www.prijedordanas.com\/wp-content\/uploads\/2021\/12\/logopng.png","contentUrl":"http:\/\/www.prijedordanas.com\/wp-content\/uploads\/2021\/12\/logopng.png","width":1019,"height":776,"caption":"PrijedorDanas.com"},"image":{"@id":"https:\/\/www.prijedordanas.com\/#\/schema\/logo\/image\/"},"sameAs":["https:\/\/www.facebook.com\/PrijedorDanasCom\/"]},{"@type":"Person","@id":"https:\/\/www.prijedordanas.com\/#\/schema\/person\/4e08ccf29b506ca916ff86d46bb700e6","name":"admin","image":{"@type":"ImageObject","inLanguage":"en-US","@id":"https:\/\/www.prijedordanas.com\/#\/schema\/person\/image\/","url":"https:\/\/secure.gravatar.com\/avatar\/1d3fc949d550f0b53a5f0d51e06dfd79?s=96&d=mm&r=g","contentUrl":"https:\/\/secure.gravatar.com\/avatar\/1d3fc949d550f0b53a5f0d51e06dfd79?s=96&d=mm&r=g","caption":"admin"},"url":"https:\/\/www.prijedordanas.com\/?author=1"}]}},"_links":{"self":[{"href":"https:\/\/www.prijedordanas.com\/index.php?rest_route=\/wp\/v2\/posts\/28942"}],"collection":[{"href":"https:\/\/www.prijedordanas.com\/index.php?rest_route=\/wp\/v2\/posts"}],"about":[{"href":"https:\/\/www.prijedordanas.com\/index.php?rest_route=\/wp\/v2\/types\/post"}],"author":[{"embeddable":true,"href":"https:\/\/www.prijedordanas.com\/index.php?rest_route=\/wp\/v2\/users\/1"}],"replies":[{"embeddable":true,"href":"https:\/\/www.prijedordanas.com\/index.php?rest_route=%2Fwp%2Fv2%2Fcomments&post=28942"}],"version-history":[{"count":3,"href":"https:\/\/www.prijedordanas.com\/index.php?rest_route=\/wp\/v2\/posts\/28942\/revisions"}],"predecessor-version":[{"id":28955,"href":"https:\/\/www.prijedordanas.com\/index.php?rest_route=\/wp\/v2\/posts\/28942\/revisions\/28955"}],"wp:attachment":[{"href":"https:\/\/www.prijedordanas.com\/index.php?rest_route=%2Fwp%2Fv2%2Fmedia&parent=28942"}],"wp:term":[{"taxonomy":"category","embeddable":true,"href":"https:\/\/www.prijedordanas.com\/index.php?rest_route=%2Fwp%2Fv2%2Fcategories&post=28942"},{"taxonomy":"post_tag","embeddable":true,"href":"https:\/\/www.prijedordanas.com\/index.php?rest_route=%2Fwp%2Fv2%2Ftags&post=28942"}],"curies":[{"name":"wp","href":"https:\/\/api.w.org\/{rel}","templated":true}]}}