{"id":2879,"date":"2014-05-15T18:49:53","date_gmt":"2014-05-15T17:49:53","guid":{"rendered":"https:\/\/www.prijedordanas.com\/?p=2879"},"modified":"2014-05-15T18:49:53","modified_gmt":"2014-05-15T17:49:53","slug":"davidi-grad-dobre-atmosfere-i-bez-meduetnickih-tenzija","status":"publish","type":"post","link":"https:\/\/www.prijedordanas.com\/?p=2879","title":{"rendered":"DAVIDI: GRAD DOBRE ATMOSFERE I BEZ ME\u0110UETNI\u010cKIH TENZIJA"},"content":{"rendered":"<p><a href=\"https:\/\/www.prijedordanas.com\/wp-content\/uploads\/2014\/05\/davidi-prijedor-1.jpg\"><img loading=\"lazy\" decoding=\"async\" class=\"alignleft size-thumbnail wp-image-2880\" alt=\"davidi-prijedor 1\" src=\"https:\/\/www.prijedordanas.com\/wp-content\/uploads\/2014\/05\/davidi-prijedor-1-300x300.jpg\" width=\"150\" height=\"150\" srcset=\"https:\/\/www.prijedordanas.com\/wp-content\/uploads\/2014\/05\/davidi-prijedor-1-300x300.jpg 300w, https:\/\/www.prijedordanas.com\/wp-content\/uploads\/2014\/05\/davidi-prijedor-1-50x50.jpg 50w\" sizes=\"(max-width: 150px) 100vw, 150px\" \/><\/a>Zamjenik \u0161efa Delegacije Evropske unije \/EU\/ u BiH Renco Davidi izjavio je danas da je Prijedor grad dobre atmosfere i grad bez tenzija izme\u0111u razli\u010ditih etni\u010dkih grupa.<\/p>\n<p>&#8220;Va\u017eno je da je proces povratka bio veoma uspje\u0161an ovdje. Izgleda da je ovo sredina gdje stvari idu bolje nego u drugim dijelovima BiH&#8221;, rekao je Davidi novinarima u Prijedoru nakon niza razgovora sa predstavnicima vlasti, nevladinih organizacija, \u0161kola i privrede.<\/p>\n<p>On je dodao da je Prijedor zasigurno napravio veliki napredak.<\/p>\n<p>&#8220;Nisam dugo bio ovdje i sada kad sam ponovo tu vidim prili\u010dno veliku razliku i znatan ekonomski napredak&#8221;, rekao je Davidi.<\/p>\n<p>Davidi je direktorima Ma\u0161inske i Poljoprivredne \u0161kole u Prijedoru uru\u010dio dio opreme u okviru projekta \u201eRazvoj cjelo\u017eivotnog u\u010denja za povec\u0301anje konkurentnosti i zapo\u0161ljavanja\u201c koji finansira EU, a provodi Agencija za ekonomski razvoj grada Prijedora &#8220;PREDA-PD&#8221; sa partnerima.<\/p>\n<p><a href=\"https:\/\/www.prijedordanas.com\/wp-content\/uploads\/2014\/05\/davidi-prijedor-2.jpg\"><img loading=\"lazy\" decoding=\"async\" src=\"https:\/\/www.prijedordanas.com\/wp-content\/uploads\/2014\/05\/davidi-prijedor-2-300x300.jpg\" alt=\"davidi-prijedor 2\" width=\"150\" height=\"150\" class=\"alignleft size-thumbnail wp-image-2881\" srcset=\"https:\/\/www.prijedordanas.com\/wp-content\/uploads\/2014\/05\/davidi-prijedor-2-300x300.jpg 300w, https:\/\/www.prijedordanas.com\/wp-content\/uploads\/2014\/05\/davidi-prijedor-2-50x50.jpg 50w\" sizes=\"(max-width: 150px) 100vw, 150px\" \/><\/a>Direktor Agencije &#8220;PREDA-PD&#8221; Mi\u0161o Reljic\u0301 rekao je da je vrijednost dvogodi\u0161njeg projekta 116.000 evra od \u010dega 95.000 evra daruje Evropska komisija, a 21.000 evra grad Prijedor, u okviru \u010dega c\u0301e srednje \u0161kole dobiti opremu vrijednu 40.000 evra.<\/p>\n<p>&#8220;Poljoprivredna \u0161kola dobija traktor, atomizer i prikolicu za prevoz ko\u0161nica, a Ma\u0161inska \u0161kola aparat za zavarivanje, CNC ma\u0161inu za drvopreradu, CNC simulator za metalopreradu i dijagnosti\u010dki centar za popravku auta&#8221;, kazao je Reljic\u0301 naglasiv\u0161i da je krajnji cilj da sva zanimanja dobiju kabinete i opremu za prakti\u010dni rad kako bi iz srednjih \u0161kola \u0111aci izlazili \u0161to osposobljeniji za tr\u017ei\u0161te rada.<\/p>\n<p>On je dodao da Agencija &#8220;PREDA-PD&#8221; trenutno realizuje \u010detiri projekta koje finansira EU, a da ih je isto toliko vec\u0301 realizovala.<\/p>\n<p>&#8220;Prakti\u010dno ne postoji nijedan program EU dostupan za BiH a da nismo koristili donatorska sredstva. Jedino na programu `Evropa za gra\u0111ane` nismo pro\u0161li, ali i to c\u0301emo se potruditi da dobijemo&#8221;, naveo je Reljic\u0301.<\/p>\n<p>S Davidijem je u posjeti Prijedoru boravio i ambasador Kraljevine Holandije Jurijan Krak, dok najavljeni konzul ambasade Rumunije Andrej Borza nije do\u0161ao zbog vremenskih nepogoda.<\/p>\n<p>Diplomate EU sastali su se sa gradona\u010delnikom i predsjednikom Skup\u0161tine grada Markom Pavic\u0301em i Seadom Jakupovic\u0301em, sa predstavnicima vi\u0161e nevladinih organizacija, Agencije &#8220;PREDA&#8221;, vi\u0161e srednjih \u0161kola i keksarom &#8220;Mira&#8221;.<\/p>\n<p>SRNA<\/p>\n","protected":false},"excerpt":{"rendered":"<p>Zamjenik \u0161efa Delegacije Evropske unije \/EU\/ u BiH Renco Davidi izjavio je danas da je Prijedor grad dobre atmosfere i grad bez tenzija izme\u0111u razli\u010ditih etni\u010dkih grupa. &#8220;Va\u017eno je da [&hellip;]<\/p>\n","protected":false},"author":1,"featured_media":0,"comment_status":"closed","ping_status":"open","sticky":false,"template":"","format":"standard","meta":{"_monsterinsights_skip_tracking":false,"_monsterinsights_sitenote_active":false,"_monsterinsights_sitenote_note":"","_monsterinsights_sitenote_category":0,"footnotes":""},"categories":[4],"tags":[1256],"yoast_head":"<!-- This site is optimized with the Yoast SEO plugin v21.6 - https:\/\/yoast.com\/wordpress\/plugins\/seo\/ -->\n<title>DAVIDI: GRAD DOBRE ATMOSFERE I BEZ ME\u0110UETNI\u010cKIH TENZIJA - PrijedorDanas.com - Prijedorski gradski portal<\/title>\n<meta name=\"robots\" content=\"index, follow, max-snippet:-1, max-image-preview:large, max-video-preview:-1\" \/>\n<link rel=\"canonical\" href=\"https:\/\/www.prijedordanas.com\/?p=2879\" \/>\n<meta property=\"og:locale\" content=\"en_US\" \/>\n<meta property=\"og:type\" content=\"article\" \/>\n<meta property=\"og:title\" content=\"DAVIDI: GRAD DOBRE ATMOSFERE I BEZ ME\u0110UETNI\u010cKIH TENZIJA - PrijedorDanas.com - Prijedorski gradski portal\" \/>\n<meta property=\"og:description\" content=\"Zamjenik \u0161efa Delegacije Evropske unije \/EU\/ u BiH Renco Davidi izjavio je danas da je Prijedor grad dobre atmosfere i grad bez tenzija izme\u0111u razli\u010ditih etni\u010dkih grupa. &#8220;Va\u017eno je da [&hellip;]\" \/>\n<meta property=\"og:url\" content=\"https:\/\/www.prijedordanas.com\/?p=2879\" \/>\n<meta property=\"og:site_name\" content=\"PrijedorDanas.com - Prijedorski gradski portal\" \/>\n<meta property=\"article:publisher\" content=\"https:\/\/www.facebook.com\/PrijedorDanasCom\/\" \/>\n<meta property=\"article:published_time\" content=\"2014-05-15T17:49:53+00:00\" \/>\n<meta property=\"og:image\" content=\"https:\/\/www.prijedordanas.com\/wp-content\/uploads\/2014\/05\/davidi-prijedor-1-300x300.jpg\" \/>\n<meta name=\"author\" content=\"admin\" \/>\n<meta name=\"twitter:card\" content=\"summary_large_image\" \/>\n<meta name=\"twitter:label1\" content=\"Written by\" \/>\n\t<meta name=\"twitter:data1\" content=\"admin\" \/>\n\t<meta name=\"twitter:label2\" content=\"Est. reading time\" \/>\n\t<meta name=\"twitter:data2\" content=\"2 minutes\" \/>\n<script type=\"application\/ld+json\" class=\"yoast-schema-graph\">{\"@context\":\"https:\/\/schema.org\",\"@graph\":[{\"@type\":\"Article\",\"@id\":\"https:\/\/www.prijedordanas.com\/?p=2879#article\",\"isPartOf\":{\"@id\":\"https:\/\/www.prijedordanas.com\/?p=2879\"},\"author\":{\"name\":\"admin\",\"@id\":\"https:\/\/www.prijedordanas.com\/#\/schema\/person\/4e08ccf29b506ca916ff86d46bb700e6\"},\"headline\":\"DAVIDI: GRAD DOBRE ATMOSFERE I BEZ ME\u0110UETNI\u010cKIH TENZIJA\",\"datePublished\":\"2014-05-15T17:49:53+00:00\",\"dateModified\":\"2014-05-15T17:49:53+00:00\",\"mainEntityOfPage\":{\"@id\":\"https:\/\/www.prijedordanas.com\/?p=2879\"},\"wordCount\":383,\"publisher\":{\"@id\":\"https:\/\/www.prijedordanas.com\/#organization\"},\"keywords\":[\"Davidi\"],\"articleSection\":[\"Dru\u0161tvo\"],\"inLanguage\":\"en-US\"},{\"@type\":\"WebPage\",\"@id\":\"https:\/\/www.prijedordanas.com\/?p=2879\",\"url\":\"https:\/\/www.prijedordanas.com\/?p=2879\",\"name\":\"DAVIDI: GRAD DOBRE ATMOSFERE I BEZ ME\u0110UETNI\u010cKIH TENZIJA - PrijedorDanas.com - Prijedorski gradski portal\",\"isPartOf\":{\"@id\":\"https:\/\/www.prijedordanas.com\/#website\"},\"datePublished\":\"2014-05-15T17:49:53+00:00\",\"dateModified\":\"2014-05-15T17:49:53+00:00\",\"breadcrumb\":{\"@id\":\"https:\/\/www.prijedordanas.com\/?p=2879#breadcrumb\"},\"inLanguage\":\"en-US\",\"potentialAction\":[{\"@type\":\"ReadAction\",\"target\":[\"https:\/\/www.prijedordanas.com\/?p=2879\"]}]},{\"@type\":\"BreadcrumbList\",\"@id\":\"https:\/\/www.prijedordanas.com\/?p=2879#breadcrumb\",\"itemListElement\":[{\"@type\":\"ListItem\",\"position\":1,\"name\":\"Home\",\"item\":\"https:\/\/www.prijedordanas.com\/\"},{\"@type\":\"ListItem\",\"position\":2,\"name\":\"DAVIDI: GRAD DOBRE ATMOSFERE I BEZ ME\u0110UETNI\u010cKIH TENZIJA\"}]},{\"@type\":\"WebSite\",\"@id\":\"https:\/\/www.prijedordanas.com\/#website\",\"url\":\"https:\/\/www.prijedordanas.com\/\",\"name\":\"PrijedorDanas.com - Prijedorski gradski portal\",\"description\":\"Portal o doga\u0111anjima u gradu Prijedoru\",\"publisher\":{\"@id\":\"https:\/\/www.prijedordanas.com\/#organization\"},\"potentialAction\":[{\"@type\":\"SearchAction\",\"target\":{\"@type\":\"EntryPoint\",\"urlTemplate\":\"https:\/\/www.prijedordanas.com\/?s={search_term_string}\"},\"query-input\":\"required name=search_term_string\"}],\"inLanguage\":\"en-US\"},{\"@type\":\"Organization\",\"@id\":\"https:\/\/www.prijedordanas.com\/#organization\",\"name\":\"PrijedorDanas.com\",\"url\":\"https:\/\/www.prijedordanas.com\/\",\"logo\":{\"@type\":\"ImageObject\",\"inLanguage\":\"en-US\",\"@id\":\"https:\/\/www.prijedordanas.com\/#\/schema\/logo\/image\/\",\"url\":\"http:\/\/www.prijedordanas.com\/wp-content\/uploads\/2021\/12\/logopng.png\",\"contentUrl\":\"http:\/\/www.prijedordanas.com\/wp-content\/uploads\/2021\/12\/logopng.png\",\"width\":1019,\"height\":776,\"caption\":\"PrijedorDanas.com\"},\"image\":{\"@id\":\"https:\/\/www.prijedordanas.com\/#\/schema\/logo\/image\/\"},\"sameAs\":[\"https:\/\/www.facebook.com\/PrijedorDanasCom\/\"]},{\"@type\":\"Person\",\"@id\":\"https:\/\/www.prijedordanas.com\/#\/schema\/person\/4e08ccf29b506ca916ff86d46bb700e6\",\"name\":\"admin\",\"image\":{\"@type\":\"ImageObject\",\"inLanguage\":\"en-US\",\"@id\":\"https:\/\/www.prijedordanas.com\/#\/schema\/person\/image\/\",\"url\":\"https:\/\/secure.gravatar.com\/avatar\/1d3fc949d550f0b53a5f0d51e06dfd79?s=96&d=mm&r=g\",\"contentUrl\":\"https:\/\/secure.gravatar.com\/avatar\/1d3fc949d550f0b53a5f0d51e06dfd79?s=96&d=mm&r=g\",\"caption\":\"admin\"},\"url\":\"https:\/\/www.prijedordanas.com\/?author=1\"}]}<\/script>\n<!-- \/ Yoast SEO plugin. -->","yoast_head_json":{"title":"DAVIDI: GRAD DOBRE ATMOSFERE I BEZ ME\u0110UETNI\u010cKIH TENZIJA - PrijedorDanas.com - Prijedorski gradski portal","robots":{"index":"index","follow":"follow","max-snippet":"max-snippet:-1","max-image-preview":"max-image-preview:large","max-video-preview":"max-video-preview:-1"},"canonical":"https:\/\/www.prijedordanas.com\/?p=2879","og_locale":"en_US","og_type":"article","og_title":"DAVIDI: GRAD DOBRE ATMOSFERE I BEZ ME\u0110UETNI\u010cKIH TENZIJA - PrijedorDanas.com - Prijedorski gradski portal","og_description":"Zamjenik \u0161efa Delegacije Evropske unije \/EU\/ u BiH Renco Davidi izjavio je danas da je Prijedor grad dobre atmosfere i grad bez tenzija izme\u0111u razli\u010ditih etni\u010dkih grupa. &#8220;Va\u017eno je da [&hellip;]","og_url":"https:\/\/www.prijedordanas.com\/?p=2879","og_site_name":"PrijedorDanas.com - Prijedorski gradski portal","article_publisher":"https:\/\/www.facebook.com\/PrijedorDanasCom\/","article_published_time":"2014-05-15T17:49:53+00:00","og_image":[{"url":"https:\/\/www.prijedordanas.com\/wp-content\/uploads\/2014\/05\/davidi-prijedor-1-300x300.jpg"}],"author":"admin","twitter_card":"summary_large_image","twitter_misc":{"Written by":"admin","Est. reading time":"2 minutes"},"schema":{"@context":"https:\/\/schema.org","@graph":[{"@type":"Article","@id":"https:\/\/www.prijedordanas.com\/?p=2879#article","isPartOf":{"@id":"https:\/\/www.prijedordanas.com\/?p=2879"},"author":{"name":"admin","@id":"https:\/\/www.prijedordanas.com\/#\/schema\/person\/4e08ccf29b506ca916ff86d46bb700e6"},"headline":"DAVIDI: GRAD DOBRE ATMOSFERE I BEZ ME\u0110UETNI\u010cKIH TENZIJA","datePublished":"2014-05-15T17:49:53+00:00","dateModified":"2014-05-15T17:49:53+00:00","mainEntityOfPage":{"@id":"https:\/\/www.prijedordanas.com\/?p=2879"},"wordCount":383,"publisher":{"@id":"https:\/\/www.prijedordanas.com\/#organization"},"keywords":["Davidi"],"articleSection":["Dru\u0161tvo"],"inLanguage":"en-US"},{"@type":"WebPage","@id":"https:\/\/www.prijedordanas.com\/?p=2879","url":"https:\/\/www.prijedordanas.com\/?p=2879","name":"DAVIDI: GRAD DOBRE ATMOSFERE I BEZ ME\u0110UETNI\u010cKIH TENZIJA - PrijedorDanas.com - Prijedorski gradski portal","isPartOf":{"@id":"https:\/\/www.prijedordanas.com\/#website"},"datePublished":"2014-05-15T17:49:53+00:00","dateModified":"2014-05-15T17:49:53+00:00","breadcrumb":{"@id":"https:\/\/www.prijedordanas.com\/?p=2879#breadcrumb"},"inLanguage":"en-US","potentialAction":[{"@type":"ReadAction","target":["https:\/\/www.prijedordanas.com\/?p=2879"]}]},{"@type":"BreadcrumbList","@id":"https:\/\/www.prijedordanas.com\/?p=2879#breadcrumb","itemListElement":[{"@type":"ListItem","position":1,"name":"Home","item":"https:\/\/www.prijedordanas.com\/"},{"@type":"ListItem","position":2,"name":"DAVIDI: GRAD DOBRE ATMOSFERE I BEZ ME\u0110UETNI\u010cKIH TENZIJA"}]},{"@type":"WebSite","@id":"https:\/\/www.prijedordanas.com\/#website","url":"https:\/\/www.prijedordanas.com\/","name":"PrijedorDanas.com - Prijedorski gradski portal","description":"Portal o doga\u0111anjima u gradu Prijedoru","publisher":{"@id":"https:\/\/www.prijedordanas.com\/#organization"},"potentialAction":[{"@type":"SearchAction","target":{"@type":"EntryPoint","urlTemplate":"https:\/\/www.prijedordanas.com\/?s={search_term_string}"},"query-input":"required name=search_term_string"}],"inLanguage":"en-US"},{"@type":"Organization","@id":"https:\/\/www.prijedordanas.com\/#organization","name":"PrijedorDanas.com","url":"https:\/\/www.prijedordanas.com\/","logo":{"@type":"ImageObject","inLanguage":"en-US","@id":"https:\/\/www.prijedordanas.com\/#\/schema\/logo\/image\/","url":"http:\/\/www.prijedordanas.com\/wp-content\/uploads\/2021\/12\/logopng.png","contentUrl":"http:\/\/www.prijedordanas.com\/wp-content\/uploads\/2021\/12\/logopng.png","width":1019,"height":776,"caption":"PrijedorDanas.com"},"image":{"@id":"https:\/\/www.prijedordanas.com\/#\/schema\/logo\/image\/"},"sameAs":["https:\/\/www.facebook.com\/PrijedorDanasCom\/"]},{"@type":"Person","@id":"https:\/\/www.prijedordanas.com\/#\/schema\/person\/4e08ccf29b506ca916ff86d46bb700e6","name":"admin","image":{"@type":"ImageObject","inLanguage":"en-US","@id":"https:\/\/www.prijedordanas.com\/#\/schema\/person\/image\/","url":"https:\/\/secure.gravatar.com\/avatar\/1d3fc949d550f0b53a5f0d51e06dfd79?s=96&d=mm&r=g","contentUrl":"https:\/\/secure.gravatar.com\/avatar\/1d3fc949d550f0b53a5f0d51e06dfd79?s=96&d=mm&r=g","caption":"admin"},"url":"https:\/\/www.prijedordanas.com\/?author=1"}]}},"_links":{"self":[{"href":"https:\/\/www.prijedordanas.com\/index.php?rest_route=\/wp\/v2\/posts\/2879"}],"collection":[{"href":"https:\/\/www.prijedordanas.com\/index.php?rest_route=\/wp\/v2\/posts"}],"about":[{"href":"https:\/\/www.prijedordanas.com\/index.php?rest_route=\/wp\/v2\/types\/post"}],"author":[{"embeddable":true,"href":"https:\/\/www.prijedordanas.com\/index.php?rest_route=\/wp\/v2\/users\/1"}],"replies":[{"embeddable":true,"href":"https:\/\/www.prijedordanas.com\/index.php?rest_route=%2Fwp%2Fv2%2Fcomments&post=2879"}],"version-history":[{"count":1,"href":"https:\/\/www.prijedordanas.com\/index.php?rest_route=\/wp\/v2\/posts\/2879\/revisions"}],"predecessor-version":[{"id":2882,"href":"https:\/\/www.prijedordanas.com\/index.php?rest_route=\/wp\/v2\/posts\/2879\/revisions\/2882"}],"wp:attachment":[{"href":"https:\/\/www.prijedordanas.com\/index.php?rest_route=%2Fwp%2Fv2%2Fmedia&parent=2879"}],"wp:term":[{"taxonomy":"category","embeddable":true,"href":"https:\/\/www.prijedordanas.com\/index.php?rest_route=%2Fwp%2Fv2%2Fcategories&post=2879"},{"taxonomy":"post_tag","embeddable":true,"href":"https:\/\/www.prijedordanas.com\/index.php?rest_route=%2Fwp%2Fv2%2Ftags&post=2879"}],"curies":[{"name":"wp","href":"https:\/\/api.w.org\/{rel}","templated":true}]}}