{"id":28579,"date":"2015-09-02T20:52:46","date_gmt":"2015-09-02T19:52:46","guid":{"rendered":"https:\/\/www.prijedordanas.com\/?p=28579"},"modified":"2015-09-02T20:55:01","modified_gmt":"2015-09-02T19:55:01","slug":"knjizevni-susreti-na-kozari-nikoli-vujcicu-nagrada-skender-kulenovic","status":"publish","type":"post","link":"https:\/\/www.prijedordanas.com\/?p=28579","title":{"rendered":"KNJI\u017dEVNI SUSRETI NA KOZARI: NIKOLI VUJ\u010cI\u0106U NAGRADA &#8220;SKENDER KULENOVI\u0106&#8221;"},"content":{"rendered":"<p><a href=\"https:\/\/www.prijedordanas.com\/wp-content\/uploads\/2015\/09\/srna-knjizevni-susreti-nikola-vujcic-dobitnik-nagrade.jpg\"><img loading=\"lazy\" decoding=\"async\" src=\"https:\/\/www.prijedordanas.com\/wp-content\/uploads\/2015\/09\/srna-knjizevni-susreti-nikola-vujcic-dobitnik-nagrade-300x202.jpg\" alt=\"srna-knjizevni susreti-nikola vujcic dobitnik nagrade\" width=\"300\" height=\"202\" class=\"alignleft size-medium wp-image-28580\" srcset=\"https:\/\/www.prijedordanas.com\/wp-content\/uploads\/2015\/09\/srna-knjizevni-susreti-nikola-vujcic-dobitnik-nagrade-300x202.jpg 300w, https:\/\/www.prijedordanas.com\/wp-content\/uploads\/2015\/09\/srna-knjizevni-susreti-nikola-vujcic-dobitnik-nagrade-150x100.jpg 150w, https:\/\/www.prijedordanas.com\/wp-content\/uploads\/2015\/09\/srna-knjizevni-susreti-nikola-vujcic-dobitnik-nagrade.jpg 600w\" sizes=\"(max-width: 300px) 100vw, 300px\" \/><\/a>Knji\u017eevna nagrada &#8220;Skender Kulenovi\u0107&#8221; na 43. Knji\u017eevnim susretima na Kozari bi\u0107e dodijeljena Nikoli Vuj\u010di\u0107u za zbirku pjesama &#8220;Svedo\u010denje&#8221;, u izdanju &#8220;Povelje&#8221; iz Kraljeva, odluka je \u017eirija ovogodi\u0161njih Susreta.<\/p>\n<p>Predsjednik Organizacionog odbora Knji\u017eevnih susreta na Kozari Marko Pavi\u0107 rekao je da je \u017eiri odgovorno i savjesno obavio svoj posao. <\/p>\n<p>&#8220;Izra\u017eavam zadovoljstvo izborom dobitnika nagrade koja dolazi u vrijeme rijaliti \u0161ou programa koji opsjedaju sve medije i u vrijeme kada treba ljude, pogotovo mlade, vratiti knjizi i kulturi&#8221;, rekao je Pavi\u0107 novinarima u Prijedoru nakon sjednice Organizacionog odbora. <\/p>\n<p>Odluku je donio \u017eiri koji su \u010dinili predsjedavaju\u0107i Dragan Jovanovi\u0107 Danilov i \u010dlanovi Milanka Babi\u0107 i Mo\u0161o Odalovi\u0107. <\/p>\n<p>U obrazlo\u017eenju se navodi da je Nikola Vuj\u010di\u0107 pjesnik sti\u0161anog, estetizovanog lirizma, a da najnovija zbirka pjesama &#8220;Svedo\u010denje&#8221; predstavlja njegovo novo pjesni\u010dko vi\u0111enje, potvrdu o njegovoj mo\u0107i metarmofoze i obnavljanja. <\/p>\n<p>\u017diri je razmotrio vi\u0161e od pedeset knjiga pjesama objavljenih u Republici Srpskoj i Srbiji izme\u0111u dvaju Susreta, a u u\u017eem izboru bilo ih je devet. <\/p>\n<p>Susreti po\u010dinju 11. septembra polaganjem cvije\u0107a na Pale\u017eu, mjestu gdje je Skender Kulenovi\u0107 19. avgusta 1942. godine prvi put pro\u010ditao &#8220;Stojanku majku Kne\u017eopoljku&#8221;. <\/p>\n<p>Za 14. septembra predvi\u0111eno je progla\u0161enje pobjednika na konkursu Narodne biblioteke &#8220;\u0106irilo i Metodije&#8221; Prijedor za izbor najljep\u0161ih srednjo\u0161kolskih radova pod nazivom &#8220;Rije\u010di lete, napisano ostaje&#8221;. <\/p>\n<p>Knji\u017eevno ve\u010de zavi\u010dajnog kruga pjesnika iz gradova saorganizatora Susreta predvi\u0111eno je za 18. septembra, a za 24. septembra otvaranje izlo\u017ebe radova u\u010desnika 11. likovne kolonije &#8220;Sreten Stojanovi\u0107&#8221;. <\/p>\n<p>&#8220;Oj, Kozaro, pjesmom opkoljena&#8221; naziv je nastupa knji\u017eevnika, ovogodi\u0161njih u\u010desnika Susreta u gradovima saorganizatorima, planiranog za 25. septembar, a iste ve\u010deri odr\u017ea\u0107e se sve\u010dano otvaranje knji\u017eevnih susreta posve\u0107enih Branku \u0106opi\u0107u. <\/p>\n<p>Na centralnoj manifestaciji Knji\u017eevnih susreta na Kozari 26. septembra na Mrakovici laureatu Nikoli Vuj\u010di\u0107u bi\u0107e uru\u010dena nagrada &#8220;Skender Kulenovi\u0107&#8221;, koju prati nov\u010dani iznos od 3.000 KM. <\/p>\n<p>Osim laureata, stihove \u0107e govoriti i LJubivoje R\u0161umovi\u0107, Mo\u0161a Odalovi\u0107, Dragan Jovanovi\u0107 Danilov, \u0110or\u0111o Sladoje, Miroslav Maksimovi\u0107, Milosav Te\u0161i\u0107, Dejan Aleksi\u0107, Zlata Koci\u0107 i Predrag Bjelo\u0161evi\u0107, a iste ve\u010deri u Pozori\u0161tu Prijedor bi\u0107e organizovano tradicionalno Ve\u010de laureata. <\/p>\n<p>SRNA<\/p>\n","protected":false},"excerpt":{"rendered":"<p>Knji\u017eevna nagrada &#8220;Skender Kulenovi\u0107&#8221; na 43. Knji\u017eevnim susretima na Kozari bi\u0107e dodijeljena Nikoli Vuj\u010di\u0107u za zbirku pjesama &#8220;Svedo\u010denje&#8221;, u izdanju &#8220;Povelje&#8221; iz Kraljeva, odluka je \u017eirija ovogodi\u0161njih Susreta. Predsjednik Organizacionog [&hellip;]<\/p>\n","protected":false},"author":1,"featured_media":0,"comment_status":"closed","ping_status":"open","sticky":false,"template":"","format":"standard","meta":{"_monsterinsights_skip_tracking":false,"_monsterinsights_sitenote_active":false,"_monsterinsights_sitenote_note":"","_monsterinsights_sitenote_category":0,"footnotes":""},"categories":[6],"tags":[4884,2442,4883],"yoast_head":"<!-- This site is optimized with the Yoast SEO plugin v21.6 - https:\/\/yoast.com\/wordpress\/plugins\/seo\/ -->\n<title>KNJI\u017dEVNI SUSRETI NA KOZARI: NIKOLI VUJ\u010cI\u0106U NAGRADA &quot;SKENDER KULENOVI\u0106&quot; - PrijedorDanas.com - Prijedorski gradski portal<\/title>\n<meta name=\"robots\" content=\"index, follow, max-snippet:-1, max-image-preview:large, max-video-preview:-1\" \/>\n<link rel=\"canonical\" href=\"https:\/\/www.prijedordanas.com\/?p=28579\" \/>\n<meta property=\"og:locale\" content=\"en_US\" \/>\n<meta property=\"og:type\" content=\"article\" \/>\n<meta property=\"og:title\" content=\"KNJI\u017dEVNI SUSRETI NA KOZARI: NIKOLI VUJ\u010cI\u0106U NAGRADA &quot;SKENDER KULENOVI\u0106&quot; - PrijedorDanas.com - Prijedorski gradski portal\" \/>\n<meta property=\"og:description\" content=\"Knji\u017eevna nagrada &#8220;Skender Kulenovi\u0107&#8221; na 43. Knji\u017eevnim susretima na Kozari bi\u0107e dodijeljena Nikoli Vuj\u010di\u0107u za zbirku pjesama &#8220;Svedo\u010denje&#8221;, u izdanju &#8220;Povelje&#8221; iz Kraljeva, odluka je \u017eirija ovogodi\u0161njih Susreta. Predsjednik Organizacionog [&hellip;]\" \/>\n<meta property=\"og:url\" content=\"https:\/\/www.prijedordanas.com\/?p=28579\" \/>\n<meta property=\"og:site_name\" content=\"PrijedorDanas.com - Prijedorski gradski portal\" \/>\n<meta property=\"article:publisher\" content=\"https:\/\/www.facebook.com\/PrijedorDanasCom\/\" \/>\n<meta property=\"article:published_time\" content=\"2015-09-02T19:52:46+00:00\" \/>\n<meta property=\"article:modified_time\" content=\"2015-09-02T19:55:01+00:00\" \/>\n<meta property=\"og:image\" content=\"https:\/\/www.prijedordanas.com\/wp-content\/uploads\/2015\/09\/srna-knjizevni-susreti-nikola-vujcic-dobitnik-nagrade-300x202.jpg\" \/>\n<meta name=\"author\" content=\"admin\" \/>\n<meta name=\"twitter:card\" content=\"summary_large_image\" \/>\n<meta name=\"twitter:label1\" content=\"Written by\" \/>\n\t<meta name=\"twitter:data1\" content=\"admin\" \/>\n\t<meta name=\"twitter:label2\" content=\"Est. reading time\" \/>\n\t<meta name=\"twitter:data2\" content=\"2 minutes\" \/>\n<script type=\"application\/ld+json\" class=\"yoast-schema-graph\">{\"@context\":\"https:\/\/schema.org\",\"@graph\":[{\"@type\":\"Article\",\"@id\":\"https:\/\/www.prijedordanas.com\/?p=28579#article\",\"isPartOf\":{\"@id\":\"https:\/\/www.prijedordanas.com\/?p=28579\"},\"author\":{\"name\":\"admin\",\"@id\":\"https:\/\/www.prijedordanas.com\/#\/schema\/person\/4e08ccf29b506ca916ff86d46bb700e6\"},\"headline\":\"KNJI\u017dEVNI SUSRETI NA KOZARI: NIKOLI VUJ\u010cI\u0106U NAGRADA &#8220;SKENDER KULENOVI\u0106&#8221;\",\"datePublished\":\"2015-09-02T19:52:46+00:00\",\"dateModified\":\"2015-09-02T19:55:01+00:00\",\"mainEntityOfPage\":{\"@id\":\"https:\/\/www.prijedordanas.com\/?p=28579\"},\"wordCount\":392,\"publisher\":{\"@id\":\"https:\/\/www.prijedordanas.com\/#organization\"},\"keywords\":[\"Knji\u017eevna nagrada \\\"Skender Kulenovi\u0107\\\"\",\"Knji\u017eevni susreti na Kozari\",\"Nikola Vuj\u010di\u0107\"],\"articleSection\":[\"Kultura\"],\"inLanguage\":\"en-US\"},{\"@type\":\"WebPage\",\"@id\":\"https:\/\/www.prijedordanas.com\/?p=28579\",\"url\":\"https:\/\/www.prijedordanas.com\/?p=28579\",\"name\":\"KNJI\u017dEVNI SUSRETI NA KOZARI: NIKOLI VUJ\u010cI\u0106U NAGRADA \\\"SKENDER KULENOVI\u0106\\\" - PrijedorDanas.com - Prijedorski gradski portal\",\"isPartOf\":{\"@id\":\"https:\/\/www.prijedordanas.com\/#website\"},\"datePublished\":\"2015-09-02T19:52:46+00:00\",\"dateModified\":\"2015-09-02T19:55:01+00:00\",\"breadcrumb\":{\"@id\":\"https:\/\/www.prijedordanas.com\/?p=28579#breadcrumb\"},\"inLanguage\":\"en-US\",\"potentialAction\":[{\"@type\":\"ReadAction\",\"target\":[\"https:\/\/www.prijedordanas.com\/?p=28579\"]}]},{\"@type\":\"BreadcrumbList\",\"@id\":\"https:\/\/www.prijedordanas.com\/?p=28579#breadcrumb\",\"itemListElement\":[{\"@type\":\"ListItem\",\"position\":1,\"name\":\"Home\",\"item\":\"https:\/\/www.prijedordanas.com\/\"},{\"@type\":\"ListItem\",\"position\":2,\"name\":\"KNJI\u017dEVNI SUSRETI NA KOZARI: NIKOLI VUJ\u010cI\u0106U NAGRADA &#8220;SKENDER KULENOVI\u0106&#8221;\"}]},{\"@type\":\"WebSite\",\"@id\":\"https:\/\/www.prijedordanas.com\/#website\",\"url\":\"https:\/\/www.prijedordanas.com\/\",\"name\":\"PrijedorDanas.com - Prijedorski gradski portal\",\"description\":\"Portal o doga\u0111anjima u gradu Prijedoru\",\"publisher\":{\"@id\":\"https:\/\/www.prijedordanas.com\/#organization\"},\"potentialAction\":[{\"@type\":\"SearchAction\",\"target\":{\"@type\":\"EntryPoint\",\"urlTemplate\":\"https:\/\/www.prijedordanas.com\/?s={search_term_string}\"},\"query-input\":\"required name=search_term_string\"}],\"inLanguage\":\"en-US\"},{\"@type\":\"Organization\",\"@id\":\"https:\/\/www.prijedordanas.com\/#organization\",\"name\":\"PrijedorDanas.com\",\"url\":\"https:\/\/www.prijedordanas.com\/\",\"logo\":{\"@type\":\"ImageObject\",\"inLanguage\":\"en-US\",\"@id\":\"https:\/\/www.prijedordanas.com\/#\/schema\/logo\/image\/\",\"url\":\"http:\/\/www.prijedordanas.com\/wp-content\/uploads\/2021\/12\/logopng.png\",\"contentUrl\":\"http:\/\/www.prijedordanas.com\/wp-content\/uploads\/2021\/12\/logopng.png\",\"width\":1019,\"height\":776,\"caption\":\"PrijedorDanas.com\"},\"image\":{\"@id\":\"https:\/\/www.prijedordanas.com\/#\/schema\/logo\/image\/\"},\"sameAs\":[\"https:\/\/www.facebook.com\/PrijedorDanasCom\/\"]},{\"@type\":\"Person\",\"@id\":\"https:\/\/www.prijedordanas.com\/#\/schema\/person\/4e08ccf29b506ca916ff86d46bb700e6\",\"name\":\"admin\",\"image\":{\"@type\":\"ImageObject\",\"inLanguage\":\"en-US\",\"@id\":\"https:\/\/www.prijedordanas.com\/#\/schema\/person\/image\/\",\"url\":\"https:\/\/secure.gravatar.com\/avatar\/1d3fc949d550f0b53a5f0d51e06dfd79?s=96&d=mm&r=g\",\"contentUrl\":\"https:\/\/secure.gravatar.com\/avatar\/1d3fc949d550f0b53a5f0d51e06dfd79?s=96&d=mm&r=g\",\"caption\":\"admin\"},\"url\":\"https:\/\/www.prijedordanas.com\/?author=1\"}]}<\/script>\n<!-- \/ Yoast SEO plugin. -->","yoast_head_json":{"title":"KNJI\u017dEVNI SUSRETI NA KOZARI: NIKOLI VUJ\u010cI\u0106U NAGRADA \"SKENDER KULENOVI\u0106\" - PrijedorDanas.com - Prijedorski gradski portal","robots":{"index":"index","follow":"follow","max-snippet":"max-snippet:-1","max-image-preview":"max-image-preview:large","max-video-preview":"max-video-preview:-1"},"canonical":"https:\/\/www.prijedordanas.com\/?p=28579","og_locale":"en_US","og_type":"article","og_title":"KNJI\u017dEVNI SUSRETI NA KOZARI: NIKOLI VUJ\u010cI\u0106U NAGRADA \"SKENDER KULENOVI\u0106\" - PrijedorDanas.com - Prijedorski gradski portal","og_description":"Knji\u017eevna nagrada &#8220;Skender Kulenovi\u0107&#8221; na 43. Knji\u017eevnim susretima na Kozari bi\u0107e dodijeljena Nikoli Vuj\u010di\u0107u za zbirku pjesama &#8220;Svedo\u010denje&#8221;, u izdanju &#8220;Povelje&#8221; iz Kraljeva, odluka je \u017eirija ovogodi\u0161njih Susreta. Predsjednik Organizacionog [&hellip;]","og_url":"https:\/\/www.prijedordanas.com\/?p=28579","og_site_name":"PrijedorDanas.com - Prijedorski gradski portal","article_publisher":"https:\/\/www.facebook.com\/PrijedorDanasCom\/","article_published_time":"2015-09-02T19:52:46+00:00","article_modified_time":"2015-09-02T19:55:01+00:00","og_image":[{"url":"https:\/\/www.prijedordanas.com\/wp-content\/uploads\/2015\/09\/srna-knjizevni-susreti-nikola-vujcic-dobitnik-nagrade-300x202.jpg"}],"author":"admin","twitter_card":"summary_large_image","twitter_misc":{"Written by":"admin","Est. reading time":"2 minutes"},"schema":{"@context":"https:\/\/schema.org","@graph":[{"@type":"Article","@id":"https:\/\/www.prijedordanas.com\/?p=28579#article","isPartOf":{"@id":"https:\/\/www.prijedordanas.com\/?p=28579"},"author":{"name":"admin","@id":"https:\/\/www.prijedordanas.com\/#\/schema\/person\/4e08ccf29b506ca916ff86d46bb700e6"},"headline":"KNJI\u017dEVNI SUSRETI NA KOZARI: NIKOLI VUJ\u010cI\u0106U NAGRADA &#8220;SKENDER KULENOVI\u0106&#8221;","datePublished":"2015-09-02T19:52:46+00:00","dateModified":"2015-09-02T19:55:01+00:00","mainEntityOfPage":{"@id":"https:\/\/www.prijedordanas.com\/?p=28579"},"wordCount":392,"publisher":{"@id":"https:\/\/www.prijedordanas.com\/#organization"},"keywords":["Knji\u017eevna nagrada \"Skender Kulenovi\u0107\"","Knji\u017eevni susreti na Kozari","Nikola Vuj\u010di\u0107"],"articleSection":["Kultura"],"inLanguage":"en-US"},{"@type":"WebPage","@id":"https:\/\/www.prijedordanas.com\/?p=28579","url":"https:\/\/www.prijedordanas.com\/?p=28579","name":"KNJI\u017dEVNI SUSRETI NA KOZARI: NIKOLI VUJ\u010cI\u0106U NAGRADA \"SKENDER KULENOVI\u0106\" - PrijedorDanas.com - Prijedorski gradski portal","isPartOf":{"@id":"https:\/\/www.prijedordanas.com\/#website"},"datePublished":"2015-09-02T19:52:46+00:00","dateModified":"2015-09-02T19:55:01+00:00","breadcrumb":{"@id":"https:\/\/www.prijedordanas.com\/?p=28579#breadcrumb"},"inLanguage":"en-US","potentialAction":[{"@type":"ReadAction","target":["https:\/\/www.prijedordanas.com\/?p=28579"]}]},{"@type":"BreadcrumbList","@id":"https:\/\/www.prijedordanas.com\/?p=28579#breadcrumb","itemListElement":[{"@type":"ListItem","position":1,"name":"Home","item":"https:\/\/www.prijedordanas.com\/"},{"@type":"ListItem","position":2,"name":"KNJI\u017dEVNI SUSRETI NA KOZARI: NIKOLI VUJ\u010cI\u0106U NAGRADA &#8220;SKENDER KULENOVI\u0106&#8221;"}]},{"@type":"WebSite","@id":"https:\/\/www.prijedordanas.com\/#website","url":"https:\/\/www.prijedordanas.com\/","name":"PrijedorDanas.com - Prijedorski gradski portal","description":"Portal o doga\u0111anjima u gradu Prijedoru","publisher":{"@id":"https:\/\/www.prijedordanas.com\/#organization"},"potentialAction":[{"@type":"SearchAction","target":{"@type":"EntryPoint","urlTemplate":"https:\/\/www.prijedordanas.com\/?s={search_term_string}"},"query-input":"required name=search_term_string"}],"inLanguage":"en-US"},{"@type":"Organization","@id":"https:\/\/www.prijedordanas.com\/#organization","name":"PrijedorDanas.com","url":"https:\/\/www.prijedordanas.com\/","logo":{"@type":"ImageObject","inLanguage":"en-US","@id":"https:\/\/www.prijedordanas.com\/#\/schema\/logo\/image\/","url":"http:\/\/www.prijedordanas.com\/wp-content\/uploads\/2021\/12\/logopng.png","contentUrl":"http:\/\/www.prijedordanas.com\/wp-content\/uploads\/2021\/12\/logopng.png","width":1019,"height":776,"caption":"PrijedorDanas.com"},"image":{"@id":"https:\/\/www.prijedordanas.com\/#\/schema\/logo\/image\/"},"sameAs":["https:\/\/www.facebook.com\/PrijedorDanasCom\/"]},{"@type":"Person","@id":"https:\/\/www.prijedordanas.com\/#\/schema\/person\/4e08ccf29b506ca916ff86d46bb700e6","name":"admin","image":{"@type":"ImageObject","inLanguage":"en-US","@id":"https:\/\/www.prijedordanas.com\/#\/schema\/person\/image\/","url":"https:\/\/secure.gravatar.com\/avatar\/1d3fc949d550f0b53a5f0d51e06dfd79?s=96&d=mm&r=g","contentUrl":"https:\/\/secure.gravatar.com\/avatar\/1d3fc949d550f0b53a5f0d51e06dfd79?s=96&d=mm&r=g","caption":"admin"},"url":"https:\/\/www.prijedordanas.com\/?author=1"}]}},"_links":{"self":[{"href":"https:\/\/www.prijedordanas.com\/index.php?rest_route=\/wp\/v2\/posts\/28579"}],"collection":[{"href":"https:\/\/www.prijedordanas.com\/index.php?rest_route=\/wp\/v2\/posts"}],"about":[{"href":"https:\/\/www.prijedordanas.com\/index.php?rest_route=\/wp\/v2\/types\/post"}],"author":[{"embeddable":true,"href":"https:\/\/www.prijedordanas.com\/index.php?rest_route=\/wp\/v2\/users\/1"}],"replies":[{"embeddable":true,"href":"https:\/\/www.prijedordanas.com\/index.php?rest_route=%2Fwp%2Fv2%2Fcomments&post=28579"}],"version-history":[{"count":1,"href":"https:\/\/www.prijedordanas.com\/index.php?rest_route=\/wp\/v2\/posts\/28579\/revisions"}],"predecessor-version":[{"id":28581,"href":"https:\/\/www.prijedordanas.com\/index.php?rest_route=\/wp\/v2\/posts\/28579\/revisions\/28581"}],"wp:attachment":[{"href":"https:\/\/www.prijedordanas.com\/index.php?rest_route=%2Fwp%2Fv2%2Fmedia&parent=28579"}],"wp:term":[{"taxonomy":"category","embeddable":true,"href":"https:\/\/www.prijedordanas.com\/index.php?rest_route=%2Fwp%2Fv2%2Fcategories&post=28579"},{"taxonomy":"post_tag","embeddable":true,"href":"https:\/\/www.prijedordanas.com\/index.php?rest_route=%2Fwp%2Fv2%2Ftags&post=28579"}],"curies":[{"name":"wp","href":"https:\/\/api.w.org\/{rel}","templated":true}]}}