{"id":28528,"date":"2015-09-01T20:05:12","date_gmt":"2015-09-01T19:05:12","guid":{"rendered":"https:\/\/www.prijedordanas.com\/?p=28528"},"modified":"2015-09-01T20:05:12","modified_gmt":"2015-09-01T19:05:12","slug":"pozoriste-prijedor-ljetna-skola-glume-u-pozoriste-u-subotu","status":"publish","type":"post","link":"https:\/\/www.prijedordanas.com\/?p=28528","title":{"rendered":"POZORI\u0160TE PRIJEDOR-LJETNA \u0160KOLA GLUME: \u201e&#8230; U POZORI\u0160TE\u201c U SUBOTU"},"content":{"rendered":"<p><a href=\"https:\/\/www.prijedordanas.com\/wp-content\/uploads\/2015\/09\/u-pozoriste.jpg\"><img loading=\"lazy\" decoding=\"async\" class=\"alignleft size-medium wp-image-28529\" src=\"https:\/\/www.prijedordanas.com\/wp-content\/uploads\/2015\/09\/u-pozoriste-239x300.jpg\" alt=\"u pozoriste\" width=\"239\" height=\"300\" srcset=\"https:\/\/www.prijedordanas.com\/wp-content\/uploads\/2015\/09\/u-pozoriste-239x300.jpg 239w, https:\/\/www.prijedordanas.com\/wp-content\/uploads\/2015\/09\/u-pozoriste.jpg 638w\" sizes=\"(max-width: 239px) 100vw, 239px\" \/><\/a>Nakon domjese\u010dnog rada sa glumcem Deanom Batozom u \u010detvrtoj Ljetnoj \u0161koli glume Pozori\u0161ta Prijedor u okviru Dramskog studija \u201e\u017divko Desnica\u201c, 18 polaznika je spremno da poka\u017ee svoje umije\u0107e i poka\u017eu gledaocima sve \u0161to su nau\u010dili.<\/p>\n<p>\u0160kola je trajala od kraja mjeseca juna a kola\u017e predstavu \u201e&#8230;U pozori\u0161te\u201c mladi polaznici \u0107e premijerno igrati u subotu, 5. septembra, od 20 \u010dasova u Pozori\u0161tu Prijedor.<\/p>\n<p>-Radili smo gotovo svakodnevno tokom jula i avgusta. Zadovoljan sam, svi polaznici su napredovali, a vremenom se iskristalisalo kome su gluma i pozori\u0161te prirasli srcu i ko to stvarno voli i \u017eeli \u2013 rekao je glumac Dean Batoz koji je vodio i ovogodi\u0161nju \u0160kolu glume.<\/p>\n<p>On je istakao da je u znak zahvalnosti za sve \u0161to je u\u010dinio za kulturnu scenu grada na Sani, Pozori\u0161te Prijedor kao i samu Ljetnu \u0161kolu glume, predstava \u201e&#8230;U pozori\u0161te\u201c posve\u0107ena nedavno preminulom Radenku Bilbiji.<\/p>\n<p>-S obzirom da su polaznici \u0160kole glume razli\u010ditog uzrasta, od onih mla\u0111ih koji imaju 11 ili 12 godina do onih koji su duplo stariji, ovaj put smo se odlu\u010dili za kola\u017e predstavu za vi\u0161e scena iz razli\u010ditih djela \u2013 istakao je Batoz.<\/p>\n<p>Bi\u0107e tu i Branislava Nu\u0161i\u0107a, Branka \u0106opi\u0107a, Jovana Sterije Popovi\u0107a ali i \u0160ekspira, \u010cehova i Tenesi Vilijamsa.<\/p>\n<p>Prijedorskoj publici \u0107e se predstaviti: Uglje\u0161a Vejnovi\u0107, Helena Milojica, Du\u0161ko Radovanovi\u0107, Tijana Krivaja, Luka Ljubi\u010di\u0107, Leon Mari\u0107, David Laj\u0161i\u0107, Milica Babi\u0107, Dubravka Latinovi\u0107, Milica Drlja\u010da, Jelena Goji\u0107, Sandra Macura, Svetozar Kosanovi\u0107, Stefan Radanovi\u0107, Gordana Dobri\u0107, Katarina Borkovi\u0107, Marija \u0106ur\u010dija i Aleksandra Vuji\u010di\u0107.<\/p>\n<p>U prethodnim godinama kroz Ljetnu \u0161kolu glume pro\u0161lo je nekoliko desetina Prijedor\u010dana od kojih neki studiraju Akademiju umjetnosti Banja Luka-smjer gluma, dok je vi\u0161e njih glumilo u predstavama Pozori\u0161ta Prijedor.<\/p>\n<p>Tekst \u2013 Aleksandar Drakuli\u0107 \u2013 <a href=\"www.prijedordanas.com\" target=\"_blank\">www.prijedordanas.com<\/a><br \/>\nFoto \u2013 Luka Ljubi\u010di\u0107<\/p>\n","protected":false},"excerpt":{"rendered":"<p>Nakon domjese\u010dnog rada sa glumcem Deanom Batozom u \u010detvrtoj Ljetnoj \u0161koli glume Pozori\u0161ta Prijedor u okviru Dramskog studija \u201e\u017divko Desnica\u201c, 18 polaznika je spremno da poka\u017ee svoje umije\u0107e i poka\u017eu [&hellip;]<\/p>\n","protected":false},"author":1,"featured_media":0,"comment_status":"closed","ping_status":"open","sticky":false,"template":"","format":"standard","meta":{"_monsterinsights_skip_tracking":false,"_monsterinsights_sitenote_active":false,"_monsterinsights_sitenote_note":"","_monsterinsights_sitenote_category":0,"footnotes":""},"categories":[6],"tags":[2472,4867,189,3942,4866],"yoast_head":"<!-- This site is optimized with the Yoast SEO plugin v21.6 - https:\/\/yoast.com\/wordpress\/plugins\/seo\/ -->\n<title>POZORI\u0160TE PRIJEDOR-LJETNA \u0160KOLA GLUME: \u201e... U POZORI\u0160TE\u201c U SUBOTU - PrijedorDanas.com - Prijedorski gradski portal<\/title>\n<meta name=\"robots\" content=\"index, follow, max-snippet:-1, max-image-preview:large, max-video-preview:-1\" \/>\n<link rel=\"canonical\" href=\"https:\/\/www.prijedordanas.com\/?p=28528\" \/>\n<meta property=\"og:locale\" content=\"en_US\" \/>\n<meta property=\"og:type\" content=\"article\" \/>\n<meta property=\"og:title\" content=\"POZORI\u0160TE PRIJEDOR-LJETNA \u0160KOLA GLUME: \u201e... U POZORI\u0160TE\u201c U SUBOTU - PrijedorDanas.com - Prijedorski gradski portal\" \/>\n<meta property=\"og:description\" content=\"Nakon domjese\u010dnog rada sa glumcem Deanom Batozom u \u010detvrtoj Ljetnoj \u0161koli glume Pozori\u0161ta Prijedor u okviru Dramskog studija \u201e\u017divko Desnica\u201c, 18 polaznika je spremno da poka\u017ee svoje umije\u0107e i poka\u017eu [&hellip;]\" \/>\n<meta property=\"og:url\" content=\"https:\/\/www.prijedordanas.com\/?p=28528\" \/>\n<meta property=\"og:site_name\" content=\"PrijedorDanas.com - Prijedorski gradski portal\" \/>\n<meta property=\"article:publisher\" content=\"https:\/\/www.facebook.com\/PrijedorDanasCom\/\" \/>\n<meta property=\"article:published_time\" content=\"2015-09-01T19:05:12+00:00\" \/>\n<meta property=\"og:image\" content=\"https:\/\/www.prijedordanas.com\/wp-content\/uploads\/2015\/09\/u-pozoriste-239x300.jpg\" \/>\n<meta name=\"author\" content=\"admin\" \/>\n<meta name=\"twitter:card\" content=\"summary_large_image\" \/>\n<meta name=\"twitter:label1\" content=\"Written by\" \/>\n\t<meta name=\"twitter:data1\" content=\"admin\" \/>\n\t<meta name=\"twitter:label2\" content=\"Est. reading time\" \/>\n\t<meta name=\"twitter:data2\" content=\"2 minutes\" \/>\n<script type=\"application\/ld+json\" class=\"yoast-schema-graph\">{\"@context\":\"https:\/\/schema.org\",\"@graph\":[{\"@type\":\"Article\",\"@id\":\"https:\/\/www.prijedordanas.com\/?p=28528#article\",\"isPartOf\":{\"@id\":\"https:\/\/www.prijedordanas.com\/?p=28528\"},\"author\":{\"name\":\"admin\",\"@id\":\"https:\/\/www.prijedordanas.com\/#\/schema\/person\/4e08ccf29b506ca916ff86d46bb700e6\"},\"headline\":\"POZORI\u0160TE PRIJEDOR-LJETNA \u0160KOLA GLUME: \u201e&#8230; U POZORI\u0160TE\u201c U SUBOTU\",\"datePublished\":\"2015-09-01T19:05:12+00:00\",\"dateModified\":\"2015-09-01T19:05:12+00:00\",\"mainEntityOfPage\":{\"@id\":\"https:\/\/www.prijedordanas.com\/?p=28528\"},\"wordCount\":321,\"publisher\":{\"@id\":\"https:\/\/www.prijedordanas.com\/#organization\"},\"keywords\":[\"Dean Batoz\",\"kola\u017e predstava\",\"Pozori\u0161te Prijedor\",\"\u0160kola glume\",\"U pozori\u0161te\"],\"articleSection\":[\"Kultura\"],\"inLanguage\":\"en-US\"},{\"@type\":\"WebPage\",\"@id\":\"https:\/\/www.prijedordanas.com\/?p=28528\",\"url\":\"https:\/\/www.prijedordanas.com\/?p=28528\",\"name\":\"POZORI\u0160TE PRIJEDOR-LJETNA \u0160KOLA GLUME: \u201e... U POZORI\u0160TE\u201c U SUBOTU - PrijedorDanas.com - Prijedorski gradski portal\",\"isPartOf\":{\"@id\":\"https:\/\/www.prijedordanas.com\/#website\"},\"datePublished\":\"2015-09-01T19:05:12+00:00\",\"dateModified\":\"2015-09-01T19:05:12+00:00\",\"breadcrumb\":{\"@id\":\"https:\/\/www.prijedordanas.com\/?p=28528#breadcrumb\"},\"inLanguage\":\"en-US\",\"potentialAction\":[{\"@type\":\"ReadAction\",\"target\":[\"https:\/\/www.prijedordanas.com\/?p=28528\"]}]},{\"@type\":\"BreadcrumbList\",\"@id\":\"https:\/\/www.prijedordanas.com\/?p=28528#breadcrumb\",\"itemListElement\":[{\"@type\":\"ListItem\",\"position\":1,\"name\":\"Home\",\"item\":\"https:\/\/www.prijedordanas.com\/\"},{\"@type\":\"ListItem\",\"position\":2,\"name\":\"POZORI\u0160TE PRIJEDOR-LJETNA \u0160KOLA GLUME: \u201e&#8230; U POZORI\u0160TE\u201c U SUBOTU\"}]},{\"@type\":\"WebSite\",\"@id\":\"https:\/\/www.prijedordanas.com\/#website\",\"url\":\"https:\/\/www.prijedordanas.com\/\",\"name\":\"PrijedorDanas.com - Prijedorski gradski portal\",\"description\":\"Portal o doga\u0111anjima u gradu Prijedoru\",\"publisher\":{\"@id\":\"https:\/\/www.prijedordanas.com\/#organization\"},\"potentialAction\":[{\"@type\":\"SearchAction\",\"target\":{\"@type\":\"EntryPoint\",\"urlTemplate\":\"https:\/\/www.prijedordanas.com\/?s={search_term_string}\"},\"query-input\":\"required name=search_term_string\"}],\"inLanguage\":\"en-US\"},{\"@type\":\"Organization\",\"@id\":\"https:\/\/www.prijedordanas.com\/#organization\",\"name\":\"PrijedorDanas.com\",\"url\":\"https:\/\/www.prijedordanas.com\/\",\"logo\":{\"@type\":\"ImageObject\",\"inLanguage\":\"en-US\",\"@id\":\"https:\/\/www.prijedordanas.com\/#\/schema\/logo\/image\/\",\"url\":\"http:\/\/www.prijedordanas.com\/wp-content\/uploads\/2021\/12\/logopng.png\",\"contentUrl\":\"http:\/\/www.prijedordanas.com\/wp-content\/uploads\/2021\/12\/logopng.png\",\"width\":1019,\"height\":776,\"caption\":\"PrijedorDanas.com\"},\"image\":{\"@id\":\"https:\/\/www.prijedordanas.com\/#\/schema\/logo\/image\/\"},\"sameAs\":[\"https:\/\/www.facebook.com\/PrijedorDanasCom\/\"]},{\"@type\":\"Person\",\"@id\":\"https:\/\/www.prijedordanas.com\/#\/schema\/person\/4e08ccf29b506ca916ff86d46bb700e6\",\"name\":\"admin\",\"image\":{\"@type\":\"ImageObject\",\"inLanguage\":\"en-US\",\"@id\":\"https:\/\/www.prijedordanas.com\/#\/schema\/person\/image\/\",\"url\":\"https:\/\/secure.gravatar.com\/avatar\/1d3fc949d550f0b53a5f0d51e06dfd79?s=96&d=mm&r=g\",\"contentUrl\":\"https:\/\/secure.gravatar.com\/avatar\/1d3fc949d550f0b53a5f0d51e06dfd79?s=96&d=mm&r=g\",\"caption\":\"admin\"},\"url\":\"https:\/\/www.prijedordanas.com\/?author=1\"}]}<\/script>\n<!-- \/ Yoast SEO plugin. -->","yoast_head_json":{"title":"POZORI\u0160TE PRIJEDOR-LJETNA \u0160KOLA GLUME: \u201e... U POZORI\u0160TE\u201c U SUBOTU - PrijedorDanas.com - Prijedorski gradski portal","robots":{"index":"index","follow":"follow","max-snippet":"max-snippet:-1","max-image-preview":"max-image-preview:large","max-video-preview":"max-video-preview:-1"},"canonical":"https:\/\/www.prijedordanas.com\/?p=28528","og_locale":"en_US","og_type":"article","og_title":"POZORI\u0160TE PRIJEDOR-LJETNA \u0160KOLA GLUME: \u201e... U POZORI\u0160TE\u201c U SUBOTU - PrijedorDanas.com - Prijedorski gradski portal","og_description":"Nakon domjese\u010dnog rada sa glumcem Deanom Batozom u \u010detvrtoj Ljetnoj \u0161koli glume Pozori\u0161ta Prijedor u okviru Dramskog studija \u201e\u017divko Desnica\u201c, 18 polaznika je spremno da poka\u017ee svoje umije\u0107e i poka\u017eu [&hellip;]","og_url":"https:\/\/www.prijedordanas.com\/?p=28528","og_site_name":"PrijedorDanas.com - Prijedorski gradski portal","article_publisher":"https:\/\/www.facebook.com\/PrijedorDanasCom\/","article_published_time":"2015-09-01T19:05:12+00:00","og_image":[{"url":"https:\/\/www.prijedordanas.com\/wp-content\/uploads\/2015\/09\/u-pozoriste-239x300.jpg"}],"author":"admin","twitter_card":"summary_large_image","twitter_misc":{"Written by":"admin","Est. reading time":"2 minutes"},"schema":{"@context":"https:\/\/schema.org","@graph":[{"@type":"Article","@id":"https:\/\/www.prijedordanas.com\/?p=28528#article","isPartOf":{"@id":"https:\/\/www.prijedordanas.com\/?p=28528"},"author":{"name":"admin","@id":"https:\/\/www.prijedordanas.com\/#\/schema\/person\/4e08ccf29b506ca916ff86d46bb700e6"},"headline":"POZORI\u0160TE PRIJEDOR-LJETNA \u0160KOLA GLUME: \u201e&#8230; U POZORI\u0160TE\u201c U SUBOTU","datePublished":"2015-09-01T19:05:12+00:00","dateModified":"2015-09-01T19:05:12+00:00","mainEntityOfPage":{"@id":"https:\/\/www.prijedordanas.com\/?p=28528"},"wordCount":321,"publisher":{"@id":"https:\/\/www.prijedordanas.com\/#organization"},"keywords":["Dean Batoz","kola\u017e predstava","Pozori\u0161te Prijedor","\u0160kola glume","U pozori\u0161te"],"articleSection":["Kultura"],"inLanguage":"en-US"},{"@type":"WebPage","@id":"https:\/\/www.prijedordanas.com\/?p=28528","url":"https:\/\/www.prijedordanas.com\/?p=28528","name":"POZORI\u0160TE PRIJEDOR-LJETNA \u0160KOLA GLUME: \u201e... U POZORI\u0160TE\u201c U SUBOTU - PrijedorDanas.com - Prijedorski gradski portal","isPartOf":{"@id":"https:\/\/www.prijedordanas.com\/#website"},"datePublished":"2015-09-01T19:05:12+00:00","dateModified":"2015-09-01T19:05:12+00:00","breadcrumb":{"@id":"https:\/\/www.prijedordanas.com\/?p=28528#breadcrumb"},"inLanguage":"en-US","potentialAction":[{"@type":"ReadAction","target":["https:\/\/www.prijedordanas.com\/?p=28528"]}]},{"@type":"BreadcrumbList","@id":"https:\/\/www.prijedordanas.com\/?p=28528#breadcrumb","itemListElement":[{"@type":"ListItem","position":1,"name":"Home","item":"https:\/\/www.prijedordanas.com\/"},{"@type":"ListItem","position":2,"name":"POZORI\u0160TE PRIJEDOR-LJETNA \u0160KOLA GLUME: \u201e&#8230; U POZORI\u0160TE\u201c U SUBOTU"}]},{"@type":"WebSite","@id":"https:\/\/www.prijedordanas.com\/#website","url":"https:\/\/www.prijedordanas.com\/","name":"PrijedorDanas.com - Prijedorski gradski portal","description":"Portal o doga\u0111anjima u gradu Prijedoru","publisher":{"@id":"https:\/\/www.prijedordanas.com\/#organization"},"potentialAction":[{"@type":"SearchAction","target":{"@type":"EntryPoint","urlTemplate":"https:\/\/www.prijedordanas.com\/?s={search_term_string}"},"query-input":"required name=search_term_string"}],"inLanguage":"en-US"},{"@type":"Organization","@id":"https:\/\/www.prijedordanas.com\/#organization","name":"PrijedorDanas.com","url":"https:\/\/www.prijedordanas.com\/","logo":{"@type":"ImageObject","inLanguage":"en-US","@id":"https:\/\/www.prijedordanas.com\/#\/schema\/logo\/image\/","url":"http:\/\/www.prijedordanas.com\/wp-content\/uploads\/2021\/12\/logopng.png","contentUrl":"http:\/\/www.prijedordanas.com\/wp-content\/uploads\/2021\/12\/logopng.png","width":1019,"height":776,"caption":"PrijedorDanas.com"},"image":{"@id":"https:\/\/www.prijedordanas.com\/#\/schema\/logo\/image\/"},"sameAs":["https:\/\/www.facebook.com\/PrijedorDanasCom\/"]},{"@type":"Person","@id":"https:\/\/www.prijedordanas.com\/#\/schema\/person\/4e08ccf29b506ca916ff86d46bb700e6","name":"admin","image":{"@type":"ImageObject","inLanguage":"en-US","@id":"https:\/\/www.prijedordanas.com\/#\/schema\/person\/image\/","url":"https:\/\/secure.gravatar.com\/avatar\/1d3fc949d550f0b53a5f0d51e06dfd79?s=96&d=mm&r=g","contentUrl":"https:\/\/secure.gravatar.com\/avatar\/1d3fc949d550f0b53a5f0d51e06dfd79?s=96&d=mm&r=g","caption":"admin"},"url":"https:\/\/www.prijedordanas.com\/?author=1"}]}},"_links":{"self":[{"href":"https:\/\/www.prijedordanas.com\/index.php?rest_route=\/wp\/v2\/posts\/28528"}],"collection":[{"href":"https:\/\/www.prijedordanas.com\/index.php?rest_route=\/wp\/v2\/posts"}],"about":[{"href":"https:\/\/www.prijedordanas.com\/index.php?rest_route=\/wp\/v2\/types\/post"}],"author":[{"embeddable":true,"href":"https:\/\/www.prijedordanas.com\/index.php?rest_route=\/wp\/v2\/users\/1"}],"replies":[{"embeddable":true,"href":"https:\/\/www.prijedordanas.com\/index.php?rest_route=%2Fwp%2Fv2%2Fcomments&post=28528"}],"version-history":[{"count":1,"href":"https:\/\/www.prijedordanas.com\/index.php?rest_route=\/wp\/v2\/posts\/28528\/revisions"}],"predecessor-version":[{"id":28530,"href":"https:\/\/www.prijedordanas.com\/index.php?rest_route=\/wp\/v2\/posts\/28528\/revisions\/28530"}],"wp:attachment":[{"href":"https:\/\/www.prijedordanas.com\/index.php?rest_route=%2Fwp%2Fv2%2Fmedia&parent=28528"}],"wp:term":[{"taxonomy":"category","embeddable":true,"href":"https:\/\/www.prijedordanas.com\/index.php?rest_route=%2Fwp%2Fv2%2Fcategories&post=28528"},{"taxonomy":"post_tag","embeddable":true,"href":"https:\/\/www.prijedordanas.com\/index.php?rest_route=%2Fwp%2Fv2%2Ftags&post=28528"}],"curies":[{"name":"wp","href":"https:\/\/api.w.org\/{rel}","templated":true}]}}