{"id":28497,"date":"2015-09-01T10:57:36","date_gmt":"2015-09-01T09:57:36","guid":{"rendered":"https:\/\/www.prijedordanas.com\/?p=28497"},"modified":"2015-09-01T10:57:36","modified_gmt":"2015-09-01T09:57:36","slug":"zeljeznicar-protutnjao-gomjenicom","status":"publish","type":"post","link":"https:\/\/www.prijedordanas.com\/?p=28497","title":{"rendered":"\u017dELJEZNI\u010cAR &#8220;PROTUTNJAO&#8221; GOMJENICOM"},"content":{"rendered":"<p><a href=\"https:\/\/www.prijedordanas.com\/wp-content\/uploads\/2015\/09\/gomjenica-naprijed-1.jpg\"><img loading=\"lazy\" decoding=\"async\" src=\"https:\/\/www.prijedordanas.com\/wp-content\/uploads\/2015\/09\/gomjenica-naprijed-1-300x199.jpg\" alt=\"gomjenica-naprijed (1)\" width=\"300\" height=\"199\" class=\"alignleft size-medium wp-image-28498\" srcset=\"https:\/\/www.prijedordanas.com\/wp-content\/uploads\/2015\/09\/gomjenica-naprijed-1-300x199.jpg 300w, https:\/\/www.prijedordanas.com\/wp-content\/uploads\/2015\/09\/gomjenica-naprijed-1-150x100.jpg 150w, https:\/\/www.prijedordanas.com\/wp-content\/uploads\/2015\/09\/gomjenica-naprijed-1-200x133.jpg 200w, https:\/\/www.prijedordanas.com\/wp-content\/uploads\/2015\/09\/gomjenica-naprijed-1-250x166.jpg 250w, https:\/\/www.prijedordanas.com\/wp-content\/uploads\/2015\/09\/gomjenica-naprijed-1-480x320.jpg 480w, https:\/\/www.prijedordanas.com\/wp-content\/uploads\/2015\/09\/gomjenica-naprijed-1.jpg 600w\" sizes=\"(max-width: 300px) 100vw, 300px\" \/><\/a>Fudbaleri prijedorske Gomjenice do\u017eivjeli su i tre\u0107i uzastopni poraz u Regionalnoj ligi Republike Srpske-grupa Zapad, drugi na doma\u0107em terenu, ovoga puta od \u017deljezni\u010dara-1:4.<\/p>\n<p>Banjalu\u010dani koje je je predvodio iskusni kapiten Branislav Kruni\u0107, nekada\u0161nji \u010dlan trebinjskog Leotara i banjalu\u010dkog Borca, a i reprezentativac BiH, bolje su u\u0161li u susret i kao plod takve igre bio je njihov vode\u0107i pogodak, u 16.minutu, kada Darko Medi\u0107 pro\u0161ao iskusa sa desne strane i po zemlji poslao loptu kraj golmana Milo\u0161a Torbice za 0:1.<\/p>\n<p>Mogli su gosti u 32.minutu pove\u0107ati prednost. Kruni\u0107 je iz \u201eslobodnjaka\u201c uposlio Medi\u0107a na lijevoj strani, uslijedio je njegov centar\u0161ut, a Aleksandar Kevi\u0107 iz blizine tu\u010de preko pre\u010dke, da bi samo minut kasnije i Dragan Domuzin bio neprecizan iz povoljne pozicije.<\/p>\n<p>U 43.minutu Sini\u0161a \u0160atara je iskoristio \u201euspavanost\u201c doma\u0107e odbrane i iz drugog poku\u0161aja uspio da &#8221;matira&#8221; Torbicu, po\u0161to je odbranio prvi njegov udarac za 0:2.<\/p>\n<p>U nastavku, u 50.minutu, kona\u010dno prvi ovosezonski gol za izabranike trenera Mile Kotarana u novom rangu takmi\u010denja. Aleksandar Karanovi\u0107 je dobro primijetio na lijevoj strani Bojana Bjelobrka koji je brzo reagovao i pogodio suprotan donji ugao golmana Nemanje Petrovi\u0107a za 1:2.<\/p>\n<p>U nervoznom duelu, bez te\u017eih o\u0161trijih startova, pomalo i zbog ne ba\u0161 mnogo snala\u017eljivog sudije Bojana Ani\u010di\u0107a iz Lakta\u0161a Gomjeni\u010dani su mogli do izjedna\u010denja u 77.minutu. Branislav Kajtez, kojeg za sada ne\u0107e gol, ga\u0111ao je donji lijevi ugao Petrovi\u0107a, koji je bio na mjestu. Odmah u sljede\u0107em napadu Dejan \u0110urki\u0107 poku\u0161ava sa desne strane, ali je lopta pogodila pre\u010dku. Ubrzo, \u201e\u017deljo\u201c je kaznio te proma\u0161aje, kada je u 80.minutu Dragan Domuzin pogodio cilj za 1:3. Kona\u010dan ishod postavio je tri minuta prije kraja \u201erezervista\u201c Radovan Topi\u0107, jedan od \u0161estorice mladi\u0107a u gostuju\u0107oj ekipi ispod 21 godine.<\/p>\n<p>Gomjenica-\u017deljezni\u010dar (Banjaluka)    1:4(0:2)<\/p>\n<p>Prijedor<br \/>\nStadion Gomjenice kraj \u201eCelpaka\u201c<br \/>\nGledalaca: 50<br \/>\nSudija: Bojan Ani\u010di\u0107 (Lakta\u0161i) 6<br \/>\nStrijelci: Bjelobrk u 50. za Gomjenicu, a Medi\u0107 u 16., \u0160atara u 43., Domuzin u 80. i Topi\u0107 u 87.minutu za \u017deljezni\u010dar<br \/>\n\u017duti kartoni: \u010corokalo, Karanovi\u0107 (Gomjenica), Kruni\u0107, Radusin (\u017deljezni\u010dar)<\/p>\n<p>GOMJENICA:<br \/>\nTorbica 6, Dragi\u0107 6, Tadi\u0107 6, Vasiljevi\u0107 6 (od 75. Panto\u0161 -), Kne\u017eevi\u0107 6, Kre\u0107a 6 (od 32. Bjelobrk 6,5), Karanovi\u0107 6,5, Jari\u0107 6 (od 46. Davidovi\u0107 6), Kajtez 6, \u0110urki\u0107 6,5, \u010corokalo 6,5<\/p>\n<p>\u017dELJEZNI\u010cAR:<br \/>\nPetrovi\u0107 7, Radusin 6,5, Kevi\u0107 7, Medi\u0107 7,5 (od 57. Jokanovi\u0107 6,5), Bosan\u010di\u0107 7, Kopanja 7 (od 82. Topi\u0107 -), Radakovi\u0107 6,5, Domuzin 7, Kruni\u0107 8, \u0160atara 8 (od 87. Ne.Jokanovi\u0107 -), Memi\u0161evi\u0107 7<\/p>\n<p>Igra\u010d utakmice: Sini\u0161a \u0160atara (\u017deljezni\u010dar)<\/p>\n<p>Tekst i foto arhiva \u2013 Nenad \u0110eri\u0107\/Aleksandar Drakuli\u0107 \u2013 <a href=\"www.prijedordanas.com\" target=\"_blank\">www.prijedordanas.com<\/a><\/p>\n","protected":false},"excerpt":{"rendered":"<p>Fudbaleri prijedorske Gomjenice do\u017eivjeli su i tre\u0107i uzastopni poraz u Regionalnoj ligi Republike Srpske-grupa Zapad, drugi na doma\u0107em terenu, ovoga puta od \u017deljezni\u010dara-1:4. Banjalu\u010dani koje je je predvodio iskusni kapiten [&hellip;]<\/p>\n","protected":false},"author":1,"featured_media":0,"comment_status":"closed","ping_status":"open","sticky":false,"template":"","format":"standard","meta":{"_monsterinsights_skip_tracking":false,"_monsterinsights_sitenote_active":false,"_monsterinsights_sitenote_note":"","_monsterinsights_sitenote_category":0,"footnotes":""},"categories":[7],"tags":[4856,537,1182],"yoast_head":"<!-- This site is optimized with the Yoast SEO plugin v21.6 - https:\/\/yoast.com\/wordpress\/plugins\/seo\/ -->\n<title>\u017dELJEZNI\u010cAR &quot;PROTUTNJAO&quot; GOMJENICOM - PrijedorDanas.com - Prijedorski gradski portal<\/title>\n<meta name=\"robots\" content=\"index, follow, max-snippet:-1, max-image-preview:large, max-video-preview:-1\" \/>\n<link rel=\"canonical\" href=\"https:\/\/www.prijedordanas.com\/?p=28497\" \/>\n<meta property=\"og:locale\" content=\"en_US\" \/>\n<meta property=\"og:type\" content=\"article\" \/>\n<meta property=\"og:title\" content=\"\u017dELJEZNI\u010cAR &quot;PROTUTNJAO&quot; GOMJENICOM - PrijedorDanas.com - Prijedorski gradski portal\" \/>\n<meta property=\"og:description\" content=\"Fudbaleri prijedorske Gomjenice do\u017eivjeli su i tre\u0107i uzastopni poraz u Regionalnoj ligi Republike Srpske-grupa Zapad, drugi na doma\u0107em terenu, ovoga puta od \u017deljezni\u010dara-1:4. Banjalu\u010dani koje je je predvodio iskusni kapiten [&hellip;]\" \/>\n<meta property=\"og:url\" content=\"https:\/\/www.prijedordanas.com\/?p=28497\" \/>\n<meta property=\"og:site_name\" content=\"PrijedorDanas.com - Prijedorski gradski portal\" \/>\n<meta property=\"article:publisher\" content=\"https:\/\/www.facebook.com\/PrijedorDanasCom\/\" \/>\n<meta property=\"article:published_time\" content=\"2015-09-01T09:57:36+00:00\" \/>\n<meta property=\"og:image\" content=\"https:\/\/www.prijedordanas.com\/wp-content\/uploads\/2015\/09\/gomjenica-naprijed-1-300x199.jpg\" \/>\n<meta name=\"author\" content=\"admin\" \/>\n<meta name=\"twitter:card\" content=\"summary_large_image\" \/>\n<meta name=\"twitter:label1\" content=\"Written by\" \/>\n\t<meta name=\"twitter:data1\" content=\"admin\" \/>\n\t<meta name=\"twitter:label2\" content=\"Est. reading time\" \/>\n\t<meta name=\"twitter:data2\" content=\"2 minutes\" \/>\n<script type=\"application\/ld+json\" class=\"yoast-schema-graph\">{\"@context\":\"https:\/\/schema.org\",\"@graph\":[{\"@type\":\"Article\",\"@id\":\"https:\/\/www.prijedordanas.com\/?p=28497#article\",\"isPartOf\":{\"@id\":\"https:\/\/www.prijedordanas.com\/?p=28497\"},\"author\":{\"name\":\"admin\",\"@id\":\"https:\/\/www.prijedordanas.com\/#\/schema\/person\/4e08ccf29b506ca916ff86d46bb700e6\"},\"headline\":\"\u017dELJEZNI\u010cAR &#8220;PROTUTNJAO&#8221; GOMJENICOM\",\"datePublished\":\"2015-09-01T09:57:36+00:00\",\"dateModified\":\"2015-09-01T09:57:36+00:00\",\"mainEntityOfPage\":{\"@id\":\"https:\/\/www.prijedordanas.com\/?p=28497\"},\"wordCount\":429,\"publisher\":{\"@id\":\"https:\/\/www.prijedordanas.com\/#organization\"},\"keywords\":[\"FK \u017deljezni\u010dar Banja Luka\",\"Regionalna liga grupa Zapad\",\"\u017deljezni\u010dar\"],\"articleSection\":[\"Sport\"],\"inLanguage\":\"en-US\"},{\"@type\":\"WebPage\",\"@id\":\"https:\/\/www.prijedordanas.com\/?p=28497\",\"url\":\"https:\/\/www.prijedordanas.com\/?p=28497\",\"name\":\"\u017dELJEZNI\u010cAR \\\"PROTUTNJAO\\\" GOMJENICOM - PrijedorDanas.com - Prijedorski gradski portal\",\"isPartOf\":{\"@id\":\"https:\/\/www.prijedordanas.com\/#website\"},\"datePublished\":\"2015-09-01T09:57:36+00:00\",\"dateModified\":\"2015-09-01T09:57:36+00:00\",\"breadcrumb\":{\"@id\":\"https:\/\/www.prijedordanas.com\/?p=28497#breadcrumb\"},\"inLanguage\":\"en-US\",\"potentialAction\":[{\"@type\":\"ReadAction\",\"target\":[\"https:\/\/www.prijedordanas.com\/?p=28497\"]}]},{\"@type\":\"BreadcrumbList\",\"@id\":\"https:\/\/www.prijedordanas.com\/?p=28497#breadcrumb\",\"itemListElement\":[{\"@type\":\"ListItem\",\"position\":1,\"name\":\"Home\",\"item\":\"https:\/\/www.prijedordanas.com\/\"},{\"@type\":\"ListItem\",\"position\":2,\"name\":\"\u017dELJEZNI\u010cAR &#8220;PROTUTNJAO&#8221; GOMJENICOM\"}]},{\"@type\":\"WebSite\",\"@id\":\"https:\/\/www.prijedordanas.com\/#website\",\"url\":\"https:\/\/www.prijedordanas.com\/\",\"name\":\"PrijedorDanas.com - Prijedorski gradski portal\",\"description\":\"Portal o doga\u0111anjima u gradu Prijedoru\",\"publisher\":{\"@id\":\"https:\/\/www.prijedordanas.com\/#organization\"},\"potentialAction\":[{\"@type\":\"SearchAction\",\"target\":{\"@type\":\"EntryPoint\",\"urlTemplate\":\"https:\/\/www.prijedordanas.com\/?s={search_term_string}\"},\"query-input\":\"required name=search_term_string\"}],\"inLanguage\":\"en-US\"},{\"@type\":\"Organization\",\"@id\":\"https:\/\/www.prijedordanas.com\/#organization\",\"name\":\"PrijedorDanas.com\",\"url\":\"https:\/\/www.prijedordanas.com\/\",\"logo\":{\"@type\":\"ImageObject\",\"inLanguage\":\"en-US\",\"@id\":\"https:\/\/www.prijedordanas.com\/#\/schema\/logo\/image\/\",\"url\":\"http:\/\/www.prijedordanas.com\/wp-content\/uploads\/2021\/12\/logopng.png\",\"contentUrl\":\"http:\/\/www.prijedordanas.com\/wp-content\/uploads\/2021\/12\/logopng.png\",\"width\":1019,\"height\":776,\"caption\":\"PrijedorDanas.com\"},\"image\":{\"@id\":\"https:\/\/www.prijedordanas.com\/#\/schema\/logo\/image\/\"},\"sameAs\":[\"https:\/\/www.facebook.com\/PrijedorDanasCom\/\"]},{\"@type\":\"Person\",\"@id\":\"https:\/\/www.prijedordanas.com\/#\/schema\/person\/4e08ccf29b506ca916ff86d46bb700e6\",\"name\":\"admin\",\"image\":{\"@type\":\"ImageObject\",\"inLanguage\":\"en-US\",\"@id\":\"https:\/\/www.prijedordanas.com\/#\/schema\/person\/image\/\",\"url\":\"https:\/\/secure.gravatar.com\/avatar\/1d3fc949d550f0b53a5f0d51e06dfd79?s=96&d=mm&r=g\",\"contentUrl\":\"https:\/\/secure.gravatar.com\/avatar\/1d3fc949d550f0b53a5f0d51e06dfd79?s=96&d=mm&r=g\",\"caption\":\"admin\"},\"url\":\"https:\/\/www.prijedordanas.com\/?author=1\"}]}<\/script>\n<!-- \/ Yoast SEO plugin. -->","yoast_head_json":{"title":"\u017dELJEZNI\u010cAR \"PROTUTNJAO\" GOMJENICOM - PrijedorDanas.com - Prijedorski gradski portal","robots":{"index":"index","follow":"follow","max-snippet":"max-snippet:-1","max-image-preview":"max-image-preview:large","max-video-preview":"max-video-preview:-1"},"canonical":"https:\/\/www.prijedordanas.com\/?p=28497","og_locale":"en_US","og_type":"article","og_title":"\u017dELJEZNI\u010cAR \"PROTUTNJAO\" GOMJENICOM - PrijedorDanas.com - Prijedorski gradski portal","og_description":"Fudbaleri prijedorske Gomjenice do\u017eivjeli su i tre\u0107i uzastopni poraz u Regionalnoj ligi Republike Srpske-grupa Zapad, drugi na doma\u0107em terenu, ovoga puta od \u017deljezni\u010dara-1:4. Banjalu\u010dani koje je je predvodio iskusni kapiten [&hellip;]","og_url":"https:\/\/www.prijedordanas.com\/?p=28497","og_site_name":"PrijedorDanas.com - Prijedorski gradski portal","article_publisher":"https:\/\/www.facebook.com\/PrijedorDanasCom\/","article_published_time":"2015-09-01T09:57:36+00:00","og_image":[{"url":"https:\/\/www.prijedordanas.com\/wp-content\/uploads\/2015\/09\/gomjenica-naprijed-1-300x199.jpg"}],"author":"admin","twitter_card":"summary_large_image","twitter_misc":{"Written by":"admin","Est. reading time":"2 minutes"},"schema":{"@context":"https:\/\/schema.org","@graph":[{"@type":"Article","@id":"https:\/\/www.prijedordanas.com\/?p=28497#article","isPartOf":{"@id":"https:\/\/www.prijedordanas.com\/?p=28497"},"author":{"name":"admin","@id":"https:\/\/www.prijedordanas.com\/#\/schema\/person\/4e08ccf29b506ca916ff86d46bb700e6"},"headline":"\u017dELJEZNI\u010cAR &#8220;PROTUTNJAO&#8221; GOMJENICOM","datePublished":"2015-09-01T09:57:36+00:00","dateModified":"2015-09-01T09:57:36+00:00","mainEntityOfPage":{"@id":"https:\/\/www.prijedordanas.com\/?p=28497"},"wordCount":429,"publisher":{"@id":"https:\/\/www.prijedordanas.com\/#organization"},"keywords":["FK \u017deljezni\u010dar Banja Luka","Regionalna liga grupa Zapad","\u017deljezni\u010dar"],"articleSection":["Sport"],"inLanguage":"en-US"},{"@type":"WebPage","@id":"https:\/\/www.prijedordanas.com\/?p=28497","url":"https:\/\/www.prijedordanas.com\/?p=28497","name":"\u017dELJEZNI\u010cAR \"PROTUTNJAO\" GOMJENICOM - PrijedorDanas.com - Prijedorski gradski portal","isPartOf":{"@id":"https:\/\/www.prijedordanas.com\/#website"},"datePublished":"2015-09-01T09:57:36+00:00","dateModified":"2015-09-01T09:57:36+00:00","breadcrumb":{"@id":"https:\/\/www.prijedordanas.com\/?p=28497#breadcrumb"},"inLanguage":"en-US","potentialAction":[{"@type":"ReadAction","target":["https:\/\/www.prijedordanas.com\/?p=28497"]}]},{"@type":"BreadcrumbList","@id":"https:\/\/www.prijedordanas.com\/?p=28497#breadcrumb","itemListElement":[{"@type":"ListItem","position":1,"name":"Home","item":"https:\/\/www.prijedordanas.com\/"},{"@type":"ListItem","position":2,"name":"\u017dELJEZNI\u010cAR &#8220;PROTUTNJAO&#8221; GOMJENICOM"}]},{"@type":"WebSite","@id":"https:\/\/www.prijedordanas.com\/#website","url":"https:\/\/www.prijedordanas.com\/","name":"PrijedorDanas.com - Prijedorski gradski portal","description":"Portal o doga\u0111anjima u gradu Prijedoru","publisher":{"@id":"https:\/\/www.prijedordanas.com\/#organization"},"potentialAction":[{"@type":"SearchAction","target":{"@type":"EntryPoint","urlTemplate":"https:\/\/www.prijedordanas.com\/?s={search_term_string}"},"query-input":"required name=search_term_string"}],"inLanguage":"en-US"},{"@type":"Organization","@id":"https:\/\/www.prijedordanas.com\/#organization","name":"PrijedorDanas.com","url":"https:\/\/www.prijedordanas.com\/","logo":{"@type":"ImageObject","inLanguage":"en-US","@id":"https:\/\/www.prijedordanas.com\/#\/schema\/logo\/image\/","url":"http:\/\/www.prijedordanas.com\/wp-content\/uploads\/2021\/12\/logopng.png","contentUrl":"http:\/\/www.prijedordanas.com\/wp-content\/uploads\/2021\/12\/logopng.png","width":1019,"height":776,"caption":"PrijedorDanas.com"},"image":{"@id":"https:\/\/www.prijedordanas.com\/#\/schema\/logo\/image\/"},"sameAs":["https:\/\/www.facebook.com\/PrijedorDanasCom\/"]},{"@type":"Person","@id":"https:\/\/www.prijedordanas.com\/#\/schema\/person\/4e08ccf29b506ca916ff86d46bb700e6","name":"admin","image":{"@type":"ImageObject","inLanguage":"en-US","@id":"https:\/\/www.prijedordanas.com\/#\/schema\/person\/image\/","url":"https:\/\/secure.gravatar.com\/avatar\/1d3fc949d550f0b53a5f0d51e06dfd79?s=96&d=mm&r=g","contentUrl":"https:\/\/secure.gravatar.com\/avatar\/1d3fc949d550f0b53a5f0d51e06dfd79?s=96&d=mm&r=g","caption":"admin"},"url":"https:\/\/www.prijedordanas.com\/?author=1"}]}},"_links":{"self":[{"href":"https:\/\/www.prijedordanas.com\/index.php?rest_route=\/wp\/v2\/posts\/28497"}],"collection":[{"href":"https:\/\/www.prijedordanas.com\/index.php?rest_route=\/wp\/v2\/posts"}],"about":[{"href":"https:\/\/www.prijedordanas.com\/index.php?rest_route=\/wp\/v2\/types\/post"}],"author":[{"embeddable":true,"href":"https:\/\/www.prijedordanas.com\/index.php?rest_route=\/wp\/v2\/users\/1"}],"replies":[{"embeddable":true,"href":"https:\/\/www.prijedordanas.com\/index.php?rest_route=%2Fwp%2Fv2%2Fcomments&post=28497"}],"version-history":[{"count":1,"href":"https:\/\/www.prijedordanas.com\/index.php?rest_route=\/wp\/v2\/posts\/28497\/revisions"}],"predecessor-version":[{"id":28499,"href":"https:\/\/www.prijedordanas.com\/index.php?rest_route=\/wp\/v2\/posts\/28497\/revisions\/28499"}],"wp:attachment":[{"href":"https:\/\/www.prijedordanas.com\/index.php?rest_route=%2Fwp%2Fv2%2Fmedia&parent=28497"}],"wp:term":[{"taxonomy":"category","embeddable":true,"href":"https:\/\/www.prijedordanas.com\/index.php?rest_route=%2Fwp%2Fv2%2Fcategories&post=28497"},{"taxonomy":"post_tag","embeddable":true,"href":"https:\/\/www.prijedordanas.com\/index.php?rest_route=%2Fwp%2Fv2%2Ftags&post=28497"}],"curies":[{"name":"wp","href":"https:\/\/api.w.org\/{rel}","templated":true}]}}