{"id":28416,"date":"2015-08-30T09:25:04","date_gmt":"2015-08-30T08:25:04","guid":{"rendered":"https:\/\/www.prijedordanas.com\/?p=28416"},"modified":"2015-08-30T09:25:04","modified_gmt":"2015-08-30T08:25:04","slug":"rudar-prijedor-gost-sarajeva-hrabro-protiv-sampiona-i-tradicije","status":"publish","type":"post","link":"https:\/\/www.prijedordanas.com\/?p=28416","title":{"rendered":"RUDAR-PRIJEDOR GOST SARAJEVA: HRABRO PROTIV \u0160AMPIONA I TRADICIJE"},"content":{"rendered":"<p><a href=\"https:\/\/www.prijedordanas.com\/wp-content\/uploads\/2015\/08\/rudar-prijedor-leotar-izvjestaj-1.jpg\"><img loading=\"lazy\" decoding=\"async\" src=\"https:\/\/www.prijedordanas.com\/wp-content\/uploads\/2015\/08\/rudar-prijedor-leotar-izvjestaj-1-300x199.jpg\" alt=\"rudar prijedor-leotar-izvjestaj (1)\" width=\"300\" height=\"199\" class=\"alignleft size-medium wp-image-28417\" srcset=\"https:\/\/www.prijedordanas.com\/wp-content\/uploads\/2015\/08\/rudar-prijedor-leotar-izvjestaj-1-300x199.jpg 300w, https:\/\/www.prijedordanas.com\/wp-content\/uploads\/2015\/08\/rudar-prijedor-leotar-izvjestaj-1-150x100.jpg 150w, https:\/\/www.prijedordanas.com\/wp-content\/uploads\/2015\/08\/rudar-prijedor-leotar-izvjestaj-1-200x133.jpg 200w, https:\/\/www.prijedordanas.com\/wp-content\/uploads\/2015\/08\/rudar-prijedor-leotar-izvjestaj-1-250x166.jpg 250w, https:\/\/www.prijedordanas.com\/wp-content\/uploads\/2015\/08\/rudar-prijedor-leotar-izvjestaj-1-480x320.jpg 480w, https:\/\/www.prijedordanas.com\/wp-content\/uploads\/2015\/08\/rudar-prijedor-leotar-izvjestaj-1.jpg 600w\" sizes=\"(max-width: 300px) 100vw, 300px\" \/><\/a>Te\u017eak ispit o\u010dekuje Rudar-Prijedor, poslije osvajanja Kupa Republike Srpske, jer \u0107e u \u0161estom kolu Premijer ligi BiH u 17 \u010dasova po\u010deti njihov megdan sa ekipom Sarajeva. Sigurno je da je jedna od najve\u0107ih uzdanica Prijedor\u010dana ove sezone, kao i proljetos u prvoliga\u0161koj konkurenciji Srpske, zapa\u017eeni \u201evezista\u201c Filip Are\u017eina, koji je imao pote\u0161ko\u0107a sa povredama. <\/p>\n<p>\u201eFi\u0107o\u201c, kako ga oslovljavaju saigra\u010di, fudbalskim \u017eargonom re\u010deno, mnogo je \u201ejak na lopti\u201c, sa dobrim \u201egra\u0111enjem\u201c, driblingom iz okreta, ali i izvanrednim pregledom igre i sna\u017enim \u0161utevima iz pozicija oko \u0161esnaesterca.<\/p>\n<p>-Sigurno je da nam ne\u0107e biti lako. Sarajlije imaju isti broj bodova kao i mi, \u0161to je sigurno ispod njihovog plana, pa \u0107e morati da tra\u017ee alibi pred svojim navija\u010dima. Imaju dosta kvalitetnih pojedinaca, \u0161to nas tjera na potpunu mobilnost i unaprijed daje zadatak pred svakog igra\u010da da pru\u017ei maksimum. S obzirom na kolektivni duh koji nas krasi, kao i drugarstvo, uvjeren sam da na tom planu ne\u0107emo razo\u010darati. Koliko \u0107e to biti dovoljno za pozitivan rezultat ostaje da se vidi &#8211; pri\u010da Are\u017eina.<\/p>\n<p>\u201eRudari sa Sane\u201c ne samo da \u0107e na stadionu \u201eAsim Ferhatovi\u0107-Hase\u201c igrati protiv aktuelnog \u0161ampiona, ve\u0107 i protiv neugodne tradicije, po\u0161to \u201ebordo\u201c tim, uz zeni\u010dki \u010celik, nikada u pet sezona u bh.eliti nisu savladali. <\/p>\n<p>-Svakoj tradiciji jednom do\u0111e kraj. Nismo u poziciji da prijetimo klubovima sa mnogo boljom organizacijom i finansijama. Po\u0161tujemo doma\u0107ina, ali pobjede nad Travnikom u Gradi\u0161ci, u borbi za bodove, i trijumf nad Krupom za pobjedni\u010dki pehar u Kupu RS, donijele su nam sjajnu atmosferu. Idemo da se hrabro nadigravamo i poku\u0161amo da nastavimo seriju uspjeha. Ipak, realno gledano, najva\u017enije je da ostavimo povoljan utisak, a bodove moramo prevashodno tra\u017eiti protiv sebi ravnih rivala &#8211; zaklju\u010dio je Are\u017eina.<\/p>\n<p>\u0160ef stru\u010dnog \u0161taba \u201ezeleno-crnih\u201c Boris Gavran mo\u0107i\u0107e, za razliku od srijede i duela u Krupi na Vrbasu, ponovo da ra\u010duna i na usluge Aleksandra Jovi\u010di\u0107a, Edvina Hamzi\u0107a, Armina Me\u0161i\u0107a i Petra Kuni\u0107a. Kaznu zbog isklju\u010denja nakon utakmice u Zvorniku protiv Drine odradio je Stipe Milo\u0161. Zbog povrede \u201evan stroja\u201c je samo iskusni kapiten Neboj\u0161a \u0160odi\u0107, iako su se Sini\u0161a Radoja i Nimo Nartej D\u017easper \u017ealili na bolove.             <\/p>\n<p>MAJSTOR ZA \u201eSLOBODNJAKE\u201c<\/p>\n<p>Are\u017eina je prvi strijelac Rudar Prijedora sa tri postignuta gola. Njegovi golovi protiv Mladost Doboj Kakanj u prvom kolu i Slobode u Tuzli, majstorski izvedeni, bili su progla\u0161eni najljep\u0161im, uz to je na startu debitantu zatresao mre\u017eu i sa \u201ebijele ta\u010dke\u201c. Mo\u017ee li i opet pogoditi cilj.<\/p>\n<p>-Prvo, kada se igra sa favoritom na njegovom terenu i ne doga\u0111a se \u010desto da imate priliku iz \u201eslobodnjaka\u201c. Ipak, imamo igra\u010de, poput brzog Dejana Koji\u0107a, ili iz \u201emanevra\u201c poput Neboj\u0161e Peji\u0107a, Bojana Burazora iz zadnje linije, koji mogu da budu sru\u0161eni. Tada, sigurno je da bi mi bilo drago da pogodim cilj, ali najva\u017enije je da svi pru\u017eimo koliko mo\u017eemo-istakao je Are\u017eina.<\/p>\n<p>Tekst i foto arhiva  \u2013 Nenad \u0110eri\u0107\/Aleksandar Drakuli\u0107 \u2013 <a href=\"www.prijedordanas.com\" target=\"_blank\">www.prijedordanas.com<\/a><\/p>\n","protected":false},"excerpt":{"rendered":"<p>Te\u017eak ispit o\u010dekuje Rudar-Prijedor, poslije osvajanja Kupa Republike Srpske, jer \u0107e u \u0161estom kolu Premijer ligi BiH u 17 \u010dasova po\u010deti njihov megdan sa ekipom Sarajeva. Sigurno je da je [&hellip;]<\/p>\n","protected":false},"author":1,"featured_media":0,"comment_status":"closed","ping_status":"open","sticky":false,"template":"","format":"standard","meta":{"_monsterinsights_skip_tracking":false,"_monsterinsights_sitenote_active":false,"_monsterinsights_sitenote_note":"","_monsterinsights_sitenote_category":0,"footnotes":""},"categories":[7],"tags":[3007,221,650],"yoast_head":"<!-- This site is optimized with the Yoast SEO plugin v21.6 - https:\/\/yoast.com\/wordpress\/plugins\/seo\/ -->\n<title>RUDAR-PRIJEDOR GOST SARAJEVA: HRABRO PROTIV \u0160AMPIONA I TRADICIJE - PrijedorDanas.com - Prijedorski gradski portal<\/title>\n<meta name=\"robots\" content=\"index, follow, max-snippet:-1, max-image-preview:large, max-video-preview:-1\" \/>\n<link rel=\"canonical\" href=\"https:\/\/www.prijedordanas.com\/?p=28416\" \/>\n<meta property=\"og:locale\" content=\"en_US\" \/>\n<meta property=\"og:type\" content=\"article\" \/>\n<meta property=\"og:title\" content=\"RUDAR-PRIJEDOR GOST SARAJEVA: HRABRO PROTIV \u0160AMPIONA I TRADICIJE - PrijedorDanas.com - Prijedorski gradski portal\" \/>\n<meta property=\"og:description\" content=\"Te\u017eak ispit o\u010dekuje Rudar-Prijedor, poslije osvajanja Kupa Republike Srpske, jer \u0107e u \u0161estom kolu Premijer ligi BiH u 17 \u010dasova po\u010deti njihov megdan sa ekipom Sarajeva. Sigurno je da je [&hellip;]\" \/>\n<meta property=\"og:url\" content=\"https:\/\/www.prijedordanas.com\/?p=28416\" \/>\n<meta property=\"og:site_name\" content=\"PrijedorDanas.com - Prijedorski gradski portal\" \/>\n<meta property=\"article:publisher\" content=\"https:\/\/www.facebook.com\/PrijedorDanasCom\/\" \/>\n<meta property=\"article:published_time\" content=\"2015-08-30T08:25:04+00:00\" \/>\n<meta property=\"og:image\" content=\"https:\/\/www.prijedordanas.com\/wp-content\/uploads\/2015\/08\/rudar-prijedor-leotar-izvjestaj-1-300x199.jpg\" \/>\n<meta name=\"author\" content=\"admin\" \/>\n<meta name=\"twitter:card\" content=\"summary_large_image\" \/>\n<meta name=\"twitter:label1\" content=\"Written by\" \/>\n\t<meta name=\"twitter:data1\" content=\"admin\" \/>\n\t<meta name=\"twitter:label2\" content=\"Est. reading time\" \/>\n\t<meta name=\"twitter:data2\" content=\"3 minutes\" \/>\n<script type=\"application\/ld+json\" class=\"yoast-schema-graph\">{\"@context\":\"https:\/\/schema.org\",\"@graph\":[{\"@type\":\"Article\",\"@id\":\"https:\/\/www.prijedordanas.com\/?p=28416#article\",\"isPartOf\":{\"@id\":\"https:\/\/www.prijedordanas.com\/?p=28416\"},\"author\":{\"name\":\"admin\",\"@id\":\"https:\/\/www.prijedordanas.com\/#\/schema\/person\/4e08ccf29b506ca916ff86d46bb700e6\"},\"headline\":\"RUDAR-PRIJEDOR GOST SARAJEVA: HRABRO PROTIV \u0160AMPIONA I TRADICIJE\",\"datePublished\":\"2015-08-30T08:25:04+00:00\",\"dateModified\":\"2015-08-30T08:25:04+00:00\",\"mainEntityOfPage\":{\"@id\":\"https:\/\/www.prijedordanas.com\/?p=28416\"},\"wordCount\":546,\"publisher\":{\"@id\":\"https:\/\/www.prijedordanas.com\/#organization\"},\"keywords\":[\"Filip Are\u017eina\",\"Rudar-Prijedor\",\"Sarajevo\"],\"articleSection\":[\"Sport\"],\"inLanguage\":\"en-US\"},{\"@type\":\"WebPage\",\"@id\":\"https:\/\/www.prijedordanas.com\/?p=28416\",\"url\":\"https:\/\/www.prijedordanas.com\/?p=28416\",\"name\":\"RUDAR-PRIJEDOR GOST SARAJEVA: HRABRO PROTIV \u0160AMPIONA I TRADICIJE - PrijedorDanas.com - Prijedorski gradski portal\",\"isPartOf\":{\"@id\":\"https:\/\/www.prijedordanas.com\/#website\"},\"datePublished\":\"2015-08-30T08:25:04+00:00\",\"dateModified\":\"2015-08-30T08:25:04+00:00\",\"breadcrumb\":{\"@id\":\"https:\/\/www.prijedordanas.com\/?p=28416#breadcrumb\"},\"inLanguage\":\"en-US\",\"potentialAction\":[{\"@type\":\"ReadAction\",\"target\":[\"https:\/\/www.prijedordanas.com\/?p=28416\"]}]},{\"@type\":\"BreadcrumbList\",\"@id\":\"https:\/\/www.prijedordanas.com\/?p=28416#breadcrumb\",\"itemListElement\":[{\"@type\":\"ListItem\",\"position\":1,\"name\":\"Home\",\"item\":\"https:\/\/www.prijedordanas.com\/\"},{\"@type\":\"ListItem\",\"position\":2,\"name\":\"RUDAR-PRIJEDOR GOST SARAJEVA: HRABRO PROTIV \u0160AMPIONA I TRADICIJE\"}]},{\"@type\":\"WebSite\",\"@id\":\"https:\/\/www.prijedordanas.com\/#website\",\"url\":\"https:\/\/www.prijedordanas.com\/\",\"name\":\"PrijedorDanas.com - Prijedorski gradski portal\",\"description\":\"Portal o doga\u0111anjima u gradu Prijedoru\",\"publisher\":{\"@id\":\"https:\/\/www.prijedordanas.com\/#organization\"},\"potentialAction\":[{\"@type\":\"SearchAction\",\"target\":{\"@type\":\"EntryPoint\",\"urlTemplate\":\"https:\/\/www.prijedordanas.com\/?s={search_term_string}\"},\"query-input\":\"required name=search_term_string\"}],\"inLanguage\":\"en-US\"},{\"@type\":\"Organization\",\"@id\":\"https:\/\/www.prijedordanas.com\/#organization\",\"name\":\"PrijedorDanas.com\",\"url\":\"https:\/\/www.prijedordanas.com\/\",\"logo\":{\"@type\":\"ImageObject\",\"inLanguage\":\"en-US\",\"@id\":\"https:\/\/www.prijedordanas.com\/#\/schema\/logo\/image\/\",\"url\":\"http:\/\/www.prijedordanas.com\/wp-content\/uploads\/2021\/12\/logopng.png\",\"contentUrl\":\"http:\/\/www.prijedordanas.com\/wp-content\/uploads\/2021\/12\/logopng.png\",\"width\":1019,\"height\":776,\"caption\":\"PrijedorDanas.com\"},\"image\":{\"@id\":\"https:\/\/www.prijedordanas.com\/#\/schema\/logo\/image\/\"},\"sameAs\":[\"https:\/\/www.facebook.com\/PrijedorDanasCom\/\"]},{\"@type\":\"Person\",\"@id\":\"https:\/\/www.prijedordanas.com\/#\/schema\/person\/4e08ccf29b506ca916ff86d46bb700e6\",\"name\":\"admin\",\"image\":{\"@type\":\"ImageObject\",\"inLanguage\":\"en-US\",\"@id\":\"https:\/\/www.prijedordanas.com\/#\/schema\/person\/image\/\",\"url\":\"https:\/\/secure.gravatar.com\/avatar\/1d3fc949d550f0b53a5f0d51e06dfd79?s=96&d=mm&r=g\",\"contentUrl\":\"https:\/\/secure.gravatar.com\/avatar\/1d3fc949d550f0b53a5f0d51e06dfd79?s=96&d=mm&r=g\",\"caption\":\"admin\"},\"url\":\"https:\/\/www.prijedordanas.com\/?author=1\"}]}<\/script>\n<!-- \/ Yoast SEO plugin. -->","yoast_head_json":{"title":"RUDAR-PRIJEDOR GOST SARAJEVA: HRABRO PROTIV \u0160AMPIONA I TRADICIJE - PrijedorDanas.com - Prijedorski gradski portal","robots":{"index":"index","follow":"follow","max-snippet":"max-snippet:-1","max-image-preview":"max-image-preview:large","max-video-preview":"max-video-preview:-1"},"canonical":"https:\/\/www.prijedordanas.com\/?p=28416","og_locale":"en_US","og_type":"article","og_title":"RUDAR-PRIJEDOR GOST SARAJEVA: HRABRO PROTIV \u0160AMPIONA I TRADICIJE - PrijedorDanas.com - Prijedorski gradski portal","og_description":"Te\u017eak ispit o\u010dekuje Rudar-Prijedor, poslije osvajanja Kupa Republike Srpske, jer \u0107e u \u0161estom kolu Premijer ligi BiH u 17 \u010dasova po\u010deti njihov megdan sa ekipom Sarajeva. Sigurno je da je [&hellip;]","og_url":"https:\/\/www.prijedordanas.com\/?p=28416","og_site_name":"PrijedorDanas.com - Prijedorski gradski portal","article_publisher":"https:\/\/www.facebook.com\/PrijedorDanasCom\/","article_published_time":"2015-08-30T08:25:04+00:00","og_image":[{"url":"https:\/\/www.prijedordanas.com\/wp-content\/uploads\/2015\/08\/rudar-prijedor-leotar-izvjestaj-1-300x199.jpg"}],"author":"admin","twitter_card":"summary_large_image","twitter_misc":{"Written by":"admin","Est. reading time":"3 minutes"},"schema":{"@context":"https:\/\/schema.org","@graph":[{"@type":"Article","@id":"https:\/\/www.prijedordanas.com\/?p=28416#article","isPartOf":{"@id":"https:\/\/www.prijedordanas.com\/?p=28416"},"author":{"name":"admin","@id":"https:\/\/www.prijedordanas.com\/#\/schema\/person\/4e08ccf29b506ca916ff86d46bb700e6"},"headline":"RUDAR-PRIJEDOR GOST SARAJEVA: HRABRO PROTIV \u0160AMPIONA I TRADICIJE","datePublished":"2015-08-30T08:25:04+00:00","dateModified":"2015-08-30T08:25:04+00:00","mainEntityOfPage":{"@id":"https:\/\/www.prijedordanas.com\/?p=28416"},"wordCount":546,"publisher":{"@id":"https:\/\/www.prijedordanas.com\/#organization"},"keywords":["Filip Are\u017eina","Rudar-Prijedor","Sarajevo"],"articleSection":["Sport"],"inLanguage":"en-US"},{"@type":"WebPage","@id":"https:\/\/www.prijedordanas.com\/?p=28416","url":"https:\/\/www.prijedordanas.com\/?p=28416","name":"RUDAR-PRIJEDOR GOST SARAJEVA: HRABRO PROTIV \u0160AMPIONA I TRADICIJE - PrijedorDanas.com - Prijedorski gradski portal","isPartOf":{"@id":"https:\/\/www.prijedordanas.com\/#website"},"datePublished":"2015-08-30T08:25:04+00:00","dateModified":"2015-08-30T08:25:04+00:00","breadcrumb":{"@id":"https:\/\/www.prijedordanas.com\/?p=28416#breadcrumb"},"inLanguage":"en-US","potentialAction":[{"@type":"ReadAction","target":["https:\/\/www.prijedordanas.com\/?p=28416"]}]},{"@type":"BreadcrumbList","@id":"https:\/\/www.prijedordanas.com\/?p=28416#breadcrumb","itemListElement":[{"@type":"ListItem","position":1,"name":"Home","item":"https:\/\/www.prijedordanas.com\/"},{"@type":"ListItem","position":2,"name":"RUDAR-PRIJEDOR GOST SARAJEVA: HRABRO PROTIV \u0160AMPIONA I TRADICIJE"}]},{"@type":"WebSite","@id":"https:\/\/www.prijedordanas.com\/#website","url":"https:\/\/www.prijedordanas.com\/","name":"PrijedorDanas.com - Prijedorski gradski portal","description":"Portal o doga\u0111anjima u gradu Prijedoru","publisher":{"@id":"https:\/\/www.prijedordanas.com\/#organization"},"potentialAction":[{"@type":"SearchAction","target":{"@type":"EntryPoint","urlTemplate":"https:\/\/www.prijedordanas.com\/?s={search_term_string}"},"query-input":"required name=search_term_string"}],"inLanguage":"en-US"},{"@type":"Organization","@id":"https:\/\/www.prijedordanas.com\/#organization","name":"PrijedorDanas.com","url":"https:\/\/www.prijedordanas.com\/","logo":{"@type":"ImageObject","inLanguage":"en-US","@id":"https:\/\/www.prijedordanas.com\/#\/schema\/logo\/image\/","url":"http:\/\/www.prijedordanas.com\/wp-content\/uploads\/2021\/12\/logopng.png","contentUrl":"http:\/\/www.prijedordanas.com\/wp-content\/uploads\/2021\/12\/logopng.png","width":1019,"height":776,"caption":"PrijedorDanas.com"},"image":{"@id":"https:\/\/www.prijedordanas.com\/#\/schema\/logo\/image\/"},"sameAs":["https:\/\/www.facebook.com\/PrijedorDanasCom\/"]},{"@type":"Person","@id":"https:\/\/www.prijedordanas.com\/#\/schema\/person\/4e08ccf29b506ca916ff86d46bb700e6","name":"admin","image":{"@type":"ImageObject","inLanguage":"en-US","@id":"https:\/\/www.prijedordanas.com\/#\/schema\/person\/image\/","url":"https:\/\/secure.gravatar.com\/avatar\/1d3fc949d550f0b53a5f0d51e06dfd79?s=96&d=mm&r=g","contentUrl":"https:\/\/secure.gravatar.com\/avatar\/1d3fc949d550f0b53a5f0d51e06dfd79?s=96&d=mm&r=g","caption":"admin"},"url":"https:\/\/www.prijedordanas.com\/?author=1"}]}},"_links":{"self":[{"href":"https:\/\/www.prijedordanas.com\/index.php?rest_route=\/wp\/v2\/posts\/28416"}],"collection":[{"href":"https:\/\/www.prijedordanas.com\/index.php?rest_route=\/wp\/v2\/posts"}],"about":[{"href":"https:\/\/www.prijedordanas.com\/index.php?rest_route=\/wp\/v2\/types\/post"}],"author":[{"embeddable":true,"href":"https:\/\/www.prijedordanas.com\/index.php?rest_route=\/wp\/v2\/users\/1"}],"replies":[{"embeddable":true,"href":"https:\/\/www.prijedordanas.com\/index.php?rest_route=%2Fwp%2Fv2%2Fcomments&post=28416"}],"version-history":[{"count":1,"href":"https:\/\/www.prijedordanas.com\/index.php?rest_route=\/wp\/v2\/posts\/28416\/revisions"}],"predecessor-version":[{"id":28418,"href":"https:\/\/www.prijedordanas.com\/index.php?rest_route=\/wp\/v2\/posts\/28416\/revisions\/28418"}],"wp:attachment":[{"href":"https:\/\/www.prijedordanas.com\/index.php?rest_route=%2Fwp%2Fv2%2Fmedia&parent=28416"}],"wp:term":[{"taxonomy":"category","embeddable":true,"href":"https:\/\/www.prijedordanas.com\/index.php?rest_route=%2Fwp%2Fv2%2Fcategories&post=28416"},{"taxonomy":"post_tag","embeddable":true,"href":"https:\/\/www.prijedordanas.com\/index.php?rest_route=%2Fwp%2Fv2%2Ftags&post=28416"}],"curies":[{"name":"wp","href":"https:\/\/api.w.org\/{rel}","templated":true}]}}