{"id":28363,"date":"2015-08-29T02:02:37","date_gmt":"2015-08-29T01:02:37","guid":{"rendered":"https:\/\/www.prijedordanas.com\/?p=28363"},"modified":"2015-08-29T02:07:54","modified_gmt":"2015-08-29T01:07:54","slug":"pocelo-oslikavanje-treceg-murala-u-centru-grada-foto","status":"publish","type":"post","link":"https:\/\/www.prijedordanas.com\/?p=28363","title":{"rendered":"PO\u010cELO OSLIKAVANJE TRE\u0106EG MURALA U CENTRU GRADA \u2013 FOTO"},"content":{"rendered":"<p><a href=\"https:\/\/www.prijedordanas.com\/wp-content\/uploads\/2015\/08\/mural-vrt-pocelo-oslikavanje-1.jpg\"><img loading=\"lazy\" decoding=\"async\" class=\"alignleft size-medium wp-image-28364\" src=\"https:\/\/www.prijedordanas.com\/wp-content\/uploads\/2015\/08\/mural-vrt-pocelo-oslikavanje-1-300x199.jpg\" alt=\"mural vrt-pocelo oslikavanje (1)\" width=\"300\" height=\"199\" srcset=\"https:\/\/www.prijedordanas.com\/wp-content\/uploads\/2015\/08\/mural-vrt-pocelo-oslikavanje-1-300x199.jpg 300w, https:\/\/www.prijedordanas.com\/wp-content\/uploads\/2015\/08\/mural-vrt-pocelo-oslikavanje-1-150x100.jpg 150w, https:\/\/www.prijedordanas.com\/wp-content\/uploads\/2015\/08\/mural-vrt-pocelo-oslikavanje-1-200x133.jpg 200w, https:\/\/www.prijedordanas.com\/wp-content\/uploads\/2015\/08\/mural-vrt-pocelo-oslikavanje-1-250x166.jpg 250w, https:\/\/www.prijedordanas.com\/wp-content\/uploads\/2015\/08\/mural-vrt-pocelo-oslikavanje-1-480x320.jpg 480w, https:\/\/www.prijedordanas.com\/wp-content\/uploads\/2015\/08\/mural-vrt-pocelo-oslikavanje-1.jpg 600w\" sizes=\"(max-width: 300px) 100vw, 300px\" \/><\/a>Rumunski strit-art umjetnik Raul Oprea po\u010deo je u petak uve\u010de oslikavanje murala pod nazivom &#8220;Vrt&#8221; na zidu ku\u0107e smje\u0161tene na Trgu majora Zorana Karlice u centru Prijedora.<\/p>\n<p>Rije\u010d je o ilustratoru i muralisti koji je u\u010desnik mnogih me\u0111unarodnih projekata i strit-art festivala u NJema\u010dkoj, Ma\u0111arskoj, Izraelu, Tajlandu, Kanadi.<\/p>\n<p>NJegov rad &#8220;Vrt&#8221; osvojio je nagradu &#8220;Paola de Maninkor&#8221; na konkursu koji je za izradu novog gradskog murala raspisalo Udru\u017eenje likovnih umjetnika Prijedora.<\/p>\n<p>Predsjedik Udru\u017eenja Boris Eremi\u0107 potvrdio je da je konkurs za novi gradski mural bio otvoren po\u010detkom marta i da je pristiglo osamdesetak radova.<\/p>\n<p>&#8220;Pobjednik je svjetski renomirani muralista i ove godine rad je veoma zahtjevan sa mnogo detalja, pa se nadamo da \u0107e biti zavr\u0161en do 10. septembra, kako smo planirali&#8221;, istakao je Eremi\u0107.<\/p>\n<p><a href=\"https:\/\/www.prijedordanas.com\/wp-content\/uploads\/2015\/08\/mural-vrt-pocelo-oslikavanje-2.jpg\"><img loading=\"lazy\" decoding=\"async\" class=\"alignleft size-medium wp-image-28365\" src=\"https:\/\/www.prijedordanas.com\/wp-content\/uploads\/2015\/08\/mural-vrt-pocelo-oslikavanje-2-300x199.jpg\" alt=\"mural vrt-pocelo oslikavanje (2)\" width=\"300\" height=\"199\" srcset=\"https:\/\/www.prijedordanas.com\/wp-content\/uploads\/2015\/08\/mural-vrt-pocelo-oslikavanje-2-300x199.jpg 300w, https:\/\/www.prijedordanas.com\/wp-content\/uploads\/2015\/08\/mural-vrt-pocelo-oslikavanje-2-150x100.jpg 150w, https:\/\/www.prijedordanas.com\/wp-content\/uploads\/2015\/08\/mural-vrt-pocelo-oslikavanje-2-200x133.jpg 200w, https:\/\/www.prijedordanas.com\/wp-content\/uploads\/2015\/08\/mural-vrt-pocelo-oslikavanje-2-250x166.jpg 250w, https:\/\/www.prijedordanas.com\/wp-content\/uploads\/2015\/08\/mural-vrt-pocelo-oslikavanje-2-480x320.jpg 480w, https:\/\/www.prijedordanas.com\/wp-content\/uploads\/2015\/08\/mural-vrt-pocelo-oslikavanje-2.jpg 600w\" sizes=\"(max-width: 300px) 100vw, 300px\" \/><\/a>Pobjedniku je pripala plaketa i nov\u010dana nagrada od 3.000 KM i mogu\u0107nost da svoj mural naslika na javnoj povr\u0161ini &#8211; zidu ku\u0107e u centru Prijedora.<\/p>\n<p>&#8220;Ideja za ovaj mural je do\u0161la spontano na osnovu onoga \u0161to najvi\u0161e volim da crtam &#8211; biljke, \u017eivotinje, uop\u0161te povratak prirodi&#8221;, rekao je Oprea.<\/p>\n<p>On je dodao da mu je umjetni\u010dki izazov da radi velike murale i da se na konkurs prijavio na nagovor pro\u0161logodi\u0161njeg pobjednika, ma\u0111arskog strit-art umjetnika Atile Samo\u017eija-Vidama, koji mu je prenio pozitivne utiske o boravku i radu na muralu u Prijedoru.<\/p>\n<p>Prijedor vi\u0161e od 15 godina sara\u0111uje sa italijanskim gradom Trento iz pokrajine Trentino. Ova saradnja nastavljena je i na projektu &#8220;Prijedor-grad murala&#8221; kojeg od 2013. godine realizuje Udru\u017eenje likovnih umjetnika Prijedor.<\/p>\n<p>U okviru ovog projekta Udru\u017eenje je osnovalo nagradu pod nazivom Godi\u0161nja me\u0111unarodna nagrada &#8220;Paola de Maninkor&#8221; za najbolji mural u Prijedoru, koju dodjeljuje jednom godi\u0161nje na osnovu prijedloga stru\u010dnog \u017eirija.<\/p>\n<p>Paola de Maninkor, u \u010diju se \u010dast dodjeljuje ova nagrada, je slikarka iz Lavisa u Trentinu \/Italija\/, koja je 1998. godine, zajedno sa djecom iz tada\u0161njih izbjegli\u010dkih centara, oslikala prvi mural u Prijedoru na Elektrotehni\u010dkoj \u0161koli.<\/p>\n<p>Predsjednik Udru\u017eenja Program Prijedor Kristina Bertoti istakla je da je veoma zadovoljna svim u vezi sa idejom &#8220;Prijedor-grad murala&#8221;.<\/p>\n<p>&#8220;Ideja nam je bila da obojimo Prijedor i da bojama unesemo \u017eivost u ovaj grad, uz nadu da \u0107e Prijedor uvijek biti grad svih ljudi&#8221;, rekla je Bertotijeva.<\/p>\n<p>Osim Trenta, koji ove godine projekat podr\u017eava sa 4.800 evra, podr\u0161ku daju i grad Prijedor i Ministarstvo prosvjete i kulture Republike Srpske.<\/p>\n<p>U centru Prijedora ve\u0107 se nalaze dva murala, &#8220;\u0160e\u0161ird\u017eija&#8221; autora Nata\u0161e Konjevi\u0107 i &#8220;Transformacija&#8221; ma\u0111arskog strit-art umjetnika Atile Samo\u017eija-Vidama.<\/p>\n<p>Tekst \u2013 SRNA<br \/>\nFoto \u2013 Aleksandar Drakuli\u0107 \u2013 <a href=\"www.prijedordanas.com\" target=\"_blank\">www.prijedordanas.com<\/a><\/p>\n<p><a href=\"https:\/\/www.prijedordanas.com\/wp-content\/uploads\/2015\/08\/mural-vrt-pocelo-oslikavanje-3.jpg\"><img loading=\"lazy\" decoding=\"async\" class=\"alignleft size-medium wp-image-28366\" src=\"https:\/\/www.prijedordanas.com\/wp-content\/uploads\/2015\/08\/mural-vrt-pocelo-oslikavanje-3-300x199.jpg\" alt=\"mural vrt-pocelo oslikavanje (3)\" width=\"300\" height=\"199\" srcset=\"https:\/\/www.prijedordanas.com\/wp-content\/uploads\/2015\/08\/mural-vrt-pocelo-oslikavanje-3-300x199.jpg 300w, https:\/\/www.prijedordanas.com\/wp-content\/uploads\/2015\/08\/mural-vrt-pocelo-oslikavanje-3-150x100.jpg 150w, https:\/\/www.prijedordanas.com\/wp-content\/uploads\/2015\/08\/mural-vrt-pocelo-oslikavanje-3-200x133.jpg 200w, https:\/\/www.prijedordanas.com\/wp-content\/uploads\/2015\/08\/mural-vrt-pocelo-oslikavanje-3-250x166.jpg 250w, https:\/\/www.prijedordanas.com\/wp-content\/uploads\/2015\/08\/mural-vrt-pocelo-oslikavanje-3-480x320.jpg 480w, https:\/\/www.prijedordanas.com\/wp-content\/uploads\/2015\/08\/mural-vrt-pocelo-oslikavanje-3.jpg 600w\" sizes=\"(max-width: 300px) 100vw, 300px\" \/><\/a> <a href=\"https:\/\/www.prijedordanas.com\/wp-content\/uploads\/2015\/08\/mural-vrt-pocelo-oslikavanje-4.jpg\"><img loading=\"lazy\" decoding=\"async\" class=\"alignleft size-medium wp-image-28367\" src=\"https:\/\/www.prijedordanas.com\/wp-content\/uploads\/2015\/08\/mural-vrt-pocelo-oslikavanje-4-300x199.jpg\" alt=\"mural vrt-pocelo oslikavanje (4)\" width=\"300\" height=\"199\" srcset=\"https:\/\/www.prijedordanas.com\/wp-content\/uploads\/2015\/08\/mural-vrt-pocelo-oslikavanje-4-300x199.jpg 300w, https:\/\/www.prijedordanas.com\/wp-content\/uploads\/2015\/08\/mural-vrt-pocelo-oslikavanje-4-150x100.jpg 150w, https:\/\/www.prijedordanas.com\/wp-content\/uploads\/2015\/08\/mural-vrt-pocelo-oslikavanje-4-200x133.jpg 200w, https:\/\/www.prijedordanas.com\/wp-content\/uploads\/2015\/08\/mural-vrt-pocelo-oslikavanje-4-250x166.jpg 250w, https:\/\/www.prijedordanas.com\/wp-content\/uploads\/2015\/08\/mural-vrt-pocelo-oslikavanje-4-480x320.jpg 480w, https:\/\/www.prijedordanas.com\/wp-content\/uploads\/2015\/08\/mural-vrt-pocelo-oslikavanje-4.jpg 600w\" sizes=\"(max-width: 300px) 100vw, 300px\" \/><\/a> <a href=\"https:\/\/www.prijedordanas.com\/wp-content\/uploads\/2015\/08\/mural-vrt-pocelo-oslikavanje-5.jpg\"><img loading=\"lazy\" decoding=\"async\" class=\"alignleft size-medium wp-image-28368\" src=\"https:\/\/www.prijedordanas.com\/wp-content\/uploads\/2015\/08\/mural-vrt-pocelo-oslikavanje-5-300x199.jpg\" alt=\"mural vrt-pocelo oslikavanje (5)\" width=\"300\" height=\"199\" srcset=\"https:\/\/www.prijedordanas.com\/wp-content\/uploads\/2015\/08\/mural-vrt-pocelo-oslikavanje-5-300x199.jpg 300w, https:\/\/www.prijedordanas.com\/wp-content\/uploads\/2015\/08\/mural-vrt-pocelo-oslikavanje-5-150x100.jpg 150w, https:\/\/www.prijedordanas.com\/wp-content\/uploads\/2015\/08\/mural-vrt-pocelo-oslikavanje-5-200x133.jpg 200w, https:\/\/www.prijedordanas.com\/wp-content\/uploads\/2015\/08\/mural-vrt-pocelo-oslikavanje-5-250x166.jpg 250w, https:\/\/www.prijedordanas.com\/wp-content\/uploads\/2015\/08\/mural-vrt-pocelo-oslikavanje-5-480x320.jpg 480w, https:\/\/www.prijedordanas.com\/wp-content\/uploads\/2015\/08\/mural-vrt-pocelo-oslikavanje-5.jpg 600w\" sizes=\"(max-width: 300px) 100vw, 300px\" \/><\/a> <a href=\"https:\/\/www.prijedordanas.com\/wp-content\/uploads\/2015\/08\/mural-vrt-pocelo-oslikavanje-6.jpg\"><img loading=\"lazy\" decoding=\"async\" class=\"alignleft size-medium wp-image-28369\" src=\"https:\/\/www.prijedordanas.com\/wp-content\/uploads\/2015\/08\/mural-vrt-pocelo-oslikavanje-6-300x199.jpg\" alt=\"mural vrt-pocelo oslikavanje (6)\" width=\"300\" height=\"199\" srcset=\"https:\/\/www.prijedordanas.com\/wp-content\/uploads\/2015\/08\/mural-vrt-pocelo-oslikavanje-6-300x199.jpg 300w, https:\/\/www.prijedordanas.com\/wp-content\/uploads\/2015\/08\/mural-vrt-pocelo-oslikavanje-6-150x100.jpg 150w, https:\/\/www.prijedordanas.com\/wp-content\/uploads\/2015\/08\/mural-vrt-pocelo-oslikavanje-6-200x133.jpg 200w, https:\/\/www.prijedordanas.com\/wp-content\/uploads\/2015\/08\/mural-vrt-pocelo-oslikavanje-6-250x166.jpg 250w, https:\/\/www.prijedordanas.com\/wp-content\/uploads\/2015\/08\/mural-vrt-pocelo-oslikavanje-6-480x320.jpg 480w, https:\/\/www.prijedordanas.com\/wp-content\/uploads\/2015\/08\/mural-vrt-pocelo-oslikavanje-6.jpg 600w\" sizes=\"(max-width: 300px) 100vw, 300px\" \/><\/a> <a href=\"https:\/\/www.prijedordanas.com\/wp-content\/uploads\/2015\/08\/mural-vrt-pocelo-oslikavanje-7.jpg\"><img loading=\"lazy\" decoding=\"async\" class=\"alignleft size-medium wp-image-28370\" src=\"https:\/\/www.prijedordanas.com\/wp-content\/uploads\/2015\/08\/mural-vrt-pocelo-oslikavanje-7-300x199.jpg\" alt=\"mural vrt-pocelo oslikavanje (7)\" width=\"300\" height=\"199\" srcset=\"https:\/\/www.prijedordanas.com\/wp-content\/uploads\/2015\/08\/mural-vrt-pocelo-oslikavanje-7-300x199.jpg 300w, https:\/\/www.prijedordanas.com\/wp-content\/uploads\/2015\/08\/mural-vrt-pocelo-oslikavanje-7-150x100.jpg 150w, https:\/\/www.prijedordanas.com\/wp-content\/uploads\/2015\/08\/mural-vrt-pocelo-oslikavanje-7-200x133.jpg 200w, https:\/\/www.prijedordanas.com\/wp-content\/uploads\/2015\/08\/mural-vrt-pocelo-oslikavanje-7-250x166.jpg 250w, https:\/\/www.prijedordanas.com\/wp-content\/uploads\/2015\/08\/mural-vrt-pocelo-oslikavanje-7-480x320.jpg 480w, https:\/\/www.prijedordanas.com\/wp-content\/uploads\/2015\/08\/mural-vrt-pocelo-oslikavanje-7.jpg 600w\" sizes=\"(max-width: 300px) 100vw, 300px\" \/><\/a><\/p>\n","protected":false},"excerpt":{"rendered":"<p>Rumunski strit-art umjetnik Raul Oprea po\u010deo je u petak uve\u010de oslikavanje murala pod nazivom &#8220;Vrt&#8221; na zidu ku\u0107e smje\u0161tene na Trgu majora Zorana Karlice u centru Prijedora. Rije\u010d je o [&hellip;]<\/p>\n","protected":false},"author":1,"featured_media":0,"comment_status":"closed","ping_status":"open","sticky":false,"template":"","format":"standard","meta":{"_monsterinsights_skip_tracking":false,"_monsterinsights_sitenote_active":false,"_monsterinsights_sitenote_note":"","_monsterinsights_sitenote_category":0,"footnotes":""},"categories":[6],"tags":[1388,1892,4351,4349],"yoast_head":"<!-- This site is optimized with the Yoast SEO plugin v21.6 - https:\/\/yoast.com\/wordpress\/plugins\/seo\/ -->\n<title>PO\u010cELO OSLIKAVANJE TRE\u0106EG MURALA U CENTRU GRADA \u2013 FOTO - PrijedorDanas.com - Prijedorski gradski portal<\/title>\n<meta name=\"robots\" content=\"index, follow, max-snippet:-1, max-image-preview:large, max-video-preview:-1\" \/>\n<link rel=\"canonical\" href=\"https:\/\/www.prijedordanas.com\/?p=28363\" \/>\n<meta property=\"og:locale\" content=\"en_US\" \/>\n<meta property=\"og:type\" content=\"article\" \/>\n<meta property=\"og:title\" content=\"PO\u010cELO OSLIKAVANJE TRE\u0106EG MURALA U CENTRU GRADA \u2013 FOTO - PrijedorDanas.com - Prijedorski gradski portal\" \/>\n<meta property=\"og:description\" content=\"Rumunski strit-art umjetnik Raul Oprea po\u010deo je u petak uve\u010de oslikavanje murala pod nazivom &#8220;Vrt&#8221; na zidu ku\u0107e smje\u0161tene na Trgu majora Zorana Karlice u centru Prijedora. Rije\u010d je o [&hellip;]\" \/>\n<meta property=\"og:url\" content=\"https:\/\/www.prijedordanas.com\/?p=28363\" \/>\n<meta property=\"og:site_name\" content=\"PrijedorDanas.com - Prijedorski gradski portal\" \/>\n<meta property=\"article:publisher\" content=\"https:\/\/www.facebook.com\/PrijedorDanasCom\/\" \/>\n<meta property=\"article:published_time\" content=\"2015-08-29T01:02:37+00:00\" \/>\n<meta property=\"article:modified_time\" content=\"2015-08-29T01:07:54+00:00\" \/>\n<meta property=\"og:image\" content=\"https:\/\/www.prijedordanas.com\/wp-content\/uploads\/2015\/08\/mural-vrt-pocelo-oslikavanje-1-300x199.jpg\" \/>\n<meta name=\"author\" content=\"admin\" \/>\n<meta name=\"twitter:card\" content=\"summary_large_image\" \/>\n<meta name=\"twitter:label1\" content=\"Written by\" \/>\n\t<meta name=\"twitter:data1\" content=\"admin\" \/>\n\t<meta name=\"twitter:label2\" content=\"Est. reading time\" \/>\n\t<meta name=\"twitter:data2\" content=\"2 minutes\" \/>\n<script type=\"application\/ld+json\" class=\"yoast-schema-graph\">{\"@context\":\"https:\/\/schema.org\",\"@graph\":[{\"@type\":\"Article\",\"@id\":\"https:\/\/www.prijedordanas.com\/?p=28363#article\",\"isPartOf\":{\"@id\":\"https:\/\/www.prijedordanas.com\/?p=28363\"},\"author\":{\"name\":\"admin\",\"@id\":\"https:\/\/www.prijedordanas.com\/#\/schema\/person\/4e08ccf29b506ca916ff86d46bb700e6\"},\"headline\":\"PO\u010cELO OSLIKAVANJE TRE\u0106EG MURALA U CENTRU GRADA \u2013 FOTO\",\"datePublished\":\"2015-08-29T01:02:37+00:00\",\"dateModified\":\"2015-08-29T01:07:54+00:00\",\"mainEntityOfPage\":{\"@id\":\"https:\/\/www.prijedordanas.com\/?p=28363\"},\"wordCount\":455,\"publisher\":{\"@id\":\"https:\/\/www.prijedordanas.com\/#organization\"},\"keywords\":[\"mural\",\"Paola De Maninkor\",\"Raul Oprea\",\"Vrt\"],\"articleSection\":[\"Kultura\"],\"inLanguage\":\"en-US\"},{\"@type\":\"WebPage\",\"@id\":\"https:\/\/www.prijedordanas.com\/?p=28363\",\"url\":\"https:\/\/www.prijedordanas.com\/?p=28363\",\"name\":\"PO\u010cELO OSLIKAVANJE TRE\u0106EG MURALA U CENTRU GRADA \u2013 FOTO - PrijedorDanas.com - Prijedorski gradski portal\",\"isPartOf\":{\"@id\":\"https:\/\/www.prijedordanas.com\/#website\"},\"datePublished\":\"2015-08-29T01:02:37+00:00\",\"dateModified\":\"2015-08-29T01:07:54+00:00\",\"breadcrumb\":{\"@id\":\"https:\/\/www.prijedordanas.com\/?p=28363#breadcrumb\"},\"inLanguage\":\"en-US\",\"potentialAction\":[{\"@type\":\"ReadAction\",\"target\":[\"https:\/\/www.prijedordanas.com\/?p=28363\"]}]},{\"@type\":\"BreadcrumbList\",\"@id\":\"https:\/\/www.prijedordanas.com\/?p=28363#breadcrumb\",\"itemListElement\":[{\"@type\":\"ListItem\",\"position\":1,\"name\":\"Home\",\"item\":\"https:\/\/www.prijedordanas.com\/\"},{\"@type\":\"ListItem\",\"position\":2,\"name\":\"PO\u010cELO OSLIKAVANJE TRE\u0106EG MURALA U CENTRU GRADA \u2013 FOTO\"}]},{\"@type\":\"WebSite\",\"@id\":\"https:\/\/www.prijedordanas.com\/#website\",\"url\":\"https:\/\/www.prijedordanas.com\/\",\"name\":\"PrijedorDanas.com - Prijedorski gradski portal\",\"description\":\"Portal o doga\u0111anjima u gradu Prijedoru\",\"publisher\":{\"@id\":\"https:\/\/www.prijedordanas.com\/#organization\"},\"potentialAction\":[{\"@type\":\"SearchAction\",\"target\":{\"@type\":\"EntryPoint\",\"urlTemplate\":\"https:\/\/www.prijedordanas.com\/?s={search_term_string}\"},\"query-input\":\"required name=search_term_string\"}],\"inLanguage\":\"en-US\"},{\"@type\":\"Organization\",\"@id\":\"https:\/\/www.prijedordanas.com\/#organization\",\"name\":\"PrijedorDanas.com\",\"url\":\"https:\/\/www.prijedordanas.com\/\",\"logo\":{\"@type\":\"ImageObject\",\"inLanguage\":\"en-US\",\"@id\":\"https:\/\/www.prijedordanas.com\/#\/schema\/logo\/image\/\",\"url\":\"http:\/\/www.prijedordanas.com\/wp-content\/uploads\/2021\/12\/logopng.png\",\"contentUrl\":\"http:\/\/www.prijedordanas.com\/wp-content\/uploads\/2021\/12\/logopng.png\",\"width\":1019,\"height\":776,\"caption\":\"PrijedorDanas.com\"},\"image\":{\"@id\":\"https:\/\/www.prijedordanas.com\/#\/schema\/logo\/image\/\"},\"sameAs\":[\"https:\/\/www.facebook.com\/PrijedorDanasCom\/\"]},{\"@type\":\"Person\",\"@id\":\"https:\/\/www.prijedordanas.com\/#\/schema\/person\/4e08ccf29b506ca916ff86d46bb700e6\",\"name\":\"admin\",\"image\":{\"@type\":\"ImageObject\",\"inLanguage\":\"en-US\",\"@id\":\"https:\/\/www.prijedordanas.com\/#\/schema\/person\/image\/\",\"url\":\"https:\/\/secure.gravatar.com\/avatar\/1d3fc949d550f0b53a5f0d51e06dfd79?s=96&d=mm&r=g\",\"contentUrl\":\"https:\/\/secure.gravatar.com\/avatar\/1d3fc949d550f0b53a5f0d51e06dfd79?s=96&d=mm&r=g\",\"caption\":\"admin\"},\"url\":\"https:\/\/www.prijedordanas.com\/?author=1\"}]}<\/script>\n<!-- \/ Yoast SEO plugin. -->","yoast_head_json":{"title":"PO\u010cELO OSLIKAVANJE TRE\u0106EG MURALA U CENTRU GRADA \u2013 FOTO - PrijedorDanas.com - Prijedorski gradski portal","robots":{"index":"index","follow":"follow","max-snippet":"max-snippet:-1","max-image-preview":"max-image-preview:large","max-video-preview":"max-video-preview:-1"},"canonical":"https:\/\/www.prijedordanas.com\/?p=28363","og_locale":"en_US","og_type":"article","og_title":"PO\u010cELO OSLIKAVANJE TRE\u0106EG MURALA U CENTRU GRADA \u2013 FOTO - PrijedorDanas.com - Prijedorski gradski portal","og_description":"Rumunski strit-art umjetnik Raul Oprea po\u010deo je u petak uve\u010de oslikavanje murala pod nazivom &#8220;Vrt&#8221; na zidu ku\u0107e smje\u0161tene na Trgu majora Zorana Karlice u centru Prijedora. Rije\u010d je o [&hellip;]","og_url":"https:\/\/www.prijedordanas.com\/?p=28363","og_site_name":"PrijedorDanas.com - Prijedorski gradski portal","article_publisher":"https:\/\/www.facebook.com\/PrijedorDanasCom\/","article_published_time":"2015-08-29T01:02:37+00:00","article_modified_time":"2015-08-29T01:07:54+00:00","og_image":[{"url":"https:\/\/www.prijedordanas.com\/wp-content\/uploads\/2015\/08\/mural-vrt-pocelo-oslikavanje-1-300x199.jpg"}],"author":"admin","twitter_card":"summary_large_image","twitter_misc":{"Written by":"admin","Est. reading time":"2 minutes"},"schema":{"@context":"https:\/\/schema.org","@graph":[{"@type":"Article","@id":"https:\/\/www.prijedordanas.com\/?p=28363#article","isPartOf":{"@id":"https:\/\/www.prijedordanas.com\/?p=28363"},"author":{"name":"admin","@id":"https:\/\/www.prijedordanas.com\/#\/schema\/person\/4e08ccf29b506ca916ff86d46bb700e6"},"headline":"PO\u010cELO OSLIKAVANJE TRE\u0106EG MURALA U CENTRU GRADA \u2013 FOTO","datePublished":"2015-08-29T01:02:37+00:00","dateModified":"2015-08-29T01:07:54+00:00","mainEntityOfPage":{"@id":"https:\/\/www.prijedordanas.com\/?p=28363"},"wordCount":455,"publisher":{"@id":"https:\/\/www.prijedordanas.com\/#organization"},"keywords":["mural","Paola De Maninkor","Raul Oprea","Vrt"],"articleSection":["Kultura"],"inLanguage":"en-US"},{"@type":"WebPage","@id":"https:\/\/www.prijedordanas.com\/?p=28363","url":"https:\/\/www.prijedordanas.com\/?p=28363","name":"PO\u010cELO OSLIKAVANJE TRE\u0106EG MURALA U CENTRU GRADA \u2013 FOTO - PrijedorDanas.com - Prijedorski gradski portal","isPartOf":{"@id":"https:\/\/www.prijedordanas.com\/#website"},"datePublished":"2015-08-29T01:02:37+00:00","dateModified":"2015-08-29T01:07:54+00:00","breadcrumb":{"@id":"https:\/\/www.prijedordanas.com\/?p=28363#breadcrumb"},"inLanguage":"en-US","potentialAction":[{"@type":"ReadAction","target":["https:\/\/www.prijedordanas.com\/?p=28363"]}]},{"@type":"BreadcrumbList","@id":"https:\/\/www.prijedordanas.com\/?p=28363#breadcrumb","itemListElement":[{"@type":"ListItem","position":1,"name":"Home","item":"https:\/\/www.prijedordanas.com\/"},{"@type":"ListItem","position":2,"name":"PO\u010cELO OSLIKAVANJE TRE\u0106EG MURALA U CENTRU GRADA \u2013 FOTO"}]},{"@type":"WebSite","@id":"https:\/\/www.prijedordanas.com\/#website","url":"https:\/\/www.prijedordanas.com\/","name":"PrijedorDanas.com - Prijedorski gradski portal","description":"Portal o doga\u0111anjima u gradu Prijedoru","publisher":{"@id":"https:\/\/www.prijedordanas.com\/#organization"},"potentialAction":[{"@type":"SearchAction","target":{"@type":"EntryPoint","urlTemplate":"https:\/\/www.prijedordanas.com\/?s={search_term_string}"},"query-input":"required name=search_term_string"}],"inLanguage":"en-US"},{"@type":"Organization","@id":"https:\/\/www.prijedordanas.com\/#organization","name":"PrijedorDanas.com","url":"https:\/\/www.prijedordanas.com\/","logo":{"@type":"ImageObject","inLanguage":"en-US","@id":"https:\/\/www.prijedordanas.com\/#\/schema\/logo\/image\/","url":"http:\/\/www.prijedordanas.com\/wp-content\/uploads\/2021\/12\/logopng.png","contentUrl":"http:\/\/www.prijedordanas.com\/wp-content\/uploads\/2021\/12\/logopng.png","width":1019,"height":776,"caption":"PrijedorDanas.com"},"image":{"@id":"https:\/\/www.prijedordanas.com\/#\/schema\/logo\/image\/"},"sameAs":["https:\/\/www.facebook.com\/PrijedorDanasCom\/"]},{"@type":"Person","@id":"https:\/\/www.prijedordanas.com\/#\/schema\/person\/4e08ccf29b506ca916ff86d46bb700e6","name":"admin","image":{"@type":"ImageObject","inLanguage":"en-US","@id":"https:\/\/www.prijedordanas.com\/#\/schema\/person\/image\/","url":"https:\/\/secure.gravatar.com\/avatar\/1d3fc949d550f0b53a5f0d51e06dfd79?s=96&d=mm&r=g","contentUrl":"https:\/\/secure.gravatar.com\/avatar\/1d3fc949d550f0b53a5f0d51e06dfd79?s=96&d=mm&r=g","caption":"admin"},"url":"https:\/\/www.prijedordanas.com\/?author=1"}]}},"_links":{"self":[{"href":"https:\/\/www.prijedordanas.com\/index.php?rest_route=\/wp\/v2\/posts\/28363"}],"collection":[{"href":"https:\/\/www.prijedordanas.com\/index.php?rest_route=\/wp\/v2\/posts"}],"about":[{"href":"https:\/\/www.prijedordanas.com\/index.php?rest_route=\/wp\/v2\/types\/post"}],"author":[{"embeddable":true,"href":"https:\/\/www.prijedordanas.com\/index.php?rest_route=\/wp\/v2\/users\/1"}],"replies":[{"embeddable":true,"href":"https:\/\/www.prijedordanas.com\/index.php?rest_route=%2Fwp%2Fv2%2Fcomments&post=28363"}],"version-history":[{"count":3,"href":"https:\/\/www.prijedordanas.com\/index.php?rest_route=\/wp\/v2\/posts\/28363\/revisions"}],"predecessor-version":[{"id":28373,"href":"https:\/\/www.prijedordanas.com\/index.php?rest_route=\/wp\/v2\/posts\/28363\/revisions\/28373"}],"wp:attachment":[{"href":"https:\/\/www.prijedordanas.com\/index.php?rest_route=%2Fwp%2Fv2%2Fmedia&parent=28363"}],"wp:term":[{"taxonomy":"category","embeddable":true,"href":"https:\/\/www.prijedordanas.com\/index.php?rest_route=%2Fwp%2Fv2%2Fcategories&post=28363"},{"taxonomy":"post_tag","embeddable":true,"href":"https:\/\/www.prijedordanas.com\/index.php?rest_route=%2Fwp%2Fv2%2Ftags&post=28363"}],"curies":[{"name":"wp","href":"https:\/\/api.w.org\/{rel}","templated":true}]}}