{"id":28248,"date":"2015-08-28T09:49:26","date_gmt":"2015-08-28T08:49:26","guid":{"rendered":"https:\/\/www.prijedordanas.com\/?p=28248"},"modified":"2015-08-28T09:49:26","modified_gmt":"2015-08-28T08:49:26","slug":"sudenje-za-zlocine-na-podrucju-prijedora-odvodenje-supruga-iz-zecova","status":"publish","type":"post","link":"https:\/\/www.prijedordanas.com\/?p=28248","title":{"rendered":"SU\u0110ENJE ZA ZLO\u010cINE NA PODRU\u010cJU PRIJEDORA: ODVO\u0110ENJE SUPRUGA IZ ZECOVA"},"content":{"rendered":"<p><a href=\"https:\/\/www.prijedordanas.com\/wp-content\/uploads\/2015\/08\/sud-bih-2.jpg\"><img loading=\"lazy\" decoding=\"async\" src=\"https:\/\/www.prijedordanas.com\/wp-content\/uploads\/2015\/08\/sud-bih-2-300x225.jpg\" alt=\"sud bih (2)\" width=\"300\" height=\"225\" class=\"alignleft size-medium wp-image-28249\" srcset=\"https:\/\/www.prijedordanas.com\/wp-content\/uploads\/2015\/08\/sud-bih-2-300x225.jpg 300w, https:\/\/www.prijedordanas.com\/wp-content\/uploads\/2015\/08\/sud-bih-2.jpg 500w\" sizes=\"(max-width: 300px) 100vw, 300px\" \/><\/a>Na su\u0111enju za zlo\u010dine po\u010dinjene na podru\u010dju Prijedora, svjedokinja Tu\u017eila\u0161tva BiH je ispri\u010dala kako joj je suprug sa kom\u0161ijama odveden iz sela Zecovi 23. jula 1992. godine.<\/p>\n<p>Mehizada Kori\u0107 je kazala da su vojnici odveli mu\u0161karce iz sela na ispitivanje i kazali da \u0107e se vratiti ako nisu ni\u0161ta krivi. Niko od mu\u0161karaca, kako je navela, nije vra\u0107en.<\/p>\n<p>\u201cMu\u0161karci su odvedeni niz put, a vojnici su ostali i pretresli ku\u0107u. Tu sam prepoznala Branu Grbi\u0107a i Branu \u0106ori\u0107a\u201d, rekla je Kori\u0107.<\/p>\n<p>Naredne dane, kako je navela svjedokinja, \u017eene i djeca spavali su skupa u jednoj ku\u0107i, a selom su svakodnevno prolazili vojnici.<\/p>\n<p>\u201cJedan dan su Rade Gruji\u010di\u0107 i jo\u0161 dvojica do\u0161li u selo po janjad. Rade je rekao nani da su na\u0161i mu\u0161karci u Trnopolju\u201d, kazala je svjedokinja.<\/p>\n<p>Ona je dodala da nije prona\u0161la supruga kada je dovedena u logor Trnopolje. Njegovo tijelo ekshumirano je pro\u0161le godine u Toma\u0161ici.<\/p>\n<p>Kori\u0107 je ispri\u010dala da je prije odlaska u logor jedne ve\u010deri vidjela kako gori sijeno u zaseoku Ba\u010di\u0107i, te da se \u010dula pucnjava. Sutradan je saznala da su u Ba\u010di\u0107ima svi ubijeni, a me\u0111u njima je bila i njena sestra Asima. Fehima Ferizovi\u0107 joj je, kako je navela, kazala da se selom \u0161iri nesnosan smrad.<\/p>\n<p>Svjedokinja je dodala da je u selu Zecovi, osim mu\u017ea i sestre, izgubila oca, brata, te mnoge ro\u0111ake.<\/p>\n<p>Za ubistva, mu\u010denja, seksualno nasilje, uni\u0161tavanje i oduzimanje imovine stanovnika sela Zecovi, optu\u017eeni su Du\u0161an Miluni\u0107, Radomir Stojni\u0107, Radovan \u010ceti\u0107, Du\u0161ko Zori\u0107, Zoran Stojni\u0107, \u017deljko Grbi\u0107, Ilija Zori\u0107, Zoran Miluni\u0107, Bo\u0161ko Gruji\u010di\u0107, Ljubi\u0161a \u010ceti\u0107, Rade i Uro\u0161 Gruj\u010di\u0107, Zdravko Antoni\u0107 i Rajko Gnjatovi\u0107.<\/p>\n<p>Prema optu\u017enici, Miluni\u0107 je bio komandir Rasava\u010dke \u010dete \u0160estog bataljona 43. brigade Vojske Republike Srpske (VRS), Radomir Stojni\u0107 komandir Rezervne stanice milicije Rasavci, a Radovan \u010ceti\u0107 predsjednik Srpske demokratske stranke (SDS) i Kriznog \u0161taba za selo Rasavci. Ostali su bili pripadnici Rasava\u010dke \u010dete, milicije, te drugih formacija.<\/p>\n<p>Na ovom ro\u010di\u0161tu je iskaz dao i Dragan Mr\u0111a, koji je kazao da je indirektno u\u010destvovao u akciji na selo Zecove, nakon slu\u010dajnog susreta sa Du\u0161kom Miluni\u0107em, koji ga je pozvao da ide sa njima. Svjedok je kazao da niko iz \u010dete kojom je komandovao Miluni\u0107 nije u\u010destvovao u pretresanju ku\u0107a, hap\u0161enju i sli\u010dnom, te da ne zna \u0161ta je bio konkretan zadatak.<\/p>\n<p>\u201cU zraku se osjetila mu\u010dna situacija. Svi su \u0107utali. Nisam vidio niti jednog \u010dovjeka bo\u0161nja\u010dke nacionalnosti tog kobnog dana o kome danas svi pri\u010daju\u201d, kazao je Mr\u0111a i dodao da se ubrzo vratio ku\u0107i, a potom oti\u0161ao kod sestara za Prijedor.<\/p>\n<p>Nakon povratka iz Prijedora, kako je rekao, Mr\u0111a je sa ocem oti\u0161ao do sela Ba\u010di\u0107i, gdje je vidio mrtva tijela pred ku\u0107om Hasana Ba\u010di\u0107a, koga je poznavao. On se, kako je naveo, prepao i pobjegao, a njegov otac pustio je stoku iz sela.<\/p>\n<p>\u201cOn je plakao. (&#8230;) Nazvao je policiju\u201d, kazao je svjedok.<\/p>\n<p>Mr\u0111a je rekao kako nije \u010duo ne\u0161to lo\u0161e ni o jednom od optu\u017eenih.<\/p>\n<p>Su\u0111enje se nastavlja 4. septembra.<\/p>\n<p>BIRN<\/p>\n","protected":false},"excerpt":{"rendered":"<p>Na su\u0111enju za zlo\u010dine po\u010dinjene na podru\u010dju Prijedora, svjedokinja Tu\u017eila\u0161tva BiH je ispri\u010dala kako joj je suprug sa kom\u0161ijama odveden iz sela Zecovi 23. jula 1992. godine. Mehizada Kori\u0107 je [&hellip;]<\/p>\n","protected":false},"author":1,"featured_media":0,"comment_status":"closed","ping_status":"open","sticky":false,"template":"","format":"standard","meta":{"_monsterinsights_skip_tracking":false,"_monsterinsights_sitenote_active":false,"_monsterinsights_sitenote_note":"","_monsterinsights_sitenote_category":0,"footnotes":""},"categories":[5],"tags":[531,249,1759,2031],"yoast_head":"<!-- This site is optimized with the Yoast SEO plugin v21.6 - https:\/\/yoast.com\/wordpress\/plugins\/seo\/ -->\n<title>SU\u0110ENJE ZA ZLO\u010cINE NA PODRU\u010cJU PRIJEDORA: ODVO\u0110ENJE SUPRUGA IZ ZECOVA - PrijedorDanas.com - Prijedorski gradski portal<\/title>\n<meta name=\"robots\" content=\"index, follow, max-snippet:-1, max-image-preview:large, max-video-preview:-1\" \/>\n<link rel=\"canonical\" href=\"https:\/\/www.prijedordanas.com\/?p=28248\" \/>\n<meta property=\"og:locale\" content=\"en_US\" \/>\n<meta property=\"og:type\" content=\"article\" \/>\n<meta property=\"og:title\" content=\"SU\u0110ENJE ZA ZLO\u010cINE NA PODRU\u010cJU PRIJEDORA: ODVO\u0110ENJE SUPRUGA IZ ZECOVA - PrijedorDanas.com - Prijedorski gradski portal\" \/>\n<meta property=\"og:description\" content=\"Na su\u0111enju za zlo\u010dine po\u010dinjene na podru\u010dju Prijedora, svjedokinja Tu\u017eila\u0161tva BiH je ispri\u010dala kako joj je suprug sa kom\u0161ijama odveden iz sela Zecovi 23. jula 1992. godine. Mehizada Kori\u0107 je [&hellip;]\" \/>\n<meta property=\"og:url\" content=\"https:\/\/www.prijedordanas.com\/?p=28248\" \/>\n<meta property=\"og:site_name\" content=\"PrijedorDanas.com - Prijedorski gradski portal\" \/>\n<meta property=\"article:publisher\" content=\"https:\/\/www.facebook.com\/PrijedorDanasCom\/\" \/>\n<meta property=\"article:published_time\" content=\"2015-08-28T08:49:26+00:00\" \/>\n<meta property=\"og:image\" content=\"https:\/\/www.prijedordanas.com\/wp-content\/uploads\/2015\/08\/sud-bih-2-300x225.jpg\" \/>\n<meta name=\"author\" content=\"admin\" \/>\n<meta name=\"twitter:card\" content=\"summary_large_image\" \/>\n<meta name=\"twitter:label1\" content=\"Written by\" \/>\n\t<meta name=\"twitter:data1\" content=\"admin\" \/>\n\t<meta name=\"twitter:label2\" content=\"Est. reading time\" \/>\n\t<meta name=\"twitter:data2\" content=\"3 minutes\" \/>\n<script type=\"application\/ld+json\" class=\"yoast-schema-graph\">{\"@context\":\"https:\/\/schema.org\",\"@graph\":[{\"@type\":\"Article\",\"@id\":\"https:\/\/www.prijedordanas.com\/?p=28248#article\",\"isPartOf\":{\"@id\":\"https:\/\/www.prijedordanas.com\/?p=28248\"},\"author\":{\"name\":\"admin\",\"@id\":\"https:\/\/www.prijedordanas.com\/#\/schema\/person\/4e08ccf29b506ca916ff86d46bb700e6\"},\"headline\":\"SU\u0110ENJE ZA ZLO\u010cINE NA PODRU\u010cJU PRIJEDORA: ODVO\u0110ENJE SUPRUGA IZ ZECOVA\",\"datePublished\":\"2015-08-28T08:49:26+00:00\",\"dateModified\":\"2015-08-28T08:49:26+00:00\",\"mainEntityOfPage\":{\"@id\":\"https:\/\/www.prijedordanas.com\/?p=28248\"},\"wordCount\":572,\"publisher\":{\"@id\":\"https:\/\/www.prijedordanas.com\/#organization\"},\"keywords\":[\"Sud BiH\",\"su\u0111enje\",\"Zecovi\",\"zlo\u010din\"],\"articleSection\":[\"Hronika\"],\"inLanguage\":\"en-US\"},{\"@type\":\"WebPage\",\"@id\":\"https:\/\/www.prijedordanas.com\/?p=28248\",\"url\":\"https:\/\/www.prijedordanas.com\/?p=28248\",\"name\":\"SU\u0110ENJE ZA ZLO\u010cINE NA PODRU\u010cJU PRIJEDORA: ODVO\u0110ENJE SUPRUGA IZ ZECOVA - PrijedorDanas.com - Prijedorski gradski portal\",\"isPartOf\":{\"@id\":\"https:\/\/www.prijedordanas.com\/#website\"},\"datePublished\":\"2015-08-28T08:49:26+00:00\",\"dateModified\":\"2015-08-28T08:49:26+00:00\",\"breadcrumb\":{\"@id\":\"https:\/\/www.prijedordanas.com\/?p=28248#breadcrumb\"},\"inLanguage\":\"en-US\",\"potentialAction\":[{\"@type\":\"ReadAction\",\"target\":[\"https:\/\/www.prijedordanas.com\/?p=28248\"]}]},{\"@type\":\"BreadcrumbList\",\"@id\":\"https:\/\/www.prijedordanas.com\/?p=28248#breadcrumb\",\"itemListElement\":[{\"@type\":\"ListItem\",\"position\":1,\"name\":\"Home\",\"item\":\"https:\/\/www.prijedordanas.com\/\"},{\"@type\":\"ListItem\",\"position\":2,\"name\":\"SU\u0110ENJE ZA ZLO\u010cINE NA PODRU\u010cJU PRIJEDORA: ODVO\u0110ENJE SUPRUGA IZ ZECOVA\"}]},{\"@type\":\"WebSite\",\"@id\":\"https:\/\/www.prijedordanas.com\/#website\",\"url\":\"https:\/\/www.prijedordanas.com\/\",\"name\":\"PrijedorDanas.com - Prijedorski gradski portal\",\"description\":\"Portal o doga\u0111anjima u gradu Prijedoru\",\"publisher\":{\"@id\":\"https:\/\/www.prijedordanas.com\/#organization\"},\"potentialAction\":[{\"@type\":\"SearchAction\",\"target\":{\"@type\":\"EntryPoint\",\"urlTemplate\":\"https:\/\/www.prijedordanas.com\/?s={search_term_string}\"},\"query-input\":\"required name=search_term_string\"}],\"inLanguage\":\"en-US\"},{\"@type\":\"Organization\",\"@id\":\"https:\/\/www.prijedordanas.com\/#organization\",\"name\":\"PrijedorDanas.com\",\"url\":\"https:\/\/www.prijedordanas.com\/\",\"logo\":{\"@type\":\"ImageObject\",\"inLanguage\":\"en-US\",\"@id\":\"https:\/\/www.prijedordanas.com\/#\/schema\/logo\/image\/\",\"url\":\"http:\/\/www.prijedordanas.com\/wp-content\/uploads\/2021\/12\/logopng.png\",\"contentUrl\":\"http:\/\/www.prijedordanas.com\/wp-content\/uploads\/2021\/12\/logopng.png\",\"width\":1019,\"height\":776,\"caption\":\"PrijedorDanas.com\"},\"image\":{\"@id\":\"https:\/\/www.prijedordanas.com\/#\/schema\/logo\/image\/\"},\"sameAs\":[\"https:\/\/www.facebook.com\/PrijedorDanasCom\/\"]},{\"@type\":\"Person\",\"@id\":\"https:\/\/www.prijedordanas.com\/#\/schema\/person\/4e08ccf29b506ca916ff86d46bb700e6\",\"name\":\"admin\",\"image\":{\"@type\":\"ImageObject\",\"inLanguage\":\"en-US\",\"@id\":\"https:\/\/www.prijedordanas.com\/#\/schema\/person\/image\/\",\"url\":\"https:\/\/secure.gravatar.com\/avatar\/1d3fc949d550f0b53a5f0d51e06dfd79?s=96&d=mm&r=g\",\"contentUrl\":\"https:\/\/secure.gravatar.com\/avatar\/1d3fc949d550f0b53a5f0d51e06dfd79?s=96&d=mm&r=g\",\"caption\":\"admin\"},\"url\":\"https:\/\/www.prijedordanas.com\/?author=1\"}]}<\/script>\n<!-- \/ Yoast SEO plugin. -->","yoast_head_json":{"title":"SU\u0110ENJE ZA ZLO\u010cINE NA PODRU\u010cJU PRIJEDORA: ODVO\u0110ENJE SUPRUGA IZ ZECOVA - PrijedorDanas.com - Prijedorski gradski portal","robots":{"index":"index","follow":"follow","max-snippet":"max-snippet:-1","max-image-preview":"max-image-preview:large","max-video-preview":"max-video-preview:-1"},"canonical":"https:\/\/www.prijedordanas.com\/?p=28248","og_locale":"en_US","og_type":"article","og_title":"SU\u0110ENJE ZA ZLO\u010cINE NA PODRU\u010cJU PRIJEDORA: ODVO\u0110ENJE SUPRUGA IZ ZECOVA - PrijedorDanas.com - Prijedorski gradski portal","og_description":"Na su\u0111enju za zlo\u010dine po\u010dinjene na podru\u010dju Prijedora, svjedokinja Tu\u017eila\u0161tva BiH je ispri\u010dala kako joj je suprug sa kom\u0161ijama odveden iz sela Zecovi 23. jula 1992. godine. Mehizada Kori\u0107 je [&hellip;]","og_url":"https:\/\/www.prijedordanas.com\/?p=28248","og_site_name":"PrijedorDanas.com - Prijedorski gradski portal","article_publisher":"https:\/\/www.facebook.com\/PrijedorDanasCom\/","article_published_time":"2015-08-28T08:49:26+00:00","og_image":[{"url":"https:\/\/www.prijedordanas.com\/wp-content\/uploads\/2015\/08\/sud-bih-2-300x225.jpg"}],"author":"admin","twitter_card":"summary_large_image","twitter_misc":{"Written by":"admin","Est. reading time":"3 minutes"},"schema":{"@context":"https:\/\/schema.org","@graph":[{"@type":"Article","@id":"https:\/\/www.prijedordanas.com\/?p=28248#article","isPartOf":{"@id":"https:\/\/www.prijedordanas.com\/?p=28248"},"author":{"name":"admin","@id":"https:\/\/www.prijedordanas.com\/#\/schema\/person\/4e08ccf29b506ca916ff86d46bb700e6"},"headline":"SU\u0110ENJE ZA ZLO\u010cINE NA PODRU\u010cJU PRIJEDORA: ODVO\u0110ENJE SUPRUGA IZ ZECOVA","datePublished":"2015-08-28T08:49:26+00:00","dateModified":"2015-08-28T08:49:26+00:00","mainEntityOfPage":{"@id":"https:\/\/www.prijedordanas.com\/?p=28248"},"wordCount":572,"publisher":{"@id":"https:\/\/www.prijedordanas.com\/#organization"},"keywords":["Sud BiH","su\u0111enje","Zecovi","zlo\u010din"],"articleSection":["Hronika"],"inLanguage":"en-US"},{"@type":"WebPage","@id":"https:\/\/www.prijedordanas.com\/?p=28248","url":"https:\/\/www.prijedordanas.com\/?p=28248","name":"SU\u0110ENJE ZA ZLO\u010cINE NA PODRU\u010cJU PRIJEDORA: ODVO\u0110ENJE SUPRUGA IZ ZECOVA - PrijedorDanas.com - Prijedorski gradski portal","isPartOf":{"@id":"https:\/\/www.prijedordanas.com\/#website"},"datePublished":"2015-08-28T08:49:26+00:00","dateModified":"2015-08-28T08:49:26+00:00","breadcrumb":{"@id":"https:\/\/www.prijedordanas.com\/?p=28248#breadcrumb"},"inLanguage":"en-US","potentialAction":[{"@type":"ReadAction","target":["https:\/\/www.prijedordanas.com\/?p=28248"]}]},{"@type":"BreadcrumbList","@id":"https:\/\/www.prijedordanas.com\/?p=28248#breadcrumb","itemListElement":[{"@type":"ListItem","position":1,"name":"Home","item":"https:\/\/www.prijedordanas.com\/"},{"@type":"ListItem","position":2,"name":"SU\u0110ENJE ZA ZLO\u010cINE NA PODRU\u010cJU PRIJEDORA: ODVO\u0110ENJE SUPRUGA IZ ZECOVA"}]},{"@type":"WebSite","@id":"https:\/\/www.prijedordanas.com\/#website","url":"https:\/\/www.prijedordanas.com\/","name":"PrijedorDanas.com - Prijedorski gradski portal","description":"Portal o doga\u0111anjima u gradu Prijedoru","publisher":{"@id":"https:\/\/www.prijedordanas.com\/#organization"},"potentialAction":[{"@type":"SearchAction","target":{"@type":"EntryPoint","urlTemplate":"https:\/\/www.prijedordanas.com\/?s={search_term_string}"},"query-input":"required name=search_term_string"}],"inLanguage":"en-US"},{"@type":"Organization","@id":"https:\/\/www.prijedordanas.com\/#organization","name":"PrijedorDanas.com","url":"https:\/\/www.prijedordanas.com\/","logo":{"@type":"ImageObject","inLanguage":"en-US","@id":"https:\/\/www.prijedordanas.com\/#\/schema\/logo\/image\/","url":"http:\/\/www.prijedordanas.com\/wp-content\/uploads\/2021\/12\/logopng.png","contentUrl":"http:\/\/www.prijedordanas.com\/wp-content\/uploads\/2021\/12\/logopng.png","width":1019,"height":776,"caption":"PrijedorDanas.com"},"image":{"@id":"https:\/\/www.prijedordanas.com\/#\/schema\/logo\/image\/"},"sameAs":["https:\/\/www.facebook.com\/PrijedorDanasCom\/"]},{"@type":"Person","@id":"https:\/\/www.prijedordanas.com\/#\/schema\/person\/4e08ccf29b506ca916ff86d46bb700e6","name":"admin","image":{"@type":"ImageObject","inLanguage":"en-US","@id":"https:\/\/www.prijedordanas.com\/#\/schema\/person\/image\/","url":"https:\/\/secure.gravatar.com\/avatar\/1d3fc949d550f0b53a5f0d51e06dfd79?s=96&d=mm&r=g","contentUrl":"https:\/\/secure.gravatar.com\/avatar\/1d3fc949d550f0b53a5f0d51e06dfd79?s=96&d=mm&r=g","caption":"admin"},"url":"https:\/\/www.prijedordanas.com\/?author=1"}]}},"_links":{"self":[{"href":"https:\/\/www.prijedordanas.com\/index.php?rest_route=\/wp\/v2\/posts\/28248"}],"collection":[{"href":"https:\/\/www.prijedordanas.com\/index.php?rest_route=\/wp\/v2\/posts"}],"about":[{"href":"https:\/\/www.prijedordanas.com\/index.php?rest_route=\/wp\/v2\/types\/post"}],"author":[{"embeddable":true,"href":"https:\/\/www.prijedordanas.com\/index.php?rest_route=\/wp\/v2\/users\/1"}],"replies":[{"embeddable":true,"href":"https:\/\/www.prijedordanas.com\/index.php?rest_route=%2Fwp%2Fv2%2Fcomments&post=28248"}],"version-history":[{"count":1,"href":"https:\/\/www.prijedordanas.com\/index.php?rest_route=\/wp\/v2\/posts\/28248\/revisions"}],"predecessor-version":[{"id":28250,"href":"https:\/\/www.prijedordanas.com\/index.php?rest_route=\/wp\/v2\/posts\/28248\/revisions\/28250"}],"wp:attachment":[{"href":"https:\/\/www.prijedordanas.com\/index.php?rest_route=%2Fwp%2Fv2%2Fmedia&parent=28248"}],"wp:term":[{"taxonomy":"category","embeddable":true,"href":"https:\/\/www.prijedordanas.com\/index.php?rest_route=%2Fwp%2Fv2%2Fcategories&post=28248"},{"taxonomy":"post_tag","embeddable":true,"href":"https:\/\/www.prijedordanas.com\/index.php?rest_route=%2Fwp%2Fv2%2Ftags&post=28248"}],"curies":[{"name":"wp","href":"https:\/\/api.w.org\/{rel}","templated":true}]}}