{"id":27975,"date":"2015-08-22T08:57:01","date_gmt":"2015-08-22T07:57:01","guid":{"rendered":"https:\/\/www.prijedordanas.com\/?p=27975"},"modified":"2015-08-22T08:57:01","modified_gmt":"2015-08-22T07:57:01","slug":"u-planu-obimniji-radovi-na-maticnom-vrticu","status":"publish","type":"post","link":"https:\/\/www.prijedordanas.com\/?p=27975","title":{"rendered":"U PLANU OBIMNIJI RADOVI NA MATI\u010cNOM VRTI\u0106U"},"content":{"rendered":"<p><a href=\"https:\/\/www.prijedordanas.com\/wp-content\/uploads\/2015\/08\/rtvpd-vrtic-radovi.jpg\"><img loading=\"lazy\" decoding=\"async\" src=\"https:\/\/www.prijedordanas.com\/wp-content\/uploads\/2015\/08\/rtvpd-vrtic-radovi-300x240.jpg\" alt=\"rtvpd-vrtic-radovi\" width=\"300\" height=\"240\" class=\"alignleft size-medium wp-image-27976\" srcset=\"https:\/\/www.prijedordanas.com\/wp-content\/uploads\/2015\/08\/rtvpd-vrtic-radovi-300x240.jpg 300w, https:\/\/www.prijedordanas.com\/wp-content\/uploads\/2015\/08\/rtvpd-vrtic-radovi.jpg 599w\" sizes=\"(max-width: 300px) 100vw, 300px\" \/><\/a>U Dje\u010dijem vrti\u0107u \u201cRadost\u201d, ove godine su podmladili kolektiv za \u010detiri nova radnika.<\/p>\n<p> &#8211; Primili smo pravnika, \u0161efa ra\u010dunovodstva, stru\u010dnog saradnika pedagoga i vaspita\u010da do povratka kolegice sa porodiljskog odsustva. To je zna\u010dajno za na\u0161 kolektiv, pogotovo za proces administracije &#8211; poja\u0161njava Bo\u017ei\u0107eva. <\/p>\n<p>Osim o kadru, u ovoj pred\u0161kolskoj ustanovi vode ra\u010duna i o stanju objekata u kojima boravi 450 mali\u0161ana. U planu su ve\u0107i zahvati na centralnom gradskom vrti\u0107u, koji je izgra\u0111en 1976. godine, kao prvi i najstariji pred\u0161kolski objekat u Prijedoru. <\/p>\n<p>&#8211; U cilju boljih uslova rada, do\u0161lo je vrijeme za zna\u010dajniju sanaciju, da nam se ne bi desilo proki\u0161njavanje krova i sli\u010dno. Tako\u0111e bi trebalo sanirati vanjsku i unutra\u0161nju stolariju. Namjera nam je kandidovati projekte po principu u\u0161tede energije prema donatorima. Nadamo se da \u0107emo uspjeti obezbijediti sredstva za ove namjene, jer bi mati\u010dni vrti\u0107 trebalo uraditi najkasnije do prolje\u0107a &#8211; precizira Du\u0161anka Bo\u017ei\u0107. <\/p>\n<p>RTV Prijedor<\/p>\n","protected":false},"excerpt":{"rendered":"<p>U Dje\u010dijem vrti\u0107u \u201cRadost\u201d, ove godine su podmladili kolektiv za \u010detiri nova radnika. &#8211; Primili smo pravnika, \u0161efa ra\u010dunovodstva, stru\u010dnog saradnika pedagoga i vaspita\u010da do povratka kolegice sa porodiljskog odsustva. [&hellip;]<\/p>\n","protected":false},"author":1,"featured_media":0,"comment_status":"closed","ping_status":"open","sticky":false,"template":"","format":"standard","meta":{"_monsterinsights_skip_tracking":false,"_monsterinsights_sitenote_active":false,"_monsterinsights_sitenote_note":"","_monsterinsights_sitenote_category":0,"footnotes":""},"categories":[8],"tags":[773,1418],"yoast_head":"<!-- This site is optimized with the Yoast SEO plugin v21.6 - https:\/\/yoast.com\/wordpress\/plugins\/seo\/ -->\n<title>U PLANU OBIMNIJI RADOVI NA MATI\u010cNOM VRTI\u0106U - PrijedorDanas.com - Prijedorski gradski portal<\/title>\n<meta name=\"robots\" content=\"index, follow, max-snippet:-1, max-image-preview:large, max-video-preview:-1\" \/>\n<link rel=\"canonical\" href=\"https:\/\/www.prijedordanas.com\/?p=27975\" \/>\n<meta property=\"og:locale\" content=\"en_US\" \/>\n<meta property=\"og:type\" content=\"article\" \/>\n<meta property=\"og:title\" content=\"U PLANU OBIMNIJI RADOVI NA MATI\u010cNOM VRTI\u0106U - PrijedorDanas.com - Prijedorski gradski portal\" \/>\n<meta property=\"og:description\" content=\"U Dje\u010dijem vrti\u0107u \u201cRadost\u201d, ove godine su podmladili kolektiv za \u010detiri nova radnika. &#8211; Primili smo pravnika, \u0161efa ra\u010dunovodstva, stru\u010dnog saradnika pedagoga i vaspita\u010da do povratka kolegice sa porodiljskog odsustva. [&hellip;]\" \/>\n<meta property=\"og:url\" content=\"https:\/\/www.prijedordanas.com\/?p=27975\" \/>\n<meta property=\"og:site_name\" content=\"PrijedorDanas.com - Prijedorski gradski portal\" \/>\n<meta property=\"article:publisher\" content=\"https:\/\/www.facebook.com\/PrijedorDanasCom\/\" \/>\n<meta property=\"article:published_time\" content=\"2015-08-22T07:57:01+00:00\" \/>\n<meta property=\"og:image\" content=\"https:\/\/www.prijedordanas.com\/wp-content\/uploads\/2015\/08\/rtvpd-vrtic-radovi-300x240.jpg\" \/>\n<meta name=\"author\" content=\"admin\" \/>\n<meta name=\"twitter:card\" content=\"summary_large_image\" \/>\n<meta name=\"twitter:label1\" content=\"Written by\" \/>\n\t<meta name=\"twitter:data1\" content=\"admin\" \/>\n\t<meta name=\"twitter:label2\" content=\"Est. reading time\" \/>\n\t<meta name=\"twitter:data2\" content=\"1 minute\" \/>\n<script type=\"application\/ld+json\" class=\"yoast-schema-graph\">{\"@context\":\"https:\/\/schema.org\",\"@graph\":[{\"@type\":\"Article\",\"@id\":\"https:\/\/www.prijedordanas.com\/?p=27975#article\",\"isPartOf\":{\"@id\":\"https:\/\/www.prijedordanas.com\/?p=27975\"},\"author\":{\"name\":\"admin\",\"@id\":\"https:\/\/www.prijedordanas.com\/#\/schema\/person\/4e08ccf29b506ca916ff86d46bb700e6\"},\"headline\":\"U PLANU OBIMNIJI RADOVI NA MATI\u010cNOM VRTI\u0106U\",\"datePublished\":\"2015-08-22T07:57:01+00:00\",\"dateModified\":\"2015-08-22T07:57:01+00:00\",\"mainEntityOfPage\":{\"@id\":\"https:\/\/www.prijedordanas.com\/?p=27975\"},\"wordCount\":183,\"publisher\":{\"@id\":\"https:\/\/www.prijedordanas.com\/#organization\"},\"keywords\":[\"radovi\",\"vrti\u0107 Radost\"],\"articleSection\":[\"Svakodnevno\"],\"inLanguage\":\"en-US\"},{\"@type\":\"WebPage\",\"@id\":\"https:\/\/www.prijedordanas.com\/?p=27975\",\"url\":\"https:\/\/www.prijedordanas.com\/?p=27975\",\"name\":\"U PLANU OBIMNIJI RADOVI NA MATI\u010cNOM VRTI\u0106U - PrijedorDanas.com - Prijedorski gradski portal\",\"isPartOf\":{\"@id\":\"https:\/\/www.prijedordanas.com\/#website\"},\"datePublished\":\"2015-08-22T07:57:01+00:00\",\"dateModified\":\"2015-08-22T07:57:01+00:00\",\"breadcrumb\":{\"@id\":\"https:\/\/www.prijedordanas.com\/?p=27975#breadcrumb\"},\"inLanguage\":\"en-US\",\"potentialAction\":[{\"@type\":\"ReadAction\",\"target\":[\"https:\/\/www.prijedordanas.com\/?p=27975\"]}]},{\"@type\":\"BreadcrumbList\",\"@id\":\"https:\/\/www.prijedordanas.com\/?p=27975#breadcrumb\",\"itemListElement\":[{\"@type\":\"ListItem\",\"position\":1,\"name\":\"Home\",\"item\":\"https:\/\/www.prijedordanas.com\/\"},{\"@type\":\"ListItem\",\"position\":2,\"name\":\"U PLANU OBIMNIJI RADOVI NA MATI\u010cNOM VRTI\u0106U\"}]},{\"@type\":\"WebSite\",\"@id\":\"https:\/\/www.prijedordanas.com\/#website\",\"url\":\"https:\/\/www.prijedordanas.com\/\",\"name\":\"PrijedorDanas.com - Prijedorski gradski portal\",\"description\":\"Portal o doga\u0111anjima u gradu Prijedoru\",\"publisher\":{\"@id\":\"https:\/\/www.prijedordanas.com\/#organization\"},\"potentialAction\":[{\"@type\":\"SearchAction\",\"target\":{\"@type\":\"EntryPoint\",\"urlTemplate\":\"https:\/\/www.prijedordanas.com\/?s={search_term_string}\"},\"query-input\":\"required name=search_term_string\"}],\"inLanguage\":\"en-US\"},{\"@type\":\"Organization\",\"@id\":\"https:\/\/www.prijedordanas.com\/#organization\",\"name\":\"PrijedorDanas.com\",\"url\":\"https:\/\/www.prijedordanas.com\/\",\"logo\":{\"@type\":\"ImageObject\",\"inLanguage\":\"en-US\",\"@id\":\"https:\/\/www.prijedordanas.com\/#\/schema\/logo\/image\/\",\"url\":\"http:\/\/www.prijedordanas.com\/wp-content\/uploads\/2021\/12\/logopng.png\",\"contentUrl\":\"http:\/\/www.prijedordanas.com\/wp-content\/uploads\/2021\/12\/logopng.png\",\"width\":1019,\"height\":776,\"caption\":\"PrijedorDanas.com\"},\"image\":{\"@id\":\"https:\/\/www.prijedordanas.com\/#\/schema\/logo\/image\/\"},\"sameAs\":[\"https:\/\/www.facebook.com\/PrijedorDanasCom\/\"]},{\"@type\":\"Person\",\"@id\":\"https:\/\/www.prijedordanas.com\/#\/schema\/person\/4e08ccf29b506ca916ff86d46bb700e6\",\"name\":\"admin\",\"image\":{\"@type\":\"ImageObject\",\"inLanguage\":\"en-US\",\"@id\":\"https:\/\/www.prijedordanas.com\/#\/schema\/person\/image\/\",\"url\":\"https:\/\/secure.gravatar.com\/avatar\/1d3fc949d550f0b53a5f0d51e06dfd79?s=96&d=mm&r=g\",\"contentUrl\":\"https:\/\/secure.gravatar.com\/avatar\/1d3fc949d550f0b53a5f0d51e06dfd79?s=96&d=mm&r=g\",\"caption\":\"admin\"},\"url\":\"https:\/\/www.prijedordanas.com\/?author=1\"}]}<\/script>\n<!-- \/ Yoast SEO plugin. -->","yoast_head_json":{"title":"U PLANU OBIMNIJI RADOVI NA MATI\u010cNOM VRTI\u0106U - PrijedorDanas.com - Prijedorski gradski portal","robots":{"index":"index","follow":"follow","max-snippet":"max-snippet:-1","max-image-preview":"max-image-preview:large","max-video-preview":"max-video-preview:-1"},"canonical":"https:\/\/www.prijedordanas.com\/?p=27975","og_locale":"en_US","og_type":"article","og_title":"U PLANU OBIMNIJI RADOVI NA MATI\u010cNOM VRTI\u0106U - PrijedorDanas.com - Prijedorski gradski portal","og_description":"U Dje\u010dijem vrti\u0107u \u201cRadost\u201d, ove godine su podmladili kolektiv za \u010detiri nova radnika. &#8211; Primili smo pravnika, \u0161efa ra\u010dunovodstva, stru\u010dnog saradnika pedagoga i vaspita\u010da do povratka kolegice sa porodiljskog odsustva. [&hellip;]","og_url":"https:\/\/www.prijedordanas.com\/?p=27975","og_site_name":"PrijedorDanas.com - Prijedorski gradski portal","article_publisher":"https:\/\/www.facebook.com\/PrijedorDanasCom\/","article_published_time":"2015-08-22T07:57:01+00:00","og_image":[{"url":"https:\/\/www.prijedordanas.com\/wp-content\/uploads\/2015\/08\/rtvpd-vrtic-radovi-300x240.jpg"}],"author":"admin","twitter_card":"summary_large_image","twitter_misc":{"Written by":"admin","Est. reading time":"1 minute"},"schema":{"@context":"https:\/\/schema.org","@graph":[{"@type":"Article","@id":"https:\/\/www.prijedordanas.com\/?p=27975#article","isPartOf":{"@id":"https:\/\/www.prijedordanas.com\/?p=27975"},"author":{"name":"admin","@id":"https:\/\/www.prijedordanas.com\/#\/schema\/person\/4e08ccf29b506ca916ff86d46bb700e6"},"headline":"U PLANU OBIMNIJI RADOVI NA MATI\u010cNOM VRTI\u0106U","datePublished":"2015-08-22T07:57:01+00:00","dateModified":"2015-08-22T07:57:01+00:00","mainEntityOfPage":{"@id":"https:\/\/www.prijedordanas.com\/?p=27975"},"wordCount":183,"publisher":{"@id":"https:\/\/www.prijedordanas.com\/#organization"},"keywords":["radovi","vrti\u0107 Radost"],"articleSection":["Svakodnevno"],"inLanguage":"en-US"},{"@type":"WebPage","@id":"https:\/\/www.prijedordanas.com\/?p=27975","url":"https:\/\/www.prijedordanas.com\/?p=27975","name":"U PLANU OBIMNIJI RADOVI NA MATI\u010cNOM VRTI\u0106U - PrijedorDanas.com - Prijedorski gradski portal","isPartOf":{"@id":"https:\/\/www.prijedordanas.com\/#website"},"datePublished":"2015-08-22T07:57:01+00:00","dateModified":"2015-08-22T07:57:01+00:00","breadcrumb":{"@id":"https:\/\/www.prijedordanas.com\/?p=27975#breadcrumb"},"inLanguage":"en-US","potentialAction":[{"@type":"ReadAction","target":["https:\/\/www.prijedordanas.com\/?p=27975"]}]},{"@type":"BreadcrumbList","@id":"https:\/\/www.prijedordanas.com\/?p=27975#breadcrumb","itemListElement":[{"@type":"ListItem","position":1,"name":"Home","item":"https:\/\/www.prijedordanas.com\/"},{"@type":"ListItem","position":2,"name":"U PLANU OBIMNIJI RADOVI NA MATI\u010cNOM VRTI\u0106U"}]},{"@type":"WebSite","@id":"https:\/\/www.prijedordanas.com\/#website","url":"https:\/\/www.prijedordanas.com\/","name":"PrijedorDanas.com - Prijedorski gradski portal","description":"Portal o doga\u0111anjima u gradu Prijedoru","publisher":{"@id":"https:\/\/www.prijedordanas.com\/#organization"},"potentialAction":[{"@type":"SearchAction","target":{"@type":"EntryPoint","urlTemplate":"https:\/\/www.prijedordanas.com\/?s={search_term_string}"},"query-input":"required name=search_term_string"}],"inLanguage":"en-US"},{"@type":"Organization","@id":"https:\/\/www.prijedordanas.com\/#organization","name":"PrijedorDanas.com","url":"https:\/\/www.prijedordanas.com\/","logo":{"@type":"ImageObject","inLanguage":"en-US","@id":"https:\/\/www.prijedordanas.com\/#\/schema\/logo\/image\/","url":"http:\/\/www.prijedordanas.com\/wp-content\/uploads\/2021\/12\/logopng.png","contentUrl":"http:\/\/www.prijedordanas.com\/wp-content\/uploads\/2021\/12\/logopng.png","width":1019,"height":776,"caption":"PrijedorDanas.com"},"image":{"@id":"https:\/\/www.prijedordanas.com\/#\/schema\/logo\/image\/"},"sameAs":["https:\/\/www.facebook.com\/PrijedorDanasCom\/"]},{"@type":"Person","@id":"https:\/\/www.prijedordanas.com\/#\/schema\/person\/4e08ccf29b506ca916ff86d46bb700e6","name":"admin","image":{"@type":"ImageObject","inLanguage":"en-US","@id":"https:\/\/www.prijedordanas.com\/#\/schema\/person\/image\/","url":"https:\/\/secure.gravatar.com\/avatar\/1d3fc949d550f0b53a5f0d51e06dfd79?s=96&d=mm&r=g","contentUrl":"https:\/\/secure.gravatar.com\/avatar\/1d3fc949d550f0b53a5f0d51e06dfd79?s=96&d=mm&r=g","caption":"admin"},"url":"https:\/\/www.prijedordanas.com\/?author=1"}]}},"_links":{"self":[{"href":"https:\/\/www.prijedordanas.com\/index.php?rest_route=\/wp\/v2\/posts\/27975"}],"collection":[{"href":"https:\/\/www.prijedordanas.com\/index.php?rest_route=\/wp\/v2\/posts"}],"about":[{"href":"https:\/\/www.prijedordanas.com\/index.php?rest_route=\/wp\/v2\/types\/post"}],"author":[{"embeddable":true,"href":"https:\/\/www.prijedordanas.com\/index.php?rest_route=\/wp\/v2\/users\/1"}],"replies":[{"embeddable":true,"href":"https:\/\/www.prijedordanas.com\/index.php?rest_route=%2Fwp%2Fv2%2Fcomments&post=27975"}],"version-history":[{"count":1,"href":"https:\/\/www.prijedordanas.com\/index.php?rest_route=\/wp\/v2\/posts\/27975\/revisions"}],"predecessor-version":[{"id":27977,"href":"https:\/\/www.prijedordanas.com\/index.php?rest_route=\/wp\/v2\/posts\/27975\/revisions\/27977"}],"wp:attachment":[{"href":"https:\/\/www.prijedordanas.com\/index.php?rest_route=%2Fwp%2Fv2%2Fmedia&parent=27975"}],"wp:term":[{"taxonomy":"category","embeddable":true,"href":"https:\/\/www.prijedordanas.com\/index.php?rest_route=%2Fwp%2Fv2%2Fcategories&post=27975"},{"taxonomy":"post_tag","embeddable":true,"href":"https:\/\/www.prijedordanas.com\/index.php?rest_route=%2Fwp%2Fv2%2Ftags&post=27975"}],"curies":[{"name":"wp","href":"https:\/\/api.w.org\/{rel}","templated":true}]}}