{"id":27930,"date":"2015-08-21T09:07:47","date_gmt":"2015-08-21T08:07:47","guid":{"rendered":"https:\/\/www.prijedordanas.com\/?p=27930"},"modified":"2015-08-21T09:07:47","modified_gmt":"2015-08-21T08:07:47","slug":"galerija-96-veceras-otvaranje-izlozbe-karikatura-tose-borkovica","status":"publish","type":"post","link":"https:\/\/www.prijedordanas.com\/?p=27930","title":{"rendered":"GALERIJA 96: VE\u010cERAS OTVARANJE IZLO\u017dBE KARIKATURA TO\u0160E BORKOVI\u0106A"},"content":{"rendered":"<p><a href=\"https:\/\/www.prijedordanas.com\/wp-content\/uploads\/2015\/08\/tosa-borkovic-najava-izlozbe.jpg\"><img loading=\"lazy\" decoding=\"async\" src=\"https:\/\/www.prijedordanas.com\/wp-content\/uploads\/2015\/08\/tosa-borkovic-najava-izlozbe-300x212.jpg\" alt=\"tosa borkovic-najava izlozbe\" width=\"300\" height=\"212\" class=\"alignleft size-medium wp-image-27931\" srcset=\"https:\/\/www.prijedordanas.com\/wp-content\/uploads\/2015\/08\/tosa-borkovic-najava-izlozbe-300x212.jpg 300w, https:\/\/www.prijedordanas.com\/wp-content\/uploads\/2015\/08\/tosa-borkovic-najava-izlozbe.jpg 600w\" sizes=\"(max-width: 300px) 100vw, 300px\" \/><\/a>U prijedorskoj Galeriji 96 ve\u010deras (petak, 21. avgust od 21 \u010das) \u0107e biti otvorena izlo\u017eba karikatura To\u0161e Borkovic\u0301a.<\/p>\n<p>-Radi se o zavr\u0161noj izlo\u017ebi u nizu iz ciklusa \u201ePet najzna\u010dajnijih \u017eivih srpskih karikaturista\u201c, a prije Borkovic\u0301a u na\u0161oj Galeriji svoje karikature i ilustracije izlagali su Ranko Guzina, Jugoslav Vlahovic\u0301, Du\u0161an Petri\u010dic\u0301 i Milenko Mihajlovic\u0301 \u2013 rekao je Tihomir Ilija\u0161evic\u0301, direktor ove kulturne ustanove.<\/p>\n<p>To\u0161a Borkovic\u0301 je dugogodi\u0161nji novinar \u201eVe\u010dernjih novosti\u201c, a spisak nagrada koje je dobio za svoj rad jedva mo\u017ee stati na dvije stranice.<\/p>\n<p>Izlo\u017ebu karikatura To\u0161e Borkovic\u0301a otvoric\u0301e Ratko Dmitrovic\u0301, direktor \u201eVe\u010dernjih novosti\u201c Beograd.<\/p>\n","protected":false},"excerpt":{"rendered":"<p>U prijedorskoj Galeriji 96 ve\u010deras (petak, 21. avgust od 21 \u010das) \u0107e biti otvorena izlo\u017eba karikatura To\u0161e Borkovic\u0301a. -Radi se o zavr\u0161noj izlo\u017ebi u nizu iz ciklusa \u201ePet najzna\u010dajnijih \u017eivih [&hellip;]<\/p>\n","protected":false},"author":1,"featured_media":0,"comment_status":"closed","ping_status":"open","sticky":false,"template":"","format":"standard","meta":{"_monsterinsights_skip_tracking":false,"_monsterinsights_sitenote_active":false,"_monsterinsights_sitenote_note":"","_monsterinsights_sitenote_category":0,"footnotes":""},"categories":[6],"tags":[81,95,4750,4752,4751],"yoast_head":"<!-- This site is optimized with the Yoast SEO plugin v21.6 - https:\/\/yoast.com\/wordpress\/plugins\/seo\/ -->\n<title>GALERIJA 96: VE\u010cERAS OTVARANJE IZLO\u017dBE KARIKATURA TO\u0160E BORKOVI\u0106A - PrijedorDanas.com - Prijedorski gradski portal<\/title>\n<meta name=\"robots\" content=\"index, follow, max-snippet:-1, max-image-preview:large, max-video-preview:-1\" \/>\n<link rel=\"canonical\" href=\"https:\/\/www.prijedordanas.com\/?p=27930\" \/>\n<meta property=\"og:locale\" content=\"en_US\" \/>\n<meta property=\"og:type\" content=\"article\" \/>\n<meta property=\"og:title\" content=\"GALERIJA 96: VE\u010cERAS OTVARANJE IZLO\u017dBE KARIKATURA TO\u0160E BORKOVI\u0106A - PrijedorDanas.com - Prijedorski gradski portal\" \/>\n<meta property=\"og:description\" content=\"U prijedorskoj Galeriji 96 ve\u010deras (petak, 21. avgust od 21 \u010das) \u0107e biti otvorena izlo\u017eba karikatura To\u0161e Borkovic\u0301a. -Radi se o zavr\u0161noj izlo\u017ebi u nizu iz ciklusa \u201ePet najzna\u010dajnijih \u017eivih [&hellip;]\" \/>\n<meta property=\"og:url\" content=\"https:\/\/www.prijedordanas.com\/?p=27930\" \/>\n<meta property=\"og:site_name\" content=\"PrijedorDanas.com - Prijedorski gradski portal\" \/>\n<meta property=\"article:publisher\" content=\"https:\/\/www.facebook.com\/PrijedorDanasCom\/\" \/>\n<meta property=\"article:published_time\" content=\"2015-08-21T08:07:47+00:00\" \/>\n<meta property=\"og:image\" content=\"https:\/\/www.prijedordanas.com\/wp-content\/uploads\/2015\/08\/tosa-borkovic-najava-izlozbe-300x212.jpg\" \/>\n<meta name=\"author\" content=\"admin\" \/>\n<meta name=\"twitter:card\" content=\"summary_large_image\" \/>\n<meta name=\"twitter:label1\" content=\"Written by\" \/>\n\t<meta name=\"twitter:data1\" content=\"admin\" \/>\n\t<meta name=\"twitter:label2\" content=\"Est. reading time\" \/>\n\t<meta name=\"twitter:data2\" content=\"1 minute\" \/>\n<script type=\"application\/ld+json\" class=\"yoast-schema-graph\">{\"@context\":\"https:\/\/schema.org\",\"@graph\":[{\"@type\":\"Article\",\"@id\":\"https:\/\/www.prijedordanas.com\/?p=27930#article\",\"isPartOf\":{\"@id\":\"https:\/\/www.prijedordanas.com\/?p=27930\"},\"author\":{\"name\":\"admin\",\"@id\":\"https:\/\/www.prijedordanas.com\/#\/schema\/person\/4e08ccf29b506ca916ff86d46bb700e6\"},\"headline\":\"GALERIJA 96: VE\u010cERAS OTVARANJE IZLO\u017dBE KARIKATURA TO\u0160E BORKOVI\u0106A\",\"datePublished\":\"2015-08-21T08:07:47+00:00\",\"dateModified\":\"2015-08-21T08:07:47+00:00\",\"mainEntityOfPage\":{\"@id\":\"https:\/\/www.prijedordanas.com\/?p=27930\"},\"wordCount\":123,\"publisher\":{\"@id\":\"https:\/\/www.prijedordanas.com\/#organization\"},\"keywords\":[\"Galerija 96\",\"izlo\u017eba\",\"karikature\",\"Tihomir Ilija\u0161evi\u0107\",\"To\u0161a Borkovi\u0107\"],\"articleSection\":[\"Kultura\"],\"inLanguage\":\"en-US\"},{\"@type\":\"WebPage\",\"@id\":\"https:\/\/www.prijedordanas.com\/?p=27930\",\"url\":\"https:\/\/www.prijedordanas.com\/?p=27930\",\"name\":\"GALERIJA 96: VE\u010cERAS OTVARANJE IZLO\u017dBE KARIKATURA TO\u0160E BORKOVI\u0106A - PrijedorDanas.com - Prijedorski gradski portal\",\"isPartOf\":{\"@id\":\"https:\/\/www.prijedordanas.com\/#website\"},\"datePublished\":\"2015-08-21T08:07:47+00:00\",\"dateModified\":\"2015-08-21T08:07:47+00:00\",\"breadcrumb\":{\"@id\":\"https:\/\/www.prijedordanas.com\/?p=27930#breadcrumb\"},\"inLanguage\":\"en-US\",\"potentialAction\":[{\"@type\":\"ReadAction\",\"target\":[\"https:\/\/www.prijedordanas.com\/?p=27930\"]}]},{\"@type\":\"BreadcrumbList\",\"@id\":\"https:\/\/www.prijedordanas.com\/?p=27930#breadcrumb\",\"itemListElement\":[{\"@type\":\"ListItem\",\"position\":1,\"name\":\"Home\",\"item\":\"https:\/\/www.prijedordanas.com\/\"},{\"@type\":\"ListItem\",\"position\":2,\"name\":\"GALERIJA 96: VE\u010cERAS OTVARANJE IZLO\u017dBE KARIKATURA TO\u0160E BORKOVI\u0106A\"}]},{\"@type\":\"WebSite\",\"@id\":\"https:\/\/www.prijedordanas.com\/#website\",\"url\":\"https:\/\/www.prijedordanas.com\/\",\"name\":\"PrijedorDanas.com - Prijedorski gradski portal\",\"description\":\"Portal o doga\u0111anjima u gradu Prijedoru\",\"publisher\":{\"@id\":\"https:\/\/www.prijedordanas.com\/#organization\"},\"potentialAction\":[{\"@type\":\"SearchAction\",\"target\":{\"@type\":\"EntryPoint\",\"urlTemplate\":\"https:\/\/www.prijedordanas.com\/?s={search_term_string}\"},\"query-input\":\"required name=search_term_string\"}],\"inLanguage\":\"en-US\"},{\"@type\":\"Organization\",\"@id\":\"https:\/\/www.prijedordanas.com\/#organization\",\"name\":\"PrijedorDanas.com\",\"url\":\"https:\/\/www.prijedordanas.com\/\",\"logo\":{\"@type\":\"ImageObject\",\"inLanguage\":\"en-US\",\"@id\":\"https:\/\/www.prijedordanas.com\/#\/schema\/logo\/image\/\",\"url\":\"http:\/\/www.prijedordanas.com\/wp-content\/uploads\/2021\/12\/logopng.png\",\"contentUrl\":\"http:\/\/www.prijedordanas.com\/wp-content\/uploads\/2021\/12\/logopng.png\",\"width\":1019,\"height\":776,\"caption\":\"PrijedorDanas.com\"},\"image\":{\"@id\":\"https:\/\/www.prijedordanas.com\/#\/schema\/logo\/image\/\"},\"sameAs\":[\"https:\/\/www.facebook.com\/PrijedorDanasCom\/\"]},{\"@type\":\"Person\",\"@id\":\"https:\/\/www.prijedordanas.com\/#\/schema\/person\/4e08ccf29b506ca916ff86d46bb700e6\",\"name\":\"admin\",\"image\":{\"@type\":\"ImageObject\",\"inLanguage\":\"en-US\",\"@id\":\"https:\/\/www.prijedordanas.com\/#\/schema\/person\/image\/\",\"url\":\"https:\/\/secure.gravatar.com\/avatar\/1d3fc949d550f0b53a5f0d51e06dfd79?s=96&d=mm&r=g\",\"contentUrl\":\"https:\/\/secure.gravatar.com\/avatar\/1d3fc949d550f0b53a5f0d51e06dfd79?s=96&d=mm&r=g\",\"caption\":\"admin\"},\"url\":\"https:\/\/www.prijedordanas.com\/?author=1\"}]}<\/script>\n<!-- \/ Yoast SEO plugin. -->","yoast_head_json":{"title":"GALERIJA 96: VE\u010cERAS OTVARANJE IZLO\u017dBE KARIKATURA TO\u0160E BORKOVI\u0106A - PrijedorDanas.com - Prijedorski gradski portal","robots":{"index":"index","follow":"follow","max-snippet":"max-snippet:-1","max-image-preview":"max-image-preview:large","max-video-preview":"max-video-preview:-1"},"canonical":"https:\/\/www.prijedordanas.com\/?p=27930","og_locale":"en_US","og_type":"article","og_title":"GALERIJA 96: VE\u010cERAS OTVARANJE IZLO\u017dBE KARIKATURA TO\u0160E BORKOVI\u0106A - PrijedorDanas.com - Prijedorski gradski portal","og_description":"U prijedorskoj Galeriji 96 ve\u010deras (petak, 21. avgust od 21 \u010das) \u0107e biti otvorena izlo\u017eba karikatura To\u0161e Borkovic\u0301a. -Radi se o zavr\u0161noj izlo\u017ebi u nizu iz ciklusa \u201ePet najzna\u010dajnijih \u017eivih [&hellip;]","og_url":"https:\/\/www.prijedordanas.com\/?p=27930","og_site_name":"PrijedorDanas.com - Prijedorski gradski portal","article_publisher":"https:\/\/www.facebook.com\/PrijedorDanasCom\/","article_published_time":"2015-08-21T08:07:47+00:00","og_image":[{"url":"https:\/\/www.prijedordanas.com\/wp-content\/uploads\/2015\/08\/tosa-borkovic-najava-izlozbe-300x212.jpg"}],"author":"admin","twitter_card":"summary_large_image","twitter_misc":{"Written by":"admin","Est. reading time":"1 minute"},"schema":{"@context":"https:\/\/schema.org","@graph":[{"@type":"Article","@id":"https:\/\/www.prijedordanas.com\/?p=27930#article","isPartOf":{"@id":"https:\/\/www.prijedordanas.com\/?p=27930"},"author":{"name":"admin","@id":"https:\/\/www.prijedordanas.com\/#\/schema\/person\/4e08ccf29b506ca916ff86d46bb700e6"},"headline":"GALERIJA 96: VE\u010cERAS OTVARANJE IZLO\u017dBE KARIKATURA TO\u0160E BORKOVI\u0106A","datePublished":"2015-08-21T08:07:47+00:00","dateModified":"2015-08-21T08:07:47+00:00","mainEntityOfPage":{"@id":"https:\/\/www.prijedordanas.com\/?p=27930"},"wordCount":123,"publisher":{"@id":"https:\/\/www.prijedordanas.com\/#organization"},"keywords":["Galerija 96","izlo\u017eba","karikature","Tihomir Ilija\u0161evi\u0107","To\u0161a Borkovi\u0107"],"articleSection":["Kultura"],"inLanguage":"en-US"},{"@type":"WebPage","@id":"https:\/\/www.prijedordanas.com\/?p=27930","url":"https:\/\/www.prijedordanas.com\/?p=27930","name":"GALERIJA 96: VE\u010cERAS OTVARANJE IZLO\u017dBE KARIKATURA TO\u0160E BORKOVI\u0106A - PrijedorDanas.com - Prijedorski gradski portal","isPartOf":{"@id":"https:\/\/www.prijedordanas.com\/#website"},"datePublished":"2015-08-21T08:07:47+00:00","dateModified":"2015-08-21T08:07:47+00:00","breadcrumb":{"@id":"https:\/\/www.prijedordanas.com\/?p=27930#breadcrumb"},"inLanguage":"en-US","potentialAction":[{"@type":"ReadAction","target":["https:\/\/www.prijedordanas.com\/?p=27930"]}]},{"@type":"BreadcrumbList","@id":"https:\/\/www.prijedordanas.com\/?p=27930#breadcrumb","itemListElement":[{"@type":"ListItem","position":1,"name":"Home","item":"https:\/\/www.prijedordanas.com\/"},{"@type":"ListItem","position":2,"name":"GALERIJA 96: VE\u010cERAS OTVARANJE IZLO\u017dBE KARIKATURA TO\u0160E BORKOVI\u0106A"}]},{"@type":"WebSite","@id":"https:\/\/www.prijedordanas.com\/#website","url":"https:\/\/www.prijedordanas.com\/","name":"PrijedorDanas.com - Prijedorski gradski portal","description":"Portal o doga\u0111anjima u gradu Prijedoru","publisher":{"@id":"https:\/\/www.prijedordanas.com\/#organization"},"potentialAction":[{"@type":"SearchAction","target":{"@type":"EntryPoint","urlTemplate":"https:\/\/www.prijedordanas.com\/?s={search_term_string}"},"query-input":"required name=search_term_string"}],"inLanguage":"en-US"},{"@type":"Organization","@id":"https:\/\/www.prijedordanas.com\/#organization","name":"PrijedorDanas.com","url":"https:\/\/www.prijedordanas.com\/","logo":{"@type":"ImageObject","inLanguage":"en-US","@id":"https:\/\/www.prijedordanas.com\/#\/schema\/logo\/image\/","url":"http:\/\/www.prijedordanas.com\/wp-content\/uploads\/2021\/12\/logopng.png","contentUrl":"http:\/\/www.prijedordanas.com\/wp-content\/uploads\/2021\/12\/logopng.png","width":1019,"height":776,"caption":"PrijedorDanas.com"},"image":{"@id":"https:\/\/www.prijedordanas.com\/#\/schema\/logo\/image\/"},"sameAs":["https:\/\/www.facebook.com\/PrijedorDanasCom\/"]},{"@type":"Person","@id":"https:\/\/www.prijedordanas.com\/#\/schema\/person\/4e08ccf29b506ca916ff86d46bb700e6","name":"admin","image":{"@type":"ImageObject","inLanguage":"en-US","@id":"https:\/\/www.prijedordanas.com\/#\/schema\/person\/image\/","url":"https:\/\/secure.gravatar.com\/avatar\/1d3fc949d550f0b53a5f0d51e06dfd79?s=96&d=mm&r=g","contentUrl":"https:\/\/secure.gravatar.com\/avatar\/1d3fc949d550f0b53a5f0d51e06dfd79?s=96&d=mm&r=g","caption":"admin"},"url":"https:\/\/www.prijedordanas.com\/?author=1"}]}},"_links":{"self":[{"href":"https:\/\/www.prijedordanas.com\/index.php?rest_route=\/wp\/v2\/posts\/27930"}],"collection":[{"href":"https:\/\/www.prijedordanas.com\/index.php?rest_route=\/wp\/v2\/posts"}],"about":[{"href":"https:\/\/www.prijedordanas.com\/index.php?rest_route=\/wp\/v2\/types\/post"}],"author":[{"embeddable":true,"href":"https:\/\/www.prijedordanas.com\/index.php?rest_route=\/wp\/v2\/users\/1"}],"replies":[{"embeddable":true,"href":"https:\/\/www.prijedordanas.com\/index.php?rest_route=%2Fwp%2Fv2%2Fcomments&post=27930"}],"version-history":[{"count":1,"href":"https:\/\/www.prijedordanas.com\/index.php?rest_route=\/wp\/v2\/posts\/27930\/revisions"}],"predecessor-version":[{"id":27932,"href":"https:\/\/www.prijedordanas.com\/index.php?rest_route=\/wp\/v2\/posts\/27930\/revisions\/27932"}],"wp:attachment":[{"href":"https:\/\/www.prijedordanas.com\/index.php?rest_route=%2Fwp%2Fv2%2Fmedia&parent=27930"}],"wp:term":[{"taxonomy":"category","embeddable":true,"href":"https:\/\/www.prijedordanas.com\/index.php?rest_route=%2Fwp%2Fv2%2Fcategories&post=27930"},{"taxonomy":"post_tag","embeddable":true,"href":"https:\/\/www.prijedordanas.com\/index.php?rest_route=%2Fwp%2Fv2%2Ftags&post=27930"}],"curies":[{"name":"wp","href":"https:\/\/api.w.org\/{rel}","templated":true}]}}