{"id":27849,"date":"2015-08-19T11:55:45","date_gmt":"2015-08-19T10:55:45","guid":{"rendered":"https:\/\/www.prijedordanas.com\/?p=27849"},"modified":"2015-08-19T11:55:45","modified_gmt":"2015-08-19T10:55:45","slug":"zasticeni-svjedok-dao-alibi-krkicu","status":"publish","type":"post","link":"https:\/\/www.prijedordanas.com\/?p=27849","title":{"rendered":"ZA\u0160TI\u0106ENI SVJEDOK DAO ALIBI KRKI\u0106U"},"content":{"rendered":"<p><a href=\"https:\/\/www.prijedordanas.com\/wp-content\/uploads\/2015\/08\/glas-ilustracija.jpg\"><img loading=\"lazy\" decoding=\"async\" src=\"https:\/\/www.prijedordanas.com\/wp-content\/uploads\/2015\/08\/glas-ilustracija-300x249.jpg\" alt=\"glas-ilustracija\" width=\"300\" height=\"249\" class=\"alignleft size-medium wp-image-27850\" srcset=\"https:\/\/www.prijedordanas.com\/wp-content\/uploads\/2015\/08\/glas-ilustracija-300x249.jpg 300w, https:\/\/www.prijedordanas.com\/wp-content\/uploads\/2015\/08\/glas-ilustracija.jpg 638w\" sizes=\"(max-width: 300px) 100vw, 300px\" \/><\/a>Za\u0161ti\u0107eni svjedok F2, na su\u0111enju dr\u017eavljaninu Norve\u0161ke Zikriji Krki\u0107u koji je optu\u017een za ubistvo Muharema Bali\u0107a i Almira Red\u017ei\u0107a u Trnopolju kod Prijedora, ju\u010de je u Okru\u017enom sudu Banjaluka tvrdio da je u no\u0107i dvostrukog ubistva u Trnopolju u blizini kafane gdje se tragedija dogodila primijetio bijeli &#8220;audi&#8221; za koji odbrana smatra da ga je vozio ubica.<\/p>\n<p>Ovog za\u0161ti\u0107enog svjedoka prona\u0161li su advokati odbrane optu\u017eenog Zikrije Krki\u0107a.<\/p>\n<p>F2 je ispri\u010dala da je kobne no\u0107i oko 23 \u010dasa pro\u0161la pored kafane &#8220;San&#8221; kako bi na\u0161la mu\u017ea. Kako supruga nije bilo, krenula je ku\u0107i. Oko 700 metara od kafane pored nje su, kako navodi, pro\u0161la dva automobila &#8220;manji auto bijele boje&#8221; i bijeli &#8220;audi&#8221;. Objasnila je sudijama da joj je i danas slika \u010dovjeka iz &#8220;audija&#8221; pred o\u010dima, te da bi ga mogla i nacrtati.<\/p>\n<p>&#8211; Bio je to \u010dovek crne kra\u0107e fr\u0107kave kose, sa bradom od dva, tri dana. &#8220;Audi&#8221; se kretao sporo i mogla sam jasno da vidim voza\u010da koji je bio sam u autu &#8211; ispri\u010dala je F2.<\/p>\n<p>Dodala je da su dva minuta nakon \u0161to je &#8220;audi&#8221; pro\u0161ao pored nje pred kafanom &#8220;San&#8221; odjeknula dva rafala.<br \/>\n&#8211; Prvi rafal bio je du\u017ei, a drugi kra\u0107i &#8211; kazao je svjedok F2.<\/p>\n<p>Tek sutradan je, ka\u017ee, saznala da se u lokalu dogodilo dvostruko ubistvo. <\/p>\n<p>Potvrdila je da je o misterioznom &#8220;audiju&#8221; i voza\u010du ispri\u010dala suprugu, koji joj je savjetovao da \u0107uti da im ne bi pobili djecu. F2 ipak nije poslu\u0161ala supruga, pa se dva dana nakon ubistava obratila hod\u017ei.<\/p>\n<p>&#8211; \u017deljela sam da olak\u0161am du\u0161u i da pomognem Zikriji Krki\u0107u, \u010dovjeku kojeg poznajem i za kojeg nikada ni\u0161ta ru\u017eno nisam \u010dula. Voljela bih da se jo\u0161 neko pojavi, da otvori svoje srce i du\u0161u i pomogne istini i pravdi &#8211; ispri\u010dala je F2.<\/p>\n<p>Glas Srpske<\/p>\n","protected":false},"excerpt":{"rendered":"<p>Za\u0161ti\u0107eni svjedok F2, na su\u0111enju dr\u017eavljaninu Norve\u0161ke Zikriji Krki\u0107u koji je optu\u017een za ubistvo Muharema Bali\u0107a i Almira Red\u017ei\u0107a u Trnopolju kod Prijedora, ju\u010de je u Okru\u017enom sudu Banjaluka tvrdio [&hellip;]<\/p>\n","protected":false},"author":1,"featured_media":0,"comment_status":"closed","ping_status":"open","sticky":false,"template":"","format":"standard","meta":{"_monsterinsights_skip_tracking":false,"_monsterinsights_sitenote_active":false,"_monsterinsights_sitenote_note":"","_monsterinsights_sitenote_category":0,"footnotes":""},"categories":[5],"tags":[4149,249,1359,1002,2022],"yoast_head":"<!-- This site is optimized with the Yoast SEO plugin v21.6 - https:\/\/yoast.com\/wordpress\/plugins\/seo\/ -->\n<title>ZA\u0160TI\u0106ENI SVJEDOK DAO ALIBI KRKI\u0106U - PrijedorDanas.com - Prijedorski gradski portal<\/title>\n<meta name=\"robots\" content=\"index, follow, max-snippet:-1, max-image-preview:large, max-video-preview:-1\" \/>\n<link rel=\"canonical\" href=\"https:\/\/www.prijedordanas.com\/?p=27849\" \/>\n<meta property=\"og:locale\" content=\"en_US\" \/>\n<meta property=\"og:type\" content=\"article\" \/>\n<meta property=\"og:title\" content=\"ZA\u0160TI\u0106ENI SVJEDOK DAO ALIBI KRKI\u0106U - PrijedorDanas.com - Prijedorski gradski portal\" \/>\n<meta property=\"og:description\" content=\"Za\u0161ti\u0107eni svjedok F2, na su\u0111enju dr\u017eavljaninu Norve\u0161ke Zikriji Krki\u0107u koji je optu\u017een za ubistvo Muharema Bali\u0107a i Almira Red\u017ei\u0107a u Trnopolju kod Prijedora, ju\u010de je u Okru\u017enom sudu Banjaluka tvrdio [&hellip;]\" \/>\n<meta property=\"og:url\" content=\"https:\/\/www.prijedordanas.com\/?p=27849\" \/>\n<meta property=\"og:site_name\" content=\"PrijedorDanas.com - Prijedorski gradski portal\" \/>\n<meta property=\"article:publisher\" content=\"https:\/\/www.facebook.com\/PrijedorDanasCom\/\" \/>\n<meta property=\"article:published_time\" content=\"2015-08-19T10:55:45+00:00\" \/>\n<meta property=\"og:image\" content=\"https:\/\/www.prijedordanas.com\/wp-content\/uploads\/2015\/08\/glas-ilustracija-300x249.jpg\" \/>\n<meta name=\"author\" content=\"admin\" \/>\n<meta name=\"twitter:card\" content=\"summary_large_image\" \/>\n<meta name=\"twitter:label1\" content=\"Written by\" \/>\n\t<meta name=\"twitter:data1\" content=\"admin\" \/>\n\t<meta name=\"twitter:label2\" content=\"Est. reading time\" \/>\n\t<meta name=\"twitter:data2\" content=\"2 minutes\" \/>\n<script type=\"application\/ld+json\" class=\"yoast-schema-graph\">{\"@context\":\"https:\/\/schema.org\",\"@graph\":[{\"@type\":\"Article\",\"@id\":\"https:\/\/www.prijedordanas.com\/?p=27849#article\",\"isPartOf\":{\"@id\":\"https:\/\/www.prijedordanas.com\/?p=27849\"},\"author\":{\"name\":\"admin\",\"@id\":\"https:\/\/www.prijedordanas.com\/#\/schema\/person\/4e08ccf29b506ca916ff86d46bb700e6\"},\"headline\":\"ZA\u0160TI\u0106ENI SVJEDOK DAO ALIBI KRKI\u0106U\",\"datePublished\":\"2015-08-19T10:55:45+00:00\",\"dateModified\":\"2015-08-19T10:55:45+00:00\",\"mainEntityOfPage\":{\"@id\":\"https:\/\/www.prijedordanas.com\/?p=27849\"},\"wordCount\":347,\"publisher\":{\"@id\":\"https:\/\/www.prijedordanas.com\/#organization\"},\"keywords\":[\"alibi\",\"su\u0111enje\",\"Trnopolje\",\"ubistvo\",\"Zikrija Krki\u0107\"],\"articleSection\":[\"Hronika\"],\"inLanguage\":\"en-US\"},{\"@type\":\"WebPage\",\"@id\":\"https:\/\/www.prijedordanas.com\/?p=27849\",\"url\":\"https:\/\/www.prijedordanas.com\/?p=27849\",\"name\":\"ZA\u0160TI\u0106ENI SVJEDOK DAO ALIBI KRKI\u0106U - PrijedorDanas.com - Prijedorski gradski portal\",\"isPartOf\":{\"@id\":\"https:\/\/www.prijedordanas.com\/#website\"},\"datePublished\":\"2015-08-19T10:55:45+00:00\",\"dateModified\":\"2015-08-19T10:55:45+00:00\",\"breadcrumb\":{\"@id\":\"https:\/\/www.prijedordanas.com\/?p=27849#breadcrumb\"},\"inLanguage\":\"en-US\",\"potentialAction\":[{\"@type\":\"ReadAction\",\"target\":[\"https:\/\/www.prijedordanas.com\/?p=27849\"]}]},{\"@type\":\"BreadcrumbList\",\"@id\":\"https:\/\/www.prijedordanas.com\/?p=27849#breadcrumb\",\"itemListElement\":[{\"@type\":\"ListItem\",\"position\":1,\"name\":\"Home\",\"item\":\"https:\/\/www.prijedordanas.com\/\"},{\"@type\":\"ListItem\",\"position\":2,\"name\":\"ZA\u0160TI\u0106ENI SVJEDOK DAO ALIBI KRKI\u0106U\"}]},{\"@type\":\"WebSite\",\"@id\":\"https:\/\/www.prijedordanas.com\/#website\",\"url\":\"https:\/\/www.prijedordanas.com\/\",\"name\":\"PrijedorDanas.com - Prijedorski gradski portal\",\"description\":\"Portal o doga\u0111anjima u gradu Prijedoru\",\"publisher\":{\"@id\":\"https:\/\/www.prijedordanas.com\/#organization\"},\"potentialAction\":[{\"@type\":\"SearchAction\",\"target\":{\"@type\":\"EntryPoint\",\"urlTemplate\":\"https:\/\/www.prijedordanas.com\/?s={search_term_string}\"},\"query-input\":\"required name=search_term_string\"}],\"inLanguage\":\"en-US\"},{\"@type\":\"Organization\",\"@id\":\"https:\/\/www.prijedordanas.com\/#organization\",\"name\":\"PrijedorDanas.com\",\"url\":\"https:\/\/www.prijedordanas.com\/\",\"logo\":{\"@type\":\"ImageObject\",\"inLanguage\":\"en-US\",\"@id\":\"https:\/\/www.prijedordanas.com\/#\/schema\/logo\/image\/\",\"url\":\"http:\/\/www.prijedordanas.com\/wp-content\/uploads\/2021\/12\/logopng.png\",\"contentUrl\":\"http:\/\/www.prijedordanas.com\/wp-content\/uploads\/2021\/12\/logopng.png\",\"width\":1019,\"height\":776,\"caption\":\"PrijedorDanas.com\"},\"image\":{\"@id\":\"https:\/\/www.prijedordanas.com\/#\/schema\/logo\/image\/\"},\"sameAs\":[\"https:\/\/www.facebook.com\/PrijedorDanasCom\/\"]},{\"@type\":\"Person\",\"@id\":\"https:\/\/www.prijedordanas.com\/#\/schema\/person\/4e08ccf29b506ca916ff86d46bb700e6\",\"name\":\"admin\",\"image\":{\"@type\":\"ImageObject\",\"inLanguage\":\"en-US\",\"@id\":\"https:\/\/www.prijedordanas.com\/#\/schema\/person\/image\/\",\"url\":\"https:\/\/secure.gravatar.com\/avatar\/1d3fc949d550f0b53a5f0d51e06dfd79?s=96&d=mm&r=g\",\"contentUrl\":\"https:\/\/secure.gravatar.com\/avatar\/1d3fc949d550f0b53a5f0d51e06dfd79?s=96&d=mm&r=g\",\"caption\":\"admin\"},\"url\":\"https:\/\/www.prijedordanas.com\/?author=1\"}]}<\/script>\n<!-- \/ Yoast SEO plugin. -->","yoast_head_json":{"title":"ZA\u0160TI\u0106ENI SVJEDOK DAO ALIBI KRKI\u0106U - PrijedorDanas.com - Prijedorski gradski portal","robots":{"index":"index","follow":"follow","max-snippet":"max-snippet:-1","max-image-preview":"max-image-preview:large","max-video-preview":"max-video-preview:-1"},"canonical":"https:\/\/www.prijedordanas.com\/?p=27849","og_locale":"en_US","og_type":"article","og_title":"ZA\u0160TI\u0106ENI SVJEDOK DAO ALIBI KRKI\u0106U - PrijedorDanas.com - Prijedorski gradski portal","og_description":"Za\u0161ti\u0107eni svjedok F2, na su\u0111enju dr\u017eavljaninu Norve\u0161ke Zikriji Krki\u0107u koji je optu\u017een za ubistvo Muharema Bali\u0107a i Almira Red\u017ei\u0107a u Trnopolju kod Prijedora, ju\u010de je u Okru\u017enom sudu Banjaluka tvrdio [&hellip;]","og_url":"https:\/\/www.prijedordanas.com\/?p=27849","og_site_name":"PrijedorDanas.com - Prijedorski gradski portal","article_publisher":"https:\/\/www.facebook.com\/PrijedorDanasCom\/","article_published_time":"2015-08-19T10:55:45+00:00","og_image":[{"url":"https:\/\/www.prijedordanas.com\/wp-content\/uploads\/2015\/08\/glas-ilustracija-300x249.jpg"}],"author":"admin","twitter_card":"summary_large_image","twitter_misc":{"Written by":"admin","Est. reading time":"2 minutes"},"schema":{"@context":"https:\/\/schema.org","@graph":[{"@type":"Article","@id":"https:\/\/www.prijedordanas.com\/?p=27849#article","isPartOf":{"@id":"https:\/\/www.prijedordanas.com\/?p=27849"},"author":{"name":"admin","@id":"https:\/\/www.prijedordanas.com\/#\/schema\/person\/4e08ccf29b506ca916ff86d46bb700e6"},"headline":"ZA\u0160TI\u0106ENI SVJEDOK DAO ALIBI KRKI\u0106U","datePublished":"2015-08-19T10:55:45+00:00","dateModified":"2015-08-19T10:55:45+00:00","mainEntityOfPage":{"@id":"https:\/\/www.prijedordanas.com\/?p=27849"},"wordCount":347,"publisher":{"@id":"https:\/\/www.prijedordanas.com\/#organization"},"keywords":["alibi","su\u0111enje","Trnopolje","ubistvo","Zikrija Krki\u0107"],"articleSection":["Hronika"],"inLanguage":"en-US"},{"@type":"WebPage","@id":"https:\/\/www.prijedordanas.com\/?p=27849","url":"https:\/\/www.prijedordanas.com\/?p=27849","name":"ZA\u0160TI\u0106ENI SVJEDOK DAO ALIBI KRKI\u0106U - PrijedorDanas.com - Prijedorski gradski portal","isPartOf":{"@id":"https:\/\/www.prijedordanas.com\/#website"},"datePublished":"2015-08-19T10:55:45+00:00","dateModified":"2015-08-19T10:55:45+00:00","breadcrumb":{"@id":"https:\/\/www.prijedordanas.com\/?p=27849#breadcrumb"},"inLanguage":"en-US","potentialAction":[{"@type":"ReadAction","target":["https:\/\/www.prijedordanas.com\/?p=27849"]}]},{"@type":"BreadcrumbList","@id":"https:\/\/www.prijedordanas.com\/?p=27849#breadcrumb","itemListElement":[{"@type":"ListItem","position":1,"name":"Home","item":"https:\/\/www.prijedordanas.com\/"},{"@type":"ListItem","position":2,"name":"ZA\u0160TI\u0106ENI SVJEDOK DAO ALIBI KRKI\u0106U"}]},{"@type":"WebSite","@id":"https:\/\/www.prijedordanas.com\/#website","url":"https:\/\/www.prijedordanas.com\/","name":"PrijedorDanas.com - Prijedorski gradski portal","description":"Portal o doga\u0111anjima u gradu Prijedoru","publisher":{"@id":"https:\/\/www.prijedordanas.com\/#organization"},"potentialAction":[{"@type":"SearchAction","target":{"@type":"EntryPoint","urlTemplate":"https:\/\/www.prijedordanas.com\/?s={search_term_string}"},"query-input":"required name=search_term_string"}],"inLanguage":"en-US"},{"@type":"Organization","@id":"https:\/\/www.prijedordanas.com\/#organization","name":"PrijedorDanas.com","url":"https:\/\/www.prijedordanas.com\/","logo":{"@type":"ImageObject","inLanguage":"en-US","@id":"https:\/\/www.prijedordanas.com\/#\/schema\/logo\/image\/","url":"http:\/\/www.prijedordanas.com\/wp-content\/uploads\/2021\/12\/logopng.png","contentUrl":"http:\/\/www.prijedordanas.com\/wp-content\/uploads\/2021\/12\/logopng.png","width":1019,"height":776,"caption":"PrijedorDanas.com"},"image":{"@id":"https:\/\/www.prijedordanas.com\/#\/schema\/logo\/image\/"},"sameAs":["https:\/\/www.facebook.com\/PrijedorDanasCom\/"]},{"@type":"Person","@id":"https:\/\/www.prijedordanas.com\/#\/schema\/person\/4e08ccf29b506ca916ff86d46bb700e6","name":"admin","image":{"@type":"ImageObject","inLanguage":"en-US","@id":"https:\/\/www.prijedordanas.com\/#\/schema\/person\/image\/","url":"https:\/\/secure.gravatar.com\/avatar\/1d3fc949d550f0b53a5f0d51e06dfd79?s=96&d=mm&r=g","contentUrl":"https:\/\/secure.gravatar.com\/avatar\/1d3fc949d550f0b53a5f0d51e06dfd79?s=96&d=mm&r=g","caption":"admin"},"url":"https:\/\/www.prijedordanas.com\/?author=1"}]}},"_links":{"self":[{"href":"https:\/\/www.prijedordanas.com\/index.php?rest_route=\/wp\/v2\/posts\/27849"}],"collection":[{"href":"https:\/\/www.prijedordanas.com\/index.php?rest_route=\/wp\/v2\/posts"}],"about":[{"href":"https:\/\/www.prijedordanas.com\/index.php?rest_route=\/wp\/v2\/types\/post"}],"author":[{"embeddable":true,"href":"https:\/\/www.prijedordanas.com\/index.php?rest_route=\/wp\/v2\/users\/1"}],"replies":[{"embeddable":true,"href":"https:\/\/www.prijedordanas.com\/index.php?rest_route=%2Fwp%2Fv2%2Fcomments&post=27849"}],"version-history":[{"count":1,"href":"https:\/\/www.prijedordanas.com\/index.php?rest_route=\/wp\/v2\/posts\/27849\/revisions"}],"predecessor-version":[{"id":27851,"href":"https:\/\/www.prijedordanas.com\/index.php?rest_route=\/wp\/v2\/posts\/27849\/revisions\/27851"}],"wp:attachment":[{"href":"https:\/\/www.prijedordanas.com\/index.php?rest_route=%2Fwp%2Fv2%2Fmedia&parent=27849"}],"wp:term":[{"taxonomy":"category","embeddable":true,"href":"https:\/\/www.prijedordanas.com\/index.php?rest_route=%2Fwp%2Fv2%2Fcategories&post=27849"},{"taxonomy":"post_tag","embeddable":true,"href":"https:\/\/www.prijedordanas.com\/index.php?rest_route=%2Fwp%2Fv2%2Ftags&post=27849"}],"curies":[{"name":"wp","href":"https:\/\/api.w.org\/{rel}","templated":true}]}}