{"id":27800,"date":"2015-08-18T15:39:19","date_gmt":"2015-08-18T14:39:19","guid":{"rendered":"https:\/\/www.prijedordanas.com\/?p=27800"},"modified":"2015-08-18T15:39:19","modified_gmt":"2015-08-18T14:39:19","slug":"zavrsen-interetnicki-izvidacki-ljetni-kamp-izvidaci-to-mogu-foto","status":"publish","type":"post","link":"https:\/\/www.prijedordanas.com\/?p=27800","title":{"rendered":"ZAVR\u0160EN INTERETNI\u010cKI IZVI\u0110A\u010cKI LJETNI KAMP \u201eIZVI\u0110A\u010cI TO MOGU\u201c \u2013 FOTO"},"content":{"rendered":"<p><a href=\"https:\/\/www.prijedordanas.com\/wp-content\/uploads\/2015\/08\/izvidjaci-to-mogu-2015.jpg\"><img loading=\"lazy\" decoding=\"async\" src=\"https:\/\/www.prijedordanas.com\/wp-content\/uploads\/2015\/08\/izvidjaci-to-mogu-2015-300x140.jpg\" alt=\"izvidjaci to mogu 2015\" width=\"300\" height=\"140\" class=\"alignleft size-medium wp-image-27803\" srcset=\"https:\/\/www.prijedordanas.com\/wp-content\/uploads\/2015\/08\/izvidjaci-to-mogu-2015-300x140.jpg 300w, https:\/\/www.prijedordanas.com\/wp-content\/uploads\/2015\/08\/izvidjaci-to-mogu-2015.jpg 800w\" sizes=\"(max-width: 300px) 100vw, 300px\" \/><\/a>U proteklih 10 dana na Bora\u010dkom jezeru je odr\u017ean 3. po redu ljetni interetni\u010dki kamp u okviru projekta \u201eIzvi\u0111a\u010di to mogu\u201c koji je osma po redu aktivnost u sklopu istoimenog projekta. <\/p>\n<p>Kamp je obuhvatio ukupno 276 u\u010desnika i volontera iz sljede\u0107ih gradova: Prijedor, Zenica, Bajina Ba\u0161ta (Srbija), Prijepolje (Srbija), Beograd (Srbija), Broda, Radlje ob Dravi (Slovenija), Ravne na Koro\u0161kem (Slovenija), Banja Luka, Visoko, Mostar, Nemila, Kakanj, te tri udru\u017eenja UG \u201eSlovenaca Cankar\u201d, UG \u201eRommano Centro\u201c i Jevrejska op\u0161tina Zenica.<\/p>\n<p>Kroz 10 dana kvalitetno ispunjenog vremena u\u010desnici kampa su pod komandom ve\u0107 uhodane ekipe iz \u0161taba izvi\u0111a\u010da Prijedora i Zenice pro\u0161li kroz 30 atraktivnih radionica, koje su imale za cilj spajanje razli\u010ditih kultura i nacionalnih manjina. Bitna \u010dinjenica jeste da iz godine u godinu program se mijenja na bolje i iskori\u0161tavamo ono najbolje od svakog pojednica u kampu, kao i ono \u0161to nam nudi kamp. Od ove godine to je i adrenalinski park kao i obuka streli\u010darstva. Noviteti su i gosti predava\u010di gdje bi istakli gosp. Don Antu Ledi\u0107a koji je inspirativnim govorom osvojio srca na\u0161ih u\u010desnika. Rafting, koji su neki u\u010desnici po prvi put do\u017eivjeli je bio pun pogodak, jer ono \u0161to o\u010dima nudi prelijepi kanjon Neretve je nezaboravan do\u017eivljaj.<\/p>\n<p>Suma Sumarum &#8211; uhodana ekipa koja se poznaje ve\u0107 3-4 godine i koja jedva \u010deka da se ponovo sretne je iznjela ovaj projekat u najboljem svijetlu, godinu dana dru\u017eenja skoro svaki mjesec kroz Zimovanje na Mrakovici, Porodi\u010dni dani u Prijedoru i Zenici, Festival izvi\u0111a\u010dke pjesme, U susret prolje\u0107u i Zeni\u010dko orjentaciono takmi\u010denje, Izvi\u0111a\u010dki vi\u0161eboj u Prijedoru, te Sajam prijateljstva u Zenici. Pokazali smo da izvi\u0111a\u010di mogu sve, ru\u0161iti granice i sklapati prijateljstva, te je na nama da odr\u017eimo ovakva okupljanja, a do sljede\u0107e godine, veliki izvi\u0111a\u010dki pozdrav.<\/p>\n<p>Hvala jo\u0161 jednom \u0161tabu projekta, volonterima, liderima i svim u\u010desnicima, svim odredima, organizacijama i gostima, a veliko hvala Edinu \u0160ari\u0107u i Ernestu Badnjevi\u0107u kao predstavnicima izvi\u0111a\u010da iz Zenice i Prijedora te Denisu Samard\u017ei\u0107u koordinatoru ovog projekta, ljudima bez kojih ovaj kamp definitivno ne bi uspio.<\/p>\n<p>IZVI\u0110A\u010cI TO MOGU<\/p>\n<p><a href=\"https:\/\/www.prijedordanas.com\/wp-content\/uploads\/2015\/08\/izvidjaci-to-mogu-2015-1.jpg\"><img loading=\"lazy\" decoding=\"async\" src=\"https:\/\/www.prijedordanas.com\/wp-content\/uploads\/2015\/08\/izvidjaci-to-mogu-2015-1-300x201.jpg\" alt=\"izvidjaci to mogu 2015 (1)\" width=\"300\" height=\"201\" class=\"alignleft size-medium wp-image-27801\" srcset=\"https:\/\/www.prijedordanas.com\/wp-content\/uploads\/2015\/08\/izvidjaci-to-mogu-2015-1-300x201.jpg 300w, https:\/\/www.prijedordanas.com\/wp-content\/uploads\/2015\/08\/izvidjaci-to-mogu-2015-1-150x100.jpg 150w, https:\/\/www.prijedordanas.com\/wp-content\/uploads\/2015\/08\/izvidjaci-to-mogu-2015-1-200x133.jpg 200w, https:\/\/www.prijedordanas.com\/wp-content\/uploads\/2015\/08\/izvidjaci-to-mogu-2015-1-480x320.jpg 480w, https:\/\/www.prijedordanas.com\/wp-content\/uploads\/2015\/08\/izvidjaci-to-mogu-2015-1.jpg 600w\" sizes=\"(max-width: 300px) 100vw, 300px\" \/><\/a> <\/p>\n","protected":false},"excerpt":{"rendered":"<p>U proteklih 10 dana na Bora\u010dkom jezeru je odr\u017ean 3. po redu ljetni interetni\u010dki kamp u okviru projekta \u201eIzvi\u0111a\u010di to mogu\u201c koji je osma po redu aktivnost u sklopu istoimenog [&hellip;]<\/p>\n","protected":false},"author":1,"featured_media":0,"comment_status":"closed","ping_status":"open","sticky":false,"template":"","format":"standard","meta":{"_monsterinsights_skip_tracking":false,"_monsterinsights_sitenote_active":false,"_monsterinsights_sitenote_note":"","_monsterinsights_sitenote_category":0,"footnotes":""},"categories":[8],"tags":[4708,4388,4707,2443,3629],"yoast_head":"<!-- This site is optimized with the Yoast SEO plugin v21.6 - https:\/\/yoast.com\/wordpress\/plugins\/seo\/ -->\n<title>ZAVR\u0160EN INTERETNI\u010cKI IZVI\u0110A\u010cKI LJETNI KAMP \u201eIZVI\u0110A\u010cI TO MOGU\u201c \u2013 FOTO - PrijedorDanas.com - Prijedorski gradski portal<\/title>\n<meta name=\"robots\" content=\"index, follow, max-snippet:-1, max-image-preview:large, max-video-preview:-1\" \/>\n<link rel=\"canonical\" href=\"https:\/\/www.prijedordanas.com\/?p=27800\" \/>\n<meta property=\"og:locale\" content=\"en_US\" \/>\n<meta property=\"og:type\" content=\"article\" \/>\n<meta property=\"og:title\" content=\"ZAVR\u0160EN INTERETNI\u010cKI IZVI\u0110A\u010cKI LJETNI KAMP \u201eIZVI\u0110A\u010cI TO MOGU\u201c \u2013 FOTO - PrijedorDanas.com - Prijedorski gradski portal\" \/>\n<meta property=\"og:description\" content=\"U proteklih 10 dana na Bora\u010dkom jezeru je odr\u017ean 3. po redu ljetni interetni\u010dki kamp u okviru projekta \u201eIzvi\u0111a\u010di to mogu\u201c koji je osma po redu aktivnost u sklopu istoimenog [&hellip;]\" \/>\n<meta property=\"og:url\" content=\"https:\/\/www.prijedordanas.com\/?p=27800\" \/>\n<meta property=\"og:site_name\" content=\"PrijedorDanas.com - Prijedorski gradski portal\" \/>\n<meta property=\"article:publisher\" content=\"https:\/\/www.facebook.com\/PrijedorDanasCom\/\" \/>\n<meta property=\"article:published_time\" content=\"2015-08-18T14:39:19+00:00\" \/>\n<meta property=\"og:image\" content=\"https:\/\/www.prijedordanas.com\/wp-content\/uploads\/2015\/08\/izvidjaci-to-mogu-2015-300x140.jpg\" \/>\n<meta name=\"author\" content=\"admin\" \/>\n<meta name=\"twitter:card\" content=\"summary_large_image\" \/>\n<meta name=\"twitter:label1\" content=\"Written by\" \/>\n\t<meta name=\"twitter:data1\" content=\"admin\" \/>\n\t<meta name=\"twitter:label2\" content=\"Est. reading time\" \/>\n\t<meta name=\"twitter:data2\" content=\"2 minutes\" \/>\n<script type=\"application\/ld+json\" class=\"yoast-schema-graph\">{\"@context\":\"https:\/\/schema.org\",\"@graph\":[{\"@type\":\"Article\",\"@id\":\"https:\/\/www.prijedordanas.com\/?p=27800#article\",\"isPartOf\":{\"@id\":\"https:\/\/www.prijedordanas.com\/?p=27800\"},\"author\":{\"name\":\"admin\",\"@id\":\"https:\/\/www.prijedordanas.com\/#\/schema\/person\/4e08ccf29b506ca916ff86d46bb700e6\"},\"headline\":\"ZAVR\u0160EN INTERETNI\u010cKI IZVI\u0110A\u010cKI LJETNI KAMP \u201eIZVI\u0110A\u010cI TO MOGU\u201c \u2013 FOTO\",\"datePublished\":\"2015-08-18T14:39:19+00:00\",\"dateModified\":\"2015-08-18T14:39:19+00:00\",\"mainEntityOfPage\":{\"@id\":\"https:\/\/www.prijedordanas.com\/?p=27800\"},\"wordCount\":397,\"publisher\":{\"@id\":\"https:\/\/www.prijedordanas.com\/#organization\"},\"keywords\":[\"Bora\u010dko jezero\",\"Ernest Badnjevi\u0107\",\"interetni\u010dki kamp\",\"Izvi\u0111a\u010di to mogu\",\"Odred izvi\u0111a\u010da \\\"Dr Mladen Stojanovi\u0107\\\" Prijedor\"],\"articleSection\":[\"Svakodnevno\"],\"inLanguage\":\"en-US\"},{\"@type\":\"WebPage\",\"@id\":\"https:\/\/www.prijedordanas.com\/?p=27800\",\"url\":\"https:\/\/www.prijedordanas.com\/?p=27800\",\"name\":\"ZAVR\u0160EN INTERETNI\u010cKI IZVI\u0110A\u010cKI LJETNI KAMP \u201eIZVI\u0110A\u010cI TO MOGU\u201c \u2013 FOTO - PrijedorDanas.com - Prijedorski gradski portal\",\"isPartOf\":{\"@id\":\"https:\/\/www.prijedordanas.com\/#website\"},\"datePublished\":\"2015-08-18T14:39:19+00:00\",\"dateModified\":\"2015-08-18T14:39:19+00:00\",\"breadcrumb\":{\"@id\":\"https:\/\/www.prijedordanas.com\/?p=27800#breadcrumb\"},\"inLanguage\":\"en-US\",\"potentialAction\":[{\"@type\":\"ReadAction\",\"target\":[\"https:\/\/www.prijedordanas.com\/?p=27800\"]}]},{\"@type\":\"BreadcrumbList\",\"@id\":\"https:\/\/www.prijedordanas.com\/?p=27800#breadcrumb\",\"itemListElement\":[{\"@type\":\"ListItem\",\"position\":1,\"name\":\"Home\",\"item\":\"https:\/\/www.prijedordanas.com\/\"},{\"@type\":\"ListItem\",\"position\":2,\"name\":\"ZAVR\u0160EN INTERETNI\u010cKI IZVI\u0110A\u010cKI LJETNI KAMP \u201eIZVI\u0110A\u010cI TO MOGU\u201c \u2013 FOTO\"}]},{\"@type\":\"WebSite\",\"@id\":\"https:\/\/www.prijedordanas.com\/#website\",\"url\":\"https:\/\/www.prijedordanas.com\/\",\"name\":\"PrijedorDanas.com - Prijedorski gradski portal\",\"description\":\"Portal o doga\u0111anjima u gradu Prijedoru\",\"publisher\":{\"@id\":\"https:\/\/www.prijedordanas.com\/#organization\"},\"potentialAction\":[{\"@type\":\"SearchAction\",\"target\":{\"@type\":\"EntryPoint\",\"urlTemplate\":\"https:\/\/www.prijedordanas.com\/?s={search_term_string}\"},\"query-input\":\"required name=search_term_string\"}],\"inLanguage\":\"en-US\"},{\"@type\":\"Organization\",\"@id\":\"https:\/\/www.prijedordanas.com\/#organization\",\"name\":\"PrijedorDanas.com\",\"url\":\"https:\/\/www.prijedordanas.com\/\",\"logo\":{\"@type\":\"ImageObject\",\"inLanguage\":\"en-US\",\"@id\":\"https:\/\/www.prijedordanas.com\/#\/schema\/logo\/image\/\",\"url\":\"http:\/\/www.prijedordanas.com\/wp-content\/uploads\/2021\/12\/logopng.png\",\"contentUrl\":\"http:\/\/www.prijedordanas.com\/wp-content\/uploads\/2021\/12\/logopng.png\",\"width\":1019,\"height\":776,\"caption\":\"PrijedorDanas.com\"},\"image\":{\"@id\":\"https:\/\/www.prijedordanas.com\/#\/schema\/logo\/image\/\"},\"sameAs\":[\"https:\/\/www.facebook.com\/PrijedorDanasCom\/\"]},{\"@type\":\"Person\",\"@id\":\"https:\/\/www.prijedordanas.com\/#\/schema\/person\/4e08ccf29b506ca916ff86d46bb700e6\",\"name\":\"admin\",\"image\":{\"@type\":\"ImageObject\",\"inLanguage\":\"en-US\",\"@id\":\"https:\/\/www.prijedordanas.com\/#\/schema\/person\/image\/\",\"url\":\"https:\/\/secure.gravatar.com\/avatar\/1d3fc949d550f0b53a5f0d51e06dfd79?s=96&d=mm&r=g\",\"contentUrl\":\"https:\/\/secure.gravatar.com\/avatar\/1d3fc949d550f0b53a5f0d51e06dfd79?s=96&d=mm&r=g\",\"caption\":\"admin\"},\"url\":\"https:\/\/www.prijedordanas.com\/?author=1\"}]}<\/script>\n<!-- \/ Yoast SEO plugin. -->","yoast_head_json":{"title":"ZAVR\u0160EN INTERETNI\u010cKI IZVI\u0110A\u010cKI LJETNI KAMP \u201eIZVI\u0110A\u010cI TO MOGU\u201c \u2013 FOTO - PrijedorDanas.com - Prijedorski gradski portal","robots":{"index":"index","follow":"follow","max-snippet":"max-snippet:-1","max-image-preview":"max-image-preview:large","max-video-preview":"max-video-preview:-1"},"canonical":"https:\/\/www.prijedordanas.com\/?p=27800","og_locale":"en_US","og_type":"article","og_title":"ZAVR\u0160EN INTERETNI\u010cKI IZVI\u0110A\u010cKI LJETNI KAMP \u201eIZVI\u0110A\u010cI TO MOGU\u201c \u2013 FOTO - PrijedorDanas.com - Prijedorski gradski portal","og_description":"U proteklih 10 dana na Bora\u010dkom jezeru je odr\u017ean 3. po redu ljetni interetni\u010dki kamp u okviru projekta \u201eIzvi\u0111a\u010di to mogu\u201c koji je osma po redu aktivnost u sklopu istoimenog [&hellip;]","og_url":"https:\/\/www.prijedordanas.com\/?p=27800","og_site_name":"PrijedorDanas.com - Prijedorski gradski portal","article_publisher":"https:\/\/www.facebook.com\/PrijedorDanasCom\/","article_published_time":"2015-08-18T14:39:19+00:00","og_image":[{"url":"https:\/\/www.prijedordanas.com\/wp-content\/uploads\/2015\/08\/izvidjaci-to-mogu-2015-300x140.jpg"}],"author":"admin","twitter_card":"summary_large_image","twitter_misc":{"Written by":"admin","Est. reading time":"2 minutes"},"schema":{"@context":"https:\/\/schema.org","@graph":[{"@type":"Article","@id":"https:\/\/www.prijedordanas.com\/?p=27800#article","isPartOf":{"@id":"https:\/\/www.prijedordanas.com\/?p=27800"},"author":{"name":"admin","@id":"https:\/\/www.prijedordanas.com\/#\/schema\/person\/4e08ccf29b506ca916ff86d46bb700e6"},"headline":"ZAVR\u0160EN INTERETNI\u010cKI IZVI\u0110A\u010cKI LJETNI KAMP \u201eIZVI\u0110A\u010cI TO MOGU\u201c \u2013 FOTO","datePublished":"2015-08-18T14:39:19+00:00","dateModified":"2015-08-18T14:39:19+00:00","mainEntityOfPage":{"@id":"https:\/\/www.prijedordanas.com\/?p=27800"},"wordCount":397,"publisher":{"@id":"https:\/\/www.prijedordanas.com\/#organization"},"keywords":["Bora\u010dko jezero","Ernest Badnjevi\u0107","interetni\u010dki kamp","Izvi\u0111a\u010di to mogu","Odred izvi\u0111a\u010da \"Dr Mladen Stojanovi\u0107\" Prijedor"],"articleSection":["Svakodnevno"],"inLanguage":"en-US"},{"@type":"WebPage","@id":"https:\/\/www.prijedordanas.com\/?p=27800","url":"https:\/\/www.prijedordanas.com\/?p=27800","name":"ZAVR\u0160EN INTERETNI\u010cKI IZVI\u0110A\u010cKI LJETNI KAMP \u201eIZVI\u0110A\u010cI TO MOGU\u201c \u2013 FOTO - PrijedorDanas.com - Prijedorski gradski portal","isPartOf":{"@id":"https:\/\/www.prijedordanas.com\/#website"},"datePublished":"2015-08-18T14:39:19+00:00","dateModified":"2015-08-18T14:39:19+00:00","breadcrumb":{"@id":"https:\/\/www.prijedordanas.com\/?p=27800#breadcrumb"},"inLanguage":"en-US","potentialAction":[{"@type":"ReadAction","target":["https:\/\/www.prijedordanas.com\/?p=27800"]}]},{"@type":"BreadcrumbList","@id":"https:\/\/www.prijedordanas.com\/?p=27800#breadcrumb","itemListElement":[{"@type":"ListItem","position":1,"name":"Home","item":"https:\/\/www.prijedordanas.com\/"},{"@type":"ListItem","position":2,"name":"ZAVR\u0160EN INTERETNI\u010cKI IZVI\u0110A\u010cKI LJETNI KAMP \u201eIZVI\u0110A\u010cI TO MOGU\u201c \u2013 FOTO"}]},{"@type":"WebSite","@id":"https:\/\/www.prijedordanas.com\/#website","url":"https:\/\/www.prijedordanas.com\/","name":"PrijedorDanas.com - Prijedorski gradski portal","description":"Portal o doga\u0111anjima u gradu Prijedoru","publisher":{"@id":"https:\/\/www.prijedordanas.com\/#organization"},"potentialAction":[{"@type":"SearchAction","target":{"@type":"EntryPoint","urlTemplate":"https:\/\/www.prijedordanas.com\/?s={search_term_string}"},"query-input":"required name=search_term_string"}],"inLanguage":"en-US"},{"@type":"Organization","@id":"https:\/\/www.prijedordanas.com\/#organization","name":"PrijedorDanas.com","url":"https:\/\/www.prijedordanas.com\/","logo":{"@type":"ImageObject","inLanguage":"en-US","@id":"https:\/\/www.prijedordanas.com\/#\/schema\/logo\/image\/","url":"http:\/\/www.prijedordanas.com\/wp-content\/uploads\/2021\/12\/logopng.png","contentUrl":"http:\/\/www.prijedordanas.com\/wp-content\/uploads\/2021\/12\/logopng.png","width":1019,"height":776,"caption":"PrijedorDanas.com"},"image":{"@id":"https:\/\/www.prijedordanas.com\/#\/schema\/logo\/image\/"},"sameAs":["https:\/\/www.facebook.com\/PrijedorDanasCom\/"]},{"@type":"Person","@id":"https:\/\/www.prijedordanas.com\/#\/schema\/person\/4e08ccf29b506ca916ff86d46bb700e6","name":"admin","image":{"@type":"ImageObject","inLanguage":"en-US","@id":"https:\/\/www.prijedordanas.com\/#\/schema\/person\/image\/","url":"https:\/\/secure.gravatar.com\/avatar\/1d3fc949d550f0b53a5f0d51e06dfd79?s=96&d=mm&r=g","contentUrl":"https:\/\/secure.gravatar.com\/avatar\/1d3fc949d550f0b53a5f0d51e06dfd79?s=96&d=mm&r=g","caption":"admin"},"url":"https:\/\/www.prijedordanas.com\/?author=1"}]}},"_links":{"self":[{"href":"https:\/\/www.prijedordanas.com\/index.php?rest_route=\/wp\/v2\/posts\/27800"}],"collection":[{"href":"https:\/\/www.prijedordanas.com\/index.php?rest_route=\/wp\/v2\/posts"}],"about":[{"href":"https:\/\/www.prijedordanas.com\/index.php?rest_route=\/wp\/v2\/types\/post"}],"author":[{"embeddable":true,"href":"https:\/\/www.prijedordanas.com\/index.php?rest_route=\/wp\/v2\/users\/1"}],"replies":[{"embeddable":true,"href":"https:\/\/www.prijedordanas.com\/index.php?rest_route=%2Fwp%2Fv2%2Fcomments&post=27800"}],"version-history":[{"count":1,"href":"https:\/\/www.prijedordanas.com\/index.php?rest_route=\/wp\/v2\/posts\/27800\/revisions"}],"predecessor-version":[{"id":27804,"href":"https:\/\/www.prijedordanas.com\/index.php?rest_route=\/wp\/v2\/posts\/27800\/revisions\/27804"}],"wp:attachment":[{"href":"https:\/\/www.prijedordanas.com\/index.php?rest_route=%2Fwp%2Fv2%2Fmedia&parent=27800"}],"wp:term":[{"taxonomy":"category","embeddable":true,"href":"https:\/\/www.prijedordanas.com\/index.php?rest_route=%2Fwp%2Fv2%2Fcategories&post=27800"},{"taxonomy":"post_tag","embeddable":true,"href":"https:\/\/www.prijedordanas.com\/index.php?rest_route=%2Fwp%2Fv2%2Ftags&post=27800"}],"curies":[{"name":"wp","href":"https:\/\/api.w.org\/{rel}","templated":true}]}}