{"id":27776,"date":"2015-08-18T09:34:57","date_gmt":"2015-08-18T08:34:57","guid":{"rendered":"https:\/\/www.prijedordanas.com\/?p=27776"},"modified":"2015-08-18T09:34:57","modified_gmt":"2015-08-18T08:34:57","slug":"osvojena-dva-druga-mjesta-u-jablonecu-prijedorcanin-luka-kacavenda-junak-polufinala-foto-video","status":"publish","type":"post","link":"https:\/\/www.prijedordanas.com\/?p=27776","title":{"rendered":"OSVOJENA DVA DRUGA MJESTA U JABLONECU: PRIJEDOR\u010cANIN LUKA KA\u010cAVENDA JUNAK POLUFINALA \u2013 FOTO \u2013 VIDEO"},"content":{"rendered":"<p><a href=\"https:\/\/www.prijedordanas.com\/wp-content\/uploads\/2015\/08\/mlade-reprezentacije-rs-fudbalski-turnir-ceska-1.jpg\"><img loading=\"lazy\" decoding=\"async\" class=\"alignleft size-medium wp-image-27777\" src=\"https:\/\/www.prijedordanas.com\/wp-content\/uploads\/2015\/08\/mlade-reprezentacije-rs-fudbalski-turnir-ceska-1-300x169.jpg\" alt=\"mlade reprezentacije rs-fudbalski turnir ceska (1)\" width=\"300\" height=\"169\" srcset=\"https:\/\/www.prijedordanas.com\/wp-content\/uploads\/2015\/08\/mlade-reprezentacije-rs-fudbalski-turnir-ceska-1-300x169.jpg 300w, https:\/\/www.prijedordanas.com\/wp-content\/uploads\/2015\/08\/mlade-reprezentacije-rs-fudbalski-turnir-ceska-1.jpg 600w\" sizes=\"(max-width: 300px) 100vw, 300px\" \/><\/a>Dva druga mjesta, sa minimalnim porazima od 0:1 od Hradeca Kralove, osvojile su nedavno omladinske reprezentacije Republike Srpske na memorijalnom turniru \u201eJozef Kubin\u201c u \u010de\u0161kom gradu Jablonecu.<\/p>\n<p>U izuzetno jakoj konkurenciji na presti\u017enom takmi\u010denju selekcije U-13 i U-15 Fudbalskog saveza Republike Srpske superiorno su u\u0161le u finale, ali veliki broj utakmica u jednom danu i dug put su bile ote\u017eavajuc\u0301e okolnosti.<\/p>\n<p>Dje\u010daci ro\u0111eni 2001. godine koje sa klupe predvodi Zlatko Jelisavac takmi\u010denje su zapo\u010deli porazom (1:2) u grupi od Slovana iz Libereca uprkos startnom vo\u0111stvu, ali su kasnije zaredali sa pobjedama i to: Usti nad Labem 4:0, Hradec Ktralove 2:1, a u polufinalu je na penale savladan pro\u0161logodi\u0161nji pobjednik Pardubice 0:0 \u2013 3:2. Junak polufinala bio je golman Rudar-Prijedora Luka Ka\u010davenda koji je odbranio jedan jedanaesterac.<\/p>\n<p>Osim Ka\u010davende, za ovu selekciju je nastupio i Prijedor\u010danin Nikola \u0106ori\u0107.<\/p>\n<p>Kada je u pitanju generacija dje\u010daka ro\u0111ena 2003. godine ona je do finala napravila pobjedonosni niz bez primljenog gola. U grupi su pali: Banjik Most 2:0, Usti nad Labem 3:0 i Jablonec 3:0, a u polufinalu je pobije\u0111en Slovan iz Libereca 2:0. Trenerski tandem bio je Veljko Cvjetinovic\u0301-Miodrag Rankic\u0301.<\/p>\n<p>Utakmice u Jablonecu posmatrao je i selektor U-23 reprezentacije Republike Srpske Branimir Tulic\u0301, a pored sekretara stru\u010dnog \u0161taba Dejana Todoric\u0301a u \u010ce\u0161ku je kao vo\u0111a puta putovao i Mile Mandic\u0301, predsednik Podru\u010dnog Fudbalskog saveza Prijedor. Fizioterapeut reprezentacija bila je Dragana Sokunic\u0301.<\/p>\n<p>Pogledajte reporta\u017eu RTRS-a.<\/p>\n<p>Tekst \u2013 FSRS.org<br \/>\nVideo &#8211; RTRS<\/p>\n<p><iframe loading=\"lazy\" width=\"500\" height=\"375\" src=\"https:\/\/www.youtube.com\/embed\/VyvE6XjfWQo?feature=oembed\" frameborder=\"0\" allowfullscreen><\/iframe><\/p>\n<p><a href=\"https:\/\/www.prijedordanas.com\/wp-content\/uploads\/2015\/08\/mlade-reprezentacije-rs-fudbalski-turnir-ceska-3.jpg\"><img loading=\"lazy\" decoding=\"async\" src=\"https:\/\/www.prijedordanas.com\/wp-content\/uploads\/2015\/08\/mlade-reprezentacije-rs-fudbalski-turnir-ceska-3-180x300.jpg\" alt=\"mlade reprezentacije rs-fudbalski turnir ceska (3)\" width=\"180\" height=\"300\" class=\"alignleft size-medium wp-image-27778\" srcset=\"https:\/\/www.prijedordanas.com\/wp-content\/uploads\/2015\/08\/mlade-reprezentacije-rs-fudbalski-turnir-ceska-3-180x300.jpg 180w, https:\/\/www.prijedordanas.com\/wp-content\/uploads\/2015\/08\/mlade-reprezentacije-rs-fudbalski-turnir-ceska-3.jpg 360w\" sizes=\"(max-width: 180px) 100vw, 180px\" \/><\/a> <a href=\"https:\/\/www.prijedordanas.com\/wp-content\/uploads\/2015\/08\/mlade-reprezentacije-rs-fudbalski-turnir-ceska-2.jpg\"><img loading=\"lazy\" decoding=\"async\" src=\"https:\/\/www.prijedordanas.com\/wp-content\/uploads\/2015\/08\/mlade-reprezentacije-rs-fudbalski-turnir-ceska-2-225x300.jpg\" alt=\"mlade reprezentacije rs-fudbalski turnir ceska (2)\" width=\"225\" height=\"300\" class=\"alignleft size-medium wp-image-27779\" srcset=\"https:\/\/www.prijedordanas.com\/wp-content\/uploads\/2015\/08\/mlade-reprezentacije-rs-fudbalski-turnir-ceska-2-225x300.jpg 225w, https:\/\/www.prijedordanas.com\/wp-content\/uploads\/2015\/08\/mlade-reprezentacije-rs-fudbalski-turnir-ceska-2.jpg 450w\" sizes=\"(max-width: 225px) 100vw, 225px\" \/><\/a><\/p>\n","protected":false},"excerpt":{"rendered":"<p>Dva druga mjesta, sa minimalnim porazima od 0:1 od Hradeca Kralove, osvojile su nedavno omladinske reprezentacije Republike Srpske na memorijalnom turniru \u201eJozef Kubin\u201c u \u010de\u0161kom gradu Jablonecu. U izuzetno jakoj [&hellip;]<\/p>\n","protected":false},"author":1,"featured_media":0,"comment_status":"closed","ping_status":"open","sticky":false,"template":"","format":"standard","meta":{"_monsterinsights_skip_tracking":false,"_monsterinsights_sitenote_active":false,"_monsterinsights_sitenote_note":"","_monsterinsights_sitenote_category":0,"footnotes":""},"categories":[7],"tags":[1015,4492,2607,4363,2445],"yoast_head":"<!-- This site is optimized with the Yoast SEO plugin v21.6 - https:\/\/yoast.com\/wordpress\/plugins\/seo\/ -->\n<title>OSVOJENA DVA DRUGA MJESTA U JABLONECU: PRIJEDOR\u010cANIN LUKA KA\u010cAVENDA JUNAK POLUFINALA \u2013 FOTO \u2013 VIDEO - PrijedorDanas.com - Prijedorski gradski portal<\/title>\n<meta name=\"robots\" content=\"index, follow, max-snippet:-1, max-image-preview:large, max-video-preview:-1\" \/>\n<link rel=\"canonical\" href=\"https:\/\/www.prijedordanas.com\/?p=27776\" \/>\n<meta property=\"og:locale\" content=\"en_US\" \/>\n<meta property=\"og:type\" content=\"article\" \/>\n<meta property=\"og:title\" content=\"OSVOJENA DVA DRUGA MJESTA U JABLONECU: PRIJEDOR\u010cANIN LUKA KA\u010cAVENDA JUNAK POLUFINALA \u2013 FOTO \u2013 VIDEO - PrijedorDanas.com - Prijedorski gradski portal\" \/>\n<meta property=\"og:description\" content=\"Dva druga mjesta, sa minimalnim porazima od 0:1 od Hradeca Kralove, osvojile su nedavno omladinske reprezentacije Republike Srpske na memorijalnom turniru \u201eJozef Kubin\u201c u \u010de\u0161kom gradu Jablonecu. U izuzetno jakoj [&hellip;]\" \/>\n<meta property=\"og:url\" content=\"https:\/\/www.prijedordanas.com\/?p=27776\" \/>\n<meta property=\"og:site_name\" content=\"PrijedorDanas.com - Prijedorski gradski portal\" \/>\n<meta property=\"article:publisher\" content=\"https:\/\/www.facebook.com\/PrijedorDanasCom\/\" \/>\n<meta property=\"article:published_time\" content=\"2015-08-18T08:34:57+00:00\" \/>\n<meta property=\"og:image\" content=\"https:\/\/www.prijedordanas.com\/wp-content\/uploads\/2015\/08\/mlade-reprezentacije-rs-fudbalski-turnir-ceska-1-300x169.jpg\" \/>\n<meta name=\"author\" content=\"admin\" \/>\n<meta name=\"twitter:card\" content=\"summary_large_image\" \/>\n<meta name=\"twitter:label1\" content=\"Written by\" \/>\n\t<meta name=\"twitter:data1\" content=\"admin\" \/>\n\t<meta name=\"twitter:label2\" content=\"Est. reading time\" \/>\n\t<meta name=\"twitter:data2\" content=\"1 minute\" \/>\n<script type=\"application\/ld+json\" class=\"yoast-schema-graph\">{\"@context\":\"https:\/\/schema.org\",\"@graph\":[{\"@type\":\"Article\",\"@id\":\"https:\/\/www.prijedordanas.com\/?p=27776#article\",\"isPartOf\":{\"@id\":\"https:\/\/www.prijedordanas.com\/?p=27776\"},\"author\":{\"name\":\"admin\",\"@id\":\"https:\/\/www.prijedordanas.com\/#\/schema\/person\/4e08ccf29b506ca916ff86d46bb700e6\"},\"headline\":\"OSVOJENA DVA DRUGA MJESTA U JABLONECU: PRIJEDOR\u010cANIN LUKA KA\u010cAVENDA JUNAK POLUFINALA \u2013 FOTO \u2013 VIDEO\",\"datePublished\":\"2015-08-18T08:34:57+00:00\",\"dateModified\":\"2015-08-18T08:34:57+00:00\",\"mainEntityOfPage\":{\"@id\":\"https:\/\/www.prijedordanas.com\/?p=27776\"},\"wordCount\":269,\"publisher\":{\"@id\":\"https:\/\/www.prijedordanas.com\/#organization\"},\"keywords\":[\"\u010ce\u0161ka\",\"Jablonec\",\"Luka Ka\u010davenda\",\"Nikola \u0106ori\u0107\",\"reprezentacija Republike Srpske\"],\"articleSection\":[\"Sport\"],\"inLanguage\":\"en-US\"},{\"@type\":\"WebPage\",\"@id\":\"https:\/\/www.prijedordanas.com\/?p=27776\",\"url\":\"https:\/\/www.prijedordanas.com\/?p=27776\",\"name\":\"OSVOJENA DVA DRUGA MJESTA U JABLONECU: PRIJEDOR\u010cANIN LUKA KA\u010cAVENDA JUNAK POLUFINALA \u2013 FOTO \u2013 VIDEO - PrijedorDanas.com - Prijedorski gradski portal\",\"isPartOf\":{\"@id\":\"https:\/\/www.prijedordanas.com\/#website\"},\"datePublished\":\"2015-08-18T08:34:57+00:00\",\"dateModified\":\"2015-08-18T08:34:57+00:00\",\"breadcrumb\":{\"@id\":\"https:\/\/www.prijedordanas.com\/?p=27776#breadcrumb\"},\"inLanguage\":\"en-US\",\"potentialAction\":[{\"@type\":\"ReadAction\",\"target\":[\"https:\/\/www.prijedordanas.com\/?p=27776\"]}]},{\"@type\":\"BreadcrumbList\",\"@id\":\"https:\/\/www.prijedordanas.com\/?p=27776#breadcrumb\",\"itemListElement\":[{\"@type\":\"ListItem\",\"position\":1,\"name\":\"Home\",\"item\":\"https:\/\/www.prijedordanas.com\/\"},{\"@type\":\"ListItem\",\"position\":2,\"name\":\"OSVOJENA DVA DRUGA MJESTA U JABLONECU: PRIJEDOR\u010cANIN LUKA KA\u010cAVENDA JUNAK POLUFINALA \u2013 FOTO \u2013 VIDEO\"}]},{\"@type\":\"WebSite\",\"@id\":\"https:\/\/www.prijedordanas.com\/#website\",\"url\":\"https:\/\/www.prijedordanas.com\/\",\"name\":\"PrijedorDanas.com - Prijedorski gradski portal\",\"description\":\"Portal o doga\u0111anjima u gradu Prijedoru\",\"publisher\":{\"@id\":\"https:\/\/www.prijedordanas.com\/#organization\"},\"potentialAction\":[{\"@type\":\"SearchAction\",\"target\":{\"@type\":\"EntryPoint\",\"urlTemplate\":\"https:\/\/www.prijedordanas.com\/?s={search_term_string}\"},\"query-input\":\"required name=search_term_string\"}],\"inLanguage\":\"en-US\"},{\"@type\":\"Organization\",\"@id\":\"https:\/\/www.prijedordanas.com\/#organization\",\"name\":\"PrijedorDanas.com\",\"url\":\"https:\/\/www.prijedordanas.com\/\",\"logo\":{\"@type\":\"ImageObject\",\"inLanguage\":\"en-US\",\"@id\":\"https:\/\/www.prijedordanas.com\/#\/schema\/logo\/image\/\",\"url\":\"http:\/\/www.prijedordanas.com\/wp-content\/uploads\/2021\/12\/logopng.png\",\"contentUrl\":\"http:\/\/www.prijedordanas.com\/wp-content\/uploads\/2021\/12\/logopng.png\",\"width\":1019,\"height\":776,\"caption\":\"PrijedorDanas.com\"},\"image\":{\"@id\":\"https:\/\/www.prijedordanas.com\/#\/schema\/logo\/image\/\"},\"sameAs\":[\"https:\/\/www.facebook.com\/PrijedorDanasCom\/\"]},{\"@type\":\"Person\",\"@id\":\"https:\/\/www.prijedordanas.com\/#\/schema\/person\/4e08ccf29b506ca916ff86d46bb700e6\",\"name\":\"admin\",\"image\":{\"@type\":\"ImageObject\",\"inLanguage\":\"en-US\",\"@id\":\"https:\/\/www.prijedordanas.com\/#\/schema\/person\/image\/\",\"url\":\"https:\/\/secure.gravatar.com\/avatar\/1d3fc949d550f0b53a5f0d51e06dfd79?s=96&d=mm&r=g\",\"contentUrl\":\"https:\/\/secure.gravatar.com\/avatar\/1d3fc949d550f0b53a5f0d51e06dfd79?s=96&d=mm&r=g\",\"caption\":\"admin\"},\"url\":\"https:\/\/www.prijedordanas.com\/?author=1\"}]}<\/script>\n<!-- \/ Yoast SEO plugin. -->","yoast_head_json":{"title":"OSVOJENA DVA DRUGA MJESTA U JABLONECU: PRIJEDOR\u010cANIN LUKA KA\u010cAVENDA JUNAK POLUFINALA \u2013 FOTO \u2013 VIDEO - PrijedorDanas.com - Prijedorski gradski portal","robots":{"index":"index","follow":"follow","max-snippet":"max-snippet:-1","max-image-preview":"max-image-preview:large","max-video-preview":"max-video-preview:-1"},"canonical":"https:\/\/www.prijedordanas.com\/?p=27776","og_locale":"en_US","og_type":"article","og_title":"OSVOJENA DVA DRUGA MJESTA U JABLONECU: PRIJEDOR\u010cANIN LUKA KA\u010cAVENDA JUNAK POLUFINALA \u2013 FOTO \u2013 VIDEO - PrijedorDanas.com - Prijedorski gradski portal","og_description":"Dva druga mjesta, sa minimalnim porazima od 0:1 od Hradeca Kralove, osvojile su nedavno omladinske reprezentacije Republike Srpske na memorijalnom turniru \u201eJozef Kubin\u201c u \u010de\u0161kom gradu Jablonecu. U izuzetno jakoj [&hellip;]","og_url":"https:\/\/www.prijedordanas.com\/?p=27776","og_site_name":"PrijedorDanas.com - Prijedorski gradski portal","article_publisher":"https:\/\/www.facebook.com\/PrijedorDanasCom\/","article_published_time":"2015-08-18T08:34:57+00:00","og_image":[{"url":"https:\/\/www.prijedordanas.com\/wp-content\/uploads\/2015\/08\/mlade-reprezentacije-rs-fudbalski-turnir-ceska-1-300x169.jpg"}],"author":"admin","twitter_card":"summary_large_image","twitter_misc":{"Written by":"admin","Est. reading time":"1 minute"},"schema":{"@context":"https:\/\/schema.org","@graph":[{"@type":"Article","@id":"https:\/\/www.prijedordanas.com\/?p=27776#article","isPartOf":{"@id":"https:\/\/www.prijedordanas.com\/?p=27776"},"author":{"name":"admin","@id":"https:\/\/www.prijedordanas.com\/#\/schema\/person\/4e08ccf29b506ca916ff86d46bb700e6"},"headline":"OSVOJENA DVA DRUGA MJESTA U JABLONECU: PRIJEDOR\u010cANIN LUKA KA\u010cAVENDA JUNAK POLUFINALA \u2013 FOTO \u2013 VIDEO","datePublished":"2015-08-18T08:34:57+00:00","dateModified":"2015-08-18T08:34:57+00:00","mainEntityOfPage":{"@id":"https:\/\/www.prijedordanas.com\/?p=27776"},"wordCount":269,"publisher":{"@id":"https:\/\/www.prijedordanas.com\/#organization"},"keywords":["\u010ce\u0161ka","Jablonec","Luka Ka\u010davenda","Nikola \u0106ori\u0107","reprezentacija Republike Srpske"],"articleSection":["Sport"],"inLanguage":"en-US"},{"@type":"WebPage","@id":"https:\/\/www.prijedordanas.com\/?p=27776","url":"https:\/\/www.prijedordanas.com\/?p=27776","name":"OSVOJENA DVA DRUGA MJESTA U JABLONECU: PRIJEDOR\u010cANIN LUKA KA\u010cAVENDA JUNAK POLUFINALA \u2013 FOTO \u2013 VIDEO - PrijedorDanas.com - Prijedorski gradski portal","isPartOf":{"@id":"https:\/\/www.prijedordanas.com\/#website"},"datePublished":"2015-08-18T08:34:57+00:00","dateModified":"2015-08-18T08:34:57+00:00","breadcrumb":{"@id":"https:\/\/www.prijedordanas.com\/?p=27776#breadcrumb"},"inLanguage":"en-US","potentialAction":[{"@type":"ReadAction","target":["https:\/\/www.prijedordanas.com\/?p=27776"]}]},{"@type":"BreadcrumbList","@id":"https:\/\/www.prijedordanas.com\/?p=27776#breadcrumb","itemListElement":[{"@type":"ListItem","position":1,"name":"Home","item":"https:\/\/www.prijedordanas.com\/"},{"@type":"ListItem","position":2,"name":"OSVOJENA DVA DRUGA MJESTA U JABLONECU: PRIJEDOR\u010cANIN LUKA KA\u010cAVENDA JUNAK POLUFINALA \u2013 FOTO \u2013 VIDEO"}]},{"@type":"WebSite","@id":"https:\/\/www.prijedordanas.com\/#website","url":"https:\/\/www.prijedordanas.com\/","name":"PrijedorDanas.com - Prijedorski gradski portal","description":"Portal o doga\u0111anjima u gradu Prijedoru","publisher":{"@id":"https:\/\/www.prijedordanas.com\/#organization"},"potentialAction":[{"@type":"SearchAction","target":{"@type":"EntryPoint","urlTemplate":"https:\/\/www.prijedordanas.com\/?s={search_term_string}"},"query-input":"required name=search_term_string"}],"inLanguage":"en-US"},{"@type":"Organization","@id":"https:\/\/www.prijedordanas.com\/#organization","name":"PrijedorDanas.com","url":"https:\/\/www.prijedordanas.com\/","logo":{"@type":"ImageObject","inLanguage":"en-US","@id":"https:\/\/www.prijedordanas.com\/#\/schema\/logo\/image\/","url":"http:\/\/www.prijedordanas.com\/wp-content\/uploads\/2021\/12\/logopng.png","contentUrl":"http:\/\/www.prijedordanas.com\/wp-content\/uploads\/2021\/12\/logopng.png","width":1019,"height":776,"caption":"PrijedorDanas.com"},"image":{"@id":"https:\/\/www.prijedordanas.com\/#\/schema\/logo\/image\/"},"sameAs":["https:\/\/www.facebook.com\/PrijedorDanasCom\/"]},{"@type":"Person","@id":"https:\/\/www.prijedordanas.com\/#\/schema\/person\/4e08ccf29b506ca916ff86d46bb700e6","name":"admin","image":{"@type":"ImageObject","inLanguage":"en-US","@id":"https:\/\/www.prijedordanas.com\/#\/schema\/person\/image\/","url":"https:\/\/secure.gravatar.com\/avatar\/1d3fc949d550f0b53a5f0d51e06dfd79?s=96&d=mm&r=g","contentUrl":"https:\/\/secure.gravatar.com\/avatar\/1d3fc949d550f0b53a5f0d51e06dfd79?s=96&d=mm&r=g","caption":"admin"},"url":"https:\/\/www.prijedordanas.com\/?author=1"}]}},"_links":{"self":[{"href":"https:\/\/www.prijedordanas.com\/index.php?rest_route=\/wp\/v2\/posts\/27776"}],"collection":[{"href":"https:\/\/www.prijedordanas.com\/index.php?rest_route=\/wp\/v2\/posts"}],"about":[{"href":"https:\/\/www.prijedordanas.com\/index.php?rest_route=\/wp\/v2\/types\/post"}],"author":[{"embeddable":true,"href":"https:\/\/www.prijedordanas.com\/index.php?rest_route=\/wp\/v2\/users\/1"}],"replies":[{"embeddable":true,"href":"https:\/\/www.prijedordanas.com\/index.php?rest_route=%2Fwp%2Fv2%2Fcomments&post=27776"}],"version-history":[{"count":1,"href":"https:\/\/www.prijedordanas.com\/index.php?rest_route=\/wp\/v2\/posts\/27776\/revisions"}],"predecessor-version":[{"id":27780,"href":"https:\/\/www.prijedordanas.com\/index.php?rest_route=\/wp\/v2\/posts\/27776\/revisions\/27780"}],"wp:attachment":[{"href":"https:\/\/www.prijedordanas.com\/index.php?rest_route=%2Fwp%2Fv2%2Fmedia&parent=27776"}],"wp:term":[{"taxonomy":"category","embeddable":true,"href":"https:\/\/www.prijedordanas.com\/index.php?rest_route=%2Fwp%2Fv2%2Fcategories&post=27776"},{"taxonomy":"post_tag","embeddable":true,"href":"https:\/\/www.prijedordanas.com\/index.php?rest_route=%2Fwp%2Fv2%2Ftags&post=27776"}],"curies":[{"name":"wp","href":"https:\/\/api.w.org\/{rel}","templated":true}]}}