{"id":276101,"date":"2026-09-06T14:25:14","date_gmt":"2026-09-06T12:25:14","guid":{"rendered":"https:\/\/www.prijedordanas.com\/?p=276101"},"modified":"2026-09-06T14:25:14","modified_gmt":"2026-09-06T12:25:14","slug":"obiljezena-34-godisnjica-formiranja-omarskog-bataljona-foto","status":"publish","type":"post","link":"https:\/\/www.prijedordanas.com\/?p=276101","title":{"rendered":"Obilje\u017eena 34. godi\u0161njica formiranja Omarskog bataljona &#8211; FOTO"},"content":{"rendered":"<p><a href=\"https:\/\/www.prijedordanas.com\/wp-content\/uploads\/2026\/09\/kozarski-godisnjica-omarskog-bataljona-2026-1.jpg\"><img loading=\"lazy\" decoding=\"async\" class=\"alignleft size-medium wp-image-276102\" src=\"https:\/\/www.prijedordanas.com\/wp-content\/uploads\/2026\/09\/kozarski-godisnjica-omarskog-bataljona-2026-1-300x225.jpg\" alt=\"\" width=\"300\" height=\"225\" srcset=\"https:\/\/www.prijedordanas.com\/wp-content\/uploads\/2026\/09\/kozarski-godisnjica-omarskog-bataljona-2026-1-300x225.jpg 300w, https:\/\/www.prijedordanas.com\/wp-content\/uploads\/2026\/09\/kozarski-godisnjica-omarskog-bataljona-2026-1-640x480.jpg 640w, https:\/\/www.prijedordanas.com\/wp-content\/uploads\/2026\/09\/kozarski-godisnjica-omarskog-bataljona-2026-1.jpg 667w\" sizes=\"(max-width: 300px) 100vw, 300px\" \/><\/a>U Omarskoj je obilje\u017eena 34. godi\u0161njica formiranja Omarskog bataljona, koji je tokom Odbrambeno-otad\u017ebinskog rata djelovao u sastavu 43. prijedorske motorizovane brigade i Pete kozarske pje\u0161adijske brigade.<\/p>\n<p>Obilje\u017eavanje je po\u010delo parastosom poginulim borcima u Hramu Svetog velikomu\u010denika cara Lazara, nakon \u010dega su kod spomenika poginulim borcima u Omarskoj polo\u017eeni vijenci i odata po\u010dast stradalima.<\/p>\n<p>Ratni komandant Omarskog bataljona, general-major u penziji Radovan Ili\u0107, istakao je da je obilje\u017eavanje godi\u0161njice tokom proteklih petnaestak godina preraslo u tradiciju i priliku da se nekada\u0161nji pripadnici bataljona ponovo okupe i prisjete ratnog puta.<\/p>\n<p>\u201eVe\u0107 petnaestak godina ovo prelazi u jednu tradiciju, kada se bataljon okuplja, da se ljudi na\u0111u, vide, da se ne zaborave me\u0111usobno i da se prisjete trenutaka koje su zajedno proveli na ratnom putu Omarskog bataljona, 43. prijedorske motorizovane brigade i Pete kozarske pje\u0161adijske brigade. Bataljon je bio specifi\u010dan s obzirom na to da je bio u obje prijedorske brigade i mi smo na to ponosni\u201c, rekao je Ili\u0107.<\/p>\n<p><a href=\"https:\/\/www.prijedordanas.com\/wp-content\/uploads\/2026\/09\/kozarski-godisnjica-omarskog-bataljona-2026-2.jpg\"><img loading=\"lazy\" decoding=\"async\" class=\"alignleft size-medium wp-image-276103\" src=\"https:\/\/www.prijedordanas.com\/wp-content\/uploads\/2026\/09\/kozarski-godisnjica-omarskog-bataljona-2026-2-300x169.jpg\" alt=\"\" width=\"300\" height=\"169\" srcset=\"https:\/\/www.prijedordanas.com\/wp-content\/uploads\/2026\/09\/kozarski-godisnjica-omarskog-bataljona-2026-2-300x169.jpg 300w, https:\/\/www.prijedordanas.com\/wp-content\/uploads\/2026\/09\/kozarski-godisnjica-omarskog-bataljona-2026-2.jpg 600w\" sizes=\"(max-width: 300px) 100vw, 300px\" \/><\/a>Prema njegovim rije\u010dima, Omarski bataljon u\u010destvovao je u operacijama Prvog kraji\u0161kog korpusa Vojske Republike Srpske, izme\u0111u ostalog na Koridoru, biha\u0107kom i sanskom rati\u0161tu, kao i u odbrani Prijedora.<\/p>\n<p>Kroz bataljon je, kako je naveo, pro\u0161lo vi\u0161e od 1.800 evidentiranih boraca, dok je 189 njegovih pripadnika poginulo tokom rata.<\/p>\n<p>\u201eNa\u017ealost, 189 na\u0161ih pripadnika poginulo je za tekovine koje mi danas u\u017eivamo, a najve\u0107a od tih tekovina je Republika Srpska\u201c, rekao je Ili\u0107.<\/p>\n<p><a href=\"https:\/\/www.prijedordanas.com\/wp-content\/uploads\/2026\/09\/kozarski-godisnjica-omarskog-bataljona-2026-3.jpg\"><img loading=\"lazy\" decoding=\"async\" class=\"alignleft size-medium wp-image-276104\" src=\"https:\/\/www.prijedordanas.com\/wp-content\/uploads\/2026\/09\/kozarski-godisnjica-omarskog-bataljona-2026-3-300x169.jpg\" alt=\"\" width=\"300\" height=\"169\" srcset=\"https:\/\/www.prijedordanas.com\/wp-content\/uploads\/2026\/09\/kozarski-godisnjica-omarskog-bataljona-2026-3-300x169.jpg 300w, https:\/\/www.prijedordanas.com\/wp-content\/uploads\/2026\/09\/kozarski-godisnjica-omarskog-bataljona-2026-3.jpg 600w\" sizes=\"(max-width: 300px) 100vw, 300px\" \/><\/a>Vijence kod spomenika poginulim borcima polo\u017eile su brojne delegacije.<\/p>\n<p>Zamjenik gradona\u010delnika Prijedora Nenad Mejaki\u0107 poru\u010dio je da \u017ertva poginulih boraca ne smije biti zaboravljena.<\/p>\n<p>\u201ePoruka je svake godine ista. Ne smijemo zaboraviti na\u0161e junake Republike Srpske koji su dali ono najvrednije \u0161to su imali, svoje \u017eivote za stvaranje Republike Srpske i slobodu koju mi danas u\u017eivamo. Ostajemo na putu koji je vojska zacrtala. Treba da slijedimo njihove stope i da sa\u010duvamo na\u0161u slobodu i Republiku Srpsku\u201c, rekao je Mejaki\u0107.<\/p>\n<p><a href=\"https:\/\/kozarski.com\/obiljezena-34-godisnjica-formiranja-omarskog-bataljona\/\" target=\"_blank\" rel=\"noopener\">kozarski.com<\/a><\/p>\n<p><a href=\"https:\/\/www.prijedordanas.com\/wp-content\/uploads\/2026\/09\/kozarski-godisnjica-omarskog-bataljona-2026-6.jpg\"><img loading=\"lazy\" decoding=\"async\" src=\"https:\/\/www.prijedordanas.com\/wp-content\/uploads\/2026\/09\/kozarski-godisnjica-omarskog-bataljona-2026-6-300x169.jpg\" alt=\"\" width=\"300\" height=\"169\" class=\"alignleft size-medium wp-image-276105\" srcset=\"https:\/\/www.prijedordanas.com\/wp-content\/uploads\/2026\/09\/kozarski-godisnjica-omarskog-bataljona-2026-6-300x169.jpg 300w, https:\/\/www.prijedordanas.com\/wp-content\/uploads\/2026\/09\/kozarski-godisnjica-omarskog-bataljona-2026-6.jpg 600w\" sizes=\"(max-width: 300px) 100vw, 300px\" \/><\/a> <a href=\"https:\/\/www.prijedordanas.com\/wp-content\/uploads\/2026\/09\/kozarski-godisnjica-omarskog-bataljona-2026-4.jpg\"><img loading=\"lazy\" decoding=\"async\" src=\"https:\/\/www.prijedordanas.com\/wp-content\/uploads\/2026\/09\/kozarski-godisnjica-omarskog-bataljona-2026-4-300x169.jpg\" alt=\"\" width=\"300\" height=\"169\" class=\"alignleft size-medium wp-image-276106\" srcset=\"https:\/\/www.prijedordanas.com\/wp-content\/uploads\/2026\/09\/kozarski-godisnjica-omarskog-bataljona-2026-4-300x169.jpg 300w, https:\/\/www.prijedordanas.com\/wp-content\/uploads\/2026\/09\/kozarski-godisnjica-omarskog-bataljona-2026-4.jpg 600w\" sizes=\"(max-width: 300px) 100vw, 300px\" \/><\/a> <a href=\"https:\/\/www.prijedordanas.com\/wp-content\/uploads\/2026\/09\/kozarski-godisnjica-omarskog-bataljona-2026-5.jpg\"><img loading=\"lazy\" decoding=\"async\" src=\"https:\/\/www.prijedordanas.com\/wp-content\/uploads\/2026\/09\/kozarski-godisnjica-omarskog-bataljona-2026-5-300x169.jpg\" alt=\"\" width=\"300\" height=\"169\" class=\"alignleft size-medium wp-image-276107\" srcset=\"https:\/\/www.prijedordanas.com\/wp-content\/uploads\/2026\/09\/kozarski-godisnjica-omarskog-bataljona-2026-5-300x169.jpg 300w, https:\/\/www.prijedordanas.com\/wp-content\/uploads\/2026\/09\/kozarski-godisnjica-omarskog-bataljona-2026-5.jpg 600w\" sizes=\"(max-width: 300px) 100vw, 300px\" \/><\/a> <a href=\"https:\/\/www.prijedordanas.com\/wp-content\/uploads\/2026\/09\/kozarski-godisnjica-omarskog-bataljona-2026-7.jpg\"><img loading=\"lazy\" decoding=\"async\" src=\"https:\/\/www.prijedordanas.com\/wp-content\/uploads\/2026\/09\/kozarski-godisnjica-omarskog-bataljona-2026-7-300x169.jpg\" alt=\"\" width=\"300\" height=\"169\" class=\"alignleft size-medium wp-image-276108\" srcset=\"https:\/\/www.prijedordanas.com\/wp-content\/uploads\/2026\/09\/kozarski-godisnjica-omarskog-bataljona-2026-7-300x169.jpg 300w, https:\/\/www.prijedordanas.com\/wp-content\/uploads\/2026\/09\/kozarski-godisnjica-omarskog-bataljona-2026-7.jpg 600w\" sizes=\"(max-width: 300px) 100vw, 300px\" \/><\/a><\/p>\n","protected":false},"excerpt":{"rendered":"<p>U Omarskoj je obilje\u017eena 34. godi\u0161njica formiranja Omarskog bataljona, koji je tokom Odbrambeno-otad\u017ebinskog rata djelovao u sastavu 43. prijedorske motorizovane brigade i Pete kozarske pje\u0161adijske brigade. Obilje\u017eavanje je po\u010delo parastosom [&hellip;]<\/p>\n","protected":false},"author":1,"featured_media":0,"comment_status":"closed","ping_status":"open","sticky":false,"template":"","format":"standard","meta":{"_monsterinsights_skip_tracking":false,"_monsterinsights_sitenote_active":false,"_monsterinsights_sitenote_note":"","_monsterinsights_sitenote_category":0,"footnotes":""},"categories":[8],"tags":[],"yoast_head":"<!-- This site is optimized with the Yoast SEO plugin v21.6 - https:\/\/yoast.com\/wordpress\/plugins\/seo\/ -->\n<title>Obilje\u017eena 34. godi\u0161njica formiranja Omarskog bataljona - FOTO - PrijedorDanas.com - Prijedorski gradski portal<\/title>\n<meta name=\"robots\" content=\"index, follow, max-snippet:-1, max-image-preview:large, max-video-preview:-1\" \/>\n<link rel=\"canonical\" href=\"https:\/\/www.prijedordanas.com\/?p=276101\" \/>\n<meta property=\"og:locale\" content=\"en_US\" \/>\n<meta property=\"og:type\" content=\"article\" \/>\n<meta property=\"og:title\" content=\"Obilje\u017eena 34. godi\u0161njica formiranja Omarskog bataljona - FOTO - PrijedorDanas.com - Prijedorski gradski portal\" \/>\n<meta property=\"og:description\" content=\"U Omarskoj je obilje\u017eena 34. godi\u0161njica formiranja Omarskog bataljona, koji je tokom Odbrambeno-otad\u017ebinskog rata djelovao u sastavu 43. prijedorske motorizovane brigade i Pete kozarske pje\u0161adijske brigade. Obilje\u017eavanje je po\u010delo parastosom [&hellip;]\" \/>\n<meta property=\"og:url\" content=\"https:\/\/www.prijedordanas.com\/?p=276101\" \/>\n<meta property=\"og:site_name\" content=\"PrijedorDanas.com - Prijedorski gradski portal\" \/>\n<meta property=\"article:publisher\" content=\"https:\/\/www.facebook.com\/PrijedorDanasCom\/\" \/>\n<meta property=\"article:published_time\" content=\"2026-09-06T12:25:14+00:00\" \/>\n<meta property=\"og:image\" content=\"https:\/\/www.prijedordanas.com\/wp-content\/uploads\/2026\/09\/kozarski-godisnjica-omarskog-bataljona-2026-1-300x225.jpg\" \/>\n<meta name=\"author\" content=\"admin\" \/>\n<meta name=\"twitter:card\" content=\"summary_large_image\" \/>\n<meta name=\"twitter:label1\" content=\"Written by\" \/>\n\t<meta name=\"twitter:data1\" content=\"admin\" \/>\n\t<meta name=\"twitter:label2\" content=\"Est. reading time\" \/>\n\t<meta name=\"twitter:data2\" content=\"2 minutes\" \/>\n<script type=\"application\/ld+json\" class=\"yoast-schema-graph\">{\"@context\":\"https:\/\/schema.org\",\"@graph\":[{\"@type\":\"Article\",\"@id\":\"https:\/\/www.prijedordanas.com\/?p=276101#article\",\"isPartOf\":{\"@id\":\"https:\/\/www.prijedordanas.com\/?p=276101\"},\"author\":{\"name\":\"admin\",\"@id\":\"https:\/\/www.prijedordanas.com\/#\/schema\/person\/4e08ccf29b506ca916ff86d46bb700e6\"},\"headline\":\"Obilje\u017eena 34. godi\u0161njica formiranja Omarskog bataljona &#8211; FOTO\",\"datePublished\":\"2026-09-06T12:25:14+00:00\",\"dateModified\":\"2026-09-06T12:25:14+00:00\",\"mainEntityOfPage\":{\"@id\":\"https:\/\/www.prijedordanas.com\/?p=276101\"},\"wordCount\":347,\"publisher\":{\"@id\":\"https:\/\/www.prijedordanas.com\/#organization\"},\"articleSection\":[\"Svakodnevno\"],\"inLanguage\":\"en-US\"},{\"@type\":\"WebPage\",\"@id\":\"https:\/\/www.prijedordanas.com\/?p=276101\",\"url\":\"https:\/\/www.prijedordanas.com\/?p=276101\",\"name\":\"Obilje\u017eena 34. godi\u0161njica formiranja Omarskog bataljona - FOTO - PrijedorDanas.com - Prijedorski gradski portal\",\"isPartOf\":{\"@id\":\"https:\/\/www.prijedordanas.com\/#website\"},\"datePublished\":\"2026-09-06T12:25:14+00:00\",\"dateModified\":\"2026-09-06T12:25:14+00:00\",\"breadcrumb\":{\"@id\":\"https:\/\/www.prijedordanas.com\/?p=276101#breadcrumb\"},\"inLanguage\":\"en-US\",\"potentialAction\":[{\"@type\":\"ReadAction\",\"target\":[\"https:\/\/www.prijedordanas.com\/?p=276101\"]}]},{\"@type\":\"BreadcrumbList\",\"@id\":\"https:\/\/www.prijedordanas.com\/?p=276101#breadcrumb\",\"itemListElement\":[{\"@type\":\"ListItem\",\"position\":1,\"name\":\"Home\",\"item\":\"https:\/\/www.prijedordanas.com\/\"},{\"@type\":\"ListItem\",\"position\":2,\"name\":\"Obilje\u017eena 34. godi\u0161njica formiranja Omarskog bataljona &#8211; FOTO\"}]},{\"@type\":\"WebSite\",\"@id\":\"https:\/\/www.prijedordanas.com\/#website\",\"url\":\"https:\/\/www.prijedordanas.com\/\",\"name\":\"PrijedorDanas.com - Prijedorski gradski portal\",\"description\":\"Portal o doga\u0111anjima u gradu Prijedoru\",\"publisher\":{\"@id\":\"https:\/\/www.prijedordanas.com\/#organization\"},\"potentialAction\":[{\"@type\":\"SearchAction\",\"target\":{\"@type\":\"EntryPoint\",\"urlTemplate\":\"https:\/\/www.prijedordanas.com\/?s={search_term_string}\"},\"query-input\":\"required name=search_term_string\"}],\"inLanguage\":\"en-US\"},{\"@type\":\"Organization\",\"@id\":\"https:\/\/www.prijedordanas.com\/#organization\",\"name\":\"PrijedorDanas.com\",\"url\":\"https:\/\/www.prijedordanas.com\/\",\"logo\":{\"@type\":\"ImageObject\",\"inLanguage\":\"en-US\",\"@id\":\"https:\/\/www.prijedordanas.com\/#\/schema\/logo\/image\/\",\"url\":\"http:\/\/www.prijedordanas.com\/wp-content\/uploads\/2021\/12\/logopng.png\",\"contentUrl\":\"http:\/\/www.prijedordanas.com\/wp-content\/uploads\/2021\/12\/logopng.png\",\"width\":1019,\"height\":776,\"caption\":\"PrijedorDanas.com\"},\"image\":{\"@id\":\"https:\/\/www.prijedordanas.com\/#\/schema\/logo\/image\/\"},\"sameAs\":[\"https:\/\/www.facebook.com\/PrijedorDanasCom\/\"]},{\"@type\":\"Person\",\"@id\":\"https:\/\/www.prijedordanas.com\/#\/schema\/person\/4e08ccf29b506ca916ff86d46bb700e6\",\"name\":\"admin\",\"image\":{\"@type\":\"ImageObject\",\"inLanguage\":\"en-US\",\"@id\":\"https:\/\/www.prijedordanas.com\/#\/schema\/person\/image\/\",\"url\":\"https:\/\/secure.gravatar.com\/avatar\/1d3fc949d550f0b53a5f0d51e06dfd79?s=96&d=mm&r=g\",\"contentUrl\":\"https:\/\/secure.gravatar.com\/avatar\/1d3fc949d550f0b53a5f0d51e06dfd79?s=96&d=mm&r=g\",\"caption\":\"admin\"},\"url\":\"https:\/\/www.prijedordanas.com\/?author=1\"}]}<\/script>\n<!-- \/ Yoast SEO plugin. -->","yoast_head_json":{"title":"Obilje\u017eena 34. godi\u0161njica formiranja Omarskog bataljona - FOTO - PrijedorDanas.com - Prijedorski gradski portal","robots":{"index":"index","follow":"follow","max-snippet":"max-snippet:-1","max-image-preview":"max-image-preview:large","max-video-preview":"max-video-preview:-1"},"canonical":"https:\/\/www.prijedordanas.com\/?p=276101","og_locale":"en_US","og_type":"article","og_title":"Obilje\u017eena 34. godi\u0161njica formiranja Omarskog bataljona - FOTO - PrijedorDanas.com - Prijedorski gradski portal","og_description":"U Omarskoj je obilje\u017eena 34. godi\u0161njica formiranja Omarskog bataljona, koji je tokom Odbrambeno-otad\u017ebinskog rata djelovao u sastavu 43. prijedorske motorizovane brigade i Pete kozarske pje\u0161adijske brigade. Obilje\u017eavanje je po\u010delo parastosom [&hellip;]","og_url":"https:\/\/www.prijedordanas.com\/?p=276101","og_site_name":"PrijedorDanas.com - Prijedorski gradski portal","article_publisher":"https:\/\/www.facebook.com\/PrijedorDanasCom\/","article_published_time":"2026-09-06T12:25:14+00:00","og_image":[{"url":"https:\/\/www.prijedordanas.com\/wp-content\/uploads\/2026\/09\/kozarski-godisnjica-omarskog-bataljona-2026-1-300x225.jpg"}],"author":"admin","twitter_card":"summary_large_image","twitter_misc":{"Written by":"admin","Est. reading time":"2 minutes"},"schema":{"@context":"https:\/\/schema.org","@graph":[{"@type":"Article","@id":"https:\/\/www.prijedordanas.com\/?p=276101#article","isPartOf":{"@id":"https:\/\/www.prijedordanas.com\/?p=276101"},"author":{"name":"admin","@id":"https:\/\/www.prijedordanas.com\/#\/schema\/person\/4e08ccf29b506ca916ff86d46bb700e6"},"headline":"Obilje\u017eena 34. godi\u0161njica formiranja Omarskog bataljona &#8211; FOTO","datePublished":"2026-09-06T12:25:14+00:00","dateModified":"2026-09-06T12:25:14+00:00","mainEntityOfPage":{"@id":"https:\/\/www.prijedordanas.com\/?p=276101"},"wordCount":347,"publisher":{"@id":"https:\/\/www.prijedordanas.com\/#organization"},"articleSection":["Svakodnevno"],"inLanguage":"en-US"},{"@type":"WebPage","@id":"https:\/\/www.prijedordanas.com\/?p=276101","url":"https:\/\/www.prijedordanas.com\/?p=276101","name":"Obilje\u017eena 34. godi\u0161njica formiranja Omarskog bataljona - FOTO - PrijedorDanas.com - Prijedorski gradski portal","isPartOf":{"@id":"https:\/\/www.prijedordanas.com\/#website"},"datePublished":"2026-09-06T12:25:14+00:00","dateModified":"2026-09-06T12:25:14+00:00","breadcrumb":{"@id":"https:\/\/www.prijedordanas.com\/?p=276101#breadcrumb"},"inLanguage":"en-US","potentialAction":[{"@type":"ReadAction","target":["https:\/\/www.prijedordanas.com\/?p=276101"]}]},{"@type":"BreadcrumbList","@id":"https:\/\/www.prijedordanas.com\/?p=276101#breadcrumb","itemListElement":[{"@type":"ListItem","position":1,"name":"Home","item":"https:\/\/www.prijedordanas.com\/"},{"@type":"ListItem","position":2,"name":"Obilje\u017eena 34. godi\u0161njica formiranja Omarskog bataljona &#8211; FOTO"}]},{"@type":"WebSite","@id":"https:\/\/www.prijedordanas.com\/#website","url":"https:\/\/www.prijedordanas.com\/","name":"PrijedorDanas.com - Prijedorski gradski portal","description":"Portal o doga\u0111anjima u gradu Prijedoru","publisher":{"@id":"https:\/\/www.prijedordanas.com\/#organization"},"potentialAction":[{"@type":"SearchAction","target":{"@type":"EntryPoint","urlTemplate":"https:\/\/www.prijedordanas.com\/?s={search_term_string}"},"query-input":"required name=search_term_string"}],"inLanguage":"en-US"},{"@type":"Organization","@id":"https:\/\/www.prijedordanas.com\/#organization","name":"PrijedorDanas.com","url":"https:\/\/www.prijedordanas.com\/","logo":{"@type":"ImageObject","inLanguage":"en-US","@id":"https:\/\/www.prijedordanas.com\/#\/schema\/logo\/image\/","url":"http:\/\/www.prijedordanas.com\/wp-content\/uploads\/2021\/12\/logopng.png","contentUrl":"http:\/\/www.prijedordanas.com\/wp-content\/uploads\/2021\/12\/logopng.png","width":1019,"height":776,"caption":"PrijedorDanas.com"},"image":{"@id":"https:\/\/www.prijedordanas.com\/#\/schema\/logo\/image\/"},"sameAs":["https:\/\/www.facebook.com\/PrijedorDanasCom\/"]},{"@type":"Person","@id":"https:\/\/www.prijedordanas.com\/#\/schema\/person\/4e08ccf29b506ca916ff86d46bb700e6","name":"admin","image":{"@type":"ImageObject","inLanguage":"en-US","@id":"https:\/\/www.prijedordanas.com\/#\/schema\/person\/image\/","url":"https:\/\/secure.gravatar.com\/avatar\/1d3fc949d550f0b53a5f0d51e06dfd79?s=96&d=mm&r=g","contentUrl":"https:\/\/secure.gravatar.com\/avatar\/1d3fc949d550f0b53a5f0d51e06dfd79?s=96&d=mm&r=g","caption":"admin"},"url":"https:\/\/www.prijedordanas.com\/?author=1"}]}},"_links":{"self":[{"href":"https:\/\/www.prijedordanas.com\/index.php?rest_route=\/wp\/v2\/posts\/276101"}],"collection":[{"href":"https:\/\/www.prijedordanas.com\/index.php?rest_route=\/wp\/v2\/posts"}],"about":[{"href":"https:\/\/www.prijedordanas.com\/index.php?rest_route=\/wp\/v2\/types\/post"}],"author":[{"embeddable":true,"href":"https:\/\/www.prijedordanas.com\/index.php?rest_route=\/wp\/v2\/users\/1"}],"replies":[{"embeddable":true,"href":"https:\/\/www.prijedordanas.com\/index.php?rest_route=%2Fwp%2Fv2%2Fcomments&post=276101"}],"version-history":[{"count":1,"href":"https:\/\/www.prijedordanas.com\/index.php?rest_route=\/wp\/v2\/posts\/276101\/revisions"}],"predecessor-version":[{"id":276109,"href":"https:\/\/www.prijedordanas.com\/index.php?rest_route=\/wp\/v2\/posts\/276101\/revisions\/276109"}],"wp:attachment":[{"href":"https:\/\/www.prijedordanas.com\/index.php?rest_route=%2Fwp%2Fv2%2Fmedia&parent=276101"}],"wp:term":[{"taxonomy":"category","embeddable":true,"href":"https:\/\/www.prijedordanas.com\/index.php?rest_route=%2Fwp%2Fv2%2Fcategories&post=276101"},{"taxonomy":"post_tag","embeddable":true,"href":"https:\/\/www.prijedordanas.com\/index.php?rest_route=%2Fwp%2Fv2%2Ftags&post=276101"}],"curies":[{"name":"wp","href":"https:\/\/api.w.org\/{rel}","templated":true}]}}