{"id":276003,"date":"2026-09-04T18:32:33","date_gmt":"2026-09-04T16:32:33","guid":{"rendered":"https:\/\/www.prijedordanas.com\/?p=276003"},"modified":"2026-09-04T18:32:33","modified_gmt":"2026-09-04T16:32:33","slug":"u-ponedjeljak-pocinje-trodnevna-manifestacija-dani-sporta-video","status":"publish","type":"post","link":"https:\/\/www.prijedordanas.com\/?p=276003","title":{"rendered":"U ponedjeljak po\u010dinje trodnevna manifestacija &#8220;Dani sporta&#8221; &#8211; VIDEO"},"content":{"rendered":"<p><a href=\"https:\/\/www.prijedordanas.com\/wp-content\/uploads\/2026\/09\/dani-sporta-2026-plakat.jpg\"><img loading=\"lazy\" decoding=\"async\" class=\"alignleft size-medium wp-image-276004\" src=\"https:\/\/www.prijedordanas.com\/wp-content\/uploads\/2026\/09\/dani-sporta-2026-plakat-212x300.jpg\" alt=\"\" width=\"212\" height=\"300\" srcset=\"https:\/\/www.prijedordanas.com\/wp-content\/uploads\/2026\/09\/dani-sporta-2026-plakat-212x300.jpg 212w, https:\/\/www.prijedordanas.com\/wp-content\/uploads\/2026\/09\/dani-sporta-2026-plakat.jpg 452w\" sizes=\"(max-width: 212px) 100vw, 212px\" \/><\/a>Sve je spremno za pete \u201cDane sporta\u201d, koji \u0107e biti odr\u017eani od 7. do 9. septembra na Trgu majora Zorana Karlice, potvr\u0111eno je iz nadle\u017enog gradskog odjeljenja, uz podsje\u0107anje da \u0107e se na ovoj manifestaciji predstaviti svi prijedorski sportski klubovi.<\/p>\n<p>Tehni\u010dki organizator je Dru\u0161tvo pedagoga fizi\u010dke kulture.<\/p>\n<p>Izme\u0111u ostalog, posjetioci \u0107e imati na raspolaganju ziplajn, mo\u0107i \u0107e da u\u010destvuju u aktivnostima koje \u0107e pripremiti prijedorski izvi\u0111a\u010di, a bi\u0107e organizovani 3\u00d73 turniri u fudbalu i basketu.<\/p>\n<p>Na programu je i saobra\u0107ajno-edukativni poligon na kojem \u0107e se djeca, voze\u0107i bicikle, upoznati sa osnovnim pravilima bezbjednog u\u010de\u0161\u0107a u saobra\u0107aju.<\/p>\n<p>Sportski sadr\u017eaji bi\u0107e realizovani tokom tri dana, u vremenu od 18.00 do 21.00 \u010das.<\/p>\n<p>\u201cSportovi su razvrstani po danima i svakog dana \u0107e se predstaviti drugi sportovi. \u2018Dani sporta\u2019 zavr\u0161i\u0107e u srijedu, 9. septembra, tradicionalnim defileom sportista. Od 17.15 do 17.30 \u010dasova predvi\u0111eno je okupljanje svih u\u010desnika, sportista i njihovih trenera u Ljetnoj ba\u0161ti u Prijedoru. Zajedno \u0107emo prodefilovati glavnom ulicom, na \u010delu sa gradona\u010delnikom Slobodanom Javorom, i imati postrojavanje na Trgu majora Zorana Karlice, uz promociju sportova koji su na rasporedu tog dana\u201d, rekao je Aleksandar Milje\u0161i\u0107, na\u010delnik Odjeljenja za kulturu, me\u0111unarodnu saradnju, sport i nevladine organizacije.<\/p>\n<p><a href=\"https:\/\/www.prijedordanas.com\/wp-content\/uploads\/2026\/09\/kozarski-miljesic-dani-sporta-2026.jpg\"><img loading=\"lazy\" decoding=\"async\" src=\"https:\/\/www.prijedordanas.com\/wp-content\/uploads\/2026\/09\/kozarski-miljesic-dani-sporta-2026-300x225.jpg\" alt=\"\" width=\"300\" height=\"225\" class=\"alignleft size-medium wp-image-276005\" srcset=\"https:\/\/www.prijedordanas.com\/wp-content\/uploads\/2026\/09\/kozarski-miljesic-dani-sporta-2026-300x225.jpg 300w, https:\/\/www.prijedordanas.com\/wp-content\/uploads\/2026\/09\/kozarski-miljesic-dani-sporta-2026-640x480.jpg 640w, https:\/\/www.prijedordanas.com\/wp-content\/uploads\/2026\/09\/kozarski-miljesic-dani-sporta-2026.jpg 667w\" sizes=\"(max-width: 300px) 100vw, 300px\" \/><\/a>Po njegovim rije\u010dima, cilj ove manifestacije je pove\u0107anje broja najmla\u0111ih u sportu.<\/p>\n<p>\u201cNeva\u017eno je o kom sportu se radi. Na tome radimo ve\u0107 petu godinu zaredom, sa velikim uspjehom, \u0161to pokazuju i brojke iz sportskih klubova koje iz godine u godinu potvr\u0111uju sve ve\u0107e interesovanje najmla\u0111e populacije za njihovo \u010dlanstvo\u201d, navodi Milje\u0161i\u0107.<\/p>\n<p>U slu\u010daju nepovoljnih vremenskih uslova, gra\u0111ani \u0107e biti obavije\u0161teni o eventualnim izmjenama.<\/p>\n<p><a href=\"https:\/\/kozarski.com\/u-ponedjeljak-pocinje-trodnevna-manifestacija-dani-sporta\/\" target=\"_blank\" rel=\"noopener\">kozarski.com<\/a><\/p>\n<p><iframe loading=\"lazy\" title=\"U PONEDJELJAK PO\u010cINJE TRODNEVNA MANIFESTACIJA &quot;DANI SPORTA&quot;\" width=\"500\" height=\"281\" src=\"https:\/\/www.youtube.com\/embed\/zGFrN1uVqmU?feature=oembed\" frameborder=\"0\" allow=\"accelerometer; autoplay; clipboard-write; encrypted-media; gyroscope; picture-in-picture; web-share\" referrerpolicy=\"strict-origin-when-cross-origin\" allowfullscreen><\/iframe><\/p>\n","protected":false},"excerpt":{"rendered":"<p>Sve je spremno za pete \u201cDane sporta\u201d, koji \u0107e biti odr\u017eani od 7. do 9. septembra na Trgu majora Zorana Karlice, potvr\u0111eno je iz nadle\u017enog gradskog odjeljenja, uz podsje\u0107anje da [&hellip;]<\/p>\n","protected":false},"author":1,"featured_media":0,"comment_status":"closed","ping_status":"open","sticky":false,"template":"","format":"standard","meta":{"_monsterinsights_skip_tracking":false,"_monsterinsights_sitenote_active":false,"_monsterinsights_sitenote_note":"","_monsterinsights_sitenote_category":0,"footnotes":""},"categories":[7],"tags":[],"yoast_head":"<!-- This site is optimized with the Yoast SEO plugin v21.6 - https:\/\/yoast.com\/wordpress\/plugins\/seo\/ -->\n<title>U ponedjeljak po\u010dinje trodnevna manifestacija &quot;Dani sporta&quot; - VIDEO - PrijedorDanas.com - Prijedorski gradski portal<\/title>\n<meta name=\"robots\" content=\"index, follow, max-snippet:-1, max-image-preview:large, max-video-preview:-1\" \/>\n<link rel=\"canonical\" href=\"https:\/\/www.prijedordanas.com\/?p=276003\" \/>\n<meta property=\"og:locale\" content=\"en_US\" \/>\n<meta property=\"og:type\" content=\"article\" \/>\n<meta property=\"og:title\" content=\"U ponedjeljak po\u010dinje trodnevna manifestacija &quot;Dani sporta&quot; - VIDEO - PrijedorDanas.com - Prijedorski gradski portal\" \/>\n<meta property=\"og:description\" content=\"Sve je spremno za pete \u201cDane sporta\u201d, koji \u0107e biti odr\u017eani od 7. do 9. septembra na Trgu majora Zorana Karlice, potvr\u0111eno je iz nadle\u017enog gradskog odjeljenja, uz podsje\u0107anje da [&hellip;]\" \/>\n<meta property=\"og:url\" content=\"https:\/\/www.prijedordanas.com\/?p=276003\" \/>\n<meta property=\"og:site_name\" content=\"PrijedorDanas.com - Prijedorski gradski portal\" \/>\n<meta property=\"article:publisher\" content=\"https:\/\/www.facebook.com\/PrijedorDanasCom\/\" \/>\n<meta property=\"article:published_time\" content=\"2026-09-04T16:32:33+00:00\" \/>\n<meta property=\"og:image\" content=\"https:\/\/www.prijedordanas.com\/wp-content\/uploads\/2026\/09\/dani-sporta-2026-plakat-212x300.jpg\" \/>\n<meta name=\"author\" content=\"admin\" \/>\n<meta name=\"twitter:card\" content=\"summary_large_image\" \/>\n<meta name=\"twitter:label1\" content=\"Written by\" \/>\n\t<meta name=\"twitter:data1\" content=\"admin\" \/>\n\t<meta name=\"twitter:label2\" content=\"Est. reading time\" \/>\n\t<meta name=\"twitter:data2\" content=\"2 minutes\" \/>\n<script type=\"application\/ld+json\" class=\"yoast-schema-graph\">{\"@context\":\"https:\/\/schema.org\",\"@graph\":[{\"@type\":\"Article\",\"@id\":\"https:\/\/www.prijedordanas.com\/?p=276003#article\",\"isPartOf\":{\"@id\":\"https:\/\/www.prijedordanas.com\/?p=276003\"},\"author\":{\"name\":\"admin\",\"@id\":\"https:\/\/www.prijedordanas.com\/#\/schema\/person\/4e08ccf29b506ca916ff86d46bb700e6\"},\"headline\":\"U ponedjeljak po\u010dinje trodnevna manifestacija &#8220;Dani sporta&#8221; &#8211; VIDEO\",\"datePublished\":\"2026-09-04T16:32:33+00:00\",\"dateModified\":\"2026-09-04T16:32:33+00:00\",\"mainEntityOfPage\":{\"@id\":\"https:\/\/www.prijedordanas.com\/?p=276003\"},\"wordCount\":310,\"publisher\":{\"@id\":\"https:\/\/www.prijedordanas.com\/#organization\"},\"articleSection\":[\"Sport\"],\"inLanguage\":\"en-US\"},{\"@type\":\"WebPage\",\"@id\":\"https:\/\/www.prijedordanas.com\/?p=276003\",\"url\":\"https:\/\/www.prijedordanas.com\/?p=276003\",\"name\":\"U ponedjeljak po\u010dinje trodnevna manifestacija \\\"Dani sporta\\\" - VIDEO - PrijedorDanas.com - Prijedorski gradski portal\",\"isPartOf\":{\"@id\":\"https:\/\/www.prijedordanas.com\/#website\"},\"datePublished\":\"2026-09-04T16:32:33+00:00\",\"dateModified\":\"2026-09-04T16:32:33+00:00\",\"breadcrumb\":{\"@id\":\"https:\/\/www.prijedordanas.com\/?p=276003#breadcrumb\"},\"inLanguage\":\"en-US\",\"potentialAction\":[{\"@type\":\"ReadAction\",\"target\":[\"https:\/\/www.prijedordanas.com\/?p=276003\"]}]},{\"@type\":\"BreadcrumbList\",\"@id\":\"https:\/\/www.prijedordanas.com\/?p=276003#breadcrumb\",\"itemListElement\":[{\"@type\":\"ListItem\",\"position\":1,\"name\":\"Home\",\"item\":\"https:\/\/www.prijedordanas.com\/\"},{\"@type\":\"ListItem\",\"position\":2,\"name\":\"U ponedjeljak po\u010dinje trodnevna manifestacija &#8220;Dani sporta&#8221; &#8211; VIDEO\"}]},{\"@type\":\"WebSite\",\"@id\":\"https:\/\/www.prijedordanas.com\/#website\",\"url\":\"https:\/\/www.prijedordanas.com\/\",\"name\":\"PrijedorDanas.com - Prijedorski gradski portal\",\"description\":\"Portal o doga\u0111anjima u gradu Prijedoru\",\"publisher\":{\"@id\":\"https:\/\/www.prijedordanas.com\/#organization\"},\"potentialAction\":[{\"@type\":\"SearchAction\",\"target\":{\"@type\":\"EntryPoint\",\"urlTemplate\":\"https:\/\/www.prijedordanas.com\/?s={search_term_string}\"},\"query-input\":\"required name=search_term_string\"}],\"inLanguage\":\"en-US\"},{\"@type\":\"Organization\",\"@id\":\"https:\/\/www.prijedordanas.com\/#organization\",\"name\":\"PrijedorDanas.com\",\"url\":\"https:\/\/www.prijedordanas.com\/\",\"logo\":{\"@type\":\"ImageObject\",\"inLanguage\":\"en-US\",\"@id\":\"https:\/\/www.prijedordanas.com\/#\/schema\/logo\/image\/\",\"url\":\"http:\/\/www.prijedordanas.com\/wp-content\/uploads\/2021\/12\/logopng.png\",\"contentUrl\":\"http:\/\/www.prijedordanas.com\/wp-content\/uploads\/2021\/12\/logopng.png\",\"width\":1019,\"height\":776,\"caption\":\"PrijedorDanas.com\"},\"image\":{\"@id\":\"https:\/\/www.prijedordanas.com\/#\/schema\/logo\/image\/\"},\"sameAs\":[\"https:\/\/www.facebook.com\/PrijedorDanasCom\/\"]},{\"@type\":\"Person\",\"@id\":\"https:\/\/www.prijedordanas.com\/#\/schema\/person\/4e08ccf29b506ca916ff86d46bb700e6\",\"name\":\"admin\",\"image\":{\"@type\":\"ImageObject\",\"inLanguage\":\"en-US\",\"@id\":\"https:\/\/www.prijedordanas.com\/#\/schema\/person\/image\/\",\"url\":\"https:\/\/secure.gravatar.com\/avatar\/1d3fc949d550f0b53a5f0d51e06dfd79?s=96&d=mm&r=g\",\"contentUrl\":\"https:\/\/secure.gravatar.com\/avatar\/1d3fc949d550f0b53a5f0d51e06dfd79?s=96&d=mm&r=g\",\"caption\":\"admin\"},\"url\":\"https:\/\/www.prijedordanas.com\/?author=1\"}]}<\/script>\n<!-- \/ Yoast SEO plugin. -->","yoast_head_json":{"title":"U ponedjeljak po\u010dinje trodnevna manifestacija \"Dani sporta\" - VIDEO - PrijedorDanas.com - Prijedorski gradski portal","robots":{"index":"index","follow":"follow","max-snippet":"max-snippet:-1","max-image-preview":"max-image-preview:large","max-video-preview":"max-video-preview:-1"},"canonical":"https:\/\/www.prijedordanas.com\/?p=276003","og_locale":"en_US","og_type":"article","og_title":"U ponedjeljak po\u010dinje trodnevna manifestacija \"Dani sporta\" - VIDEO - PrijedorDanas.com - Prijedorski gradski portal","og_description":"Sve je spremno za pete \u201cDane sporta\u201d, koji \u0107e biti odr\u017eani od 7. do 9. septembra na Trgu majora Zorana Karlice, potvr\u0111eno je iz nadle\u017enog gradskog odjeljenja, uz podsje\u0107anje da [&hellip;]","og_url":"https:\/\/www.prijedordanas.com\/?p=276003","og_site_name":"PrijedorDanas.com - Prijedorski gradski portal","article_publisher":"https:\/\/www.facebook.com\/PrijedorDanasCom\/","article_published_time":"2026-09-04T16:32:33+00:00","og_image":[{"url":"https:\/\/www.prijedordanas.com\/wp-content\/uploads\/2026\/09\/dani-sporta-2026-plakat-212x300.jpg"}],"author":"admin","twitter_card":"summary_large_image","twitter_misc":{"Written by":"admin","Est. reading time":"2 minutes"},"schema":{"@context":"https:\/\/schema.org","@graph":[{"@type":"Article","@id":"https:\/\/www.prijedordanas.com\/?p=276003#article","isPartOf":{"@id":"https:\/\/www.prijedordanas.com\/?p=276003"},"author":{"name":"admin","@id":"https:\/\/www.prijedordanas.com\/#\/schema\/person\/4e08ccf29b506ca916ff86d46bb700e6"},"headline":"U ponedjeljak po\u010dinje trodnevna manifestacija &#8220;Dani sporta&#8221; &#8211; VIDEO","datePublished":"2026-09-04T16:32:33+00:00","dateModified":"2026-09-04T16:32:33+00:00","mainEntityOfPage":{"@id":"https:\/\/www.prijedordanas.com\/?p=276003"},"wordCount":310,"publisher":{"@id":"https:\/\/www.prijedordanas.com\/#organization"},"articleSection":["Sport"],"inLanguage":"en-US"},{"@type":"WebPage","@id":"https:\/\/www.prijedordanas.com\/?p=276003","url":"https:\/\/www.prijedordanas.com\/?p=276003","name":"U ponedjeljak po\u010dinje trodnevna manifestacija \"Dani sporta\" - VIDEO - PrijedorDanas.com - Prijedorski gradski portal","isPartOf":{"@id":"https:\/\/www.prijedordanas.com\/#website"},"datePublished":"2026-09-04T16:32:33+00:00","dateModified":"2026-09-04T16:32:33+00:00","breadcrumb":{"@id":"https:\/\/www.prijedordanas.com\/?p=276003#breadcrumb"},"inLanguage":"en-US","potentialAction":[{"@type":"ReadAction","target":["https:\/\/www.prijedordanas.com\/?p=276003"]}]},{"@type":"BreadcrumbList","@id":"https:\/\/www.prijedordanas.com\/?p=276003#breadcrumb","itemListElement":[{"@type":"ListItem","position":1,"name":"Home","item":"https:\/\/www.prijedordanas.com\/"},{"@type":"ListItem","position":2,"name":"U ponedjeljak po\u010dinje trodnevna manifestacija &#8220;Dani sporta&#8221; &#8211; VIDEO"}]},{"@type":"WebSite","@id":"https:\/\/www.prijedordanas.com\/#website","url":"https:\/\/www.prijedordanas.com\/","name":"PrijedorDanas.com - Prijedorski gradski portal","description":"Portal o doga\u0111anjima u gradu Prijedoru","publisher":{"@id":"https:\/\/www.prijedordanas.com\/#organization"},"potentialAction":[{"@type":"SearchAction","target":{"@type":"EntryPoint","urlTemplate":"https:\/\/www.prijedordanas.com\/?s={search_term_string}"},"query-input":"required name=search_term_string"}],"inLanguage":"en-US"},{"@type":"Organization","@id":"https:\/\/www.prijedordanas.com\/#organization","name":"PrijedorDanas.com","url":"https:\/\/www.prijedordanas.com\/","logo":{"@type":"ImageObject","inLanguage":"en-US","@id":"https:\/\/www.prijedordanas.com\/#\/schema\/logo\/image\/","url":"http:\/\/www.prijedordanas.com\/wp-content\/uploads\/2021\/12\/logopng.png","contentUrl":"http:\/\/www.prijedordanas.com\/wp-content\/uploads\/2021\/12\/logopng.png","width":1019,"height":776,"caption":"PrijedorDanas.com"},"image":{"@id":"https:\/\/www.prijedordanas.com\/#\/schema\/logo\/image\/"},"sameAs":["https:\/\/www.facebook.com\/PrijedorDanasCom\/"]},{"@type":"Person","@id":"https:\/\/www.prijedordanas.com\/#\/schema\/person\/4e08ccf29b506ca916ff86d46bb700e6","name":"admin","image":{"@type":"ImageObject","inLanguage":"en-US","@id":"https:\/\/www.prijedordanas.com\/#\/schema\/person\/image\/","url":"https:\/\/secure.gravatar.com\/avatar\/1d3fc949d550f0b53a5f0d51e06dfd79?s=96&d=mm&r=g","contentUrl":"https:\/\/secure.gravatar.com\/avatar\/1d3fc949d550f0b53a5f0d51e06dfd79?s=96&d=mm&r=g","caption":"admin"},"url":"https:\/\/www.prijedordanas.com\/?author=1"}]}},"_links":{"self":[{"href":"https:\/\/www.prijedordanas.com\/index.php?rest_route=\/wp\/v2\/posts\/276003"}],"collection":[{"href":"https:\/\/www.prijedordanas.com\/index.php?rest_route=\/wp\/v2\/posts"}],"about":[{"href":"https:\/\/www.prijedordanas.com\/index.php?rest_route=\/wp\/v2\/types\/post"}],"author":[{"embeddable":true,"href":"https:\/\/www.prijedordanas.com\/index.php?rest_route=\/wp\/v2\/users\/1"}],"replies":[{"embeddable":true,"href":"https:\/\/www.prijedordanas.com\/index.php?rest_route=%2Fwp%2Fv2%2Fcomments&post=276003"}],"version-history":[{"count":1,"href":"https:\/\/www.prijedordanas.com\/index.php?rest_route=\/wp\/v2\/posts\/276003\/revisions"}],"predecessor-version":[{"id":276006,"href":"https:\/\/www.prijedordanas.com\/index.php?rest_route=\/wp\/v2\/posts\/276003\/revisions\/276006"}],"wp:attachment":[{"href":"https:\/\/www.prijedordanas.com\/index.php?rest_route=%2Fwp%2Fv2%2Fmedia&parent=276003"}],"wp:term":[{"taxonomy":"category","embeddable":true,"href":"https:\/\/www.prijedordanas.com\/index.php?rest_route=%2Fwp%2Fv2%2Fcategories&post=276003"},{"taxonomy":"post_tag","embeddable":true,"href":"https:\/\/www.prijedordanas.com\/index.php?rest_route=%2Fwp%2Fv2%2Ftags&post=276003"}],"curies":[{"name":"wp","href":"https:\/\/api.w.org\/{rel}","templated":true}]}}