{"id":275898,"date":"2026-09-03T15:00:13","date_gmt":"2026-09-03T13:00:13","guid":{"rendered":"https:\/\/www.prijedordanas.com\/?p=275898"},"modified":"2026-09-03T15:00:13","modified_gmt":"2026-09-03T13:00:13","slug":"sjecanje-na-nikolu-svecano-otvorena-ucionica-na-otvorenom-barosica-foto","status":"publish","type":"post","link":"https:\/\/www.prijedordanas.com\/?p=275898","title":{"rendered":"Sje\u0107anje na Nikolu: Sve\u010dano otvorena u\u010dionica na otvorenom &#8220;Baro\u0161ica&#8221; &#8211; FOTO"},"content":{"rendered":"<p><a href=\"https:\/\/www.prijedordanas.com\/wp-content\/uploads\/2026\/09\/barosica-otvor-1.jpg\"><img loading=\"lazy\" decoding=\"async\" class=\"alignleft size-medium wp-image-275889\" src=\"https:\/\/www.prijedordanas.com\/wp-content\/uploads\/2026\/09\/barosica-otvor-1-300x225.jpg\" alt=\"\" width=\"300\" height=\"225\" srcset=\"https:\/\/www.prijedordanas.com\/wp-content\/uploads\/2026\/09\/barosica-otvor-1-300x225.jpg 300w, https:\/\/www.prijedordanas.com\/wp-content\/uploads\/2026\/09\/barosica-otvor-1-640x480.jpg 640w, https:\/\/www.prijedordanas.com\/wp-content\/uploads\/2026\/09\/barosica-otvor-1.jpg 667w\" sizes=\"(max-width: 300px) 100vw, 300px\" \/><\/a>U dvori\u0161tu Osnovne \u0161kole \u201cDositej Obradovi\u0107\u201d sve\u010dano je otvorena U\u010dionica na otvorenom \u201cBaro\u0161ica\u201d, nazvana po nadimku u\u010denika ove \u0161kole Nikole Baro\u0161a, koji je preminuo 2024. u 13. godini, od posljedica rijetke genske mutacije.<\/p>\n<p>Vrpcu su presjekli Nikolini \u0161kolski drugovi.<\/p>\n<p>Marija Rodi\u0107 ka\u017ee da svog najboljeg prijatelja pamti po vedroj prirodi i spremnosti da pomogne drugima.<\/p>\n<p>\u201cNikola je bio veoma pametan, uvijek mi je pomagao i bio tu za mene. Trenirali smo zajedno razne sportove i i\u0161li na horove. Gdje je on i\u0161ao, i\u0161la sam i ja\u201d, rekla je Marija.<\/p>\n<p><a href=\"https:\/\/www.prijedordanas.com\/wp-content\/uploads\/2026\/09\/barosica-otvor-2.jpg\"><img loading=\"lazy\" decoding=\"async\" class=\"alignleft size-medium wp-image-275890\" src=\"https:\/\/www.prijedordanas.com\/wp-content\/uploads\/2026\/09\/barosica-otvor-2-300x225.jpg\" alt=\"\" width=\"300\" height=\"225\" srcset=\"https:\/\/www.prijedordanas.com\/wp-content\/uploads\/2026\/09\/barosica-otvor-2-300x225.jpg 300w, https:\/\/www.prijedordanas.com\/wp-content\/uploads\/2026\/09\/barosica-otvor-2-640x480.jpg 640w, https:\/\/www.prijedordanas.com\/wp-content\/uploads\/2026\/09\/barosica-otvor-2.jpg 667w\" sizes=\"(max-width: 300px) 100vw, 300px\" \/><\/a>U\u010dionica je projekat Fondacije \u201cNikola Baro\u0161\u201d, koju vodi njegova porodica, uz poruku da iz ljubavi nastaju najljep\u0161a mjesta.<\/p>\n<p>Me\u0111u osniva\u010dima Fondacije je i Nikolina sestra Milica Baro\u0161.<\/p>\n<p>Navela je da se ideja za U\u010dionicu na otvorenom rodila neposredno nakon \u0161to su izgubili Nikolu.<\/p>\n<p>\u201cJedan od razloga zbog \u010dega smo \u017eeljeli da pokrenemo ovaj projekat je zato \u0161to je Nikola obo\u017eavao ovu \u0161kolu i djecu. Zbog bolesti je dosta godina proveo u ku\u0107i i nije mogao da izlazi niti da se dru\u017ei s prijateljima. Ova ideja je nekako bila u znak ljubavi prema ovoj \u0161koli i prema njegovim drugarima\u201d, rekla je Milica.<\/p>\n<p><a href=\"https:\/\/www.prijedordanas.com\/wp-content\/uploads\/2026\/09\/barosica-otvor-3.jpg\"><img loading=\"lazy\" decoding=\"async\" class=\"alignleft size-medium wp-image-275891\" src=\"https:\/\/www.prijedordanas.com\/wp-content\/uploads\/2026\/09\/barosica-otvor-3-300x225.jpg\" alt=\"\" width=\"300\" height=\"225\" srcset=\"https:\/\/www.prijedordanas.com\/wp-content\/uploads\/2026\/09\/barosica-otvor-3-300x225.jpg 300w, https:\/\/www.prijedordanas.com\/wp-content\/uploads\/2026\/09\/barosica-otvor-3-640x480.jpg 640w, https:\/\/www.prijedordanas.com\/wp-content\/uploads\/2026\/09\/barosica-otvor-3.jpg 667w\" sizes=\"(max-width: 300px) 100vw, 300px\" \/><\/a>Brojne su prednosti nastave na otvorenom, a u ovoj u\u010dionici djeca \u0107e rado usvajati nova znanja.<\/p>\n<p>Iz uprave Osnovne \u0161kole \u201cDositej Obradovi\u0107\u201d izrazili su zahvalnost Fondaciji \u201cNikola Baro\u0161\u201d, porodici i svima koji su pomogli da se realizuje ovaj projekat i da dobiju jednu od rijetkih u\u010dionica na otvorenom u Republici Srpskoj.<\/p>\n<p>U\u010dionica \u0107e, kako je re\u010deno, ostati kao jo\u0161 jedan na\u010din da \u010duvaju uspomenu na svog voljenog druga i u\u010denika.<\/p>\n<p>Izgradnja U\u010dionice, ukupne vrijednosti 47.560 maraka, zavr\u0161ena je za nekoliko mjeseci, zahvaljuju\u0107i podr\u0161ci brojnih gra\u0111ana, organizacija i institucija, Grada Prijedora i Kabineta predsjednika Republike.<\/p>\n<p>Njima su ovom prilikom uru\u010dene zahvalnice.<\/p>\n<p>Ova sve\u010danost bila je veoma emotivna za sve prisutne, a zavr\u0161io ju je Zoran Baro\u0161, Nikolin otac, citatom iz njegovog \u0161kolskog sastava:<\/p>\n<p>\u201cNajve\u0107i poklon koji mo\u017ee\u0161 dati nekome je kada mu pokloni\u0161 svoju pa\u017enju i vrijeme, a to ide iz srca.\u201d<\/p>\n<p><a href=\"https:\/\/kozarski.com\/sjecanje-na-nikolu-svecano-otvorena-ucionica-na-otvorenom-barosica\/\" target=\"_blank\" rel=\"noopener\">kozarski.com<\/a><\/p>\n<p><a href=\"https:\/\/www.prijedordanas.com\/wp-content\/uploads\/2026\/09\/barosica-otvor-4.jpg\"><img loading=\"lazy\" decoding=\"async\" src=\"https:\/\/www.prijedordanas.com\/wp-content\/uploads\/2026\/09\/barosica-otvor-4-300x225.jpg\" alt=\"\" width=\"300\" height=\"225\" class=\"alignleft size-medium wp-image-275892\" srcset=\"https:\/\/www.prijedordanas.com\/wp-content\/uploads\/2026\/09\/barosica-otvor-4-300x225.jpg 300w, https:\/\/www.prijedordanas.com\/wp-content\/uploads\/2026\/09\/barosica-otvor-4-640x480.jpg 640w, https:\/\/www.prijedordanas.com\/wp-content\/uploads\/2026\/09\/barosica-otvor-4.jpg 667w\" sizes=\"(max-width: 300px) 100vw, 300px\" \/><\/a> <a href=\"https:\/\/www.prijedordanas.com\/wp-content\/uploads\/2026\/09\/barosica-otvor-5.jpg\"><img loading=\"lazy\" decoding=\"async\" src=\"https:\/\/www.prijedordanas.com\/wp-content\/uploads\/2026\/09\/barosica-otvor-5-300x225.jpg\" alt=\"\" width=\"300\" height=\"225\" class=\"alignleft size-medium wp-image-275893\" srcset=\"https:\/\/www.prijedordanas.com\/wp-content\/uploads\/2026\/09\/barosica-otvor-5-300x225.jpg 300w, https:\/\/www.prijedordanas.com\/wp-content\/uploads\/2026\/09\/barosica-otvor-5-640x480.jpg 640w, https:\/\/www.prijedordanas.com\/wp-content\/uploads\/2026\/09\/barosica-otvor-5.jpg 667w\" sizes=\"(max-width: 300px) 100vw, 300px\" \/><\/a> <a href=\"https:\/\/www.prijedordanas.com\/wp-content\/uploads\/2026\/09\/barosica-otvor-6.jpg\"><img loading=\"lazy\" decoding=\"async\" src=\"https:\/\/www.prijedordanas.com\/wp-content\/uploads\/2026\/09\/barosica-otvor-6-300x200.jpg\" alt=\"\" width=\"300\" height=\"200\" class=\"alignleft size-medium wp-image-275894\" srcset=\"https:\/\/www.prijedordanas.com\/wp-content\/uploads\/2026\/09\/barosica-otvor-6-300x200.jpg 300w, https:\/\/www.prijedordanas.com\/wp-content\/uploads\/2026\/09\/barosica-otvor-6-480x320.jpg 480w, https:\/\/www.prijedordanas.com\/wp-content\/uploads\/2026\/09\/barosica-otvor-6.jpg 600w\" sizes=\"(max-width: 300px) 100vw, 300px\" \/><\/a> <a href=\"https:\/\/www.prijedordanas.com\/wp-content\/uploads\/2026\/09\/barosica-otvor-7.jpg\"><img loading=\"lazy\" decoding=\"async\" src=\"https:\/\/www.prijedordanas.com\/wp-content\/uploads\/2026\/09\/barosica-otvor-7-300x200.jpg\" alt=\"\" width=\"300\" height=\"200\" class=\"alignleft size-medium wp-image-275895\" srcset=\"https:\/\/www.prijedordanas.com\/wp-content\/uploads\/2026\/09\/barosica-otvor-7-300x200.jpg 300w, https:\/\/www.prijedordanas.com\/wp-content\/uploads\/2026\/09\/barosica-otvor-7-480x320.jpg 480w, https:\/\/www.prijedordanas.com\/wp-content\/uploads\/2026\/09\/barosica-otvor-7.jpg 600w\" sizes=\"(max-width: 300px) 100vw, 300px\" \/><\/a><\/p>\n","protected":false},"excerpt":{"rendered":"<p>U dvori\u0161tu Osnovne \u0161kole \u201cDositej Obradovi\u0107\u201d sve\u010dano je otvorena U\u010dionica na otvorenom \u201cBaro\u0161ica\u201d, nazvana po nadimku u\u010denika ove \u0161kole Nikole Baro\u0161a, koji je preminuo 2024. u 13. godini, od posljedica [&hellip;]<\/p>\n","protected":false},"author":1,"featured_media":0,"comment_status":"closed","ping_status":"open","sticky":false,"template":"","format":"standard","meta":{"_monsterinsights_skip_tracking":false,"_monsterinsights_sitenote_active":false,"_monsterinsights_sitenote_note":"","_monsterinsights_sitenote_category":0,"footnotes":""},"categories":[4,7515],"tags":[],"yoast_head":"<!-- This site is optimized with the Yoast SEO plugin v21.6 - https:\/\/yoast.com\/wordpress\/plugins\/seo\/ -->\n<title>Sje\u0107anje na Nikolu: Sve\u010dano otvorena u\u010dionica na otvorenom &quot;Baro\u0161ica&quot; - FOTO - PrijedorDanas.com - Prijedorski gradski portal<\/title>\n<meta name=\"robots\" content=\"index, follow, max-snippet:-1, max-image-preview:large, max-video-preview:-1\" \/>\n<link rel=\"canonical\" href=\"https:\/\/www.prijedordanas.com\/?p=275898\" \/>\n<meta property=\"og:locale\" content=\"en_US\" \/>\n<meta property=\"og:type\" content=\"article\" \/>\n<meta property=\"og:title\" content=\"Sje\u0107anje na Nikolu: Sve\u010dano otvorena u\u010dionica na otvorenom &quot;Baro\u0161ica&quot; - FOTO - PrijedorDanas.com - Prijedorski gradski portal\" \/>\n<meta property=\"og:description\" content=\"U dvori\u0161tu Osnovne \u0161kole \u201cDositej Obradovi\u0107\u201d sve\u010dano je otvorena U\u010dionica na otvorenom \u201cBaro\u0161ica\u201d, nazvana po nadimku u\u010denika ove \u0161kole Nikole Baro\u0161a, koji je preminuo 2024. u 13. godini, od posljedica [&hellip;]\" \/>\n<meta property=\"og:url\" content=\"https:\/\/www.prijedordanas.com\/?p=275898\" \/>\n<meta property=\"og:site_name\" content=\"PrijedorDanas.com - Prijedorski gradski portal\" \/>\n<meta property=\"article:publisher\" content=\"https:\/\/www.facebook.com\/PrijedorDanasCom\/\" \/>\n<meta property=\"article:published_time\" content=\"2026-09-03T13:00:13+00:00\" \/>\n<meta property=\"og:image\" content=\"https:\/\/www.prijedordanas.com\/wp-content\/uploads\/2026\/09\/barosica-otvor-1-300x225.jpg\" \/>\n<meta name=\"author\" content=\"admin\" \/>\n<meta name=\"twitter:card\" content=\"summary_large_image\" \/>\n<meta name=\"twitter:label1\" content=\"Written by\" \/>\n\t<meta name=\"twitter:data1\" content=\"admin\" \/>\n<script type=\"application\/ld+json\" class=\"yoast-schema-graph\">{\"@context\":\"https:\/\/schema.org\",\"@graph\":[{\"@type\":\"Article\",\"@id\":\"https:\/\/www.prijedordanas.com\/?p=275898#article\",\"isPartOf\":{\"@id\":\"https:\/\/www.prijedordanas.com\/?p=275898\"},\"author\":{\"name\":\"admin\",\"@id\":\"https:\/\/www.prijedordanas.com\/#\/schema\/person\/4e08ccf29b506ca916ff86d46bb700e6\"},\"headline\":\"Sje\u0107anje na Nikolu: Sve\u010dano otvorena u\u010dionica na otvorenom &#8220;Baro\u0161ica&#8221; &#8211; FOTO\",\"datePublished\":\"2026-09-03T13:00:13+00:00\",\"dateModified\":\"2026-09-03T13:00:13+00:00\",\"mainEntityOfPage\":{\"@id\":\"https:\/\/www.prijedordanas.com\/?p=275898\"},\"wordCount\":380,\"publisher\":{\"@id\":\"https:\/\/www.prijedordanas.com\/#organization\"},\"articleSection\":[\"Dru\u0161tvo\",\"Foto dana\"],\"inLanguage\":\"en-US\"},{\"@type\":\"WebPage\",\"@id\":\"https:\/\/www.prijedordanas.com\/?p=275898\",\"url\":\"https:\/\/www.prijedordanas.com\/?p=275898\",\"name\":\"Sje\u0107anje na Nikolu: Sve\u010dano otvorena u\u010dionica na otvorenom \\\"Baro\u0161ica\\\" - FOTO - PrijedorDanas.com - Prijedorski gradski portal\",\"isPartOf\":{\"@id\":\"https:\/\/www.prijedordanas.com\/#website\"},\"datePublished\":\"2026-09-03T13:00:13+00:00\",\"dateModified\":\"2026-09-03T13:00:13+00:00\",\"breadcrumb\":{\"@id\":\"https:\/\/www.prijedordanas.com\/?p=275898#breadcrumb\"},\"inLanguage\":\"en-US\",\"potentialAction\":[{\"@type\":\"ReadAction\",\"target\":[\"https:\/\/www.prijedordanas.com\/?p=275898\"]}]},{\"@type\":\"BreadcrumbList\",\"@id\":\"https:\/\/www.prijedordanas.com\/?p=275898#breadcrumb\",\"itemListElement\":[{\"@type\":\"ListItem\",\"position\":1,\"name\":\"Home\",\"item\":\"https:\/\/www.prijedordanas.com\/\"},{\"@type\":\"ListItem\",\"position\":2,\"name\":\"Sje\u0107anje na Nikolu: Sve\u010dano otvorena u\u010dionica na otvorenom &#8220;Baro\u0161ica&#8221; &#8211; FOTO\"}]},{\"@type\":\"WebSite\",\"@id\":\"https:\/\/www.prijedordanas.com\/#website\",\"url\":\"https:\/\/www.prijedordanas.com\/\",\"name\":\"PrijedorDanas.com - Prijedorski gradski portal\",\"description\":\"Portal o doga\u0111anjima u gradu Prijedoru\",\"publisher\":{\"@id\":\"https:\/\/www.prijedordanas.com\/#organization\"},\"potentialAction\":[{\"@type\":\"SearchAction\",\"target\":{\"@type\":\"EntryPoint\",\"urlTemplate\":\"https:\/\/www.prijedordanas.com\/?s={search_term_string}\"},\"query-input\":\"required name=search_term_string\"}],\"inLanguage\":\"en-US\"},{\"@type\":\"Organization\",\"@id\":\"https:\/\/www.prijedordanas.com\/#organization\",\"name\":\"PrijedorDanas.com\",\"url\":\"https:\/\/www.prijedordanas.com\/\",\"logo\":{\"@type\":\"ImageObject\",\"inLanguage\":\"en-US\",\"@id\":\"https:\/\/www.prijedordanas.com\/#\/schema\/logo\/image\/\",\"url\":\"http:\/\/www.prijedordanas.com\/wp-content\/uploads\/2021\/12\/logopng.png\",\"contentUrl\":\"http:\/\/www.prijedordanas.com\/wp-content\/uploads\/2021\/12\/logopng.png\",\"width\":1019,\"height\":776,\"caption\":\"PrijedorDanas.com\"},\"image\":{\"@id\":\"https:\/\/www.prijedordanas.com\/#\/schema\/logo\/image\/\"},\"sameAs\":[\"https:\/\/www.facebook.com\/PrijedorDanasCom\/\"]},{\"@type\":\"Person\",\"@id\":\"https:\/\/www.prijedordanas.com\/#\/schema\/person\/4e08ccf29b506ca916ff86d46bb700e6\",\"name\":\"admin\",\"image\":{\"@type\":\"ImageObject\",\"inLanguage\":\"en-US\",\"@id\":\"https:\/\/www.prijedordanas.com\/#\/schema\/person\/image\/\",\"url\":\"https:\/\/secure.gravatar.com\/avatar\/1d3fc949d550f0b53a5f0d51e06dfd79?s=96&d=mm&r=g\",\"contentUrl\":\"https:\/\/secure.gravatar.com\/avatar\/1d3fc949d550f0b53a5f0d51e06dfd79?s=96&d=mm&r=g\",\"caption\":\"admin\"},\"url\":\"https:\/\/www.prijedordanas.com\/?author=1\"}]}<\/script>\n<!-- \/ Yoast SEO plugin. -->","yoast_head_json":{"title":"Sje\u0107anje na Nikolu: Sve\u010dano otvorena u\u010dionica na otvorenom \"Baro\u0161ica\" - FOTO - PrijedorDanas.com - Prijedorski gradski portal","robots":{"index":"index","follow":"follow","max-snippet":"max-snippet:-1","max-image-preview":"max-image-preview:large","max-video-preview":"max-video-preview:-1"},"canonical":"https:\/\/www.prijedordanas.com\/?p=275898","og_locale":"en_US","og_type":"article","og_title":"Sje\u0107anje na Nikolu: Sve\u010dano otvorena u\u010dionica na otvorenom \"Baro\u0161ica\" - FOTO - PrijedorDanas.com - Prijedorski gradski portal","og_description":"U dvori\u0161tu Osnovne \u0161kole \u201cDositej Obradovi\u0107\u201d sve\u010dano je otvorena U\u010dionica na otvorenom \u201cBaro\u0161ica\u201d, nazvana po nadimku u\u010denika ove \u0161kole Nikole Baro\u0161a, koji je preminuo 2024. u 13. godini, od posljedica [&hellip;]","og_url":"https:\/\/www.prijedordanas.com\/?p=275898","og_site_name":"PrijedorDanas.com - Prijedorski gradski portal","article_publisher":"https:\/\/www.facebook.com\/PrijedorDanasCom\/","article_published_time":"2026-09-03T13:00:13+00:00","og_image":[{"url":"https:\/\/www.prijedordanas.com\/wp-content\/uploads\/2026\/09\/barosica-otvor-1-300x225.jpg"}],"author":"admin","twitter_card":"summary_large_image","twitter_misc":{"Written by":"admin"},"schema":{"@context":"https:\/\/schema.org","@graph":[{"@type":"Article","@id":"https:\/\/www.prijedordanas.com\/?p=275898#article","isPartOf":{"@id":"https:\/\/www.prijedordanas.com\/?p=275898"},"author":{"name":"admin","@id":"https:\/\/www.prijedordanas.com\/#\/schema\/person\/4e08ccf29b506ca916ff86d46bb700e6"},"headline":"Sje\u0107anje na Nikolu: Sve\u010dano otvorena u\u010dionica na otvorenom &#8220;Baro\u0161ica&#8221; &#8211; FOTO","datePublished":"2026-09-03T13:00:13+00:00","dateModified":"2026-09-03T13:00:13+00:00","mainEntityOfPage":{"@id":"https:\/\/www.prijedordanas.com\/?p=275898"},"wordCount":380,"publisher":{"@id":"https:\/\/www.prijedordanas.com\/#organization"},"articleSection":["Dru\u0161tvo","Foto dana"],"inLanguage":"en-US"},{"@type":"WebPage","@id":"https:\/\/www.prijedordanas.com\/?p=275898","url":"https:\/\/www.prijedordanas.com\/?p=275898","name":"Sje\u0107anje na Nikolu: Sve\u010dano otvorena u\u010dionica na otvorenom \"Baro\u0161ica\" - FOTO - PrijedorDanas.com - Prijedorski gradski portal","isPartOf":{"@id":"https:\/\/www.prijedordanas.com\/#website"},"datePublished":"2026-09-03T13:00:13+00:00","dateModified":"2026-09-03T13:00:13+00:00","breadcrumb":{"@id":"https:\/\/www.prijedordanas.com\/?p=275898#breadcrumb"},"inLanguage":"en-US","potentialAction":[{"@type":"ReadAction","target":["https:\/\/www.prijedordanas.com\/?p=275898"]}]},{"@type":"BreadcrumbList","@id":"https:\/\/www.prijedordanas.com\/?p=275898#breadcrumb","itemListElement":[{"@type":"ListItem","position":1,"name":"Home","item":"https:\/\/www.prijedordanas.com\/"},{"@type":"ListItem","position":2,"name":"Sje\u0107anje na Nikolu: Sve\u010dano otvorena u\u010dionica na otvorenom &#8220;Baro\u0161ica&#8221; &#8211; FOTO"}]},{"@type":"WebSite","@id":"https:\/\/www.prijedordanas.com\/#website","url":"https:\/\/www.prijedordanas.com\/","name":"PrijedorDanas.com - Prijedorski gradski portal","description":"Portal o doga\u0111anjima u gradu Prijedoru","publisher":{"@id":"https:\/\/www.prijedordanas.com\/#organization"},"potentialAction":[{"@type":"SearchAction","target":{"@type":"EntryPoint","urlTemplate":"https:\/\/www.prijedordanas.com\/?s={search_term_string}"},"query-input":"required name=search_term_string"}],"inLanguage":"en-US"},{"@type":"Organization","@id":"https:\/\/www.prijedordanas.com\/#organization","name":"PrijedorDanas.com","url":"https:\/\/www.prijedordanas.com\/","logo":{"@type":"ImageObject","inLanguage":"en-US","@id":"https:\/\/www.prijedordanas.com\/#\/schema\/logo\/image\/","url":"http:\/\/www.prijedordanas.com\/wp-content\/uploads\/2021\/12\/logopng.png","contentUrl":"http:\/\/www.prijedordanas.com\/wp-content\/uploads\/2021\/12\/logopng.png","width":1019,"height":776,"caption":"PrijedorDanas.com"},"image":{"@id":"https:\/\/www.prijedordanas.com\/#\/schema\/logo\/image\/"},"sameAs":["https:\/\/www.facebook.com\/PrijedorDanasCom\/"]},{"@type":"Person","@id":"https:\/\/www.prijedordanas.com\/#\/schema\/person\/4e08ccf29b506ca916ff86d46bb700e6","name":"admin","image":{"@type":"ImageObject","inLanguage":"en-US","@id":"https:\/\/www.prijedordanas.com\/#\/schema\/person\/image\/","url":"https:\/\/secure.gravatar.com\/avatar\/1d3fc949d550f0b53a5f0d51e06dfd79?s=96&d=mm&r=g","contentUrl":"https:\/\/secure.gravatar.com\/avatar\/1d3fc949d550f0b53a5f0d51e06dfd79?s=96&d=mm&r=g","caption":"admin"},"url":"https:\/\/www.prijedordanas.com\/?author=1"}]}},"_links":{"self":[{"href":"https:\/\/www.prijedordanas.com\/index.php?rest_route=\/wp\/v2\/posts\/275898"}],"collection":[{"href":"https:\/\/www.prijedordanas.com\/index.php?rest_route=\/wp\/v2\/posts"}],"about":[{"href":"https:\/\/www.prijedordanas.com\/index.php?rest_route=\/wp\/v2\/types\/post"}],"author":[{"embeddable":true,"href":"https:\/\/www.prijedordanas.com\/index.php?rest_route=\/wp\/v2\/users\/1"}],"replies":[{"embeddable":true,"href":"https:\/\/www.prijedordanas.com\/index.php?rest_route=%2Fwp%2Fv2%2Fcomments&post=275898"}],"version-history":[{"count":1,"href":"https:\/\/www.prijedordanas.com\/index.php?rest_route=\/wp\/v2\/posts\/275898\/revisions"}],"predecessor-version":[{"id":275899,"href":"https:\/\/www.prijedordanas.com\/index.php?rest_route=\/wp\/v2\/posts\/275898\/revisions\/275899"}],"wp:attachment":[{"href":"https:\/\/www.prijedordanas.com\/index.php?rest_route=%2Fwp%2Fv2%2Fmedia&parent=275898"}],"wp:term":[{"taxonomy":"category","embeddable":true,"href":"https:\/\/www.prijedordanas.com\/index.php?rest_route=%2Fwp%2Fv2%2Fcategories&post=275898"},{"taxonomy":"post_tag","embeddable":true,"href":"https:\/\/www.prijedordanas.com\/index.php?rest_route=%2Fwp%2Fv2%2Ftags&post=275898"}],"curies":[{"name":"wp","href":"https:\/\/api.w.org\/{rel}","templated":true}]}}