{"id":275767,"date":"2026-09-01T23:49:36","date_gmt":"2026-09-01T21:49:36","guid":{"rendered":"https:\/\/www.prijedordanas.com\/?p=275767"},"modified":"2026-09-01T23:49:36","modified_gmt":"2026-09-01T21:49:36","slug":"u-os-petar-kocic-odrzan-saobracajni-cas-za-prvacice-prisustvovao-i-ministar-budimir-video","status":"publish","type":"post","link":"https:\/\/www.prijedordanas.com\/?p=275767","title":{"rendered":"U O\u0160 &#8220;Petar Ko\u010di\u0107&#8221; odr\u017ean saobra\u0107ajni \u010das za prva\u010di\u0107e: Prisustvovao i ministar Budimir &#8211; VIDEO"},"content":{"rendered":"<p><a href=\"https:\/\/www.prijedordanas.com\/wp-content\/uploads\/2026\/09\/os-petar-kocic-saobracajni-cas-prvacici-ministar-budimir-1.jpg\"><img loading=\"lazy\" decoding=\"async\" class=\"alignleft size-medium wp-image-275778\" src=\"https:\/\/www.prijedordanas.com\/wp-content\/uploads\/2026\/09\/os-petar-kocic-saobracajni-cas-prvacici-ministar-budimir-1-300x225.jpg\" alt=\"\" width=\"300\" height=\"225\" srcset=\"https:\/\/www.prijedordanas.com\/wp-content\/uploads\/2026\/09\/os-petar-kocic-saobracajni-cas-prvacici-ministar-budimir-1-300x225.jpg 300w, https:\/\/www.prijedordanas.com\/wp-content\/uploads\/2026\/09\/os-petar-kocic-saobracajni-cas-prvacici-ministar-budimir-1-640x480.jpg 640w, https:\/\/www.prijedordanas.com\/wp-content\/uploads\/2026\/09\/os-petar-kocic-saobracajni-cas-prvacici-ministar-budimir-1.jpg 667w\" sizes=\"(max-width: 300px) 100vw, 300px\" \/><\/a>U prijedorskoj Osnovnoj \u0161koli \u201cPetar Ko\u010di\u0107\u201d prvi \u0161kolski dan protekao je u znaku kampanje \u201cZa\u0161titimo djecu u saobra\u0107aju\u201d, kojem je prisustvovao i ministar unutra\u0161njih poslova \u017deljko Budimir.<\/p>\n<p>Najmla\u0111im \u0111acima odr\u017eano je edukativno predavanje uz animirani film, kako bi od prvog koraka savladali osnovna pravila kretanja od ku\u0107e do \u0161kole.<\/p>\n<p>U ovoj ustanovi, koja sa podru\u010dnim \u0161kolama broji vi\u0161e od hiljadu i sto u\u010denika, isti\u010du da je bezbjednost djece na prvom mjestu i da imaju odli\u010dnu saradnju sa pripadnicima policije.<\/p>\n<p>\u201cImamo jako dobru saradnju sa predstavnicima Policijske uprave Prijedor i Policijskom stanicom za bezbjednost saobra\u0107aja. Oni redovno odr\u017eavaju edukativna predavanja za na\u0161e u\u010denike od prvog do tre\u0107eg razreda, a imamo i \u0161kolskog policajca. Kad god se uka\u017ee potreba za edukacijom o odre\u0111enoj temi, uvijek su tu da nam iza\u0111u u susret i odr\u017ee predavanje\u201d, kazala je Vesna Pavi\u0107, direktor Osnovne \u0161kole \u201cPetar Ko\u010di\u0107\u201d.<\/p>\n<p><a href=\"https:\/\/www.prijedordanas.com\/wp-content\/uploads\/2026\/09\/os-petar-kocic-saobracajni-cas-prvacici-ministar-budimir-2.jpg\"><img loading=\"lazy\" decoding=\"async\" class=\"alignleft size-medium wp-image-275779\" src=\"https:\/\/www.prijedordanas.com\/wp-content\/uploads\/2026\/09\/os-petar-kocic-saobracajni-cas-prvacici-ministar-budimir-2-300x225.jpg\" alt=\"\" width=\"300\" height=\"225\" srcset=\"https:\/\/www.prijedordanas.com\/wp-content\/uploads\/2026\/09\/os-petar-kocic-saobracajni-cas-prvacici-ministar-budimir-2-300x225.jpg 300w, https:\/\/www.prijedordanas.com\/wp-content\/uploads\/2026\/09\/os-petar-kocic-saobracajni-cas-prvacici-ministar-budimir-2-640x480.jpg 640w, https:\/\/www.prijedordanas.com\/wp-content\/uploads\/2026\/09\/os-petar-kocic-saobracajni-cas-prvacici-ministar-budimir-2.jpg 667w\" sizes=\"(max-width: 300px) 100vw, 300px\" \/><\/a>Edukativnom \u010dasu prisustvovao je, uz ministra MUP-a, i direktor Policije Republike Srpske Sini\u0161a Kostre\u0161evi\u0107.<\/p>\n<p>Iz MUP-a poru\u010duju da \u0107e policijske patrole tokom \u010ditavog septembra poja\u010dano de\u017eurati u blizini svih \u0161kola.<\/p>\n<p>\u201cOva akcija je ve\u0107 tradicionalna. Policija \u0107e kroz poja\u010dano prisustvo pored \u0161kola, edukativni rad i kontrole radarima u\u010diniti sve da natjera voza\u010de na dodatnu opreznost prilikom prolaska pored \u0161kolskih objekata i du\u017e trasa kojima se kre\u0107u u\u010denici\u201d, naglasio je Budimir.<\/p>\n<p>Ministar je poseban apel uputio voza\u010dima, ali i pohvalio njihove navike posljednjih godina kada je rije\u010d o \u0161kolskim zonama.<\/p>\n<p><a href=\"https:\/\/www.prijedordanas.com\/wp-content\/uploads\/2026\/09\/os-petar-kocic-saobracajni-cas-prvacici-ministar-budimir-3.jpg\"><img loading=\"lazy\" decoding=\"async\" src=\"https:\/\/www.prijedordanas.com\/wp-content\/uploads\/2026\/09\/os-petar-kocic-saobracajni-cas-prvacici-ministar-budimir-3-300x225.jpg\" alt=\"\" width=\"300\" height=\"225\" class=\"alignleft size-medium wp-image-275780\" srcset=\"https:\/\/www.prijedordanas.com\/wp-content\/uploads\/2026\/09\/os-petar-kocic-saobracajni-cas-prvacici-ministar-budimir-3-300x225.jpg 300w, https:\/\/www.prijedordanas.com\/wp-content\/uploads\/2026\/09\/os-petar-kocic-saobracajni-cas-prvacici-ministar-budimir-3-640x480.jpg 640w, https:\/\/www.prijedordanas.com\/wp-content\/uploads\/2026\/09\/os-petar-kocic-saobracajni-cas-prvacici-ministar-budimir-3.jpg 667w\" sizes=\"(max-width: 300px) 100vw, 300px\" \/><\/a>\u201cApelujem na voza\u010de da prilagode brzinu, a na roditelje koji dovoze djecu da ne ostavljaju vozila na kolovozu. Mi \u0107emo uraditi sve \u0161to je u na\u0161oj mo\u0107i \u2013 prije svega preventivno, jer su djeca budu\u0107nost Republike Srpske, a zatim i represivno prema onima koji su nesavjesni. Molim sve u\u010desnike u saobra\u0107aju, posebno u septembru dok se ne prilagodimo redovnom ritmu poslije odmora, da pove\u0107aju pa\u017enju\u201d, dodao je Budimir.<\/p>\n<p>Akcija \u201cZa\u0161titimo djecu u saobra\u0107aju\u201d sprovodi se tokom \u010ditavog septembra \u0161irom Republike Srpske, a iz MUP-a apeluju na sve voza\u010de da vo\u017enju prilagode uslovima na putu i obrate posebnu pa\u017enju na \u0161kolarce.<\/p>\n<p><a href=\"https:\/\/kozarski.com\/u-os-petar-kocic-odrzan-saobracajni-cas-za-prvacice\/\" target=\"_blank\" rel=\"noopener\">kozarski.com<\/a><\/p>\n<p><iframe loading=\"lazy\" title=\"BEZBJEDNOST NAJMLA\u0110IH NA PRVOM MJESTU\" width=\"500\" height=\"281\" src=\"https:\/\/www.youtube.com\/embed\/s9IoFbtBKrk?feature=oembed\" frameborder=\"0\" allow=\"accelerometer; autoplay; clipboard-write; encrypted-media; gyroscope; picture-in-picture; web-share\" referrerpolicy=\"strict-origin-when-cross-origin\" allowfullscreen><\/iframe><\/p>\n","protected":false},"excerpt":{"rendered":"<p>U prijedorskoj Osnovnoj \u0161koli \u201cPetar Ko\u010di\u0107\u201d prvi \u0161kolski dan protekao je u znaku kampanje \u201cZa\u0161titimo djecu u saobra\u0107aju\u201d, kojem je prisustvovao i ministar unutra\u0161njih poslova \u017deljko Budimir. Najmla\u0111im \u0111acima odr\u017eano [&hellip;]<\/p>\n","protected":false},"author":1,"featured_media":0,"comment_status":"closed","ping_status":"open","sticky":false,"template":"","format":"standard","meta":{"_monsterinsights_skip_tracking":false,"_monsterinsights_sitenote_active":false,"_monsterinsights_sitenote_note":"","_monsterinsights_sitenote_category":0,"footnotes":""},"categories":[7518],"tags":[],"yoast_head":"<!-- This site is optimized with the Yoast SEO plugin v21.6 - https:\/\/yoast.com\/wordpress\/plugins\/seo\/ -->\n<title>U O\u0160 &quot;Petar Ko\u010di\u0107&quot; odr\u017ean saobra\u0107ajni \u010das za prva\u010di\u0107e: Prisustvovao i ministar Budimir - VIDEO - PrijedorDanas.com - Prijedorski gradski portal<\/title>\n<meta name=\"robots\" content=\"index, follow, max-snippet:-1, max-image-preview:large, max-video-preview:-1\" \/>\n<link rel=\"canonical\" href=\"https:\/\/www.prijedordanas.com\/?p=275767\" \/>\n<meta property=\"og:locale\" content=\"en_US\" \/>\n<meta property=\"og:type\" content=\"article\" \/>\n<meta property=\"og:title\" content=\"U O\u0160 &quot;Petar Ko\u010di\u0107&quot; odr\u017ean saobra\u0107ajni \u010das za prva\u010di\u0107e: Prisustvovao i ministar Budimir - VIDEO - PrijedorDanas.com - Prijedorski gradski portal\" \/>\n<meta property=\"og:description\" content=\"U prijedorskoj Osnovnoj \u0161koli \u201cPetar Ko\u010di\u0107\u201d prvi \u0161kolski dan protekao je u znaku kampanje \u201cZa\u0161titimo djecu u saobra\u0107aju\u201d, kojem je prisustvovao i ministar unutra\u0161njih poslova \u017deljko Budimir. Najmla\u0111im \u0111acima odr\u017eano [&hellip;]\" \/>\n<meta property=\"og:url\" content=\"https:\/\/www.prijedordanas.com\/?p=275767\" \/>\n<meta property=\"og:site_name\" content=\"PrijedorDanas.com - Prijedorski gradski portal\" \/>\n<meta property=\"article:publisher\" content=\"https:\/\/www.facebook.com\/PrijedorDanasCom\/\" \/>\n<meta property=\"article:published_time\" content=\"2026-09-01T21:49:36+00:00\" \/>\n<meta property=\"og:image\" content=\"https:\/\/www.prijedordanas.com\/wp-content\/uploads\/2026\/09\/os-petar-kocic-saobracajni-cas-prvacici-ministar-budimir-1-300x225.jpg\" \/>\n<meta name=\"author\" content=\"admin\" \/>\n<meta name=\"twitter:card\" content=\"summary_large_image\" \/>\n<meta name=\"twitter:label1\" content=\"Written by\" \/>\n\t<meta name=\"twitter:data1\" content=\"admin\" \/>\n\t<meta name=\"twitter:label2\" content=\"Est. reading time\" \/>\n\t<meta name=\"twitter:data2\" content=\"2 minutes\" \/>\n<script type=\"application\/ld+json\" class=\"yoast-schema-graph\">{\"@context\":\"https:\/\/schema.org\",\"@graph\":[{\"@type\":\"Article\",\"@id\":\"https:\/\/www.prijedordanas.com\/?p=275767#article\",\"isPartOf\":{\"@id\":\"https:\/\/www.prijedordanas.com\/?p=275767\"},\"author\":{\"name\":\"admin\",\"@id\":\"https:\/\/www.prijedordanas.com\/#\/schema\/person\/4e08ccf29b506ca916ff86d46bb700e6\"},\"headline\":\"U O\u0160 &#8220;Petar Ko\u010di\u0107&#8221; odr\u017ean saobra\u0107ajni \u010das za prva\u010di\u0107e: Prisustvovao i ministar Budimir &#8211; VIDEO\",\"datePublished\":\"2026-09-01T21:49:36+00:00\",\"dateModified\":\"2026-09-01T21:49:36+00:00\",\"mainEntityOfPage\":{\"@id\":\"https:\/\/www.prijedordanas.com\/?p=275767\"},\"wordCount\":407,\"publisher\":{\"@id\":\"https:\/\/www.prijedordanas.com\/#organization\"},\"articleSection\":[\"Mladi\"],\"inLanguage\":\"en-US\"},{\"@type\":\"WebPage\",\"@id\":\"https:\/\/www.prijedordanas.com\/?p=275767\",\"url\":\"https:\/\/www.prijedordanas.com\/?p=275767\",\"name\":\"U O\u0160 \\\"Petar Ko\u010di\u0107\\\" odr\u017ean saobra\u0107ajni \u010das za prva\u010di\u0107e: Prisustvovao i ministar Budimir - VIDEO - PrijedorDanas.com - Prijedorski gradski portal\",\"isPartOf\":{\"@id\":\"https:\/\/www.prijedordanas.com\/#website\"},\"datePublished\":\"2026-09-01T21:49:36+00:00\",\"dateModified\":\"2026-09-01T21:49:36+00:00\",\"breadcrumb\":{\"@id\":\"https:\/\/www.prijedordanas.com\/?p=275767#breadcrumb\"},\"inLanguage\":\"en-US\",\"potentialAction\":[{\"@type\":\"ReadAction\",\"target\":[\"https:\/\/www.prijedordanas.com\/?p=275767\"]}]},{\"@type\":\"BreadcrumbList\",\"@id\":\"https:\/\/www.prijedordanas.com\/?p=275767#breadcrumb\",\"itemListElement\":[{\"@type\":\"ListItem\",\"position\":1,\"name\":\"Home\",\"item\":\"https:\/\/www.prijedordanas.com\/\"},{\"@type\":\"ListItem\",\"position\":2,\"name\":\"U O\u0160 &#8220;Petar Ko\u010di\u0107&#8221; odr\u017ean saobra\u0107ajni \u010das za prva\u010di\u0107e: Prisustvovao i ministar Budimir &#8211; VIDEO\"}]},{\"@type\":\"WebSite\",\"@id\":\"https:\/\/www.prijedordanas.com\/#website\",\"url\":\"https:\/\/www.prijedordanas.com\/\",\"name\":\"PrijedorDanas.com - Prijedorski gradski portal\",\"description\":\"Portal o doga\u0111anjima u gradu Prijedoru\",\"publisher\":{\"@id\":\"https:\/\/www.prijedordanas.com\/#organization\"},\"potentialAction\":[{\"@type\":\"SearchAction\",\"target\":{\"@type\":\"EntryPoint\",\"urlTemplate\":\"https:\/\/www.prijedordanas.com\/?s={search_term_string}\"},\"query-input\":\"required name=search_term_string\"}],\"inLanguage\":\"en-US\"},{\"@type\":\"Organization\",\"@id\":\"https:\/\/www.prijedordanas.com\/#organization\",\"name\":\"PrijedorDanas.com\",\"url\":\"https:\/\/www.prijedordanas.com\/\",\"logo\":{\"@type\":\"ImageObject\",\"inLanguage\":\"en-US\",\"@id\":\"https:\/\/www.prijedordanas.com\/#\/schema\/logo\/image\/\",\"url\":\"http:\/\/www.prijedordanas.com\/wp-content\/uploads\/2021\/12\/logopng.png\",\"contentUrl\":\"http:\/\/www.prijedordanas.com\/wp-content\/uploads\/2021\/12\/logopng.png\",\"width\":1019,\"height\":776,\"caption\":\"PrijedorDanas.com\"},\"image\":{\"@id\":\"https:\/\/www.prijedordanas.com\/#\/schema\/logo\/image\/\"},\"sameAs\":[\"https:\/\/www.facebook.com\/PrijedorDanasCom\/\"]},{\"@type\":\"Person\",\"@id\":\"https:\/\/www.prijedordanas.com\/#\/schema\/person\/4e08ccf29b506ca916ff86d46bb700e6\",\"name\":\"admin\",\"image\":{\"@type\":\"ImageObject\",\"inLanguage\":\"en-US\",\"@id\":\"https:\/\/www.prijedordanas.com\/#\/schema\/person\/image\/\",\"url\":\"https:\/\/secure.gravatar.com\/avatar\/1d3fc949d550f0b53a5f0d51e06dfd79?s=96&d=mm&r=g\",\"contentUrl\":\"https:\/\/secure.gravatar.com\/avatar\/1d3fc949d550f0b53a5f0d51e06dfd79?s=96&d=mm&r=g\",\"caption\":\"admin\"},\"url\":\"https:\/\/www.prijedordanas.com\/?author=1\"}]}<\/script>\n<!-- \/ Yoast SEO plugin. -->","yoast_head_json":{"title":"U O\u0160 \"Petar Ko\u010di\u0107\" odr\u017ean saobra\u0107ajni \u010das za prva\u010di\u0107e: Prisustvovao i ministar Budimir - VIDEO - PrijedorDanas.com - Prijedorski gradski portal","robots":{"index":"index","follow":"follow","max-snippet":"max-snippet:-1","max-image-preview":"max-image-preview:large","max-video-preview":"max-video-preview:-1"},"canonical":"https:\/\/www.prijedordanas.com\/?p=275767","og_locale":"en_US","og_type":"article","og_title":"U O\u0160 \"Petar Ko\u010di\u0107\" odr\u017ean saobra\u0107ajni \u010das za prva\u010di\u0107e: Prisustvovao i ministar Budimir - VIDEO - PrijedorDanas.com - Prijedorski gradski portal","og_description":"U prijedorskoj Osnovnoj \u0161koli \u201cPetar Ko\u010di\u0107\u201d prvi \u0161kolski dan protekao je u znaku kampanje \u201cZa\u0161titimo djecu u saobra\u0107aju\u201d, kojem je prisustvovao i ministar unutra\u0161njih poslova \u017deljko Budimir. Najmla\u0111im \u0111acima odr\u017eano [&hellip;]","og_url":"https:\/\/www.prijedordanas.com\/?p=275767","og_site_name":"PrijedorDanas.com - Prijedorski gradski portal","article_publisher":"https:\/\/www.facebook.com\/PrijedorDanasCom\/","article_published_time":"2026-09-01T21:49:36+00:00","og_image":[{"url":"https:\/\/www.prijedordanas.com\/wp-content\/uploads\/2026\/09\/os-petar-kocic-saobracajni-cas-prvacici-ministar-budimir-1-300x225.jpg"}],"author":"admin","twitter_card":"summary_large_image","twitter_misc":{"Written by":"admin","Est. reading time":"2 minutes"},"schema":{"@context":"https:\/\/schema.org","@graph":[{"@type":"Article","@id":"https:\/\/www.prijedordanas.com\/?p=275767#article","isPartOf":{"@id":"https:\/\/www.prijedordanas.com\/?p=275767"},"author":{"name":"admin","@id":"https:\/\/www.prijedordanas.com\/#\/schema\/person\/4e08ccf29b506ca916ff86d46bb700e6"},"headline":"U O\u0160 &#8220;Petar Ko\u010di\u0107&#8221; odr\u017ean saobra\u0107ajni \u010das za prva\u010di\u0107e: Prisustvovao i ministar Budimir &#8211; VIDEO","datePublished":"2026-09-01T21:49:36+00:00","dateModified":"2026-09-01T21:49:36+00:00","mainEntityOfPage":{"@id":"https:\/\/www.prijedordanas.com\/?p=275767"},"wordCount":407,"publisher":{"@id":"https:\/\/www.prijedordanas.com\/#organization"},"articleSection":["Mladi"],"inLanguage":"en-US"},{"@type":"WebPage","@id":"https:\/\/www.prijedordanas.com\/?p=275767","url":"https:\/\/www.prijedordanas.com\/?p=275767","name":"U O\u0160 \"Petar Ko\u010di\u0107\" odr\u017ean saobra\u0107ajni \u010das za prva\u010di\u0107e: Prisustvovao i ministar Budimir - VIDEO - PrijedorDanas.com - Prijedorski gradski portal","isPartOf":{"@id":"https:\/\/www.prijedordanas.com\/#website"},"datePublished":"2026-09-01T21:49:36+00:00","dateModified":"2026-09-01T21:49:36+00:00","breadcrumb":{"@id":"https:\/\/www.prijedordanas.com\/?p=275767#breadcrumb"},"inLanguage":"en-US","potentialAction":[{"@type":"ReadAction","target":["https:\/\/www.prijedordanas.com\/?p=275767"]}]},{"@type":"BreadcrumbList","@id":"https:\/\/www.prijedordanas.com\/?p=275767#breadcrumb","itemListElement":[{"@type":"ListItem","position":1,"name":"Home","item":"https:\/\/www.prijedordanas.com\/"},{"@type":"ListItem","position":2,"name":"U O\u0160 &#8220;Petar Ko\u010di\u0107&#8221; odr\u017ean saobra\u0107ajni \u010das za prva\u010di\u0107e: Prisustvovao i ministar Budimir &#8211; VIDEO"}]},{"@type":"WebSite","@id":"https:\/\/www.prijedordanas.com\/#website","url":"https:\/\/www.prijedordanas.com\/","name":"PrijedorDanas.com - Prijedorski gradski portal","description":"Portal o doga\u0111anjima u gradu Prijedoru","publisher":{"@id":"https:\/\/www.prijedordanas.com\/#organization"},"potentialAction":[{"@type":"SearchAction","target":{"@type":"EntryPoint","urlTemplate":"https:\/\/www.prijedordanas.com\/?s={search_term_string}"},"query-input":"required name=search_term_string"}],"inLanguage":"en-US"},{"@type":"Organization","@id":"https:\/\/www.prijedordanas.com\/#organization","name":"PrijedorDanas.com","url":"https:\/\/www.prijedordanas.com\/","logo":{"@type":"ImageObject","inLanguage":"en-US","@id":"https:\/\/www.prijedordanas.com\/#\/schema\/logo\/image\/","url":"http:\/\/www.prijedordanas.com\/wp-content\/uploads\/2021\/12\/logopng.png","contentUrl":"http:\/\/www.prijedordanas.com\/wp-content\/uploads\/2021\/12\/logopng.png","width":1019,"height":776,"caption":"PrijedorDanas.com"},"image":{"@id":"https:\/\/www.prijedordanas.com\/#\/schema\/logo\/image\/"},"sameAs":["https:\/\/www.facebook.com\/PrijedorDanasCom\/"]},{"@type":"Person","@id":"https:\/\/www.prijedordanas.com\/#\/schema\/person\/4e08ccf29b506ca916ff86d46bb700e6","name":"admin","image":{"@type":"ImageObject","inLanguage":"en-US","@id":"https:\/\/www.prijedordanas.com\/#\/schema\/person\/image\/","url":"https:\/\/secure.gravatar.com\/avatar\/1d3fc949d550f0b53a5f0d51e06dfd79?s=96&d=mm&r=g","contentUrl":"https:\/\/secure.gravatar.com\/avatar\/1d3fc949d550f0b53a5f0d51e06dfd79?s=96&d=mm&r=g","caption":"admin"},"url":"https:\/\/www.prijedordanas.com\/?author=1"}]}},"_links":{"self":[{"href":"https:\/\/www.prijedordanas.com\/index.php?rest_route=\/wp\/v2\/posts\/275767"}],"collection":[{"href":"https:\/\/www.prijedordanas.com\/index.php?rest_route=\/wp\/v2\/posts"}],"about":[{"href":"https:\/\/www.prijedordanas.com\/index.php?rest_route=\/wp\/v2\/types\/post"}],"author":[{"embeddable":true,"href":"https:\/\/www.prijedordanas.com\/index.php?rest_route=\/wp\/v2\/users\/1"}],"replies":[{"embeddable":true,"href":"https:\/\/www.prijedordanas.com\/index.php?rest_route=%2Fwp%2Fv2%2Fcomments&post=275767"}],"version-history":[{"count":2,"href":"https:\/\/www.prijedordanas.com\/index.php?rest_route=\/wp\/v2\/posts\/275767\/revisions"}],"predecessor-version":[{"id":275781,"href":"https:\/\/www.prijedordanas.com\/index.php?rest_route=\/wp\/v2\/posts\/275767\/revisions\/275781"}],"wp:attachment":[{"href":"https:\/\/www.prijedordanas.com\/index.php?rest_route=%2Fwp%2Fv2%2Fmedia&parent=275767"}],"wp:term":[{"taxonomy":"category","embeddable":true,"href":"https:\/\/www.prijedordanas.com\/index.php?rest_route=%2Fwp%2Fv2%2Fcategories&post=275767"},{"taxonomy":"post_tag","embeddable":true,"href":"https:\/\/www.prijedordanas.com\/index.php?rest_route=%2Fwp%2Fv2%2Ftags&post=275767"}],"curies":[{"name":"wp","href":"https:\/\/api.w.org\/{rel}","templated":true}]}}