{"id":275708,"date":"2026-08-31T18:21:39","date_gmt":"2026-08-31T16:21:39","guid":{"rendered":"https:\/\/www.prijedordanas.com\/?p=275708"},"modified":"2026-08-31T18:21:39","modified_gmt":"2026-08-31T16:21:39","slug":"prva-liga-rs-omarska-i-majevica-odigrali-mec-bez-pogodaka-video","status":"publish","type":"post","link":"https:\/\/www.prijedordanas.com\/?p=275708","title":{"rendered":"Prva liga RS: &#8220;Omarska&#8221; i &#8220;Majevica&#8221; odigrali me\u010d bez pogodaka &#8211; VIDEO"},"content":{"rendered":"<p><a href=\"https:\/\/www.prijedordanas.com\/wp-content\/uploads\/2026\/08\/omarska-majevica-0-0-1.jpg\"><img loading=\"lazy\" decoding=\"async\" class=\"alignleft size-medium wp-image-275709\" src=\"https:\/\/www.prijedordanas.com\/wp-content\/uploads\/2026\/08\/omarska-majevica-0-0-1-300x225.jpg\" alt=\"\" width=\"300\" height=\"225\" srcset=\"https:\/\/www.prijedordanas.com\/wp-content\/uploads\/2026\/08\/omarska-majevica-0-0-1-300x225.jpg 300w, https:\/\/www.prijedordanas.com\/wp-content\/uploads\/2026\/08\/omarska-majevica-0-0-1-640x480.jpg 640w, https:\/\/www.prijedordanas.com\/wp-content\/uploads\/2026\/08\/omarska-majevica-0-0-1.jpg 667w\" sizes=\"(max-width: 300px) 100vw, 300px\" \/><\/a>Omarska: Majevica 0:0<\/p>\n<p>Sudija: Marko Erak (Krupa na Vrbasu)<br \/>\nGledalaca: 450<br \/>\n\u017duti kartoni: Ga\u0107e\u0161a, Pani\u0107, Krecelj, Rastoka (Omarska) Chamseddine, Kecman (Majevica)<\/p>\n<p>Omarska:<br \/>\nTrnini\u0107, Ga\u0107e\u0161a (\u0106etojevi\u0107), Guzina, An\u0111i\u0107, Radinovi\u0107, \u0106urkovi\u0107 (Pani\u0107), Vra\u010dar (\u017dugi\u0107), Ljubojevi\u0107 (Blagojevi\u0107), \u0110erman (Marinovi\u0107), \u0110uki\u0107, Ja\u0107imovi\u0107<br \/>\nTrener: Predrag Majki\u0107<\/p>\n<p>Majevica:<br \/>\nNedi\u0107, Stevanovi\u0107 (Mari\u0107), Ristanovi\u0107, Te\u0161i\u0107 V, Gavri\u0107, Teodorovi\u0107, Cvjetinovi\u0107, Kecman, Chamseddine, Maksimovi\u0107 (Mazi\u0107), Te\u0161i\u0107 P.<br \/>\nTrener: Jovo Borkovi\u0107<\/p>\n<p><a href=\"https:\/\/www.prijedordanas.com\/wp-content\/uploads\/2026\/08\/omarska-majevica-0-0-2.jpg\"><img loading=\"lazy\" decoding=\"async\" src=\"https:\/\/www.prijedordanas.com\/wp-content\/uploads\/2026\/08\/omarska-majevica-0-0-2-300x225.jpg\" alt=\"\" width=\"300\" height=\"225\" class=\"alignleft size-medium wp-image-275710\" srcset=\"https:\/\/www.prijedordanas.com\/wp-content\/uploads\/2026\/08\/omarska-majevica-0-0-2-300x225.jpg 300w, https:\/\/www.prijedordanas.com\/wp-content\/uploads\/2026\/08\/omarska-majevica-0-0-2-640x480.jpg 640w, https:\/\/www.prijedordanas.com\/wp-content\/uploads\/2026\/08\/omarska-majevica-0-0-2.jpg 667w\" sizes=\"(max-width: 300px) 100vw, 300px\" \/><\/a>U okviru drugog kola, Omarska i Majevica iz Lopara su odigrali nerije\u0161eno 0-0 i tako osvojili po prvi bod u ovoj sezoni. Majevici je to prvi prvoliga\u0161ki bod uop\u0161te, jer je Majevici ovo debi u prvoj ligi RS. Utakmica je odigrana po veoma toplom vremenu, na temperaturi preko 30 stepeni i po solidno pripremljenom terenu.<\/p>\n<p>Vi\u0111ena je jedna tvrda prava prvoliga\u0161ka utakmica, a mo\u017ee se re\u0107i da se sve uzbudljivo dogodilo u poslednjih pet minuta, fakti\u010dki u sudijskoj nadoknadi kada je Omarska proma\u0161ila \u010detiri stopostotne \u0161anse, odnosno golman gostiju Nedi\u0107 je svojoj ekipi donio bod.<\/p>\n<p>U prvom poluvremenu mo\u017eemo izdvojiti dobar prodor \u0110uki\u0107a u tre\u0107em minutu i dobru \u0161ansu za goste u 17. minutu, ali nije bilo pogodaka. Igralo se \u010dvrso, takti\u010dki odgovorno i sa vrlo malo opasnosti pred ijednim golom.<\/p>\n<p>U drugom poluvremenu, Omarska je preuzela dodatni rizik i po\u010dala da stvara \u0161ansi. U 63. minutu divan prodor Ljubojevi\u0107a po desnoj strani, koji je na kraju pao u \u0161esnaestercu, doma\u0107i su tra\u017eili penal, ali je sudija Erak pokazao da se igra nastavi, lopta se odbila do Ja\u0107imovi\u0107a koji je dobro \u0161utirao, ali Nedi\u0107 brani.<\/p>\n<p>I onda pravi vatromet u fini\u0161u. U igru je u\u0161ao Pani\u0107 i u prvom kontaktu sa loptom odigrao odli\u010dnu loptu do \u0106etojevi\u0107a, ali i njegov \u0161ut sa penaltika brani golman gostiju. U tre\u0107em minutu sudijske nadoknade \u0110uki\u0107 je odli\u010dno proigrao \u0106etojevi\u0107a, koji izlazi sam pred golmana Nedi\u0107a ali Nedi\u0107 je i ovja put uspje\u0161niji i izbacuje loptu u korner. Iz tog kornera, najvi\u0161i u skoku je opet \u0106etojevi\u0107 koji \u0161utira glavom, ovaj put je savladao i Nedi\u0107a, ali na gol liniji jedan igra\u010d gostiju sprije\u010dava da lopta u\u0111e u gol. I onda je nekoliko sekundi kasnije jo\u0161 Ja\u0107imovi\u0107 imao dobru \u0161ansu na prvoj stativi, ali i njegov poku\u0161aj brani Nedi\u0107 i ostaje 0-0. Zaista je nevjerovatno \u0161ta sve Omarska u sudijskoj nadoknadi nije pretvorila u gol.<\/p>\n<p>Dobro, vidi se da ekipa raste, da je mlada, nova, da fali malo iskustva i sportskog bezobrazluka, ali djeluje da \u0107e sve to do\u0107i na svoje mjesto, a ovi bodovi \u0107e se negdje sigurno vratiti. Majevica se predstavila u dobrom svijetlu, ozbiljna i dobra ekipa i ima\u0107e \u0161ta pokazati u prvoliga\u0161kom dru\u0161tvu. Omarska u slede\u0107em kolu, ve\u0107 u srijedu gostuje kod Romanije na Palama, a Majevica do\u010dekuje Kozaru iz Gradi\u0161ke.<\/p>\n<p>Na kraju da istaknemo lijep gest Radovana Romani\u0107a, koji je nakon utakmice igra\u010de Omarske po\u010dastio ve\u010derom (vrelom robom). Hvala Radovanu.<\/p>\n<p>fkomarska.com<\/p>\n<p><iframe loading=\"lazy\" title=\"Omarska - Majevica 0-0 (2026) sa\u017eetak\" width=\"500\" height=\"281\" src=\"https:\/\/www.youtube.com\/embed\/EbHhZcEBu8A?feature=oembed\" frameborder=\"0\" allow=\"accelerometer; autoplay; clipboard-write; encrypted-media; gyroscope; picture-in-picture; web-share\" referrerpolicy=\"strict-origin-when-cross-origin\" allowfullscreen><\/iframe><\/p>\n","protected":false},"excerpt":{"rendered":"<p>Omarska: Majevica 0:0 Sudija: Marko Erak (Krupa na Vrbasu) Gledalaca: 450 \u017duti kartoni: Ga\u0107e\u0161a, Pani\u0107, Krecelj, Rastoka (Omarska) Chamseddine, Kecman (Majevica) Omarska: Trnini\u0107, Ga\u0107e\u0161a (\u0106etojevi\u0107), Guzina, An\u0111i\u0107, Radinovi\u0107, \u0106urkovi\u0107 (Pani\u0107), [&hellip;]<\/p>\n","protected":false},"author":1,"featured_media":0,"comment_status":"closed","ping_status":"open","sticky":false,"template":"","format":"standard","meta":{"_monsterinsights_skip_tracking":false,"_monsterinsights_sitenote_active":false,"_monsterinsights_sitenote_note":"","_monsterinsights_sitenote_category":0,"footnotes":""},"categories":[7],"tags":[],"yoast_head":"<!-- This site is optimized with the Yoast SEO plugin v21.6 - https:\/\/yoast.com\/wordpress\/plugins\/seo\/ -->\n<title>Prva liga RS: &quot;Omarska&quot; i &quot;Majevica&quot; odigrali me\u010d bez pogodaka - VIDEO - PrijedorDanas.com - Prijedorski gradski portal<\/title>\n<meta name=\"robots\" content=\"index, follow, max-snippet:-1, max-image-preview:large, max-video-preview:-1\" \/>\n<link rel=\"canonical\" href=\"https:\/\/www.prijedordanas.com\/?p=275708\" \/>\n<meta property=\"og:locale\" content=\"en_US\" \/>\n<meta property=\"og:type\" content=\"article\" \/>\n<meta property=\"og:title\" content=\"Prva liga RS: &quot;Omarska&quot; i &quot;Majevica&quot; odigrali me\u010d bez pogodaka - VIDEO - PrijedorDanas.com - Prijedorski gradski portal\" \/>\n<meta property=\"og:description\" content=\"Omarska: Majevica 0:0 Sudija: Marko Erak (Krupa na Vrbasu) Gledalaca: 450 \u017duti kartoni: Ga\u0107e\u0161a, Pani\u0107, Krecelj, Rastoka (Omarska) Chamseddine, Kecman (Majevica) Omarska: Trnini\u0107, Ga\u0107e\u0161a (\u0106etojevi\u0107), Guzina, An\u0111i\u0107, Radinovi\u0107, \u0106urkovi\u0107 (Pani\u0107), [&hellip;]\" \/>\n<meta property=\"og:url\" content=\"https:\/\/www.prijedordanas.com\/?p=275708\" \/>\n<meta property=\"og:site_name\" content=\"PrijedorDanas.com - Prijedorski gradski portal\" \/>\n<meta property=\"article:publisher\" content=\"https:\/\/www.facebook.com\/PrijedorDanasCom\/\" \/>\n<meta property=\"article:published_time\" content=\"2026-08-31T16:21:39+00:00\" \/>\n<meta property=\"og:image\" content=\"https:\/\/www.prijedordanas.com\/wp-content\/uploads\/2026\/08\/omarska-majevica-0-0-1-300x225.jpg\" \/>\n<meta name=\"author\" content=\"admin\" \/>\n<meta name=\"twitter:card\" content=\"summary_large_image\" \/>\n<meta name=\"twitter:label1\" content=\"Written by\" \/>\n\t<meta name=\"twitter:data1\" content=\"admin\" \/>\n\t<meta name=\"twitter:label2\" content=\"Est. reading time\" \/>\n\t<meta name=\"twitter:data2\" content=\"3 minutes\" \/>\n<script type=\"application\/ld+json\" class=\"yoast-schema-graph\">{\"@context\":\"https:\/\/schema.org\",\"@graph\":[{\"@type\":\"Article\",\"@id\":\"https:\/\/www.prijedordanas.com\/?p=275708#article\",\"isPartOf\":{\"@id\":\"https:\/\/www.prijedordanas.com\/?p=275708\"},\"author\":{\"name\":\"admin\",\"@id\":\"https:\/\/www.prijedordanas.com\/#\/schema\/person\/4e08ccf29b506ca916ff86d46bb700e6\"},\"headline\":\"Prva liga RS: &#8220;Omarska&#8221; i &#8220;Majevica&#8221; odigrali me\u010d bez pogodaka &#8211; VIDEO\",\"datePublished\":\"2026-08-31T16:21:39+00:00\",\"dateModified\":\"2026-08-31T16:21:39+00:00\",\"mainEntityOfPage\":{\"@id\":\"https:\/\/www.prijedordanas.com\/?p=275708\"},\"wordCount\":535,\"publisher\":{\"@id\":\"https:\/\/www.prijedordanas.com\/#organization\"},\"articleSection\":[\"Sport\"],\"inLanguage\":\"en-US\"},{\"@type\":\"WebPage\",\"@id\":\"https:\/\/www.prijedordanas.com\/?p=275708\",\"url\":\"https:\/\/www.prijedordanas.com\/?p=275708\",\"name\":\"Prva liga RS: \\\"Omarska\\\" i \\\"Majevica\\\" odigrali me\u010d bez pogodaka - VIDEO - PrijedorDanas.com - Prijedorski gradski portal\",\"isPartOf\":{\"@id\":\"https:\/\/www.prijedordanas.com\/#website\"},\"datePublished\":\"2026-08-31T16:21:39+00:00\",\"dateModified\":\"2026-08-31T16:21:39+00:00\",\"breadcrumb\":{\"@id\":\"https:\/\/www.prijedordanas.com\/?p=275708#breadcrumb\"},\"inLanguage\":\"en-US\",\"potentialAction\":[{\"@type\":\"ReadAction\",\"target\":[\"https:\/\/www.prijedordanas.com\/?p=275708\"]}]},{\"@type\":\"BreadcrumbList\",\"@id\":\"https:\/\/www.prijedordanas.com\/?p=275708#breadcrumb\",\"itemListElement\":[{\"@type\":\"ListItem\",\"position\":1,\"name\":\"Home\",\"item\":\"https:\/\/www.prijedordanas.com\/\"},{\"@type\":\"ListItem\",\"position\":2,\"name\":\"Prva liga RS: &#8220;Omarska&#8221; i &#8220;Majevica&#8221; odigrali me\u010d bez pogodaka &#8211; VIDEO\"}]},{\"@type\":\"WebSite\",\"@id\":\"https:\/\/www.prijedordanas.com\/#website\",\"url\":\"https:\/\/www.prijedordanas.com\/\",\"name\":\"PrijedorDanas.com - Prijedorski gradski portal\",\"description\":\"Portal o doga\u0111anjima u gradu Prijedoru\",\"publisher\":{\"@id\":\"https:\/\/www.prijedordanas.com\/#organization\"},\"potentialAction\":[{\"@type\":\"SearchAction\",\"target\":{\"@type\":\"EntryPoint\",\"urlTemplate\":\"https:\/\/www.prijedordanas.com\/?s={search_term_string}\"},\"query-input\":\"required name=search_term_string\"}],\"inLanguage\":\"en-US\"},{\"@type\":\"Organization\",\"@id\":\"https:\/\/www.prijedordanas.com\/#organization\",\"name\":\"PrijedorDanas.com\",\"url\":\"https:\/\/www.prijedordanas.com\/\",\"logo\":{\"@type\":\"ImageObject\",\"inLanguage\":\"en-US\",\"@id\":\"https:\/\/www.prijedordanas.com\/#\/schema\/logo\/image\/\",\"url\":\"http:\/\/www.prijedordanas.com\/wp-content\/uploads\/2021\/12\/logopng.png\",\"contentUrl\":\"http:\/\/www.prijedordanas.com\/wp-content\/uploads\/2021\/12\/logopng.png\",\"width\":1019,\"height\":776,\"caption\":\"PrijedorDanas.com\"},\"image\":{\"@id\":\"https:\/\/www.prijedordanas.com\/#\/schema\/logo\/image\/\"},\"sameAs\":[\"https:\/\/www.facebook.com\/PrijedorDanasCom\/\"]},{\"@type\":\"Person\",\"@id\":\"https:\/\/www.prijedordanas.com\/#\/schema\/person\/4e08ccf29b506ca916ff86d46bb700e6\",\"name\":\"admin\",\"image\":{\"@type\":\"ImageObject\",\"inLanguage\":\"en-US\",\"@id\":\"https:\/\/www.prijedordanas.com\/#\/schema\/person\/image\/\",\"url\":\"https:\/\/secure.gravatar.com\/avatar\/1d3fc949d550f0b53a5f0d51e06dfd79?s=96&d=mm&r=g\",\"contentUrl\":\"https:\/\/secure.gravatar.com\/avatar\/1d3fc949d550f0b53a5f0d51e06dfd79?s=96&d=mm&r=g\",\"caption\":\"admin\"},\"url\":\"https:\/\/www.prijedordanas.com\/?author=1\"}]}<\/script>\n<!-- \/ Yoast SEO plugin. -->","yoast_head_json":{"title":"Prva liga RS: \"Omarska\" i \"Majevica\" odigrali me\u010d bez pogodaka - VIDEO - PrijedorDanas.com - Prijedorski gradski portal","robots":{"index":"index","follow":"follow","max-snippet":"max-snippet:-1","max-image-preview":"max-image-preview:large","max-video-preview":"max-video-preview:-1"},"canonical":"https:\/\/www.prijedordanas.com\/?p=275708","og_locale":"en_US","og_type":"article","og_title":"Prva liga RS: \"Omarska\" i \"Majevica\" odigrali me\u010d bez pogodaka - VIDEO - PrijedorDanas.com - Prijedorski gradski portal","og_description":"Omarska: Majevica 0:0 Sudija: Marko Erak (Krupa na Vrbasu) Gledalaca: 450 \u017duti kartoni: Ga\u0107e\u0161a, Pani\u0107, Krecelj, Rastoka (Omarska) Chamseddine, Kecman (Majevica) Omarska: Trnini\u0107, Ga\u0107e\u0161a (\u0106etojevi\u0107), Guzina, An\u0111i\u0107, Radinovi\u0107, \u0106urkovi\u0107 (Pani\u0107), [&hellip;]","og_url":"https:\/\/www.prijedordanas.com\/?p=275708","og_site_name":"PrijedorDanas.com - Prijedorski gradski portal","article_publisher":"https:\/\/www.facebook.com\/PrijedorDanasCom\/","article_published_time":"2026-08-31T16:21:39+00:00","og_image":[{"url":"https:\/\/www.prijedordanas.com\/wp-content\/uploads\/2026\/08\/omarska-majevica-0-0-1-300x225.jpg"}],"author":"admin","twitter_card":"summary_large_image","twitter_misc":{"Written by":"admin","Est. reading time":"3 minutes"},"schema":{"@context":"https:\/\/schema.org","@graph":[{"@type":"Article","@id":"https:\/\/www.prijedordanas.com\/?p=275708#article","isPartOf":{"@id":"https:\/\/www.prijedordanas.com\/?p=275708"},"author":{"name":"admin","@id":"https:\/\/www.prijedordanas.com\/#\/schema\/person\/4e08ccf29b506ca916ff86d46bb700e6"},"headline":"Prva liga RS: &#8220;Omarska&#8221; i &#8220;Majevica&#8221; odigrali me\u010d bez pogodaka &#8211; VIDEO","datePublished":"2026-08-31T16:21:39+00:00","dateModified":"2026-08-31T16:21:39+00:00","mainEntityOfPage":{"@id":"https:\/\/www.prijedordanas.com\/?p=275708"},"wordCount":535,"publisher":{"@id":"https:\/\/www.prijedordanas.com\/#organization"},"articleSection":["Sport"],"inLanguage":"en-US"},{"@type":"WebPage","@id":"https:\/\/www.prijedordanas.com\/?p=275708","url":"https:\/\/www.prijedordanas.com\/?p=275708","name":"Prva liga RS: \"Omarska\" i \"Majevica\" odigrali me\u010d bez pogodaka - VIDEO - PrijedorDanas.com - Prijedorski gradski portal","isPartOf":{"@id":"https:\/\/www.prijedordanas.com\/#website"},"datePublished":"2026-08-31T16:21:39+00:00","dateModified":"2026-08-31T16:21:39+00:00","breadcrumb":{"@id":"https:\/\/www.prijedordanas.com\/?p=275708#breadcrumb"},"inLanguage":"en-US","potentialAction":[{"@type":"ReadAction","target":["https:\/\/www.prijedordanas.com\/?p=275708"]}]},{"@type":"BreadcrumbList","@id":"https:\/\/www.prijedordanas.com\/?p=275708#breadcrumb","itemListElement":[{"@type":"ListItem","position":1,"name":"Home","item":"https:\/\/www.prijedordanas.com\/"},{"@type":"ListItem","position":2,"name":"Prva liga RS: &#8220;Omarska&#8221; i &#8220;Majevica&#8221; odigrali me\u010d bez pogodaka &#8211; VIDEO"}]},{"@type":"WebSite","@id":"https:\/\/www.prijedordanas.com\/#website","url":"https:\/\/www.prijedordanas.com\/","name":"PrijedorDanas.com - Prijedorski gradski portal","description":"Portal o doga\u0111anjima u gradu Prijedoru","publisher":{"@id":"https:\/\/www.prijedordanas.com\/#organization"},"potentialAction":[{"@type":"SearchAction","target":{"@type":"EntryPoint","urlTemplate":"https:\/\/www.prijedordanas.com\/?s={search_term_string}"},"query-input":"required name=search_term_string"}],"inLanguage":"en-US"},{"@type":"Organization","@id":"https:\/\/www.prijedordanas.com\/#organization","name":"PrijedorDanas.com","url":"https:\/\/www.prijedordanas.com\/","logo":{"@type":"ImageObject","inLanguage":"en-US","@id":"https:\/\/www.prijedordanas.com\/#\/schema\/logo\/image\/","url":"http:\/\/www.prijedordanas.com\/wp-content\/uploads\/2021\/12\/logopng.png","contentUrl":"http:\/\/www.prijedordanas.com\/wp-content\/uploads\/2021\/12\/logopng.png","width":1019,"height":776,"caption":"PrijedorDanas.com"},"image":{"@id":"https:\/\/www.prijedordanas.com\/#\/schema\/logo\/image\/"},"sameAs":["https:\/\/www.facebook.com\/PrijedorDanasCom\/"]},{"@type":"Person","@id":"https:\/\/www.prijedordanas.com\/#\/schema\/person\/4e08ccf29b506ca916ff86d46bb700e6","name":"admin","image":{"@type":"ImageObject","inLanguage":"en-US","@id":"https:\/\/www.prijedordanas.com\/#\/schema\/person\/image\/","url":"https:\/\/secure.gravatar.com\/avatar\/1d3fc949d550f0b53a5f0d51e06dfd79?s=96&d=mm&r=g","contentUrl":"https:\/\/secure.gravatar.com\/avatar\/1d3fc949d550f0b53a5f0d51e06dfd79?s=96&d=mm&r=g","caption":"admin"},"url":"https:\/\/www.prijedordanas.com\/?author=1"}]}},"_links":{"self":[{"href":"https:\/\/www.prijedordanas.com\/index.php?rest_route=\/wp\/v2\/posts\/275708"}],"collection":[{"href":"https:\/\/www.prijedordanas.com\/index.php?rest_route=\/wp\/v2\/posts"}],"about":[{"href":"https:\/\/www.prijedordanas.com\/index.php?rest_route=\/wp\/v2\/types\/post"}],"author":[{"embeddable":true,"href":"https:\/\/www.prijedordanas.com\/index.php?rest_route=\/wp\/v2\/users\/1"}],"replies":[{"embeddable":true,"href":"https:\/\/www.prijedordanas.com\/index.php?rest_route=%2Fwp%2Fv2%2Fcomments&post=275708"}],"version-history":[{"count":1,"href":"https:\/\/www.prijedordanas.com\/index.php?rest_route=\/wp\/v2\/posts\/275708\/revisions"}],"predecessor-version":[{"id":275711,"href":"https:\/\/www.prijedordanas.com\/index.php?rest_route=\/wp\/v2\/posts\/275708\/revisions\/275711"}],"wp:attachment":[{"href":"https:\/\/www.prijedordanas.com\/index.php?rest_route=%2Fwp%2Fv2%2Fmedia&parent=275708"}],"wp:term":[{"taxonomy":"category","embeddable":true,"href":"https:\/\/www.prijedordanas.com\/index.php?rest_route=%2Fwp%2Fv2%2Fcategories&post=275708"},{"taxonomy":"post_tag","embeddable":true,"href":"https:\/\/www.prijedordanas.com\/index.php?rest_route=%2Fwp%2Fv2%2Ftags&post=275708"}],"curies":[{"name":"wp","href":"https:\/\/api.w.org\/{rel}","templated":true}]}}