{"id":275682,"date":"2026-08-31T12:43:17","date_gmt":"2026-08-31T10:43:17","guid":{"rendered":"https:\/\/www.prijedordanas.com\/?p=275682"},"modified":"2026-08-31T12:43:17","modified_gmt":"2026-08-31T10:43:17","slug":"os-desanka-maksimovic-prijedor-priredba-dobrodoslice-za-dake-prvake","status":"publish","type":"post","link":"https:\/\/www.prijedordanas.com\/?p=275682","title":{"rendered":"O\u0160 &#8220;Desanka Maksimovi\u0107&#8221; Prijedor: Priredba dobrodo\u0161lice za \u0111ake prvake"},"content":{"rendered":"<p><a href=\"https:\/\/www.prijedordanas.com\/wp-content\/uploads\/2026\/08\/kozarski-os-desanka-maksimovic-priredba-za-prvacice-1.jpg\"><img loading=\"lazy\" decoding=\"async\" class=\"alignleft size-medium wp-image-275683\" src=\"https:\/\/www.prijedordanas.com\/wp-content\/uploads\/2026\/08\/kozarski-os-desanka-maksimovic-priredba-za-prvacice-1-300x222.jpg\" alt=\"\" width=\"300\" height=\"222\" srcset=\"https:\/\/www.prijedordanas.com\/wp-content\/uploads\/2026\/08\/kozarski-os-desanka-maksimovic-priredba-za-prvacice-1-300x222.jpg 300w, https:\/\/www.prijedordanas.com\/wp-content\/uploads\/2026\/08\/kozarski-os-desanka-maksimovic-priredba-za-prvacice-1.jpg 675w\" sizes=\"(max-width: 300px) 100vw, 300px\" \/><\/a>Polazak u \u0161kolu, poseban je do\u017eivljaj u \u017eivotu svakog \u0161kolarca.<\/p>\n<p>Da im prvi susret s nastavnicima i \u0161kolskim drugovima ostane u lijepoj uspomeni, pobrinuli su se, ovih dana, u prijedorskim osnovnim \u0161kolama, organizuju\u0107i tradicionalne priredbe dobrodo\u0161lice.<\/p>\n<p>Izuzetak nije bila ni Osnovna \u0161kola \u201cDesanka Maksimovi\u0107\u201d gdje su, uo\u010di sutra\u0161njeg po\u010detka nove \u0161kolske godine, igrom i pjesmom do\u010dekali u\u010denike prvih razreda.<\/p>\n<p>\u201cDrago mi je \u0161to kre\u0107em u \u0161kolu, da steknem nova znanja i da budem prva\u010di\u0107\u201d, rekla je Ana Pe\u0161evi\u0107.<\/p>\n<p>U prve razrede prijedorskih osnovnih \u0161kola upisano je 477 u\u010denika, od \u010dega 59 u O\u0160 \u201cDesanka Maksimovi\u0107\u201d.<\/p>\n<p><a href=\"https:\/\/www.prijedordanas.com\/wp-content\/uploads\/2026\/08\/kozarski-os-desanka-maksimovic-priredba-za-prvacice-2.jpg\"><img loading=\"lazy\" decoding=\"async\" class=\"alignleft size-medium wp-image-275684\" src=\"https:\/\/www.prijedordanas.com\/wp-content\/uploads\/2026\/08\/kozarski-os-desanka-maksimovic-priredba-za-prvacice-2-300x169.jpg\" alt=\"\" width=\"300\" height=\"169\" srcset=\"https:\/\/www.prijedordanas.com\/wp-content\/uploads\/2026\/08\/kozarski-os-desanka-maksimovic-priredba-za-prvacice-2-300x169.jpg 300w, https:\/\/www.prijedordanas.com\/wp-content\/uploads\/2026\/08\/kozarski-os-desanka-maksimovic-priredba-za-prvacice-2.jpg 600w\" sizes=\"(max-width: 300px) 100vw, 300px\" \/><\/a>\u201cMislim da nema ljep\u0161eg po\u010detka nove \u0161kolske godine od prijema prva\u010di\u0107a. Danas prvi put u \u0161kolu ulazi nova generacija \u0111aka prvaka, a ovo je prilika da njihovi drugari iz starijih razreda pripreme program dobrodo\u0161lice i da im prvi dan ostane u lijepom sje\u0107anju\u201d, rekao je direktor Zdravko Budimir.<\/p>\n<p>Budimir, koji je i predsjednik Aktiva direktora osnovnih \u0161kola, navodi da su sve \u0161kole spremne za po\u010detak nastave.<\/p>\n<p>\u201cU prethodnom periodu izvr\u0161ene su neophodne pripreme, tako da su stvoreni svi uslovi za nesmetan septembarski start. Svim u\u010denicima, kao i kolegama nastavnicima, \u017eelim sre\u0107an i uspje\u0161an po\u010detak nove \u0161kolske godine\u201d, rekao je on.<\/p>\n<p><a href=\"https:\/\/www.prijedordanas.com\/wp-content\/uploads\/2026\/08\/kozarski-os-desanka-maksimovic-priredba-za-prvacice-3.jpg\"><img loading=\"lazy\" decoding=\"async\" src=\"https:\/\/www.prijedordanas.com\/wp-content\/uploads\/2026\/08\/kozarski-os-desanka-maksimovic-priredba-za-prvacice-3-300x169.jpg\" alt=\"\" width=\"300\" height=\"169\" class=\"alignleft size-medium wp-image-275685\" srcset=\"https:\/\/www.prijedordanas.com\/wp-content\/uploads\/2026\/08\/kozarski-os-desanka-maksimovic-priredba-za-prvacice-3-300x169.jpg 300w, https:\/\/www.prijedordanas.com\/wp-content\/uploads\/2026\/08\/kozarski-os-desanka-maksimovic-priredba-za-prvacice-3.jpg 600w\" sizes=\"(max-width: 300px) 100vw, 300px\" \/><\/a>Sretan po\u010detak nastave i mnogo dobrih ocjena, \u0111acima su po\u017eeljeli iz Grada Prijedora.<\/p>\n<p>\u201cU ime Gradske uprave Prijedor i gradona\u010delnika Slobodana Javora, prva\u010di\u0107ima \u017eelim sretan po\u010detak nastave u ovoj \u0161kolskoj godini, otvaranje novog poglavlja u \u017eivotu, a svim u\u010denicima osnovnih \u0161kola, kako prvog tako i ostalih razreda, \u017eelim puno uspjeha, zdravlja i sre\u0107e i da budu dobri \u0111aci\u201d, rekla je Olivera Brdar Mirkovi\u0107, na\u010delnik Odjeljenja za obrazovanje, zdravstvo, socijalnu za\u0161titu i pronatalitetnu i demografsku politiku.<\/p>\n<p>Proteklih dana zavr\u0161ena je podjela besplatnih ud\u017ebenika za u\u010denike od 1. do 9. razreda u Republici Srpskoj, koji su obezbije\u0111eni u saradnji Vlade RS i lokalnih zajednica.<\/p>\n<p><a href=\"https:\/\/kozarski.com\/priredba-dobrodoslice-za-djake-prvake\/\" target=\"_blank\" rel=\"noopener\">kozarski.com<\/a><\/p>\n","protected":false},"excerpt":{"rendered":"<p>Polazak u \u0161kolu, poseban je do\u017eivljaj u \u017eivotu svakog \u0161kolarca. Da im prvi susret s nastavnicima i \u0161kolskim drugovima ostane u lijepoj uspomeni, pobrinuli su se, ovih dana, u prijedorskim [&hellip;]<\/p>\n","protected":false},"author":1,"featured_media":0,"comment_status":"closed","ping_status":"open","sticky":false,"template":"","format":"standard","meta":{"_monsterinsights_skip_tracking":false,"_monsterinsights_sitenote_active":false,"_monsterinsights_sitenote_note":"","_monsterinsights_sitenote_category":0,"footnotes":""},"categories":[7518],"tags":[],"yoast_head":"<!-- This site is optimized with the Yoast SEO plugin v21.6 - https:\/\/yoast.com\/wordpress\/plugins\/seo\/ -->\n<title>O\u0160 &quot;Desanka Maksimovi\u0107&quot; Prijedor: Priredba dobrodo\u0161lice za \u0111ake prvake - PrijedorDanas.com - Prijedorski gradski portal<\/title>\n<meta name=\"robots\" content=\"index, follow, max-snippet:-1, max-image-preview:large, max-video-preview:-1\" \/>\n<link rel=\"canonical\" href=\"https:\/\/www.prijedordanas.com\/?p=275682\" \/>\n<meta property=\"og:locale\" content=\"en_US\" \/>\n<meta property=\"og:type\" content=\"article\" \/>\n<meta property=\"og:title\" content=\"O\u0160 &quot;Desanka Maksimovi\u0107&quot; Prijedor: Priredba dobrodo\u0161lice za \u0111ake prvake - PrijedorDanas.com - Prijedorski gradski portal\" \/>\n<meta property=\"og:description\" content=\"Polazak u \u0161kolu, poseban je do\u017eivljaj u \u017eivotu svakog \u0161kolarca. Da im prvi susret s nastavnicima i \u0161kolskim drugovima ostane u lijepoj uspomeni, pobrinuli su se, ovih dana, u prijedorskim [&hellip;]\" \/>\n<meta property=\"og:url\" content=\"https:\/\/www.prijedordanas.com\/?p=275682\" \/>\n<meta property=\"og:site_name\" content=\"PrijedorDanas.com - Prijedorski gradski portal\" \/>\n<meta property=\"article:publisher\" content=\"https:\/\/www.facebook.com\/PrijedorDanasCom\/\" \/>\n<meta property=\"article:published_time\" content=\"2026-08-31T10:43:17+00:00\" \/>\n<meta property=\"og:image\" content=\"https:\/\/www.prijedordanas.com\/wp-content\/uploads\/2026\/08\/kozarski-os-desanka-maksimovic-priredba-za-prvacice-1-300x222.jpg\" \/>\n<meta name=\"author\" content=\"admin\" \/>\n<meta name=\"twitter:card\" content=\"summary_large_image\" \/>\n<meta name=\"twitter:label1\" content=\"Written by\" \/>\n\t<meta name=\"twitter:data1\" content=\"admin\" \/>\n\t<meta name=\"twitter:label2\" content=\"Est. reading time\" \/>\n\t<meta name=\"twitter:data2\" content=\"2 minutes\" \/>\n<script type=\"application\/ld+json\" class=\"yoast-schema-graph\">{\"@context\":\"https:\/\/schema.org\",\"@graph\":[{\"@type\":\"Article\",\"@id\":\"https:\/\/www.prijedordanas.com\/?p=275682#article\",\"isPartOf\":{\"@id\":\"https:\/\/www.prijedordanas.com\/?p=275682\"},\"author\":{\"name\":\"admin\",\"@id\":\"https:\/\/www.prijedordanas.com\/#\/schema\/person\/4e08ccf29b506ca916ff86d46bb700e6\"},\"headline\":\"O\u0160 &#8220;Desanka Maksimovi\u0107&#8221; Prijedor: Priredba dobrodo\u0161lice za \u0111ake prvake\",\"datePublished\":\"2026-08-31T10:43:17+00:00\",\"dateModified\":\"2026-08-31T10:43:17+00:00\",\"mainEntityOfPage\":{\"@id\":\"https:\/\/www.prijedordanas.com\/?p=275682\"},\"wordCount\":343,\"publisher\":{\"@id\":\"https:\/\/www.prijedordanas.com\/#organization\"},\"articleSection\":[\"Mladi\"],\"inLanguage\":\"en-US\"},{\"@type\":\"WebPage\",\"@id\":\"https:\/\/www.prijedordanas.com\/?p=275682\",\"url\":\"https:\/\/www.prijedordanas.com\/?p=275682\",\"name\":\"O\u0160 \\\"Desanka Maksimovi\u0107\\\" Prijedor: Priredba dobrodo\u0161lice za \u0111ake prvake - PrijedorDanas.com - Prijedorski gradski portal\",\"isPartOf\":{\"@id\":\"https:\/\/www.prijedordanas.com\/#website\"},\"datePublished\":\"2026-08-31T10:43:17+00:00\",\"dateModified\":\"2026-08-31T10:43:17+00:00\",\"breadcrumb\":{\"@id\":\"https:\/\/www.prijedordanas.com\/?p=275682#breadcrumb\"},\"inLanguage\":\"en-US\",\"potentialAction\":[{\"@type\":\"ReadAction\",\"target\":[\"https:\/\/www.prijedordanas.com\/?p=275682\"]}]},{\"@type\":\"BreadcrumbList\",\"@id\":\"https:\/\/www.prijedordanas.com\/?p=275682#breadcrumb\",\"itemListElement\":[{\"@type\":\"ListItem\",\"position\":1,\"name\":\"Home\",\"item\":\"https:\/\/www.prijedordanas.com\/\"},{\"@type\":\"ListItem\",\"position\":2,\"name\":\"O\u0160 &#8220;Desanka Maksimovi\u0107&#8221; Prijedor: Priredba dobrodo\u0161lice za \u0111ake prvake\"}]},{\"@type\":\"WebSite\",\"@id\":\"https:\/\/www.prijedordanas.com\/#website\",\"url\":\"https:\/\/www.prijedordanas.com\/\",\"name\":\"PrijedorDanas.com - Prijedorski gradski portal\",\"description\":\"Portal o doga\u0111anjima u gradu Prijedoru\",\"publisher\":{\"@id\":\"https:\/\/www.prijedordanas.com\/#organization\"},\"potentialAction\":[{\"@type\":\"SearchAction\",\"target\":{\"@type\":\"EntryPoint\",\"urlTemplate\":\"https:\/\/www.prijedordanas.com\/?s={search_term_string}\"},\"query-input\":\"required name=search_term_string\"}],\"inLanguage\":\"en-US\"},{\"@type\":\"Organization\",\"@id\":\"https:\/\/www.prijedordanas.com\/#organization\",\"name\":\"PrijedorDanas.com\",\"url\":\"https:\/\/www.prijedordanas.com\/\",\"logo\":{\"@type\":\"ImageObject\",\"inLanguage\":\"en-US\",\"@id\":\"https:\/\/www.prijedordanas.com\/#\/schema\/logo\/image\/\",\"url\":\"http:\/\/www.prijedordanas.com\/wp-content\/uploads\/2021\/12\/logopng.png\",\"contentUrl\":\"http:\/\/www.prijedordanas.com\/wp-content\/uploads\/2021\/12\/logopng.png\",\"width\":1019,\"height\":776,\"caption\":\"PrijedorDanas.com\"},\"image\":{\"@id\":\"https:\/\/www.prijedordanas.com\/#\/schema\/logo\/image\/\"},\"sameAs\":[\"https:\/\/www.facebook.com\/PrijedorDanasCom\/\"]},{\"@type\":\"Person\",\"@id\":\"https:\/\/www.prijedordanas.com\/#\/schema\/person\/4e08ccf29b506ca916ff86d46bb700e6\",\"name\":\"admin\",\"image\":{\"@type\":\"ImageObject\",\"inLanguage\":\"en-US\",\"@id\":\"https:\/\/www.prijedordanas.com\/#\/schema\/person\/image\/\",\"url\":\"https:\/\/secure.gravatar.com\/avatar\/1d3fc949d550f0b53a5f0d51e06dfd79?s=96&d=mm&r=g\",\"contentUrl\":\"https:\/\/secure.gravatar.com\/avatar\/1d3fc949d550f0b53a5f0d51e06dfd79?s=96&d=mm&r=g\",\"caption\":\"admin\"},\"url\":\"https:\/\/www.prijedordanas.com\/?author=1\"}]}<\/script>\n<!-- \/ Yoast SEO plugin. -->","yoast_head_json":{"title":"O\u0160 \"Desanka Maksimovi\u0107\" Prijedor: Priredba dobrodo\u0161lice za \u0111ake prvake - PrijedorDanas.com - Prijedorski gradski portal","robots":{"index":"index","follow":"follow","max-snippet":"max-snippet:-1","max-image-preview":"max-image-preview:large","max-video-preview":"max-video-preview:-1"},"canonical":"https:\/\/www.prijedordanas.com\/?p=275682","og_locale":"en_US","og_type":"article","og_title":"O\u0160 \"Desanka Maksimovi\u0107\" Prijedor: Priredba dobrodo\u0161lice za \u0111ake prvake - PrijedorDanas.com - Prijedorski gradski portal","og_description":"Polazak u \u0161kolu, poseban je do\u017eivljaj u \u017eivotu svakog \u0161kolarca. Da im prvi susret s nastavnicima i \u0161kolskim drugovima ostane u lijepoj uspomeni, pobrinuli su se, ovih dana, u prijedorskim [&hellip;]","og_url":"https:\/\/www.prijedordanas.com\/?p=275682","og_site_name":"PrijedorDanas.com - Prijedorski gradski portal","article_publisher":"https:\/\/www.facebook.com\/PrijedorDanasCom\/","article_published_time":"2026-08-31T10:43:17+00:00","og_image":[{"url":"https:\/\/www.prijedordanas.com\/wp-content\/uploads\/2026\/08\/kozarski-os-desanka-maksimovic-priredba-za-prvacice-1-300x222.jpg"}],"author":"admin","twitter_card":"summary_large_image","twitter_misc":{"Written by":"admin","Est. reading time":"2 minutes"},"schema":{"@context":"https:\/\/schema.org","@graph":[{"@type":"Article","@id":"https:\/\/www.prijedordanas.com\/?p=275682#article","isPartOf":{"@id":"https:\/\/www.prijedordanas.com\/?p=275682"},"author":{"name":"admin","@id":"https:\/\/www.prijedordanas.com\/#\/schema\/person\/4e08ccf29b506ca916ff86d46bb700e6"},"headline":"O\u0160 &#8220;Desanka Maksimovi\u0107&#8221; Prijedor: Priredba dobrodo\u0161lice za \u0111ake prvake","datePublished":"2026-08-31T10:43:17+00:00","dateModified":"2026-08-31T10:43:17+00:00","mainEntityOfPage":{"@id":"https:\/\/www.prijedordanas.com\/?p=275682"},"wordCount":343,"publisher":{"@id":"https:\/\/www.prijedordanas.com\/#organization"},"articleSection":["Mladi"],"inLanguage":"en-US"},{"@type":"WebPage","@id":"https:\/\/www.prijedordanas.com\/?p=275682","url":"https:\/\/www.prijedordanas.com\/?p=275682","name":"O\u0160 \"Desanka Maksimovi\u0107\" Prijedor: Priredba dobrodo\u0161lice za \u0111ake prvake - PrijedorDanas.com - Prijedorski gradski portal","isPartOf":{"@id":"https:\/\/www.prijedordanas.com\/#website"},"datePublished":"2026-08-31T10:43:17+00:00","dateModified":"2026-08-31T10:43:17+00:00","breadcrumb":{"@id":"https:\/\/www.prijedordanas.com\/?p=275682#breadcrumb"},"inLanguage":"en-US","potentialAction":[{"@type":"ReadAction","target":["https:\/\/www.prijedordanas.com\/?p=275682"]}]},{"@type":"BreadcrumbList","@id":"https:\/\/www.prijedordanas.com\/?p=275682#breadcrumb","itemListElement":[{"@type":"ListItem","position":1,"name":"Home","item":"https:\/\/www.prijedordanas.com\/"},{"@type":"ListItem","position":2,"name":"O\u0160 &#8220;Desanka Maksimovi\u0107&#8221; Prijedor: Priredba dobrodo\u0161lice za \u0111ake prvake"}]},{"@type":"WebSite","@id":"https:\/\/www.prijedordanas.com\/#website","url":"https:\/\/www.prijedordanas.com\/","name":"PrijedorDanas.com - Prijedorski gradski portal","description":"Portal o doga\u0111anjima u gradu Prijedoru","publisher":{"@id":"https:\/\/www.prijedordanas.com\/#organization"},"potentialAction":[{"@type":"SearchAction","target":{"@type":"EntryPoint","urlTemplate":"https:\/\/www.prijedordanas.com\/?s={search_term_string}"},"query-input":"required name=search_term_string"}],"inLanguage":"en-US"},{"@type":"Organization","@id":"https:\/\/www.prijedordanas.com\/#organization","name":"PrijedorDanas.com","url":"https:\/\/www.prijedordanas.com\/","logo":{"@type":"ImageObject","inLanguage":"en-US","@id":"https:\/\/www.prijedordanas.com\/#\/schema\/logo\/image\/","url":"http:\/\/www.prijedordanas.com\/wp-content\/uploads\/2021\/12\/logopng.png","contentUrl":"http:\/\/www.prijedordanas.com\/wp-content\/uploads\/2021\/12\/logopng.png","width":1019,"height":776,"caption":"PrijedorDanas.com"},"image":{"@id":"https:\/\/www.prijedordanas.com\/#\/schema\/logo\/image\/"},"sameAs":["https:\/\/www.facebook.com\/PrijedorDanasCom\/"]},{"@type":"Person","@id":"https:\/\/www.prijedordanas.com\/#\/schema\/person\/4e08ccf29b506ca916ff86d46bb700e6","name":"admin","image":{"@type":"ImageObject","inLanguage":"en-US","@id":"https:\/\/www.prijedordanas.com\/#\/schema\/person\/image\/","url":"https:\/\/secure.gravatar.com\/avatar\/1d3fc949d550f0b53a5f0d51e06dfd79?s=96&d=mm&r=g","contentUrl":"https:\/\/secure.gravatar.com\/avatar\/1d3fc949d550f0b53a5f0d51e06dfd79?s=96&d=mm&r=g","caption":"admin"},"url":"https:\/\/www.prijedordanas.com\/?author=1"}]}},"_links":{"self":[{"href":"https:\/\/www.prijedordanas.com\/index.php?rest_route=\/wp\/v2\/posts\/275682"}],"collection":[{"href":"https:\/\/www.prijedordanas.com\/index.php?rest_route=\/wp\/v2\/posts"}],"about":[{"href":"https:\/\/www.prijedordanas.com\/index.php?rest_route=\/wp\/v2\/types\/post"}],"author":[{"embeddable":true,"href":"https:\/\/www.prijedordanas.com\/index.php?rest_route=\/wp\/v2\/users\/1"}],"replies":[{"embeddable":true,"href":"https:\/\/www.prijedordanas.com\/index.php?rest_route=%2Fwp%2Fv2%2Fcomments&post=275682"}],"version-history":[{"count":1,"href":"https:\/\/www.prijedordanas.com\/index.php?rest_route=\/wp\/v2\/posts\/275682\/revisions"}],"predecessor-version":[{"id":275686,"href":"https:\/\/www.prijedordanas.com\/index.php?rest_route=\/wp\/v2\/posts\/275682\/revisions\/275686"}],"wp:attachment":[{"href":"https:\/\/www.prijedordanas.com\/index.php?rest_route=%2Fwp%2Fv2%2Fmedia&parent=275682"}],"wp:term":[{"taxonomy":"category","embeddable":true,"href":"https:\/\/www.prijedordanas.com\/index.php?rest_route=%2Fwp%2Fv2%2Fcategories&post=275682"},{"taxonomy":"post_tag","embeddable":true,"href":"https:\/\/www.prijedordanas.com\/index.php?rest_route=%2Fwp%2Fv2%2Ftags&post=275682"}],"curies":[{"name":"wp","href":"https:\/\/api.w.org\/{rel}","templated":true}]}}