{"id":275669,"date":"2026-08-30T22:48:33","date_gmt":"2026-08-30T20:48:33","guid":{"rendered":"https:\/\/www.prijedordanas.com\/?p=275669"},"modified":"2026-08-30T22:48:33","modified_gmt":"2026-08-30T20:48:33","slug":"drugi-susret-boraca-prvog-bataljona-prijedorske-43-motorizovane-brigade","status":"publish","type":"post","link":"https:\/\/www.prijedordanas.com\/?p=275669","title":{"rendered":"Drugi susret boraca Prvog bataljona prijedorske 43. motorizovane brigade"},"content":{"rendered":"<p><a href=\"https:\/\/www.prijedordanas.com\/wp-content\/uploads\/2026\/08\/kozarski-susret-boraca-prvog-bataljona-43pd-brigade-1.jpg\"><img loading=\"lazy\" decoding=\"async\" class=\"alignleft size-medium wp-image-275670\" src=\"https:\/\/www.prijedordanas.com\/wp-content\/uploads\/2026\/08\/kozarski-susret-boraca-prvog-bataljona-43pd-brigade-1-300x225.jpg\" alt=\"\" width=\"300\" height=\"225\" srcset=\"https:\/\/www.prijedordanas.com\/wp-content\/uploads\/2026\/08\/kozarski-susret-boraca-prvog-bataljona-43pd-brigade-1-300x225.jpg 300w, https:\/\/www.prijedordanas.com\/wp-content\/uploads\/2026\/08\/kozarski-susret-boraca-prvog-bataljona-43pd-brigade-1-640x480.jpg 640w, https:\/\/www.prijedordanas.com\/wp-content\/uploads\/2026\/08\/kozarski-susret-boraca-prvog-bataljona-43pd-brigade-1.jpg 667w\" sizes=\"(max-width: 300px) 100vw, 300px\" \/><\/a>Borci Prvog bataljona prijedorske 43. motorizovane brigade okupili su se u Brezi\u010danima na Drugom susretu boraca. Kod spomen-obilje\u017eja slu\u017een je parastos i polo\u017eeni su vijenci za 58 poginulih pripadnika ove jedinice.<\/p>\n<p>Prvi bataljon formiran je na Vidovdan 1992. godine.<\/p>\n<p>U stroju je na po\u010detku bilo izme\u0111u 600 i 700 boraca, dok je kroz jedinicu tokom rata pro\u0161lo oko 1.100 ljudi.<\/p>\n<p>Nekada\u0161nji komandant bataljona Du\u0161an \u0110enadija podsjetio je na ratni put jedinice, naglasiv\u0161i da je 1995. godina bila najte\u017ea, ali i presudna.<\/p>\n<p><a href=\"https:\/\/www.prijedordanas.com\/wp-content\/uploads\/2026\/08\/kozarski-susret-boraca-prvog-bataljona-43pd-brigade-djenadija.jpg\"><img loading=\"lazy\" decoding=\"async\" class=\"alignleft size-medium wp-image-275671\" src=\"https:\/\/www.prijedordanas.com\/wp-content\/uploads\/2026\/08\/kozarski-susret-boraca-prvog-bataljona-43pd-brigade-djenadija-300x169.jpg\" alt=\"\" width=\"300\" height=\"169\" srcset=\"https:\/\/www.prijedordanas.com\/wp-content\/uploads\/2026\/08\/kozarski-susret-boraca-prvog-bataljona-43pd-brigade-djenadija-300x169.jpg 300w, https:\/\/www.prijedordanas.com\/wp-content\/uploads\/2026\/08\/kozarski-susret-boraca-prvog-bataljona-43pd-brigade-djenadija.jpg 600w\" sizes=\"(max-width: 300px) 100vw, 300px\" \/><\/a>\u201cU ratu je te\u0161ko stalno, me\u0111utim, najte\u017ea je bila 1995. godina. To je nepisano pravilo da je u svim ratovima kraj najte\u017ei. Mi smo bili ubije\u0111eni da je granica tamo gdje stoji vojni\u010dka \u010dizma, ali vojska vodi oru\u017eanu borbu, a rat vodi politika. Ne treba niko da \u017eivi u iluziji da nam je neko poklonio Prijedor, sigurno nije. Sa desne strane Une najve\u0107i doprinos dao je \u010cetvrti Boji\u0107ev bataljon, na\u0161 Prvi bataljon 43. motorizovane sa novogradskom brigadom i na\u0161 Radni\u010dki bataljon na Kostajnici. Prijedor\u010dani moraju biti ponosni \u0161to su odbranili svoj grad\u201d, rekao je \u0110enadija.<\/p>\n<p>Jedinica je tokom rata pro\u0161la gotovo sva rati\u0161ta, osim hercegova\u010dkog \u2013 od grada\u010da\u010dkog, te\u0161anjskog i vozu\u0107kog, pa sve do odbrane Prijedora.<\/p>\n<p><a href=\"https:\/\/www.prijedordanas.com\/wp-content\/uploads\/2026\/08\/kozarski-susret-boraca-prvog-bataljona-43pd-brigade-dragojevic.jpg\"><img loading=\"lazy\" decoding=\"async\" class=\"alignleft size-medium wp-image-275672\" src=\"https:\/\/www.prijedordanas.com\/wp-content\/uploads\/2026\/08\/kozarski-susret-boraca-prvog-bataljona-43pd-brigade-dragojevic-300x169.jpg\" alt=\"\" width=\"300\" height=\"169\" srcset=\"https:\/\/www.prijedordanas.com\/wp-content\/uploads\/2026\/08\/kozarski-susret-boraca-prvog-bataljona-43pd-brigade-dragojevic-300x169.jpg 300w, https:\/\/www.prijedordanas.com\/wp-content\/uploads\/2026\/08\/kozarski-susret-boraca-prvog-bataljona-43pd-brigade-dragojevic.jpg 600w\" sizes=\"(max-width: 300px) 100vw, 300px\" \/><\/a>Nekada\u0161nji komandir Prve \u010dete Prvog bataljona Dragan Dragojevi\u0107 isti\u010de da je motiv boraca od samog po\u010detka bio jasan.<\/p>\n<p>\u201cNajte\u017ee je bilo oti\u0107i u rat. Rat je bio te\u017eak sam po sebi, ali motiv zbog kojeg smo svi sa ovog potkozarskog kraja oti\u0161li u rat dao nam je veliku energiju, snagu i volju da tu budemo i opstanemo. Cilj nam je bio da nam se ne desi ono \u0161to se na\u0161im porodicama i precima doga\u0111alo kroz prethodne ratove. Morali smo se okupiti zahvaljuju\u0107i ljudima koji su imali viziju, volju i \u017eelju da se odbrani narod na ovim prostorima. Tako nam se nije ponovila 1942. godina niti novo strati\u0161te. Sa\u010duvali smo ljude, porodice i na kraju krajeva i Republiku Srpsku. Mislim da je Prvi bataljon na \u010dast i po\u0161tovanje svih svojih potomaka, a na ponos predaka koji su nas odgojili. Ja sam bio najmla\u0111i komandir \u010dete u sastavu 43. motorizovane brigade i vodio sam jedinicu od 165 ljudi na grada\u010da\u010dkom rati\u0161tu\u201d, prisjetio se Dragojevi\u0107.<\/p>\n<p><a href=\"https:\/\/www.prijedordanas.com\/wp-content\/uploads\/2026\/08\/kozarski-susret-boraca-prvog-bataljona-43pd-brigade-katana.jpg\"><img loading=\"lazy\" decoding=\"async\" class=\"alignleft size-medium wp-image-275673\" src=\"https:\/\/www.prijedordanas.com\/wp-content\/uploads\/2026\/08\/kozarski-susret-boraca-prvog-bataljona-43pd-brigade-katana-300x169.jpg\" alt=\"\" width=\"300\" height=\"169\" srcset=\"https:\/\/www.prijedordanas.com\/wp-content\/uploads\/2026\/08\/kozarski-susret-boraca-prvog-bataljona-43pd-brigade-katana-300x169.jpg 300w, https:\/\/www.prijedordanas.com\/wp-content\/uploads\/2026\/08\/kozarski-susret-boraca-prvog-bataljona-43pd-brigade-katana.jpg 600w\" sizes=\"(max-width: 300px) 100vw, 300px\" \/><\/a>Borci su obi\u0161li i spomen-sobu bataljona.<\/p>\n<p>Mnogi od njih su u rat oti\u0161li sa svega dvadeset godina, a danas nagla\u0161avaju da su ovakva okupljanja va\u017ena kako se ne bi zaboravila istina o ratnim de\u0161avanjima.<\/p>\n<p>\u201cIzuzetno je va\u017eno da se okupljamo. Mi se redovno okupljamo kao pripadnici Interventnog voda, ali mi je jako drago \u0161to se krenulo sa dru\u017eenjem na nivou \u010ditavog bataljona. Neke ljude nisam vidio 30 godina. Ovo treba da se nastavi dok god ima u\u010desnika, ali i zbog mla\u0111ih generacija \u2013 da vide i \u010duju pravu istinu, a ne da u\u010de sa interneta i iz medija o nama, gdje kru\u017ei dosta informacija koje nisu istinite\u201d, poru\u010dio je Zoran Katana, biv\u0161i pripadnik Interventnog voda.<\/p>\n<p><a href=\"https:\/\/www.prijedordanas.com\/wp-content\/uploads\/2026\/08\/kozarski-susret-boraca-prvog-bataljona-43pd-brigade-kondic.jpg\"><img loading=\"lazy\" decoding=\"async\" class=\"alignleft size-medium wp-image-275674\" src=\"https:\/\/www.prijedordanas.com\/wp-content\/uploads\/2026\/08\/kozarski-susret-boraca-prvog-bataljona-43pd-brigade-kondic-300x169.jpg\" alt=\"\" width=\"300\" height=\"169\" srcset=\"https:\/\/www.prijedordanas.com\/wp-content\/uploads\/2026\/08\/kozarski-susret-boraca-prvog-bataljona-43pd-brigade-kondic-300x169.jpg 300w, https:\/\/www.prijedordanas.com\/wp-content\/uploads\/2026\/08\/kozarski-susret-boraca-prvog-bataljona-43pd-brigade-kondic.jpg 600w\" sizes=\"(max-width: 300px) 100vw, 300px\" \/><\/a>Zadovoljstvo zbog ponovnog susreta saboraca iskazao je i predsjednik Bora\u010dke organizacije Prijedor Vojislav Kondi\u0107.<\/p>\n<p>\u201cO ratnom putu ne moramo ni pri\u010dati, komandant to najbolje zna objasniti, ali borci ovih sela i Prvog bataljona na najbolji na\u010din su pronijeli ime i herojstvo Kozare. \u017delim im sre\u0107an ovaj dan i da se jo\u0161 dugo godina okupljamo\u201d, rekao je Kondi\u0107.<\/p>\n<p>Gradona\u010delnik Prijedora Slobodan Javor istakao je da Grad nastavlja da podr\u017eava ovakva okupljanja, naglasiv\u0161i da je to du\u017enost kako zbog \u010duvanja istine o pro\u0161losti, tako i zbog amaneta koji ostavljamo budu\u0107im generacijama.<\/p>\n<p><a href=\"https:\/\/www.prijedordanas.com\/wp-content\/uploads\/2026\/08\/kozarski-susret-boraca-prvog-bataljona-43pd-brigade-javor.jpg\"><img loading=\"lazy\" decoding=\"async\" src=\"https:\/\/www.prijedordanas.com\/wp-content\/uploads\/2026\/08\/kozarski-susret-boraca-prvog-bataljona-43pd-brigade-javor-300x169.jpg\" alt=\"\" width=\"300\" height=\"169\" class=\"alignleft size-medium wp-image-275675\" srcset=\"https:\/\/www.prijedordanas.com\/wp-content\/uploads\/2026\/08\/kozarski-susret-boraca-prvog-bataljona-43pd-brigade-javor-300x169.jpg 300w, https:\/\/www.prijedordanas.com\/wp-content\/uploads\/2026\/08\/kozarski-susret-boraca-prvog-bataljona-43pd-brigade-javor.jpg 600w\" sizes=\"(max-width: 300px) 100vw, 300px\" \/><\/a>\u201cOvo je bitan dan za Prijedor i za Republiku Srpsku. Ono \u0161to mogu da ka\u017eem kao gradona\u010delnik i kao neko ko sara\u0111uje sa ovim ljudima jeste da su za nas ovi dani jako va\u017eni iz dva razloga. Prvi je da se prisjetimo svih hrabrih junaka koji su svoje \u017eivote polo\u017eili u temelje Republike Srpske i koji su zaslu\u017eni \u0161to smo danas ovdje svoji na svome, kao i da se borci iz tog perioda okupljaju i razgovaraju. Drugi razlog, podjednako va\u017ean, jeste da mladim generacijama prenesemo istoriju o tom te\u0161kom periodu za Prijedor i Republiku Srpsku. Da \u010duvamo uspomenu na sve hrabre junake i borce, jer to mo\u017eemo uraditi samo mi koji \u017eivimo u Prijedoru i borci koji su pro\u0161li rat i ostali bez svojih kolega. Cijena koju smo platili je najskuplja, a to su ljudski \u017eivoti, zato smo do\u0161li da na dostojanstven na\u010din odamo du\u017enu po\u0161tu svima njima. Grad podr\u017eava ovakve doga\u0111aje i trudim se da u razgovoru sa Bora\u010dkom organizacijom \u010duvamo uspomenu na sve hrabre junake. Pokrenuli smo inicijativu da sve spomenike koji su bili u lo\u0161em stanju obnovimo zajedno sa republi\u010dkim nivoom vlasti, a tamo gdje spomenika nema, da ih izgradimo\u201d, naglasio je Javor.<\/p>\n<p>Prema podacima Bora\u010dke organizacije, Prijedor je u ratu dao 17 hiljada boraca, vi\u0161e od 650 poginulih i 2.500 invalida.<\/p>\n<p>Poruka sa skupa u Brezi\u010danima jeste da se njihova \u017ertva ne smije zaboraviti.<\/p>\n<p><a href=\"https:\/\/kozarski.com\/drugi-susret-boraca-prvog-bataljona-43-motorizovane-brigade\/\" target=\"_blank\" rel=\"noopener\">kozarski.com<\/a><\/p>\n<p><a href=\"https:\/\/www.prijedordanas.com\/wp-content\/uploads\/2026\/08\/kozarski-susret-boraca-prvog-bataljona-43pd-brigade-2.jpg\"><img loading=\"lazy\" decoding=\"async\" src=\"https:\/\/www.prijedordanas.com\/wp-content\/uploads\/2026\/08\/kozarski-susret-boraca-prvog-bataljona-43pd-brigade-2-300x169.jpg\" alt=\"\" width=\"300\" height=\"169\" class=\"alignleft size-medium wp-image-275676\" srcset=\"https:\/\/www.prijedordanas.com\/wp-content\/uploads\/2026\/08\/kozarski-susret-boraca-prvog-bataljona-43pd-brigade-2-300x169.jpg 300w, https:\/\/www.prijedordanas.com\/wp-content\/uploads\/2026\/08\/kozarski-susret-boraca-prvog-bataljona-43pd-brigade-2.jpg 600w\" sizes=\"(max-width: 300px) 100vw, 300px\" \/><\/a><\/p>\n","protected":false},"excerpt":{"rendered":"<p>Borci Prvog bataljona prijedorske 43. motorizovane brigade okupili su se u Brezi\u010danima na Drugom susretu boraca. Kod spomen-obilje\u017eja slu\u017een je parastos i polo\u017eeni su vijenci za 58 poginulih pripadnika ove [&hellip;]<\/p>\n","protected":false},"author":1,"featured_media":0,"comment_status":"closed","ping_status":"open","sticky":false,"template":"","format":"standard","meta":{"_monsterinsights_skip_tracking":false,"_monsterinsights_sitenote_active":false,"_monsterinsights_sitenote_note":"","_monsterinsights_sitenote_category":0,"footnotes":""},"categories":[8],"tags":[],"yoast_head":"<!-- This site is optimized with the Yoast SEO plugin v21.6 - https:\/\/yoast.com\/wordpress\/plugins\/seo\/ -->\n<title>Drugi susret boraca Prvog bataljona prijedorske 43. motorizovane brigade - PrijedorDanas.com - Prijedorski gradski portal<\/title>\n<meta name=\"robots\" content=\"index, follow, max-snippet:-1, max-image-preview:large, max-video-preview:-1\" \/>\n<link rel=\"canonical\" href=\"https:\/\/www.prijedordanas.com\/?p=275669\" \/>\n<meta property=\"og:locale\" content=\"en_US\" \/>\n<meta property=\"og:type\" content=\"article\" \/>\n<meta property=\"og:title\" content=\"Drugi susret boraca Prvog bataljona prijedorske 43. motorizovane brigade - PrijedorDanas.com - Prijedorski gradski portal\" \/>\n<meta property=\"og:description\" content=\"Borci Prvog bataljona prijedorske 43. motorizovane brigade okupili su se u Brezi\u010danima na Drugom susretu boraca. Kod spomen-obilje\u017eja slu\u017een je parastos i polo\u017eeni su vijenci za 58 poginulih pripadnika ove [&hellip;]\" \/>\n<meta property=\"og:url\" content=\"https:\/\/www.prijedordanas.com\/?p=275669\" \/>\n<meta property=\"og:site_name\" content=\"PrijedorDanas.com - Prijedorski gradski portal\" \/>\n<meta property=\"article:publisher\" content=\"https:\/\/www.facebook.com\/PrijedorDanasCom\/\" \/>\n<meta property=\"article:published_time\" content=\"2026-08-30T20:48:33+00:00\" \/>\n<meta property=\"og:image\" content=\"https:\/\/www.prijedordanas.com\/wp-content\/uploads\/2026\/08\/kozarski-susret-boraca-prvog-bataljona-43pd-brigade-1-300x225.jpg\" \/>\n<meta name=\"author\" content=\"admin\" \/>\n<meta name=\"twitter:card\" content=\"summary_large_image\" \/>\n<meta name=\"twitter:label1\" content=\"Written by\" \/>\n\t<meta name=\"twitter:data1\" content=\"admin\" \/>\n\t<meta name=\"twitter:label2\" content=\"Est. reading time\" \/>\n\t<meta name=\"twitter:data2\" content=\"5 minutes\" \/>\n<script type=\"application\/ld+json\" class=\"yoast-schema-graph\">{\"@context\":\"https:\/\/schema.org\",\"@graph\":[{\"@type\":\"Article\",\"@id\":\"https:\/\/www.prijedordanas.com\/?p=275669#article\",\"isPartOf\":{\"@id\":\"https:\/\/www.prijedordanas.com\/?p=275669\"},\"author\":{\"name\":\"admin\",\"@id\":\"https:\/\/www.prijedordanas.com\/#\/schema\/person\/4e08ccf29b506ca916ff86d46bb700e6\"},\"headline\":\"Drugi susret boraca Prvog bataljona prijedorske 43. motorizovane brigade\",\"datePublished\":\"2026-08-30T20:48:33+00:00\",\"dateModified\":\"2026-08-30T20:48:33+00:00\",\"mainEntityOfPage\":{\"@id\":\"https:\/\/www.prijedordanas.com\/?p=275669\"},\"wordCount\":874,\"publisher\":{\"@id\":\"https:\/\/www.prijedordanas.com\/#organization\"},\"articleSection\":[\"Svakodnevno\"],\"inLanguage\":\"en-US\"},{\"@type\":\"WebPage\",\"@id\":\"https:\/\/www.prijedordanas.com\/?p=275669\",\"url\":\"https:\/\/www.prijedordanas.com\/?p=275669\",\"name\":\"Drugi susret boraca Prvog bataljona prijedorske 43. motorizovane brigade - PrijedorDanas.com - Prijedorski gradski portal\",\"isPartOf\":{\"@id\":\"https:\/\/www.prijedordanas.com\/#website\"},\"datePublished\":\"2026-08-30T20:48:33+00:00\",\"dateModified\":\"2026-08-30T20:48:33+00:00\",\"breadcrumb\":{\"@id\":\"https:\/\/www.prijedordanas.com\/?p=275669#breadcrumb\"},\"inLanguage\":\"en-US\",\"potentialAction\":[{\"@type\":\"ReadAction\",\"target\":[\"https:\/\/www.prijedordanas.com\/?p=275669\"]}]},{\"@type\":\"BreadcrumbList\",\"@id\":\"https:\/\/www.prijedordanas.com\/?p=275669#breadcrumb\",\"itemListElement\":[{\"@type\":\"ListItem\",\"position\":1,\"name\":\"Home\",\"item\":\"https:\/\/www.prijedordanas.com\/\"},{\"@type\":\"ListItem\",\"position\":2,\"name\":\"Drugi susret boraca Prvog bataljona prijedorske 43. motorizovane brigade\"}]},{\"@type\":\"WebSite\",\"@id\":\"https:\/\/www.prijedordanas.com\/#website\",\"url\":\"https:\/\/www.prijedordanas.com\/\",\"name\":\"PrijedorDanas.com - Prijedorski gradski portal\",\"description\":\"Portal o doga\u0111anjima u gradu Prijedoru\",\"publisher\":{\"@id\":\"https:\/\/www.prijedordanas.com\/#organization\"},\"potentialAction\":[{\"@type\":\"SearchAction\",\"target\":{\"@type\":\"EntryPoint\",\"urlTemplate\":\"https:\/\/www.prijedordanas.com\/?s={search_term_string}\"},\"query-input\":\"required name=search_term_string\"}],\"inLanguage\":\"en-US\"},{\"@type\":\"Organization\",\"@id\":\"https:\/\/www.prijedordanas.com\/#organization\",\"name\":\"PrijedorDanas.com\",\"url\":\"https:\/\/www.prijedordanas.com\/\",\"logo\":{\"@type\":\"ImageObject\",\"inLanguage\":\"en-US\",\"@id\":\"https:\/\/www.prijedordanas.com\/#\/schema\/logo\/image\/\",\"url\":\"http:\/\/www.prijedordanas.com\/wp-content\/uploads\/2021\/12\/logopng.png\",\"contentUrl\":\"http:\/\/www.prijedordanas.com\/wp-content\/uploads\/2021\/12\/logopng.png\",\"width\":1019,\"height\":776,\"caption\":\"PrijedorDanas.com\"},\"image\":{\"@id\":\"https:\/\/www.prijedordanas.com\/#\/schema\/logo\/image\/\"},\"sameAs\":[\"https:\/\/www.facebook.com\/PrijedorDanasCom\/\"]},{\"@type\":\"Person\",\"@id\":\"https:\/\/www.prijedordanas.com\/#\/schema\/person\/4e08ccf29b506ca916ff86d46bb700e6\",\"name\":\"admin\",\"image\":{\"@type\":\"ImageObject\",\"inLanguage\":\"en-US\",\"@id\":\"https:\/\/www.prijedordanas.com\/#\/schema\/person\/image\/\",\"url\":\"https:\/\/secure.gravatar.com\/avatar\/1d3fc949d550f0b53a5f0d51e06dfd79?s=96&d=mm&r=g\",\"contentUrl\":\"https:\/\/secure.gravatar.com\/avatar\/1d3fc949d550f0b53a5f0d51e06dfd79?s=96&d=mm&r=g\",\"caption\":\"admin\"},\"url\":\"https:\/\/www.prijedordanas.com\/?author=1\"}]}<\/script>\n<!-- \/ Yoast SEO plugin. -->","yoast_head_json":{"title":"Drugi susret boraca Prvog bataljona prijedorske 43. motorizovane brigade - PrijedorDanas.com - Prijedorski gradski portal","robots":{"index":"index","follow":"follow","max-snippet":"max-snippet:-1","max-image-preview":"max-image-preview:large","max-video-preview":"max-video-preview:-1"},"canonical":"https:\/\/www.prijedordanas.com\/?p=275669","og_locale":"en_US","og_type":"article","og_title":"Drugi susret boraca Prvog bataljona prijedorske 43. motorizovane brigade - PrijedorDanas.com - Prijedorski gradski portal","og_description":"Borci Prvog bataljona prijedorske 43. motorizovane brigade okupili su se u Brezi\u010danima na Drugom susretu boraca. Kod spomen-obilje\u017eja slu\u017een je parastos i polo\u017eeni su vijenci za 58 poginulih pripadnika ove [&hellip;]","og_url":"https:\/\/www.prijedordanas.com\/?p=275669","og_site_name":"PrijedorDanas.com - Prijedorski gradski portal","article_publisher":"https:\/\/www.facebook.com\/PrijedorDanasCom\/","article_published_time":"2026-08-30T20:48:33+00:00","og_image":[{"url":"https:\/\/www.prijedordanas.com\/wp-content\/uploads\/2026\/08\/kozarski-susret-boraca-prvog-bataljona-43pd-brigade-1-300x225.jpg"}],"author":"admin","twitter_card":"summary_large_image","twitter_misc":{"Written by":"admin","Est. reading time":"5 minutes"},"schema":{"@context":"https:\/\/schema.org","@graph":[{"@type":"Article","@id":"https:\/\/www.prijedordanas.com\/?p=275669#article","isPartOf":{"@id":"https:\/\/www.prijedordanas.com\/?p=275669"},"author":{"name":"admin","@id":"https:\/\/www.prijedordanas.com\/#\/schema\/person\/4e08ccf29b506ca916ff86d46bb700e6"},"headline":"Drugi susret boraca Prvog bataljona prijedorske 43. motorizovane brigade","datePublished":"2026-08-30T20:48:33+00:00","dateModified":"2026-08-30T20:48:33+00:00","mainEntityOfPage":{"@id":"https:\/\/www.prijedordanas.com\/?p=275669"},"wordCount":874,"publisher":{"@id":"https:\/\/www.prijedordanas.com\/#organization"},"articleSection":["Svakodnevno"],"inLanguage":"en-US"},{"@type":"WebPage","@id":"https:\/\/www.prijedordanas.com\/?p=275669","url":"https:\/\/www.prijedordanas.com\/?p=275669","name":"Drugi susret boraca Prvog bataljona prijedorske 43. motorizovane brigade - PrijedorDanas.com - Prijedorski gradski portal","isPartOf":{"@id":"https:\/\/www.prijedordanas.com\/#website"},"datePublished":"2026-08-30T20:48:33+00:00","dateModified":"2026-08-30T20:48:33+00:00","breadcrumb":{"@id":"https:\/\/www.prijedordanas.com\/?p=275669#breadcrumb"},"inLanguage":"en-US","potentialAction":[{"@type":"ReadAction","target":["https:\/\/www.prijedordanas.com\/?p=275669"]}]},{"@type":"BreadcrumbList","@id":"https:\/\/www.prijedordanas.com\/?p=275669#breadcrumb","itemListElement":[{"@type":"ListItem","position":1,"name":"Home","item":"https:\/\/www.prijedordanas.com\/"},{"@type":"ListItem","position":2,"name":"Drugi susret boraca Prvog bataljona prijedorske 43. motorizovane brigade"}]},{"@type":"WebSite","@id":"https:\/\/www.prijedordanas.com\/#website","url":"https:\/\/www.prijedordanas.com\/","name":"PrijedorDanas.com - Prijedorski gradski portal","description":"Portal o doga\u0111anjima u gradu Prijedoru","publisher":{"@id":"https:\/\/www.prijedordanas.com\/#organization"},"potentialAction":[{"@type":"SearchAction","target":{"@type":"EntryPoint","urlTemplate":"https:\/\/www.prijedordanas.com\/?s={search_term_string}"},"query-input":"required name=search_term_string"}],"inLanguage":"en-US"},{"@type":"Organization","@id":"https:\/\/www.prijedordanas.com\/#organization","name":"PrijedorDanas.com","url":"https:\/\/www.prijedordanas.com\/","logo":{"@type":"ImageObject","inLanguage":"en-US","@id":"https:\/\/www.prijedordanas.com\/#\/schema\/logo\/image\/","url":"http:\/\/www.prijedordanas.com\/wp-content\/uploads\/2021\/12\/logopng.png","contentUrl":"http:\/\/www.prijedordanas.com\/wp-content\/uploads\/2021\/12\/logopng.png","width":1019,"height":776,"caption":"PrijedorDanas.com"},"image":{"@id":"https:\/\/www.prijedordanas.com\/#\/schema\/logo\/image\/"},"sameAs":["https:\/\/www.facebook.com\/PrijedorDanasCom\/"]},{"@type":"Person","@id":"https:\/\/www.prijedordanas.com\/#\/schema\/person\/4e08ccf29b506ca916ff86d46bb700e6","name":"admin","image":{"@type":"ImageObject","inLanguage":"en-US","@id":"https:\/\/www.prijedordanas.com\/#\/schema\/person\/image\/","url":"https:\/\/secure.gravatar.com\/avatar\/1d3fc949d550f0b53a5f0d51e06dfd79?s=96&d=mm&r=g","contentUrl":"https:\/\/secure.gravatar.com\/avatar\/1d3fc949d550f0b53a5f0d51e06dfd79?s=96&d=mm&r=g","caption":"admin"},"url":"https:\/\/www.prijedordanas.com\/?author=1"}]}},"_links":{"self":[{"href":"https:\/\/www.prijedordanas.com\/index.php?rest_route=\/wp\/v2\/posts\/275669"}],"collection":[{"href":"https:\/\/www.prijedordanas.com\/index.php?rest_route=\/wp\/v2\/posts"}],"about":[{"href":"https:\/\/www.prijedordanas.com\/index.php?rest_route=\/wp\/v2\/types\/post"}],"author":[{"embeddable":true,"href":"https:\/\/www.prijedordanas.com\/index.php?rest_route=\/wp\/v2\/users\/1"}],"replies":[{"embeddable":true,"href":"https:\/\/www.prijedordanas.com\/index.php?rest_route=%2Fwp%2Fv2%2Fcomments&post=275669"}],"version-history":[{"count":1,"href":"https:\/\/www.prijedordanas.com\/index.php?rest_route=\/wp\/v2\/posts\/275669\/revisions"}],"predecessor-version":[{"id":275677,"href":"https:\/\/www.prijedordanas.com\/index.php?rest_route=\/wp\/v2\/posts\/275669\/revisions\/275677"}],"wp:attachment":[{"href":"https:\/\/www.prijedordanas.com\/index.php?rest_route=%2Fwp%2Fv2%2Fmedia&parent=275669"}],"wp:term":[{"taxonomy":"category","embeddable":true,"href":"https:\/\/www.prijedordanas.com\/index.php?rest_route=%2Fwp%2Fv2%2Fcategories&post=275669"},{"taxonomy":"post_tag","embeddable":true,"href":"https:\/\/www.prijedordanas.com\/index.php?rest_route=%2Fwp%2Fv2%2Ftags&post=275669"}],"curies":[{"name":"wp","href":"https:\/\/api.w.org\/{rel}","templated":true}]}}