{"id":275645,"date":"2026-08-30T14:38:18","date_gmt":"2026-08-30T12:38:18","guid":{"rendered":"https:\/\/www.prijedordanas.com\/?p=275645"},"modified":"2026-08-30T14:42:43","modified_gmt":"2026-08-30T12:42:43","slug":"posljedice-nevremena-u-prijedoru-sruseno-drvo-u-dvoristu-crkve-svete-trojice-foto","status":"publish","type":"post","link":"https:\/\/www.prijedordanas.com\/?p=275645","title":{"rendered":"Posljedice nevremena u Prijedoru: Sru\u0161eno drvo u dvori\u0161tu Crkve Svete Trojice &#8211; FOTO"},"content":{"rendered":"<p><a href=\"https:\/\/www.prijedordanas.com\/wp-content\/uploads\/2026\/08\/crkva-svete-trojice-sruseno-drvo-29avgust-1.jpg\"><img loading=\"lazy\" decoding=\"async\" class=\"alignleft size-medium wp-image-275648\" src=\"https:\/\/www.prijedordanas.com\/wp-content\/uploads\/2026\/08\/crkva-svete-trojice-sruseno-drvo-29avgust-1-300x225.jpg\" alt=\"\" width=\"300\" height=\"225\" srcset=\"https:\/\/www.prijedordanas.com\/wp-content\/uploads\/2026\/08\/crkva-svete-trojice-sruseno-drvo-29avgust-1-300x225.jpg 300w, https:\/\/www.prijedordanas.com\/wp-content\/uploads\/2026\/08\/crkva-svete-trojice-sruseno-drvo-29avgust-1-640x480.jpg 640w, https:\/\/www.prijedordanas.com\/wp-content\/uploads\/2026\/08\/crkva-svete-trojice-sruseno-drvo-29avgust-1.jpg 667w\" sizes=\"(max-width: 300px) 100vw, 300px\" \/><\/a>Nevrijeme koje je u subotu oko podneva protutnjalo Priejdorom ostavilo je svoje posljedice.<\/p>\n<p>Najvi\u0161e \u0161tete pretrpjeli su poljoprivrednici i vo\u0107ari.<\/p>\n<p>Uni\u0161tene su poljoprivredne kulture i vo\u0107e, sru\u0161ena brojna stabla, o\u0161te\u0107ena elektro mre\u017ea.<\/p>\n<p>Mnoga naselja bila su bez struje i po nekoliko sati.<\/p>\n<p>U samom gradu najvidljivija \u0161teta su oborena stabla.<\/p>\n<p>U dvori\u0161tu Crkve Svete Trojice u Prijedoru vjetar je iz korijena i\u0161\u010dupao i oborio stablo lipe.<\/p>\n<p>Sre\u0107a u nesre\u0107i je da drvo nije palo na samu crkvu jer bi sigurno na\u010dinilo znatnu \u0161tetu, te da na dje\u010dijem igrali\u0161tu u neposrednoj blizini nije bilo nikoga jer su posljedice mogle biti ve\u0107e.<\/p>\n<p>Tekst i foto &#8211; Aleksandar Drakuli\u0107 &#8211; <a href=\"https:\/\/www.prijedordanas.com\" target=\"_blank\" rel=\"noopener noreferrer\">www.prijedordanas.com<\/a><\/p>\n<p><a href=\"https:\/\/www.prijedordanas.com\/wp-content\/uploads\/2026\/08\/crkva-svete-trojice-sruseno-drvo-29avgust-2.jpg\"><img loading=\"lazy\" decoding=\"async\" src=\"https:\/\/www.prijedordanas.com\/wp-content\/uploads\/2026\/08\/crkva-svete-trojice-sruseno-drvo-29avgust-2-300x225.jpg\" alt=\"\" width=\"300\" height=\"225\" class=\"alignleft size-medium wp-image-275649\" srcset=\"https:\/\/www.prijedordanas.com\/wp-content\/uploads\/2026\/08\/crkva-svete-trojice-sruseno-drvo-29avgust-2-300x225.jpg 300w, https:\/\/www.prijedordanas.com\/wp-content\/uploads\/2026\/08\/crkva-svete-trojice-sruseno-drvo-29avgust-2-640x480.jpg 640w, https:\/\/www.prijedordanas.com\/wp-content\/uploads\/2026\/08\/crkva-svete-trojice-sruseno-drvo-29avgust-2.jpg 667w\" sizes=\"(max-width: 300px) 100vw, 300px\" \/><\/a> <a href=\"https:\/\/www.prijedordanas.com\/wp-content\/uploads\/2026\/08\/crkva-svete-trojice-sruseno-drvo-29avgust-4.jpg\"><img loading=\"lazy\" decoding=\"async\" src=\"https:\/\/www.prijedordanas.com\/wp-content\/uploads\/2026\/08\/crkva-svete-trojice-sruseno-drvo-29avgust-4-300x225.jpg\" alt=\"\" width=\"300\" height=\"225\" class=\"alignleft size-medium wp-image-275650\" srcset=\"https:\/\/www.prijedordanas.com\/wp-content\/uploads\/2026\/08\/crkva-svete-trojice-sruseno-drvo-29avgust-4-300x225.jpg 300w, https:\/\/www.prijedordanas.com\/wp-content\/uploads\/2026\/08\/crkva-svete-trojice-sruseno-drvo-29avgust-4-640x480.jpg 640w, https:\/\/www.prijedordanas.com\/wp-content\/uploads\/2026\/08\/crkva-svete-trojice-sruseno-drvo-29avgust-4.jpg 667w\" sizes=\"(max-width: 300px) 100vw, 300px\" \/><\/a> <a href=\"https:\/\/www.prijedordanas.com\/wp-content\/uploads\/2026\/08\/crkva-svete-trojice-sruseno-drvo-29avgust-3.jpg\"><img loading=\"lazy\" decoding=\"async\" src=\"https:\/\/www.prijedordanas.com\/wp-content\/uploads\/2026\/08\/crkva-svete-trojice-sruseno-drvo-29avgust-3-225x300.jpg\" alt=\"\" width=\"225\" height=\"300\" class=\"alignleft size-medium wp-image-275651\" srcset=\"https:\/\/www.prijedordanas.com\/wp-content\/uploads\/2026\/08\/crkva-svete-trojice-sruseno-drvo-29avgust-3-225x300.jpg 225w, https:\/\/www.prijedordanas.com\/wp-content\/uploads\/2026\/08\/crkva-svete-trojice-sruseno-drvo-29avgust-3.jpg 450w\" sizes=\"(max-width: 225px) 100vw, 225px\" \/><\/a><\/p>\n","protected":false},"excerpt":{"rendered":"<p>Nevrijeme koje je u subotu oko podneva protutnjalo Priejdorom ostavilo je svoje posljedice. Najvi\u0161e \u0161tete pretrpjeli su poljoprivrednici i vo\u0107ari. Uni\u0161tene su poljoprivredne kulture i vo\u0107e, sru\u0161ena brojna stabla, o\u0161te\u0107ena [&hellip;]<\/p>\n","protected":false},"author":1,"featured_media":0,"comment_status":"closed","ping_status":"open","sticky":false,"template":"","format":"standard","meta":{"_monsterinsights_skip_tracking":false,"_monsterinsights_sitenote_active":false,"_monsterinsights_sitenote_note":"","_monsterinsights_sitenote_category":0,"footnotes":""},"categories":[8],"tags":[],"yoast_head":"<!-- This site is optimized with the Yoast SEO plugin v21.6 - https:\/\/yoast.com\/wordpress\/plugins\/seo\/ -->\n<title>Posljedice nevremena u Prijedoru: Sru\u0161eno drvo u dvori\u0161tu Crkve Svete Trojice - FOTO - PrijedorDanas.com - Prijedorski gradski portal<\/title>\n<meta name=\"robots\" content=\"index, follow, max-snippet:-1, max-image-preview:large, max-video-preview:-1\" \/>\n<link rel=\"canonical\" href=\"https:\/\/www.prijedordanas.com\/?p=275645\" \/>\n<meta property=\"og:locale\" content=\"en_US\" \/>\n<meta property=\"og:type\" content=\"article\" \/>\n<meta property=\"og:title\" content=\"Posljedice nevremena u Prijedoru: Sru\u0161eno drvo u dvori\u0161tu Crkve Svete Trojice - FOTO - PrijedorDanas.com - Prijedorski gradski portal\" \/>\n<meta property=\"og:description\" content=\"Nevrijeme koje je u subotu oko podneva protutnjalo Priejdorom ostavilo je svoje posljedice. Najvi\u0161e \u0161tete pretrpjeli su poljoprivrednici i vo\u0107ari. Uni\u0161tene su poljoprivredne kulture i vo\u0107e, sru\u0161ena brojna stabla, o\u0161te\u0107ena [&hellip;]\" \/>\n<meta property=\"og:url\" content=\"https:\/\/www.prijedordanas.com\/?p=275645\" \/>\n<meta property=\"og:site_name\" content=\"PrijedorDanas.com - Prijedorski gradski portal\" \/>\n<meta property=\"article:publisher\" content=\"https:\/\/www.facebook.com\/PrijedorDanasCom\/\" \/>\n<meta property=\"article:published_time\" content=\"2026-08-30T12:38:18+00:00\" \/>\n<meta property=\"article:modified_time\" content=\"2026-08-30T12:42:43+00:00\" \/>\n<meta property=\"og:image\" content=\"https:\/\/www.prijedordanas.com\/wp-content\/uploads\/2026\/08\/crkva-svete-trojice-sruseno-drvo-29avgust-1-300x225.jpg\" \/>\n<meta name=\"author\" content=\"admin\" \/>\n<meta name=\"twitter:card\" content=\"summary_large_image\" \/>\n<meta name=\"twitter:label1\" content=\"Written by\" \/>\n\t<meta name=\"twitter:data1\" content=\"admin\" \/>\n\t<meta name=\"twitter:label2\" content=\"Est. reading time\" \/>\n\t<meta name=\"twitter:data2\" content=\"2 minutes\" \/>\n<script type=\"application\/ld+json\" class=\"yoast-schema-graph\">{\"@context\":\"https:\/\/schema.org\",\"@graph\":[{\"@type\":\"Article\",\"@id\":\"https:\/\/www.prijedordanas.com\/?p=275645#article\",\"isPartOf\":{\"@id\":\"https:\/\/www.prijedordanas.com\/?p=275645\"},\"author\":{\"name\":\"admin\",\"@id\":\"https:\/\/www.prijedordanas.com\/#\/schema\/person\/4e08ccf29b506ca916ff86d46bb700e6\"},\"headline\":\"Posljedice nevremena u Prijedoru: Sru\u0161eno drvo u dvori\u0161tu Crkve Svete Trojice &#8211; FOTO\",\"datePublished\":\"2026-08-30T12:38:18+00:00\",\"dateModified\":\"2026-08-30T12:42:43+00:00\",\"mainEntityOfPage\":{\"@id\":\"https:\/\/www.prijedordanas.com\/?p=275645\"},\"wordCount\":141,\"publisher\":{\"@id\":\"https:\/\/www.prijedordanas.com\/#organization\"},\"articleSection\":[\"Svakodnevno\"],\"inLanguage\":\"en-US\"},{\"@type\":\"WebPage\",\"@id\":\"https:\/\/www.prijedordanas.com\/?p=275645\",\"url\":\"https:\/\/www.prijedordanas.com\/?p=275645\",\"name\":\"Posljedice nevremena u Prijedoru: Sru\u0161eno drvo u dvori\u0161tu Crkve Svete Trojice - FOTO - PrijedorDanas.com - Prijedorski gradski portal\",\"isPartOf\":{\"@id\":\"https:\/\/www.prijedordanas.com\/#website\"},\"datePublished\":\"2026-08-30T12:38:18+00:00\",\"dateModified\":\"2026-08-30T12:42:43+00:00\",\"breadcrumb\":{\"@id\":\"https:\/\/www.prijedordanas.com\/?p=275645#breadcrumb\"},\"inLanguage\":\"en-US\",\"potentialAction\":[{\"@type\":\"ReadAction\",\"target\":[\"https:\/\/www.prijedordanas.com\/?p=275645\"]}]},{\"@type\":\"BreadcrumbList\",\"@id\":\"https:\/\/www.prijedordanas.com\/?p=275645#breadcrumb\",\"itemListElement\":[{\"@type\":\"ListItem\",\"position\":1,\"name\":\"Home\",\"item\":\"https:\/\/www.prijedordanas.com\/\"},{\"@type\":\"ListItem\",\"position\":2,\"name\":\"Posljedice nevremena u Prijedoru: Sru\u0161eno drvo u dvori\u0161tu Crkve Svete Trojice &#8211; FOTO\"}]},{\"@type\":\"WebSite\",\"@id\":\"https:\/\/www.prijedordanas.com\/#website\",\"url\":\"https:\/\/www.prijedordanas.com\/\",\"name\":\"PrijedorDanas.com - Prijedorski gradski portal\",\"description\":\"Portal o doga\u0111anjima u gradu Prijedoru\",\"publisher\":{\"@id\":\"https:\/\/www.prijedordanas.com\/#organization\"},\"potentialAction\":[{\"@type\":\"SearchAction\",\"target\":{\"@type\":\"EntryPoint\",\"urlTemplate\":\"https:\/\/www.prijedordanas.com\/?s={search_term_string}\"},\"query-input\":\"required name=search_term_string\"}],\"inLanguage\":\"en-US\"},{\"@type\":\"Organization\",\"@id\":\"https:\/\/www.prijedordanas.com\/#organization\",\"name\":\"PrijedorDanas.com\",\"url\":\"https:\/\/www.prijedordanas.com\/\",\"logo\":{\"@type\":\"ImageObject\",\"inLanguage\":\"en-US\",\"@id\":\"https:\/\/www.prijedordanas.com\/#\/schema\/logo\/image\/\",\"url\":\"http:\/\/www.prijedordanas.com\/wp-content\/uploads\/2021\/12\/logopng.png\",\"contentUrl\":\"http:\/\/www.prijedordanas.com\/wp-content\/uploads\/2021\/12\/logopng.png\",\"width\":1019,\"height\":776,\"caption\":\"PrijedorDanas.com\"},\"image\":{\"@id\":\"https:\/\/www.prijedordanas.com\/#\/schema\/logo\/image\/\"},\"sameAs\":[\"https:\/\/www.facebook.com\/PrijedorDanasCom\/\"]},{\"@type\":\"Person\",\"@id\":\"https:\/\/www.prijedordanas.com\/#\/schema\/person\/4e08ccf29b506ca916ff86d46bb700e6\",\"name\":\"admin\",\"image\":{\"@type\":\"ImageObject\",\"inLanguage\":\"en-US\",\"@id\":\"https:\/\/www.prijedordanas.com\/#\/schema\/person\/image\/\",\"url\":\"https:\/\/secure.gravatar.com\/avatar\/1d3fc949d550f0b53a5f0d51e06dfd79?s=96&d=mm&r=g\",\"contentUrl\":\"https:\/\/secure.gravatar.com\/avatar\/1d3fc949d550f0b53a5f0d51e06dfd79?s=96&d=mm&r=g\",\"caption\":\"admin\"},\"url\":\"https:\/\/www.prijedordanas.com\/?author=1\"}]}<\/script>\n<!-- \/ Yoast SEO plugin. -->","yoast_head_json":{"title":"Posljedice nevremena u Prijedoru: Sru\u0161eno drvo u dvori\u0161tu Crkve Svete Trojice - FOTO - PrijedorDanas.com - Prijedorski gradski portal","robots":{"index":"index","follow":"follow","max-snippet":"max-snippet:-1","max-image-preview":"max-image-preview:large","max-video-preview":"max-video-preview:-1"},"canonical":"https:\/\/www.prijedordanas.com\/?p=275645","og_locale":"en_US","og_type":"article","og_title":"Posljedice nevremena u Prijedoru: Sru\u0161eno drvo u dvori\u0161tu Crkve Svete Trojice - FOTO - PrijedorDanas.com - Prijedorski gradski portal","og_description":"Nevrijeme koje je u subotu oko podneva protutnjalo Priejdorom ostavilo je svoje posljedice. Najvi\u0161e \u0161tete pretrpjeli su poljoprivrednici i vo\u0107ari. Uni\u0161tene su poljoprivredne kulture i vo\u0107e, sru\u0161ena brojna stabla, o\u0161te\u0107ena [&hellip;]","og_url":"https:\/\/www.prijedordanas.com\/?p=275645","og_site_name":"PrijedorDanas.com - Prijedorski gradski portal","article_publisher":"https:\/\/www.facebook.com\/PrijedorDanasCom\/","article_published_time":"2026-08-30T12:38:18+00:00","article_modified_time":"2026-08-30T12:42:43+00:00","og_image":[{"url":"https:\/\/www.prijedordanas.com\/wp-content\/uploads\/2026\/08\/crkva-svete-trojice-sruseno-drvo-29avgust-1-300x225.jpg"}],"author":"admin","twitter_card":"summary_large_image","twitter_misc":{"Written by":"admin","Est. reading time":"2 minutes"},"schema":{"@context":"https:\/\/schema.org","@graph":[{"@type":"Article","@id":"https:\/\/www.prijedordanas.com\/?p=275645#article","isPartOf":{"@id":"https:\/\/www.prijedordanas.com\/?p=275645"},"author":{"name":"admin","@id":"https:\/\/www.prijedordanas.com\/#\/schema\/person\/4e08ccf29b506ca916ff86d46bb700e6"},"headline":"Posljedice nevremena u Prijedoru: Sru\u0161eno drvo u dvori\u0161tu Crkve Svete Trojice &#8211; FOTO","datePublished":"2026-08-30T12:38:18+00:00","dateModified":"2026-08-30T12:42:43+00:00","mainEntityOfPage":{"@id":"https:\/\/www.prijedordanas.com\/?p=275645"},"wordCount":141,"publisher":{"@id":"https:\/\/www.prijedordanas.com\/#organization"},"articleSection":["Svakodnevno"],"inLanguage":"en-US"},{"@type":"WebPage","@id":"https:\/\/www.prijedordanas.com\/?p=275645","url":"https:\/\/www.prijedordanas.com\/?p=275645","name":"Posljedice nevremena u Prijedoru: Sru\u0161eno drvo u dvori\u0161tu Crkve Svete Trojice - FOTO - PrijedorDanas.com - Prijedorski gradski portal","isPartOf":{"@id":"https:\/\/www.prijedordanas.com\/#website"},"datePublished":"2026-08-30T12:38:18+00:00","dateModified":"2026-08-30T12:42:43+00:00","breadcrumb":{"@id":"https:\/\/www.prijedordanas.com\/?p=275645#breadcrumb"},"inLanguage":"en-US","potentialAction":[{"@type":"ReadAction","target":["https:\/\/www.prijedordanas.com\/?p=275645"]}]},{"@type":"BreadcrumbList","@id":"https:\/\/www.prijedordanas.com\/?p=275645#breadcrumb","itemListElement":[{"@type":"ListItem","position":1,"name":"Home","item":"https:\/\/www.prijedordanas.com\/"},{"@type":"ListItem","position":2,"name":"Posljedice nevremena u Prijedoru: Sru\u0161eno drvo u dvori\u0161tu Crkve Svete Trojice &#8211; FOTO"}]},{"@type":"WebSite","@id":"https:\/\/www.prijedordanas.com\/#website","url":"https:\/\/www.prijedordanas.com\/","name":"PrijedorDanas.com - Prijedorski gradski portal","description":"Portal o doga\u0111anjima u gradu Prijedoru","publisher":{"@id":"https:\/\/www.prijedordanas.com\/#organization"},"potentialAction":[{"@type":"SearchAction","target":{"@type":"EntryPoint","urlTemplate":"https:\/\/www.prijedordanas.com\/?s={search_term_string}"},"query-input":"required name=search_term_string"}],"inLanguage":"en-US"},{"@type":"Organization","@id":"https:\/\/www.prijedordanas.com\/#organization","name":"PrijedorDanas.com","url":"https:\/\/www.prijedordanas.com\/","logo":{"@type":"ImageObject","inLanguage":"en-US","@id":"https:\/\/www.prijedordanas.com\/#\/schema\/logo\/image\/","url":"http:\/\/www.prijedordanas.com\/wp-content\/uploads\/2021\/12\/logopng.png","contentUrl":"http:\/\/www.prijedordanas.com\/wp-content\/uploads\/2021\/12\/logopng.png","width":1019,"height":776,"caption":"PrijedorDanas.com"},"image":{"@id":"https:\/\/www.prijedordanas.com\/#\/schema\/logo\/image\/"},"sameAs":["https:\/\/www.facebook.com\/PrijedorDanasCom\/"]},{"@type":"Person","@id":"https:\/\/www.prijedordanas.com\/#\/schema\/person\/4e08ccf29b506ca916ff86d46bb700e6","name":"admin","image":{"@type":"ImageObject","inLanguage":"en-US","@id":"https:\/\/www.prijedordanas.com\/#\/schema\/person\/image\/","url":"https:\/\/secure.gravatar.com\/avatar\/1d3fc949d550f0b53a5f0d51e06dfd79?s=96&d=mm&r=g","contentUrl":"https:\/\/secure.gravatar.com\/avatar\/1d3fc949d550f0b53a5f0d51e06dfd79?s=96&d=mm&r=g","caption":"admin"},"url":"https:\/\/www.prijedordanas.com\/?author=1"}]}},"_links":{"self":[{"href":"https:\/\/www.prijedordanas.com\/index.php?rest_route=\/wp\/v2\/posts\/275645"}],"collection":[{"href":"https:\/\/www.prijedordanas.com\/index.php?rest_route=\/wp\/v2\/posts"}],"about":[{"href":"https:\/\/www.prijedordanas.com\/index.php?rest_route=\/wp\/v2\/types\/post"}],"author":[{"embeddable":true,"href":"https:\/\/www.prijedordanas.com\/index.php?rest_route=\/wp\/v2\/users\/1"}],"replies":[{"embeddable":true,"href":"https:\/\/www.prijedordanas.com\/index.php?rest_route=%2Fwp%2Fv2%2Fcomments&post=275645"}],"version-history":[{"count":4,"href":"https:\/\/www.prijedordanas.com\/index.php?rest_route=\/wp\/v2\/posts\/275645\/revisions"}],"predecessor-version":[{"id":275654,"href":"https:\/\/www.prijedordanas.com\/index.php?rest_route=\/wp\/v2\/posts\/275645\/revisions\/275654"}],"wp:attachment":[{"href":"https:\/\/www.prijedordanas.com\/index.php?rest_route=%2Fwp%2Fv2%2Fmedia&parent=275645"}],"wp:term":[{"taxonomy":"category","embeddable":true,"href":"https:\/\/www.prijedordanas.com\/index.php?rest_route=%2Fwp%2Fv2%2Fcategories&post=275645"},{"taxonomy":"post_tag","embeddable":true,"href":"https:\/\/www.prijedordanas.com\/index.php?rest_route=%2Fwp%2Fv2%2Ftags&post=275645"}],"curies":[{"name":"wp","href":"https:\/\/api.w.org\/{rel}","templated":true}]}}