{"id":275642,"date":"2026-08-30T14:15:43","date_gmt":"2026-08-30T12:15:43","guid":{"rendered":"https:\/\/www.prijedordanas.com\/?p=275642"},"modified":"2026-08-30T14:15:43","modified_gmt":"2026-08-30T12:15:43","slug":"okruzni-privredni-sud-prijedor-neuspjela-prodaja-10-poslovnih-prostora-trgoprodaje-u-stecaju","status":"publish","type":"post","link":"https:\/\/www.prijedordanas.com\/?p=275642","title":{"rendered":"Okru\u017eni privredni sud Prijedor: Neuspjela prodaja 10 poslovnih prostora &#8220;Trgoprodaje&#8221; u ste\u010daju"},"content":{"rendered":"<p><a href=\"https:\/\/www.prijedordanas.com\/wp-content\/uploads\/2021\/04\/trgoprodaja.jpg\"><img loading=\"lazy\" decoding=\"async\" src=\"https:\/\/www.prijedordanas.com\/wp-content\/uploads\/2021\/04\/trgoprodaja-262x300.jpg\" alt=\"\" width=\"262\" height=\"300\" class=\"alignleft size-medium wp-image-165246\" srcset=\"https:\/\/www.prijedordanas.com\/wp-content\/uploads\/2021\/04\/trgoprodaja-262x300.jpg 262w, https:\/\/www.prijedordanas.com\/wp-content\/uploads\/2021\/04\/trgoprodaja.jpg 524w\" sizes=\"(max-width: 262px) 100vw, 262px\" \/><\/a>Na javnom nadmetanju za prodaju deset poslovnih prostora prijedorske \u201eTrgoprodaje\u201c u ste\u010daju nije bilo prijava i svih sedam licitacija ste\u010dajni upravnik proglasio je nesupjelima, objavio je Okru\u017eni privredni sud u Prijedoru. <\/p>\n<p>Radi se o \u010detiri lokala u ulici Milo\u0161a Obrenovic\u0301a i jednom u ulici \u017darka Zgonjanina koji su licitirani po \u010detvrti put i kojima su po\u010detne cijene bile 12.920 KM, 26.640 KM, 49.920 KM, 86.840 KM i 98.840 KM. <\/p>\n<p>Po trec\u0301i put licitirani su poslovni prostor \u201ePlug\u201c u Kralja Petra Prvog Oslobodioca po\u010detne cijene 247.100 KM, \u201eKonzum\u201c na Urijama \/208.600 KM\/, kiosk u Orlova\u010di \/4.200 KM\/ i skladi\u0161te \u201eSpecijal\u201c u Prvomajskoj ulici na Urijama \/1.251.600 KM\/. <\/p>\n<p>Po prvi put licitirana je njiva u Gomjenici, po\u010detne cijene 38.900 KM, i tako\u0111e je neuspjla prodaja. <\/p>\n<p>Ste\u010daj u \u201eTrgoprodaji\u201c otvoren je 1. marta 2021. godine.<\/p>\n<p>Tekst \u2013 Katarina Pani\u0107 &#8211; <a href=\"https:\/\/www.prijedordanas.com\" target=\"_blank\" rel=\"noopener noreferrer\">www.prijedordanas.com<\/a><br \/>\nFoto &#8211; ilustracija <\/p>\n","protected":false},"excerpt":{"rendered":"<p>Na javnom nadmetanju za prodaju deset poslovnih prostora prijedorske \u201eTrgoprodaje\u201c u ste\u010daju nije bilo prijava i svih sedam licitacija ste\u010dajni upravnik proglasio je nesupjelima, objavio je Okru\u017eni privredni sud u [&hellip;]<\/p>\n","protected":false},"author":1,"featured_media":0,"comment_status":"closed","ping_status":"open","sticky":false,"template":"","format":"standard","meta":{"_monsterinsights_skip_tracking":false,"_monsterinsights_sitenote_active":false,"_monsterinsights_sitenote_note":"","_monsterinsights_sitenote_category":0,"footnotes":""},"categories":[4],"tags":[3377],"yoast_head":"<!-- This site is optimized with the Yoast SEO plugin v21.6 - https:\/\/yoast.com\/wordpress\/plugins\/seo\/ -->\n<title>Okru\u017eni privredni sud Prijedor: Neuspjela prodaja 10 poslovnih prostora &quot;Trgoprodaje&quot; u ste\u010daju - PrijedorDanas.com - Prijedorski gradski portal<\/title>\n<meta name=\"robots\" content=\"index, follow, max-snippet:-1, max-image-preview:large, max-video-preview:-1\" \/>\n<link rel=\"canonical\" href=\"https:\/\/www.prijedordanas.com\/?p=275642\" \/>\n<meta property=\"og:locale\" content=\"en_US\" \/>\n<meta property=\"og:type\" content=\"article\" \/>\n<meta property=\"og:title\" content=\"Okru\u017eni privredni sud Prijedor: Neuspjela prodaja 10 poslovnih prostora &quot;Trgoprodaje&quot; u ste\u010daju - PrijedorDanas.com - Prijedorski gradski portal\" \/>\n<meta property=\"og:description\" content=\"Na javnom nadmetanju za prodaju deset poslovnih prostora prijedorske \u201eTrgoprodaje\u201c u ste\u010daju nije bilo prijava i svih sedam licitacija ste\u010dajni upravnik proglasio je nesupjelima, objavio je Okru\u017eni privredni sud u [&hellip;]\" \/>\n<meta property=\"og:url\" content=\"https:\/\/www.prijedordanas.com\/?p=275642\" \/>\n<meta property=\"og:site_name\" content=\"PrijedorDanas.com - Prijedorski gradski portal\" \/>\n<meta property=\"article:publisher\" content=\"https:\/\/www.facebook.com\/PrijedorDanasCom\/\" \/>\n<meta property=\"article:published_time\" content=\"2026-08-30T12:15:43+00:00\" \/>\n<meta property=\"og:image\" content=\"https:\/\/www.prijedordanas.com\/wp-content\/uploads\/2021\/04\/trgoprodaja-262x300.jpg\" \/>\n<meta name=\"author\" content=\"admin\" \/>\n<meta name=\"twitter:card\" content=\"summary_large_image\" \/>\n<meta name=\"twitter:label1\" content=\"Written by\" \/>\n\t<meta name=\"twitter:data1\" content=\"admin\" \/>\n<script type=\"application\/ld+json\" class=\"yoast-schema-graph\">{\"@context\":\"https:\/\/schema.org\",\"@graph\":[{\"@type\":\"Article\",\"@id\":\"https:\/\/www.prijedordanas.com\/?p=275642#article\",\"isPartOf\":{\"@id\":\"https:\/\/www.prijedordanas.com\/?p=275642\"},\"author\":{\"name\":\"admin\",\"@id\":\"https:\/\/www.prijedordanas.com\/#\/schema\/person\/4e08ccf29b506ca916ff86d46bb700e6\"},\"headline\":\"Okru\u017eni privredni sud Prijedor: Neuspjela prodaja 10 poslovnih prostora &#8220;Trgoprodaje&#8221; u ste\u010daju\",\"datePublished\":\"2026-08-30T12:15:43+00:00\",\"dateModified\":\"2026-08-30T12:15:43+00:00\",\"mainEntityOfPage\":{\"@id\":\"https:\/\/www.prijedordanas.com\/?p=275642\"},\"wordCount\":156,\"publisher\":{\"@id\":\"https:\/\/www.prijedordanas.com\/#organization\"},\"keywords\":[\"Trgoprodaja\"],\"articleSection\":[\"Dru\u0161tvo\"],\"inLanguage\":\"en-US\"},{\"@type\":\"WebPage\",\"@id\":\"https:\/\/www.prijedordanas.com\/?p=275642\",\"url\":\"https:\/\/www.prijedordanas.com\/?p=275642\",\"name\":\"Okru\u017eni privredni sud Prijedor: Neuspjela prodaja 10 poslovnih prostora \\\"Trgoprodaje\\\" u ste\u010daju - PrijedorDanas.com - Prijedorski gradski portal\",\"isPartOf\":{\"@id\":\"https:\/\/www.prijedordanas.com\/#website\"},\"datePublished\":\"2026-08-30T12:15:43+00:00\",\"dateModified\":\"2026-08-30T12:15:43+00:00\",\"breadcrumb\":{\"@id\":\"https:\/\/www.prijedordanas.com\/?p=275642#breadcrumb\"},\"inLanguage\":\"en-US\",\"potentialAction\":[{\"@type\":\"ReadAction\",\"target\":[\"https:\/\/www.prijedordanas.com\/?p=275642\"]}]},{\"@type\":\"BreadcrumbList\",\"@id\":\"https:\/\/www.prijedordanas.com\/?p=275642#breadcrumb\",\"itemListElement\":[{\"@type\":\"ListItem\",\"position\":1,\"name\":\"Home\",\"item\":\"https:\/\/www.prijedordanas.com\/\"},{\"@type\":\"ListItem\",\"position\":2,\"name\":\"Okru\u017eni privredni sud Prijedor: Neuspjela prodaja 10 poslovnih prostora &#8220;Trgoprodaje&#8221; u ste\u010daju\"}]},{\"@type\":\"WebSite\",\"@id\":\"https:\/\/www.prijedordanas.com\/#website\",\"url\":\"https:\/\/www.prijedordanas.com\/\",\"name\":\"PrijedorDanas.com - Prijedorski gradski portal\",\"description\":\"Portal o doga\u0111anjima u gradu Prijedoru\",\"publisher\":{\"@id\":\"https:\/\/www.prijedordanas.com\/#organization\"},\"potentialAction\":[{\"@type\":\"SearchAction\",\"target\":{\"@type\":\"EntryPoint\",\"urlTemplate\":\"https:\/\/www.prijedordanas.com\/?s={search_term_string}\"},\"query-input\":\"required name=search_term_string\"}],\"inLanguage\":\"en-US\"},{\"@type\":\"Organization\",\"@id\":\"https:\/\/www.prijedordanas.com\/#organization\",\"name\":\"PrijedorDanas.com\",\"url\":\"https:\/\/www.prijedordanas.com\/\",\"logo\":{\"@type\":\"ImageObject\",\"inLanguage\":\"en-US\",\"@id\":\"https:\/\/www.prijedordanas.com\/#\/schema\/logo\/image\/\",\"url\":\"http:\/\/www.prijedordanas.com\/wp-content\/uploads\/2021\/12\/logopng.png\",\"contentUrl\":\"http:\/\/www.prijedordanas.com\/wp-content\/uploads\/2021\/12\/logopng.png\",\"width\":1019,\"height\":776,\"caption\":\"PrijedorDanas.com\"},\"image\":{\"@id\":\"https:\/\/www.prijedordanas.com\/#\/schema\/logo\/image\/\"},\"sameAs\":[\"https:\/\/www.facebook.com\/PrijedorDanasCom\/\"]},{\"@type\":\"Person\",\"@id\":\"https:\/\/www.prijedordanas.com\/#\/schema\/person\/4e08ccf29b506ca916ff86d46bb700e6\",\"name\":\"admin\",\"image\":{\"@type\":\"ImageObject\",\"inLanguage\":\"en-US\",\"@id\":\"https:\/\/www.prijedordanas.com\/#\/schema\/person\/image\/\",\"url\":\"https:\/\/secure.gravatar.com\/avatar\/1d3fc949d550f0b53a5f0d51e06dfd79?s=96&d=mm&r=g\",\"contentUrl\":\"https:\/\/secure.gravatar.com\/avatar\/1d3fc949d550f0b53a5f0d51e06dfd79?s=96&d=mm&r=g\",\"caption\":\"admin\"},\"url\":\"https:\/\/www.prijedordanas.com\/?author=1\"}]}<\/script>\n<!-- \/ Yoast SEO plugin. -->","yoast_head_json":{"title":"Okru\u017eni privredni sud Prijedor: Neuspjela prodaja 10 poslovnih prostora \"Trgoprodaje\" u ste\u010daju - PrijedorDanas.com - Prijedorski gradski portal","robots":{"index":"index","follow":"follow","max-snippet":"max-snippet:-1","max-image-preview":"max-image-preview:large","max-video-preview":"max-video-preview:-1"},"canonical":"https:\/\/www.prijedordanas.com\/?p=275642","og_locale":"en_US","og_type":"article","og_title":"Okru\u017eni privredni sud Prijedor: Neuspjela prodaja 10 poslovnih prostora \"Trgoprodaje\" u ste\u010daju - PrijedorDanas.com - Prijedorski gradski portal","og_description":"Na javnom nadmetanju za prodaju deset poslovnih prostora prijedorske \u201eTrgoprodaje\u201c u ste\u010daju nije bilo prijava i svih sedam licitacija ste\u010dajni upravnik proglasio je nesupjelima, objavio je Okru\u017eni privredni sud u [&hellip;]","og_url":"https:\/\/www.prijedordanas.com\/?p=275642","og_site_name":"PrijedorDanas.com - Prijedorski gradski portal","article_publisher":"https:\/\/www.facebook.com\/PrijedorDanasCom\/","article_published_time":"2026-08-30T12:15:43+00:00","og_image":[{"url":"https:\/\/www.prijedordanas.com\/wp-content\/uploads\/2021\/04\/trgoprodaja-262x300.jpg"}],"author":"admin","twitter_card":"summary_large_image","twitter_misc":{"Written by":"admin"},"schema":{"@context":"https:\/\/schema.org","@graph":[{"@type":"Article","@id":"https:\/\/www.prijedordanas.com\/?p=275642#article","isPartOf":{"@id":"https:\/\/www.prijedordanas.com\/?p=275642"},"author":{"name":"admin","@id":"https:\/\/www.prijedordanas.com\/#\/schema\/person\/4e08ccf29b506ca916ff86d46bb700e6"},"headline":"Okru\u017eni privredni sud Prijedor: Neuspjela prodaja 10 poslovnih prostora &#8220;Trgoprodaje&#8221; u ste\u010daju","datePublished":"2026-08-30T12:15:43+00:00","dateModified":"2026-08-30T12:15:43+00:00","mainEntityOfPage":{"@id":"https:\/\/www.prijedordanas.com\/?p=275642"},"wordCount":156,"publisher":{"@id":"https:\/\/www.prijedordanas.com\/#organization"},"keywords":["Trgoprodaja"],"articleSection":["Dru\u0161tvo"],"inLanguage":"en-US"},{"@type":"WebPage","@id":"https:\/\/www.prijedordanas.com\/?p=275642","url":"https:\/\/www.prijedordanas.com\/?p=275642","name":"Okru\u017eni privredni sud Prijedor: Neuspjela prodaja 10 poslovnih prostora \"Trgoprodaje\" u ste\u010daju - PrijedorDanas.com - Prijedorski gradski portal","isPartOf":{"@id":"https:\/\/www.prijedordanas.com\/#website"},"datePublished":"2026-08-30T12:15:43+00:00","dateModified":"2026-08-30T12:15:43+00:00","breadcrumb":{"@id":"https:\/\/www.prijedordanas.com\/?p=275642#breadcrumb"},"inLanguage":"en-US","potentialAction":[{"@type":"ReadAction","target":["https:\/\/www.prijedordanas.com\/?p=275642"]}]},{"@type":"BreadcrumbList","@id":"https:\/\/www.prijedordanas.com\/?p=275642#breadcrumb","itemListElement":[{"@type":"ListItem","position":1,"name":"Home","item":"https:\/\/www.prijedordanas.com\/"},{"@type":"ListItem","position":2,"name":"Okru\u017eni privredni sud Prijedor: Neuspjela prodaja 10 poslovnih prostora &#8220;Trgoprodaje&#8221; u ste\u010daju"}]},{"@type":"WebSite","@id":"https:\/\/www.prijedordanas.com\/#website","url":"https:\/\/www.prijedordanas.com\/","name":"PrijedorDanas.com - Prijedorski gradski portal","description":"Portal o doga\u0111anjima u gradu Prijedoru","publisher":{"@id":"https:\/\/www.prijedordanas.com\/#organization"},"potentialAction":[{"@type":"SearchAction","target":{"@type":"EntryPoint","urlTemplate":"https:\/\/www.prijedordanas.com\/?s={search_term_string}"},"query-input":"required name=search_term_string"}],"inLanguage":"en-US"},{"@type":"Organization","@id":"https:\/\/www.prijedordanas.com\/#organization","name":"PrijedorDanas.com","url":"https:\/\/www.prijedordanas.com\/","logo":{"@type":"ImageObject","inLanguage":"en-US","@id":"https:\/\/www.prijedordanas.com\/#\/schema\/logo\/image\/","url":"http:\/\/www.prijedordanas.com\/wp-content\/uploads\/2021\/12\/logopng.png","contentUrl":"http:\/\/www.prijedordanas.com\/wp-content\/uploads\/2021\/12\/logopng.png","width":1019,"height":776,"caption":"PrijedorDanas.com"},"image":{"@id":"https:\/\/www.prijedordanas.com\/#\/schema\/logo\/image\/"},"sameAs":["https:\/\/www.facebook.com\/PrijedorDanasCom\/"]},{"@type":"Person","@id":"https:\/\/www.prijedordanas.com\/#\/schema\/person\/4e08ccf29b506ca916ff86d46bb700e6","name":"admin","image":{"@type":"ImageObject","inLanguage":"en-US","@id":"https:\/\/www.prijedordanas.com\/#\/schema\/person\/image\/","url":"https:\/\/secure.gravatar.com\/avatar\/1d3fc949d550f0b53a5f0d51e06dfd79?s=96&d=mm&r=g","contentUrl":"https:\/\/secure.gravatar.com\/avatar\/1d3fc949d550f0b53a5f0d51e06dfd79?s=96&d=mm&r=g","caption":"admin"},"url":"https:\/\/www.prijedordanas.com\/?author=1"}]}},"_links":{"self":[{"href":"https:\/\/www.prijedordanas.com\/index.php?rest_route=\/wp\/v2\/posts\/275642"}],"collection":[{"href":"https:\/\/www.prijedordanas.com\/index.php?rest_route=\/wp\/v2\/posts"}],"about":[{"href":"https:\/\/www.prijedordanas.com\/index.php?rest_route=\/wp\/v2\/types\/post"}],"author":[{"embeddable":true,"href":"https:\/\/www.prijedordanas.com\/index.php?rest_route=\/wp\/v2\/users\/1"}],"replies":[{"embeddable":true,"href":"https:\/\/www.prijedordanas.com\/index.php?rest_route=%2Fwp%2Fv2%2Fcomments&post=275642"}],"version-history":[{"count":1,"href":"https:\/\/www.prijedordanas.com\/index.php?rest_route=\/wp\/v2\/posts\/275642\/revisions"}],"predecessor-version":[{"id":275644,"href":"https:\/\/www.prijedordanas.com\/index.php?rest_route=\/wp\/v2\/posts\/275642\/revisions\/275644"}],"wp:attachment":[{"href":"https:\/\/www.prijedordanas.com\/index.php?rest_route=%2Fwp%2Fv2%2Fmedia&parent=275642"}],"wp:term":[{"taxonomy":"category","embeddable":true,"href":"https:\/\/www.prijedordanas.com\/index.php?rest_route=%2Fwp%2Fv2%2Fcategories&post=275642"},{"taxonomy":"post_tag","embeddable":true,"href":"https:\/\/www.prijedordanas.com\/index.php?rest_route=%2Fwp%2Fv2%2Ftags&post=275642"}],"curies":[{"name":"wp","href":"https:\/\/api.w.org\/{rel}","templated":true}]}}