{"id":275622,"date":"2026-08-30T11:51:39","date_gmt":"2026-08-30T09:51:39","guid":{"rendered":"https:\/\/www.prijedordanas.com\/?p=275622"},"modified":"2026-08-30T11:51:39","modified_gmt":"2026-08-30T09:51:39","slug":"ucenici-ljubise-aramande-danas-piloti-jedrilice-i-uspjesni-takmicari-foto-video","status":"publish","type":"post","link":"https:\/\/www.prijedordanas.com\/?p=275622","title":{"rendered":"U\u010denici Ljubi\u0161e Aramande danas piloti jedrilice i uspje\u0161ni takmi\u010dari &#8211; FOTO\/VIDEO"},"content":{"rendered":"<p><a href=\"https:\/\/www.prijedordanas.com\/wp-content\/uploads\/2026\/08\/danijel-spadic-jedrilicarstvo-1.jpg\"><img loading=\"lazy\" decoding=\"async\" class=\"alignleft size-medium wp-image-275623\" src=\"https:\/\/www.prijedordanas.com\/wp-content\/uploads\/2026\/08\/danijel-spadic-jedrilicarstvo-1-300x225.jpg\" alt=\"\" width=\"300\" height=\"225\" srcset=\"https:\/\/www.prijedordanas.com\/wp-content\/uploads\/2026\/08\/danijel-spadic-jedrilicarstvo-1-300x225.jpg 300w, https:\/\/www.prijedordanas.com\/wp-content\/uploads\/2026\/08\/danijel-spadic-jedrilicarstvo-1-640x480.jpg 640w, https:\/\/www.prijedordanas.com\/wp-content\/uploads\/2026\/08\/danijel-spadic-jedrilicarstvo-1.jpg 667w\" sizes=\"(max-width: 300px) 100vw, 300px\" \/><\/a>Prijedor\u010danin Danijel \u0160padi\u0107 \/31\/ diplomirao je kameru na katedri za film i TV Akademije umjetnosti Univerziteta u Banjoj Luci gdje poha\u0111a i master studije. Vlasnik je firme za video produkciju i vodi sekciju jedrili\u010darstva u Aero-klubu Prijedor.<\/p>\n<p>Dok sam bio dijete zanimala me je avijacija i uvijek sam ma\u0161tao, kao i svi dje\u010daci, da jednog dana budem pilot. Odrastao sam u blizini piste i avioni, kad god polije\u0107u, prelije\u0107u preko moje ku\u0107e. Stalno sam tra\u017eio da me tata vodi na aerodrom. Sje\u0107am se i svog prvog leta, bio sam klinac. Pilot koji me je tad provozao je sad moj kolega u klubu \/Aero-klub Prijedor\/, Vanja Novakovi\u0107.<\/p>\n<p>Iz straha roditelji su mi branili da se oku\u0161am u avijaciji, ma ne, kakvi to, pusti to kraju. Kad sam po\u010deo malo zara\u0111ivati, odlu\u010dim da ispunim svoj dje\u010da\u010dki san. Mislim 2019. da je. Krenuo sam kao modelar. Imao sam te neke avion\u010di\u0107e na daljinski, pa se u klubu sa Darkom \/Vujasinovi\u0107em\/ i Borisom Koji\u0107em u\u010dlanim u modelarsku sekciju. I tu upoznam ljude iz kluba, upoznam \/Ljubi\u0161u\/ Aramandu. Vidim jednom da \u0107e biti obuka za pilota jedrilice i prijavim se.<\/p>\n<p><a href=\"https:\/\/www.prijedordanas.com\/wp-content\/uploads\/2026\/08\/danijel-spadic-jedrilicarstvo-5.jpg\"><img loading=\"lazy\" decoding=\"async\" class=\"alignleft size-medium wp-image-275625\" src=\"https:\/\/www.prijedordanas.com\/wp-content\/uploads\/2026\/08\/danijel-spadic-jedrilicarstvo-5-225x300.jpg\" alt=\"\" width=\"225\" height=\"300\" srcset=\"https:\/\/www.prijedordanas.com\/wp-content\/uploads\/2026\/08\/danijel-spadic-jedrilicarstvo-5-225x300.jpg 225w, https:\/\/www.prijedordanas.com\/wp-content\/uploads\/2026\/08\/danijel-spadic-jedrilicarstvo-5.jpg 450w\" sizes=\"(max-width: 225px) 100vw, 225px\" \/><\/a>Prvo sam odradio informativni let. Osje\u0107aj je nevjerovatan. Nakon \u0161to se jedrilica otka\u010di od aviona, \u010duje\u0161 samo strujanje vjetra oko krila, tiho, lijepo, nema motora, nije bu\u010dno, leti\u0161. Pri\u010da\u0161 sa instruktorom koji je s tobom u jedrilici. Onda krenem s teorijom, slu\u0161a\u0161 predavanja, ide\u0161 u Direkciju za civilno vazduhoplovstvo BiH u Banjaluci, pola\u017ee\u0161 testove. Nakon tog ide prakti\u010dna obuka letenja. Pro\u0161ao si tu teorijsku obuku, poznaje\u0161 komande, instrumente, vrti\u0161 to po glavi, kako, \u0161ta, ali ne zna\u0161, kad sti\u0161\u0107e\u0161 te komande, je li osje\u0107a\u0161 otpor vjetra ili je otpor nastavnika, koji je tu da to sve bude bezbjedno. Ja sam tad dosta letio sa Ljubi\u0161om, on mi je bio nastavnik, i jednim instruktorom iz Banjaluke, Mirkom Milakovi\u0107em. Jednom poslije letenja ka\u017ee on meni, nema \u0161ta, ti sam leti\u0161, ja nisam dirnuo komande. I onda kre\u0107e trema.<\/p>\n<p>Uuuh, reko&#8217;, sad se pribli\u017eilo to da u jednom trenutku ja sam moram biti u toj jedrilici i da nema vi\u0161e nastavnika iza tebe koji popravlja gre\u0161ke&#8230; Nekako ima\u0161 tu sigurnost dok je god nastavnik iza. Okej, ako \u0161ta pogrije\u0161im, on je tu, on \u0107e ispraviti. I sad, svjestan si da dolazi trenutak kad \u0107e on iza\u0107i i kad \u0107e\u0161 ti biti sam. I sje\u0107am se, ma nije pro\u0161lo dan-dva. Letimo, neko predve\u010de bilo, i Ljubi\u0161a samo ka\u017ee: otvori kabinu da iza\u0111em. Nikad se u \u017eivotu nisam toliko prepao. Lice u znoju. Pitam, jesi siguran. Ka\u017ee on, ja sam siguran samo u sebe, ti mora\u0161 biti siguran u sebe. Reko&#8217;, dobro. Kad eto ide jo\u0161 jedan avion, tra\u017ei da prije mene poleti, Miki \/Milan Markovi\u0107\/. A ja osje\u0107am jo\u0161 ve\u0107u tremu. Sad imam tu jo\u0161 jedan avion na kojeg treba da pazim, a idem svoj prvi samostalni let. Evo, imam snimak, 27. juli 2021. I ni\u0161ta, sje\u0107am se da sam imao nevjerovatnu tremu dok god nije avion dao gas i krenuo da me \u0161lepa, a onda je sve pro\u0161lo. Kad sam sletio, samo ponos i sre\u0107a, svijest da si sve faze leta odradio sam, bez bilo \u010dije pomo\u0107i.<\/p>\n<p><a href=\"https:\/\/www.prijedordanas.com\/wp-content\/uploads\/2026\/08\/danijel-spadic-jedrilicarstvo-3.jpg\"><img loading=\"lazy\" decoding=\"async\" class=\"alignleft size-medium wp-image-275624\" src=\"https:\/\/www.prijedordanas.com\/wp-content\/uploads\/2026\/08\/danijel-spadic-jedrilicarstvo-3-300x225.jpg\" alt=\"\" width=\"300\" height=\"225\" srcset=\"https:\/\/www.prijedordanas.com\/wp-content\/uploads\/2026\/08\/danijel-spadic-jedrilicarstvo-3-300x225.jpg 300w, https:\/\/www.prijedordanas.com\/wp-content\/uploads\/2026\/08\/danijel-spadic-jedrilicarstvo-3-640x480.jpg 640w, https:\/\/www.prijedordanas.com\/wp-content\/uploads\/2026\/08\/danijel-spadic-jedrilicarstvo-3.jpg 667w\" sizes=\"(max-width: 300px) 100vw, 300px\" \/><\/a>Nakon toga bilo je potrebo 15 sati naleta u jedrilici da bi se prijavilo polaganje ispita Direkciji. Sa mnom polagao Borijan Palada. Bio ru\u017ean dan, ki\u0161a pada, pa ne pada, smiri se i mi uspijemo napraviti taj let. To je novembar 2022. Negdje u isto vrijeme trebalo je da po\u010dnu s teorijskom obukom tri momka. Svi bili maloljetni kad su do\u0161li u klub, \u0110or\u0111e Pilipovi\u0107, Strahinja Predojevi\u0107 i Nikola Gruj\u010di\u0107. I poslije mjesec dana desi se to s Ljubi\u0161om.<\/p>\n<p>Mislili smo, klju\u010d u bravu. Jer taj \u010dovjek je bio stub kluba. Bio je aktivan i u politici, imao veze, uvijek donosio pare, uvijek je to nekako i\u0161lo, organizovao je, gurao, pripremao sve manifestacije, ganjao. Prvi sastanak poslije toga, nekad u februaru. Niko ne\u0107e da se prihvati da bude rukovodilac jedrili\u010darske sekcije umjesto njega. \u010clanove iz Banjaluke to nije interesovalo, na\u0161 Bane \/Mladen Banovi\u0107\/, koji leti od 2010. godine, nema vremena, ima dvoje male djece, Gile \/Damir Dra\u010di\u0107\/ u Australiji, ova tri momka premladi&#8230; I oni izvr\u0161e pritisak na mene, &#8216;ajde ti, mlad si, u Prijedoru si, dobio si dozvolu, pomo\u0107i \u0107emo svi. I prihvatim.<\/p>\n<p><a href=\"https:\/\/www.prijedordanas.com\/wp-content\/uploads\/2026\/08\/danijel-spadic-jedrilicarstvo-9.jpg\"><img loading=\"lazy\" decoding=\"async\" class=\"alignleft size-medium wp-image-275628\" src=\"https:\/\/www.prijedordanas.com\/wp-content\/uploads\/2026\/08\/danijel-spadic-jedrilicarstvo-9-169x300.jpg\" alt=\"\" width=\"169\" height=\"300\" srcset=\"https:\/\/www.prijedordanas.com\/wp-content\/uploads\/2026\/08\/danijel-spadic-jedrilicarstvo-9-169x300.jpg 169w, https:\/\/www.prijedordanas.com\/wp-content\/uploads\/2026\/08\/danijel-spadic-jedrilicarstvo-9.jpg 338w\" sizes=\"(max-width: 169px) 100vw, 169px\" \/><\/a>\u0160to je najgore, ti momci su bili tu, na pisti, kad se to desila nesre\u0107a. Mislio sam nema \u0161ta, oni vi\u0161e ne\u0107e&#8230; Strah je to, mislio sam odusta\u0107e od letenja. Ali nekako u njima je ta neka \u017eelja bila jaka, u njima kao da je proradio neki inat da oni sad i dalje nastave.<\/p>\n<p>Miki nam iza\u0111e u susret, jer mi sad vi\u0161e nemamo nastavnika, nemamo \u0161kole. Ka\u017ee, neka pre\u0111u u njegovu \u0161kolu na obuku, on \u0107e raditi s njima, mi \u0107emo platiti u ratama. Jer Ljubi\u0161a im je obe\u0107ao finansirati obuku, zato \u0161to su mladi i toliko zainteresovani za letenje, koje nije toliko popularan sport. Nije to fudbal, nije tenis. Dotad ja sam bio najmla\u0111i, a onda sljede\u0107i 40, 50, 60 plus. Ljubi\u0161a im je do tad obezbijedio 6.000 KM za obuku, obe\u0107ao im je da \u0107e klub sve isfinansirati. Oko 3.500 su tro\u0161kovi po polazniku. Treba jo\u0161 4.500 KM.<\/p>\n<p>Mi njima ka\u017eemo, ljudi, trenutno nemamo para, tra\u017ei\u0107emo, pita\u0107emo, gleda\u0107emo. I ovaj jedan od kandidata zapuca u Gradsku upravu. Najmla\u0111i. On jo\u0161 nema 18, ima\u0107e ove godine. Povede i mamu. I sve to ispri\u010da na\u010delniku Aleksandru Milje\u0161i\u0107u. I u tom odjeljenju za sport obe\u0107aju mu pomo\u0107i. I jesu. Sad sva trojica imaju dozvole za pilote jedrilica.<\/p>\n<p>Pro\u0161le godine odu u Srbiju na takmi\u010denje na kojem pravo u\u010de\u0161\u0107a imaju i u\u010denici, polaznici \u0161kola za pilote jedirilica. Kod nas to ne mo\u017ee odnosno takmi\u010di se samo ko ima dozvolu. U Trsteniku je dovoljno da si zapo\u010deo obuku letenja, nastavnik je svakako iza tebe. To se i zove motivaciona kategorija. I osvoje prvo mjesto u toj kategoriji.<\/p>\n<p><a href=\"https:\/\/www.prijedordanas.com\/wp-content\/uploads\/2026\/08\/danijel-spadic-jedrilicarstvo-6.jpg\"><img loading=\"lazy\" decoding=\"async\" class=\"alignleft size-medium wp-image-275629\" src=\"https:\/\/www.prijedordanas.com\/wp-content\/uploads\/2026\/08\/danijel-spadic-jedrilicarstvo-6-225x300.jpg\" alt=\"\" width=\"225\" height=\"300\" srcset=\"https:\/\/www.prijedordanas.com\/wp-content\/uploads\/2026\/08\/danijel-spadic-jedrilicarstvo-6-225x300.jpg 225w, https:\/\/www.prijedordanas.com\/wp-content\/uploads\/2026\/08\/danijel-spadic-jedrilicarstvo-6.jpg 450w\" sizes=\"(max-width: 225px) 100vw, 225px\" \/><\/a>Polje kao pravougaonik, imaju dvije ta\u010dke, ulazna ta\u010dka i nula. Razmak je sto metara. Jedrilica mora da u\u0111e u polje i da se zaustavi \u0161to bli\u017ee nuli. Jer toj jedrilici pri idealnom uglu, pri minimalnoj brzini, dovoljno je sto metara da se zaustavi. Mi koji ne letimo \u010desto jako te\u0161ko se zaustavimo ba\u0161 na nuli, ja sam sad na na\u0161em Blaniku 80 metara poslije nule se zaustavio. A ovaj momak, Predojevi\u0107, on se zaustavio 36 metara poslije i osvojio prvo mjesto pojedina\u010dno RS i BiH, drugo mjesto pojedina\u010dno me\u0111unarodno. Ispred njega Makedonac s 300-400 sati naleta, a Strahinja ima mo\u017eda 20. I ekipno su on i Pilipovi\u0107 prvi. Moje prvo takmi\u010denje je bilo 2024. Uzeo sam prvo mjesto Republike Srpske. Isto na blaniku u Prijedoru. Drugi bio Ognjan Petrovi\u0107 iz Banjaluke. On ima 400 sati, a ja, eto, 20-ak.<\/p>\n<p>A tamo, u Trsteniku, ljudi prave rezultate po 20-30 centimetara. Tamo su ve\u0107inom vojni piloti koji lete mlazne avione, pri vojsci su. Taj \u010dovjek je obu\u010den da avionom slije\u0107e pri brzini od 300 kilometara na sat, \u0161ta je njemu sletjeti jedrilicom 80 kilometara na sat. Ja sam sad i\u0161ao na obuku u Srbiju za pilota motorne jedrilice. Oni tamo dosta ula\u017eu u mlade pilote, imaju vojsku koja uzima tu djecu iz aero-klubova. Bio je kod Mikija momak iz Novog Grada na obuci, sad je pilot u Er Srbiji. \/pokazuje slike u telefonu: evo, 4. aprila leti airbusa, evo, Novi Grad svoj slika iz putni\u010dkog aviona\/.<\/p>\n<p><a href=\"https:\/\/www.prijedordanas.com\/wp-content\/uploads\/2026\/08\/danijel-spadic-jedrilicarstvo-2.jpg\"><img loading=\"lazy\" decoding=\"async\" class=\"alignleft size-medium wp-image-275630\" src=\"https:\/\/www.prijedordanas.com\/wp-content\/uploads\/2026\/08\/danijel-spadic-jedrilicarstvo-2-300x225.jpg\" alt=\"\" width=\"300\" height=\"225\" srcset=\"https:\/\/www.prijedordanas.com\/wp-content\/uploads\/2026\/08\/danijel-spadic-jedrilicarstvo-2-300x225.jpg 300w, https:\/\/www.prijedordanas.com\/wp-content\/uploads\/2026\/08\/danijel-spadic-jedrilicarstvo-2-640x480.jpg 640w, https:\/\/www.prijedordanas.com\/wp-content\/uploads\/2026\/08\/danijel-spadic-jedrilicarstvo-2.jpg 667w\" sizes=\"(max-width: 300px) 100vw, 300px\" \/><\/a>Sramota je da Aero-klub Prijedor ima devet aviona, a nijedan u funkciji. Jedan je na remontu u Beogradu, u Lisabonu je elisa drugog aviona, koji slu\u017ei za \u0161lep jedrilica, \u010dekamo da do\u0111e nazad. Nema\u0161, na primjer, 5.000 evra da ulo\u017ei\u0161 u servis, ne mo\u017ee\u0161 produ\u017eiti registraciju. \u0160est jedrilica, jedna u funkciji. Sad za blanik iznajmljivali smo avion da nas \u0161lepa. Sramota je da na\u0161 najmla\u0111i pilot ima vi\u0161e od 50 godina. Tri aviona su do\u0161la na otvaranje blanik kupa sada, dva iz Srbije i jedan iz Makedonije. Ovi Srbijanci jedan pilot 24, jedan 19 godina. Mi doma\u0107ini takmi\u010denja, a nemamo avion da napravi prelet na otvaranju manifestacije.<\/p>\n<p>Avion koji nas \u0161lepa tro\u0161i 30 litara na sat. Cijena tog goriva je pet maraka po litru. Zna\u010di, ko\u0161ta trena\u017eni proces. Ko\u0161ta odr\u017eavanje aviona, registracija, ko\u0161taju takmi\u010denja. Imamo sad Biha\u0107, 12. septembra. Imamo Makedoniju 19. septembra. Sad oti\u0161li u Trstenik, ja sam bio 20. od 40 takmi\u010dara, takmi\u010dimo se s ljudima koji ne izlaze iz aviona. A mi ovdje, ono, kad imamo 50 maraka vi\u0161ka u d\u017eepu, idemo na letenje.<\/p>\n<p><a href=\"https:\/\/www.prijedordanas.com\/wp-content\/uploads\/2026\/08\/danijel-spadic-jedrilicarstvo-7.jpg\"><img loading=\"lazy\" decoding=\"async\" class=\"alignleft size-medium wp-image-275631\" src=\"https:\/\/www.prijedordanas.com\/wp-content\/uploads\/2026\/08\/danijel-spadic-jedrilicarstvo-7-225x300.jpg\" alt=\"\" width=\"225\" height=\"300\" srcset=\"https:\/\/www.prijedordanas.com\/wp-content\/uploads\/2026\/08\/danijel-spadic-jedrilicarstvo-7-225x300.jpg 225w, https:\/\/www.prijedordanas.com\/wp-content\/uploads\/2026\/08\/danijel-spadic-jedrilicarstvo-7.jpg 450w\" sizes=\"(max-width: 225px) 100vw, 225px\" \/><\/a>Niko od nas gore nema nikakve veze s politikom. A onda ni klub nema para. Nemamo ljude kao \u0161to je bio pokojni Ljubi\u0161a. Mada ne smijem grije\u0161iti du\u0161u, narodni poslanik Ognjen Vukojevi\u0107 pomogao je dosta u radu jedrili\u010darske sekcije i samog kluba. Imali smo stare stanice za komunikaciju on nam je nabavio nove stanice. Obezbjedio je da zamijenimo stara ulazna vrata na prostorijama kluba. Dolazio je gore, letio, bio u jedrilici, vjerovatno je prepoznao na\u0161u borbu i trud u jedrili\u010darkoj sekciji. Pro\u0161le godine, isto, obezbijedio ve\u0107u koli\u010dinu goriva.<\/p>\n<p>U cijeloj ovoj pri\u010di, izgubili smo \u010dovjeka, izgubili smo stub kluba. Ali su do\u0161la ta tri momka koji imaju toliku \u017eelju i volju za letenjem&#8230; Evo, ovaj jedan ju\u010de navalio da leti, jo\u0161 ka\u017eemo mu, nije dan za letenje, nema termike, nema dizanja, baci\u0107e\u0161 pare, od\u0161lepa\u0107e te, sletje\u0107e\u0161 za 20 minuta, \u0161ta ti to vrijedi? Imaju toliku volju, da mogu i svaki dan biti gore da lete, letjeli bi.<\/p>\n<p>Ko god jednom proba letenje, dobije volju i \u017eelju da leti. Pogotovo jedrenje. Avion te podigne, taj \u0161lep traje desetak minuta, otka\u010di te na 300-400 metara i onda hvata\u0161 te termi\u010dke stubove. U vazduhu mo\u017ee\u0161 da ostane\u0161 po tri, \u010detiri sata, bez motora, bez i\u010dega. Leti\u0161 na osnovu isparavanja toplog vazduha iz zemlje. Pogotovo kada su oni bijeli oblaci, kao ov\u010dice, kumulusi. Ispod je veliko isparavanje toplog vazduha koji se gore na visini hladi i nastaje taj kondenzat. Kad ugledamo taj oblak, do\u0111emo ispod njega, osjetimo to dizanje i tu krenemo da vrtimo jedrilicu i penjemo se. \u010cak i do pet metara uvis u sekundi. I popne\u0161 se i na 2.000 metara, gleda\u0161 grad i u\u017eiva\u0161 u zvuku vjetra. Imam video jedan, evo, iz 2023. Takav je taj dan bio da smo mogli oti\u0107i do Zagreba. I onda opet \u201eiscuri\u0161\u201c, izgubi\u0161 visinu, ide\u0161 dalje pod drugi oblak, do\u0111e\u0161 do njega, pa se di\u017ee\u0161, pa ide\u0161 tako dalje. Leti\u0161 i u\u017eiva\u0161&#8230;<\/p>\n<p>Razgovarala Katarina Pani\u0107 &#8211; <a href=\"https:\/\/www.prijedordanas.com\" target=\"_blank\" rel=\"noopener noreferrer\">www.prijedordanas.com<\/a><br \/>\nFoto i video ustupio Danijel \u0160padi\u0107<\/p>\n<p><em><strong>*Premium sadr\u017eaje lokalnog informativnog portala PrijedorDanas podr\u017ei donacijom na ra\u010dun Udru\u017eenja za unapre\u0111enje medijskih sloboda Prijedor Danas kod NLB banke: 5621508214760476.<\/strong><\/em><\/p>\n<p><a href=\"https:\/\/www.prijedordanas.com\/wp-content\/uploads\/2026\/08\/danijel-spadic-jedrilicarstvo-4.jpg\"><img loading=\"lazy\" decoding=\"async\" class=\"alignleft size-medium wp-image-275632\" src=\"https:\/\/www.prijedordanas.com\/wp-content\/uploads\/2026\/08\/danijel-spadic-jedrilicarstvo-4-225x300.jpg\" alt=\"\" width=\"225\" height=\"300\" srcset=\"https:\/\/www.prijedordanas.com\/wp-content\/uploads\/2026\/08\/danijel-spadic-jedrilicarstvo-4-225x300.jpg 225w, https:\/\/www.prijedordanas.com\/wp-content\/uploads\/2026\/08\/danijel-spadic-jedrilicarstvo-4.jpg 450w\" sizes=\"(max-width: 225px) 100vw, 225px\" \/><\/a> <a href=\"https:\/\/www.prijedordanas.com\/wp-content\/uploads\/2026\/08\/danijel-spadic-jedrilicarstvo-8.jpg\"><img loading=\"lazy\" decoding=\"async\" class=\"alignleft size-medium wp-image-275633\" src=\"https:\/\/www.prijedordanas.com\/wp-content\/uploads\/2026\/08\/danijel-spadic-jedrilicarstvo-8-225x300.jpg\" alt=\"\" width=\"225\" height=\"300\" srcset=\"https:\/\/www.prijedordanas.com\/wp-content\/uploads\/2026\/08\/danijel-spadic-jedrilicarstvo-8-225x300.jpg 225w, https:\/\/www.prijedordanas.com\/wp-content\/uploads\/2026\/08\/danijel-spadic-jedrilicarstvo-8.jpg 450w\" sizes=\"(max-width: 225px) 100vw, 225px\" \/><\/a><\/p>\n<div style=\"width: 568px;\" class=\"wp-video\"><!--[if lt IE 9]><script>document.createElement('video');<\/script><![endif]-->\n<video class=\"wp-video-shortcode\" id=\"video-275622-1\" width=\"568\" height=\"320\" preload=\"metadata\" controls=\"controls\"><source type=\"video\/mp4\" src=\"https:\/\/www.prijedordanas.com\/wp-content\/uploads\/2026\/08\/akpd-spadic-jedrilicarstvo-1.mp4?_=1\" \/><a href=\"https:\/\/www.prijedordanas.com\/wp-content\/uploads\/2026\/08\/akpd-spadic-jedrilicarstvo-1.mp4\">https:\/\/www.prijedordanas.com\/wp-content\/uploads\/2026\/08\/akpd-spadic-jedrilicarstvo-1.mp4<\/a><\/video><\/div>\n","protected":false},"excerpt":{"rendered":"<p>Prijedor\u010danin Danijel \u0160padi\u0107 \/31\/ diplomirao je kameru na katedri za film i TV Akademije umjetnosti Univerziteta u Banjoj Luci gdje poha\u0111a i master studije. Vlasnik je firme za video produkciju [&hellip;]<\/p>\n","protected":false},"author":1,"featured_media":0,"comment_status":"closed","ping_status":"open","sticky":false,"template":"","format":"standard","meta":{"_monsterinsights_skip_tracking":false,"_monsterinsights_sitenote_active":false,"_monsterinsights_sitenote_note":"","_monsterinsights_sitenote_category":0,"footnotes":""},"categories":[4],"tags":[],"yoast_head":"<!-- This site is optimized with the Yoast SEO plugin v21.6 - https:\/\/yoast.com\/wordpress\/plugins\/seo\/ -->\n<title>U\u010denici Ljubi\u0161e Aramande danas piloti jedrilice i uspje\u0161ni takmi\u010dari - FOTO\/VIDEO - PrijedorDanas.com - Prijedorski gradski portal<\/title>\n<meta name=\"robots\" content=\"index, follow, max-snippet:-1, max-image-preview:large, max-video-preview:-1\" \/>\n<link rel=\"canonical\" href=\"https:\/\/www.prijedordanas.com\/?p=275622\" \/>\n<meta property=\"og:locale\" content=\"en_US\" \/>\n<meta property=\"og:type\" content=\"article\" \/>\n<meta property=\"og:title\" content=\"U\u010denici Ljubi\u0161e Aramande danas piloti jedrilice i uspje\u0161ni takmi\u010dari - FOTO\/VIDEO - PrijedorDanas.com - Prijedorski gradski portal\" \/>\n<meta property=\"og:description\" content=\"Prijedor\u010danin Danijel \u0160padi\u0107 \/31\/ diplomirao je kameru na katedri za film i TV Akademije umjetnosti Univerziteta u Banjoj Luci gdje poha\u0111a i master studije. Vlasnik je firme za video produkciju [&hellip;]\" \/>\n<meta property=\"og:url\" content=\"https:\/\/www.prijedordanas.com\/?p=275622\" \/>\n<meta property=\"og:site_name\" content=\"PrijedorDanas.com - Prijedorski gradski portal\" \/>\n<meta property=\"article:publisher\" content=\"https:\/\/www.facebook.com\/PrijedorDanasCom\/\" \/>\n<meta property=\"article:published_time\" content=\"2026-08-30T09:51:39+00:00\" \/>\n<meta property=\"og:image\" content=\"https:\/\/www.prijedordanas.com\/wp-content\/uploads\/2026\/08\/danijel-spadic-jedrilicarstvo-1-300x225.jpg\" \/>\n<meta name=\"author\" content=\"admin\" \/>\n<meta name=\"twitter:card\" content=\"summary_large_image\" \/>\n<meta name=\"twitter:label1\" content=\"Written by\" \/>\n\t<meta name=\"twitter:data1\" content=\"admin\" \/>\n\t<meta name=\"twitter:label2\" content=\"Est. reading time\" \/>\n\t<meta name=\"twitter:data2\" content=\"10 minutes\" \/>\n<script type=\"application\/ld+json\" class=\"yoast-schema-graph\">{\"@context\":\"https:\/\/schema.org\",\"@graph\":[{\"@type\":\"Article\",\"@id\":\"https:\/\/www.prijedordanas.com\/?p=275622#article\",\"isPartOf\":{\"@id\":\"https:\/\/www.prijedordanas.com\/?p=275622\"},\"author\":{\"name\":\"admin\",\"@id\":\"https:\/\/www.prijedordanas.com\/#\/schema\/person\/4e08ccf29b506ca916ff86d46bb700e6\"},\"headline\":\"U\u010denici Ljubi\u0161e Aramande danas piloti jedrilice i uspje\u0161ni takmi\u010dari &#8211; FOTO\/VIDEO\",\"datePublished\":\"2026-08-30T09:51:39+00:00\",\"dateModified\":\"2026-08-30T09:51:39+00:00\",\"mainEntityOfPage\":{\"@id\":\"https:\/\/www.prijedordanas.com\/?p=275622\"},\"wordCount\":1911,\"publisher\":{\"@id\":\"https:\/\/www.prijedordanas.com\/#organization\"},\"articleSection\":[\"Dru\u0161tvo\"],\"inLanguage\":\"en-US\"},{\"@type\":\"WebPage\",\"@id\":\"https:\/\/www.prijedordanas.com\/?p=275622\",\"url\":\"https:\/\/www.prijedordanas.com\/?p=275622\",\"name\":\"U\u010denici Ljubi\u0161e Aramande danas piloti jedrilice i uspje\u0161ni takmi\u010dari - FOTO\/VIDEO - PrijedorDanas.com - Prijedorski gradski portal\",\"isPartOf\":{\"@id\":\"https:\/\/www.prijedordanas.com\/#website\"},\"datePublished\":\"2026-08-30T09:51:39+00:00\",\"dateModified\":\"2026-08-30T09:51:39+00:00\",\"breadcrumb\":{\"@id\":\"https:\/\/www.prijedordanas.com\/?p=275622#breadcrumb\"},\"inLanguage\":\"en-US\",\"potentialAction\":[{\"@type\":\"ReadAction\",\"target\":[\"https:\/\/www.prijedordanas.com\/?p=275622\"]}]},{\"@type\":\"BreadcrumbList\",\"@id\":\"https:\/\/www.prijedordanas.com\/?p=275622#breadcrumb\",\"itemListElement\":[{\"@type\":\"ListItem\",\"position\":1,\"name\":\"Home\",\"item\":\"https:\/\/www.prijedordanas.com\/\"},{\"@type\":\"ListItem\",\"position\":2,\"name\":\"U\u010denici Ljubi\u0161e Aramande danas piloti jedrilice i uspje\u0161ni takmi\u010dari &#8211; FOTO\/VIDEO\"}]},{\"@type\":\"WebSite\",\"@id\":\"https:\/\/www.prijedordanas.com\/#website\",\"url\":\"https:\/\/www.prijedordanas.com\/\",\"name\":\"PrijedorDanas.com - Prijedorski gradski portal\",\"description\":\"Portal o doga\u0111anjima u gradu Prijedoru\",\"publisher\":{\"@id\":\"https:\/\/www.prijedordanas.com\/#organization\"},\"potentialAction\":[{\"@type\":\"SearchAction\",\"target\":{\"@type\":\"EntryPoint\",\"urlTemplate\":\"https:\/\/www.prijedordanas.com\/?s={search_term_string}\"},\"query-input\":\"required name=search_term_string\"}],\"inLanguage\":\"en-US\"},{\"@type\":\"Organization\",\"@id\":\"https:\/\/www.prijedordanas.com\/#organization\",\"name\":\"PrijedorDanas.com\",\"url\":\"https:\/\/www.prijedordanas.com\/\",\"logo\":{\"@type\":\"ImageObject\",\"inLanguage\":\"en-US\",\"@id\":\"https:\/\/www.prijedordanas.com\/#\/schema\/logo\/image\/\",\"url\":\"http:\/\/www.prijedordanas.com\/wp-content\/uploads\/2021\/12\/logopng.png\",\"contentUrl\":\"http:\/\/www.prijedordanas.com\/wp-content\/uploads\/2021\/12\/logopng.png\",\"width\":1019,\"height\":776,\"caption\":\"PrijedorDanas.com\"},\"image\":{\"@id\":\"https:\/\/www.prijedordanas.com\/#\/schema\/logo\/image\/\"},\"sameAs\":[\"https:\/\/www.facebook.com\/PrijedorDanasCom\/\"]},{\"@type\":\"Person\",\"@id\":\"https:\/\/www.prijedordanas.com\/#\/schema\/person\/4e08ccf29b506ca916ff86d46bb700e6\",\"name\":\"admin\",\"image\":{\"@type\":\"ImageObject\",\"inLanguage\":\"en-US\",\"@id\":\"https:\/\/www.prijedordanas.com\/#\/schema\/person\/image\/\",\"url\":\"https:\/\/secure.gravatar.com\/avatar\/1d3fc949d550f0b53a5f0d51e06dfd79?s=96&d=mm&r=g\",\"contentUrl\":\"https:\/\/secure.gravatar.com\/avatar\/1d3fc949d550f0b53a5f0d51e06dfd79?s=96&d=mm&r=g\",\"caption\":\"admin\"},\"url\":\"https:\/\/www.prijedordanas.com\/?author=1\"}]}<\/script>\n<!-- \/ Yoast SEO plugin. -->","yoast_head_json":{"title":"U\u010denici Ljubi\u0161e Aramande danas piloti jedrilice i uspje\u0161ni takmi\u010dari - FOTO\/VIDEO - PrijedorDanas.com - Prijedorski gradski portal","robots":{"index":"index","follow":"follow","max-snippet":"max-snippet:-1","max-image-preview":"max-image-preview:large","max-video-preview":"max-video-preview:-1"},"canonical":"https:\/\/www.prijedordanas.com\/?p=275622","og_locale":"en_US","og_type":"article","og_title":"U\u010denici Ljubi\u0161e Aramande danas piloti jedrilice i uspje\u0161ni takmi\u010dari - FOTO\/VIDEO - PrijedorDanas.com - Prijedorski gradski portal","og_description":"Prijedor\u010danin Danijel \u0160padi\u0107 \/31\/ diplomirao je kameru na katedri za film i TV Akademije umjetnosti Univerziteta u Banjoj Luci gdje poha\u0111a i master studije. Vlasnik je firme za video produkciju [&hellip;]","og_url":"https:\/\/www.prijedordanas.com\/?p=275622","og_site_name":"PrijedorDanas.com - Prijedorski gradski portal","article_publisher":"https:\/\/www.facebook.com\/PrijedorDanasCom\/","article_published_time":"2026-08-30T09:51:39+00:00","og_image":[{"url":"https:\/\/www.prijedordanas.com\/wp-content\/uploads\/2026\/08\/danijel-spadic-jedrilicarstvo-1-300x225.jpg"}],"author":"admin","twitter_card":"summary_large_image","twitter_misc":{"Written by":"admin","Est. reading time":"10 minutes"},"schema":{"@context":"https:\/\/schema.org","@graph":[{"@type":"Article","@id":"https:\/\/www.prijedordanas.com\/?p=275622#article","isPartOf":{"@id":"https:\/\/www.prijedordanas.com\/?p=275622"},"author":{"name":"admin","@id":"https:\/\/www.prijedordanas.com\/#\/schema\/person\/4e08ccf29b506ca916ff86d46bb700e6"},"headline":"U\u010denici Ljubi\u0161e Aramande danas piloti jedrilice i uspje\u0161ni takmi\u010dari &#8211; FOTO\/VIDEO","datePublished":"2026-08-30T09:51:39+00:00","dateModified":"2026-08-30T09:51:39+00:00","mainEntityOfPage":{"@id":"https:\/\/www.prijedordanas.com\/?p=275622"},"wordCount":1911,"publisher":{"@id":"https:\/\/www.prijedordanas.com\/#organization"},"articleSection":["Dru\u0161tvo"],"inLanguage":"en-US"},{"@type":"WebPage","@id":"https:\/\/www.prijedordanas.com\/?p=275622","url":"https:\/\/www.prijedordanas.com\/?p=275622","name":"U\u010denici Ljubi\u0161e Aramande danas piloti jedrilice i uspje\u0161ni takmi\u010dari - FOTO\/VIDEO - PrijedorDanas.com - Prijedorski gradski portal","isPartOf":{"@id":"https:\/\/www.prijedordanas.com\/#website"},"datePublished":"2026-08-30T09:51:39+00:00","dateModified":"2026-08-30T09:51:39+00:00","breadcrumb":{"@id":"https:\/\/www.prijedordanas.com\/?p=275622#breadcrumb"},"inLanguage":"en-US","potentialAction":[{"@type":"ReadAction","target":["https:\/\/www.prijedordanas.com\/?p=275622"]}]},{"@type":"BreadcrumbList","@id":"https:\/\/www.prijedordanas.com\/?p=275622#breadcrumb","itemListElement":[{"@type":"ListItem","position":1,"name":"Home","item":"https:\/\/www.prijedordanas.com\/"},{"@type":"ListItem","position":2,"name":"U\u010denici Ljubi\u0161e Aramande danas piloti jedrilice i uspje\u0161ni takmi\u010dari &#8211; FOTO\/VIDEO"}]},{"@type":"WebSite","@id":"https:\/\/www.prijedordanas.com\/#website","url":"https:\/\/www.prijedordanas.com\/","name":"PrijedorDanas.com - Prijedorski gradski portal","description":"Portal o doga\u0111anjima u gradu Prijedoru","publisher":{"@id":"https:\/\/www.prijedordanas.com\/#organization"},"potentialAction":[{"@type":"SearchAction","target":{"@type":"EntryPoint","urlTemplate":"https:\/\/www.prijedordanas.com\/?s={search_term_string}"},"query-input":"required name=search_term_string"}],"inLanguage":"en-US"},{"@type":"Organization","@id":"https:\/\/www.prijedordanas.com\/#organization","name":"PrijedorDanas.com","url":"https:\/\/www.prijedordanas.com\/","logo":{"@type":"ImageObject","inLanguage":"en-US","@id":"https:\/\/www.prijedordanas.com\/#\/schema\/logo\/image\/","url":"http:\/\/www.prijedordanas.com\/wp-content\/uploads\/2021\/12\/logopng.png","contentUrl":"http:\/\/www.prijedordanas.com\/wp-content\/uploads\/2021\/12\/logopng.png","width":1019,"height":776,"caption":"PrijedorDanas.com"},"image":{"@id":"https:\/\/www.prijedordanas.com\/#\/schema\/logo\/image\/"},"sameAs":["https:\/\/www.facebook.com\/PrijedorDanasCom\/"]},{"@type":"Person","@id":"https:\/\/www.prijedordanas.com\/#\/schema\/person\/4e08ccf29b506ca916ff86d46bb700e6","name":"admin","image":{"@type":"ImageObject","inLanguage":"en-US","@id":"https:\/\/www.prijedordanas.com\/#\/schema\/person\/image\/","url":"https:\/\/secure.gravatar.com\/avatar\/1d3fc949d550f0b53a5f0d51e06dfd79?s=96&d=mm&r=g","contentUrl":"https:\/\/secure.gravatar.com\/avatar\/1d3fc949d550f0b53a5f0d51e06dfd79?s=96&d=mm&r=g","caption":"admin"},"url":"https:\/\/www.prijedordanas.com\/?author=1"}]}},"_links":{"self":[{"href":"https:\/\/www.prijedordanas.com\/index.php?rest_route=\/wp\/v2\/posts\/275622"}],"collection":[{"href":"https:\/\/www.prijedordanas.com\/index.php?rest_route=\/wp\/v2\/posts"}],"about":[{"href":"https:\/\/www.prijedordanas.com\/index.php?rest_route=\/wp\/v2\/types\/post"}],"author":[{"embeddable":true,"href":"https:\/\/www.prijedordanas.com\/index.php?rest_route=\/wp\/v2\/users\/1"}],"replies":[{"embeddable":true,"href":"https:\/\/www.prijedordanas.com\/index.php?rest_route=%2Fwp%2Fv2%2Fcomments&post=275622"}],"version-history":[{"count":1,"href":"https:\/\/www.prijedordanas.com\/index.php?rest_route=\/wp\/v2\/posts\/275622\/revisions"}],"predecessor-version":[{"id":275635,"href":"https:\/\/www.prijedordanas.com\/index.php?rest_route=\/wp\/v2\/posts\/275622\/revisions\/275635"}],"wp:attachment":[{"href":"https:\/\/www.prijedordanas.com\/index.php?rest_route=%2Fwp%2Fv2%2Fmedia&parent=275622"}],"wp:term":[{"taxonomy":"category","embeddable":true,"href":"https:\/\/www.prijedordanas.com\/index.php?rest_route=%2Fwp%2Fv2%2Fcategories&post=275622"},{"taxonomy":"post_tag","embeddable":true,"href":"https:\/\/www.prijedordanas.com\/index.php?rest_route=%2Fwp%2Fv2%2Ftags&post=275622"}],"curies":[{"name":"wp","href":"https:\/\/api.w.org\/{rel}","templated":true}]}}