{"id":275609,"date":"2026-08-29T23:08:34","date_gmt":"2026-08-29T21:08:34","guid":{"rendered":"https:\/\/www.prijedordanas.com\/?p=275609"},"modified":"2026-08-29T23:08:34","modified_gmt":"2026-08-29T21:08:34","slug":"marmati-se-vratili-iz-njemacke-u-omarsku-zbog-bolje-buducnosti-za-troje-djece-foto-video","status":"publish","type":"post","link":"https:\/\/www.prijedordanas.com\/?p=275609","title":{"rendered":"Marmati se vratili iz Njema\u010dke u Omarsku zbog bolje budu\u0107nosti za troje djece &#8211; FOTO\/VIDEO"},"content":{"rendered":"<p><a href=\"https:\/\/www.prijedordanas.com\/wp-content\/uploads\/2026\/08\/kozarski-porodica-marmat-povratak-u-omarsku-1.jpg\"><img loading=\"lazy\" decoding=\"async\" class=\"alignleft size-medium wp-image-275610\" src=\"https:\/\/www.prijedordanas.com\/wp-content\/uploads\/2026\/08\/kozarski-porodica-marmat-povratak-u-omarsku-1-300x225.jpg\" alt=\"\" width=\"300\" height=\"225\" srcset=\"https:\/\/www.prijedordanas.com\/wp-content\/uploads\/2026\/08\/kozarski-porodica-marmat-povratak-u-omarsku-1-300x225.jpg 300w, https:\/\/www.prijedordanas.com\/wp-content\/uploads\/2026\/08\/kozarski-porodica-marmat-povratak-u-omarsku-1-640x480.jpg 640w, https:\/\/www.prijedordanas.com\/wp-content\/uploads\/2026\/08\/kozarski-porodica-marmat-povratak-u-omarsku-1.jpg 666w\" sizes=\"(max-width: 300px) 100vw, 300px\" \/><\/a>Nakon 11 godina zajedni\u010dkog \u017eivota u Njema\u010dkoj, Vesna i Marko Marmat vratili su se u Markovu rodnu Omarsku kod Prijedora gdje \u017eele da grade bolju budu\u0107nost za svoje troje maloljetne djece.<\/p>\n<p>Zajedno sa kom\u0161ijama i rodbinom proslavili su povratak i useljenje u novu ku\u0107u. Njihov najstari sin Danilo ima 10 godina, Milo\u0161 8, a Elena 5.<\/p>\n<p>Danilo i Milo\u0161 \u0107e u Osnovnu \u0161kolu \u201cVuk Karad\u017ei\u0107\u201d u Omarskoj, a Elena isti\u010de da bi voljela u vrti\u0107 sa ciljem da stekne \u0161to vi\u0161e drugara.<\/p>\n<p>Marko pri\u010da da je u Njema\u010dku odselio 2015. godine gdje se i vjen\u010dao sa Vesnom i stekao djecu.<\/p>\n<p>Priznaje da odluka o povratku nije donesena preko no\u0107i, ali su je donijeli iz jednog razloga.<\/p>\n<p><a href=\"https:\/\/www.prijedordanas.com\/wp-content\/uploads\/2026\/08\/kozarski-porodica-marmat-povratak-u-omarsku-2.jpg\"><img loading=\"lazy\" decoding=\"async\" class=\"alignleft size-medium wp-image-275611\" src=\"https:\/\/www.prijedordanas.com\/wp-content\/uploads\/2026\/08\/kozarski-porodica-marmat-povratak-u-omarsku-2-300x169.jpg\" alt=\"\" width=\"300\" height=\"169\" srcset=\"https:\/\/www.prijedordanas.com\/wp-content\/uploads\/2026\/08\/kozarski-porodica-marmat-povratak-u-omarsku-2-300x169.jpg 300w, https:\/\/www.prijedordanas.com\/wp-content\/uploads\/2026\/08\/kozarski-porodica-marmat-povratak-u-omarsku-2.jpg 600w\" sizes=\"(max-width: 300px) 100vw, 300px\" \/><\/a>\u017deli vi\u0161e vremena da provodi sa djecom u najbitnijim periodima odrastanja.<\/p>\n<p>\u201cOdluka sama po sebi nije donesena preko no\u0107i, ali smo je donijeli iz jednog glavnog razloga, a to su na\u0161a djece. Ja smatram da ovdje jo\u0161 uvijek se mogu napraviti i ste\u0107i jako dobri uslovi za odgoj djece, za lijepu, sigurnu i bezbri\u017enu budu\u0107nost na\u0161e dje\u010dice. Planiram da se bavim i porodni\u010dnim biznisom, da nastavim sa porodi\u010dnim poslom, moram da ka\u017eem da su u toku i pregovori sa nekim evropskim kompanijama koje su i potvrdile tu na\u0161u saradnju koja bi se nekad u nekih narednih par sedmica trebala i ostvariti\u201d, pri\u010da on.<\/p>\n<p><a href=\"https:\/\/www.prijedordanas.com\/wp-content\/uploads\/2026\/08\/kozarski-porodica-marmat-povratak-u-omarsku-3.jpg\"><img loading=\"lazy\" decoding=\"async\" class=\"alignleft size-medium wp-image-275612\" src=\"https:\/\/www.prijedordanas.com\/wp-content\/uploads\/2026\/08\/kozarski-porodica-marmat-povratak-u-omarsku-3-300x169.jpg\" alt=\"\" width=\"300\" height=\"169\" srcset=\"https:\/\/www.prijedordanas.com\/wp-content\/uploads\/2026\/08\/kozarski-porodica-marmat-povratak-u-omarsku-3-300x169.jpg 300w, https:\/\/www.prijedordanas.com\/wp-content\/uploads\/2026\/08\/kozarski-porodica-marmat-povratak-u-omarsku-3.jpg 600w\" sizes=\"(max-width: 300px) 100vw, 300px\" \/><\/a>Dodaje da su djeca nakon par sedmica boravka u Omarskoj presre\u0107na te da im je to i najbolji znak da su na pravom putu.<\/p>\n<p>\u201cU Njema\u010dkoj sam ja radio kao zamjenik poslovo\u0111e u jednoj prehrambenoj industriji. Sama \u010dinjenica da sam ja bio u tri smjene i bio odsutan od moje porodice, sve vi\u0161e me gurala ka ku\u0107i. Ovdje mogu da im ponudim svoje vrijeme. I djeca su u toj nekoj sad predpubertetskoj i pubertetskoj fazi. Smatram da je to najbitniji period \u017eivota za jednog oca i sinove jer tu se oblikuju ljudi. Ja \u017eelim da oblikujem od svoje djece prave ljude, a to jedino mogu da uradim ovdje\u201d, isti\u010de Marko.<\/p>\n<p>Obja\u0161njava da se njegova porodi\u010dna firma dvadesetak godina bavi sto\u010dnom hranom, pravljenjem smjesa za doma\u0107e \u017eivotinje, uvozom \u017eitarica, a imaju i posao sa peradarstvom.<\/p>\n<p><a href=\"https:\/\/www.prijedordanas.com\/wp-content\/uploads\/2026\/08\/kozarski-porodica-marmat-povratak-u-omarsku-5.jpg\"><img loading=\"lazy\" decoding=\"async\" class=\"alignleft size-medium wp-image-275613\" src=\"https:\/\/www.prijedordanas.com\/wp-content\/uploads\/2026\/08\/kozarski-porodica-marmat-povratak-u-omarsku-5-300x169.jpg\" alt=\"\" width=\"300\" height=\"169\" srcset=\"https:\/\/www.prijedordanas.com\/wp-content\/uploads\/2026\/08\/kozarski-porodica-marmat-povratak-u-omarsku-5-300x169.jpg 300w, https:\/\/www.prijedordanas.com\/wp-content\/uploads\/2026\/08\/kozarski-porodica-marmat-povratak-u-omarsku-5.jpg 600w\" sizes=\"(max-width: 300px) 100vw, 300px\" \/><\/a>Vesna Marmat pri\u010da da se rodila u Njema\u010dkoj, ali da joj je majka rodom iz Omarske, a otac iz susjednih Ni\u0161evi\u0107a.<\/p>\n<p>\u201cNa po\u010detku je bilo razmi\u0161ljanje, ali sam lako to prihvatila. Prvo gledam \u0161ta je za dijecu najbolje, a i naravno za nas. Ja se mogu prilagoditi. Moji su roditelji oti\u0161li jednog dana, da bi se vratili. Oni, na\u017ealost, nisu uspjeli, nisu vi\u0161e me\u0111u nam. Ali eto, tako da sam ja to sada u\u010dinila\u201d, navodi Vesna.<\/p>\n<p>Dodaje da \u0107e u porodi\u010dnoj ku\u0107i u Omarskoj otvoriti frizerski salon i dodaje da je to bio njen posao i u Njema\u010dkoj.<\/p>\n<p>Markov otac Bogoljub isti\u010de da je sre\u0107an \u0161to su mu bli\u017ee unu\u010dad, ali i sin jedinac. Zato se i okupio veliki broj rodbine i kom\u0161ija da proslave povratak ove porodice.<\/p>\n<p>\u201cNakon 11 godina odlu\u010dio je da se vrati, a najve\u0107a stavr je \u0161to se vra\u0107a sa troje djece. Danas proslavljamo njegov povrataka i useljenje u novu ku\u0107u, hvala Bogu imao je gdje da se vrati, a moram re\u0107i da je jedinac, to je jo\u0161 ve\u0107i razlog za nas roditelje ad se radujemo\u201d, ka\u017ee Bogoljub.<\/p>\n<p>Me\u0111u gostima koji su porodici Marmat po\u017eeljeli dobrodo\u0161licu bio je i gradona\u010delnik Prijedora Slobodan Javor.<\/p>\n<p><a href=\"https:\/\/www.prijedordanas.com\/wp-content\/uploads\/2026\/08\/kozarski-porodica-marmat-povratak-u-omarsku-4.jpg\"><img loading=\"lazy\" decoding=\"async\" src=\"https:\/\/www.prijedordanas.com\/wp-content\/uploads\/2026\/08\/kozarski-porodica-marmat-povratak-u-omarsku-4-300x169.jpg\" alt=\"\" width=\"300\" height=\"169\" class=\"alignleft size-medium wp-image-275614\" srcset=\"https:\/\/www.prijedordanas.com\/wp-content\/uploads\/2026\/08\/kozarski-porodica-marmat-povratak-u-omarsku-4-300x169.jpg 300w, https:\/\/www.prijedordanas.com\/wp-content\/uploads\/2026\/08\/kozarski-porodica-marmat-povratak-u-omarsku-4.jpg 600w\" sizes=\"(max-width: 300px) 100vw, 300px\" \/><\/a>\u201cRazgovaramo sa sugra\u0111anima, sa porodicima \u010dija su djeca oti\u0161la da vidimo \u0161ta je to razlog, \u0161ta je to \u0161to lokalna zajednica mo\u017ee da u\u010dini, da pomogne, u bilo kom domenu da stavimo do znanja da nam je jako va\u017ean svaki na\u0161 sugra\u0111anin, svaki \u010dovjek koji je oti\u0161ao da se vrati. Razgovarao sam sa Marmatima. Tri godine planirali su da se vrate pa su razmi\u0161ljali. Vidjeli su da ovdje imamo odli\u010dne uslove kada govorimo o obrazovanju, o pred\u0161kolskim ustanovima, o osnovnom obrazovanju. Slobodno mogu re\u0107i da imamo kvalitetnije uslove ovdje nego vani. Dakle, ono \u0161to mi kao lokalna zajednica mo\u017eemo da poru\u010dimo svim na\u0161im sugra\u0111anima da \u0107emo svakako u godinama koje su pred nama voditi ra\u010duna o mladima, kako je to do sada bilo, voditi ra\u010duna o svim nekim mjerama koje mogu slobodno re\u0107i \u0107e dati dodatni vjetar u le\u0111a i ljudima koji su oti\u0161li da se vrate, da budu presudne te neke odluke, da stvorimo ambijent po mjeri svih na\u0161ih sugra\u0111ana\u201d, izjavio je on.<\/p>\n<p>Javor je naveo da se u Prijedor tokom ove godine vratilo oko osam porodica.<\/p>\n<p>Zaklju\u010duje da Grad Prijedor nizom pronatalitetnih mjera \u017eeli da zadr\u017ei mlade parove u gradu na Sani i podstakne njihov povratak, te da se sa istim ciljem ula\u017ee u sve oblasti \u017eivota.<\/p>\n<p><a href=\"https:\/\/kozarski.com\/video-marmati-se-vratili-iz-njemacke-u-omarsku-zbog-bolje-buducnosti-za-troje-djece\/\" target=\"_blank\" rel=\"noopener\">kozarski.com<\/a><\/p>\n<p><iframe loading=\"lazy\" title=\"MARMATI SE VRATILA IZ NJEMA\u010cKE U OMARSKU ZBOG BOLJE BUDU\u0106NOSTI\" width=\"500\" height=\"281\" src=\"https:\/\/www.youtube.com\/embed\/Nc1Wl2E82kI?feature=oembed\" frameborder=\"0\" allow=\"accelerometer; autoplay; clipboard-write; encrypted-media; gyroscope; picture-in-picture; web-share\" referrerpolicy=\"strict-origin-when-cross-origin\" allowfullscreen><\/iframe><\/p>\n","protected":false},"excerpt":{"rendered":"<p>Nakon 11 godina zajedni\u010dkog \u017eivota u Njema\u010dkoj, Vesna i Marko Marmat vratili su se u Markovu rodnu Omarsku kod Prijedora gdje \u017eele da grade bolju budu\u0107nost za svoje troje maloljetne [&hellip;]<\/p>\n","protected":false},"author":1,"featured_media":0,"comment_status":"closed","ping_status":"open","sticky":false,"template":"","format":"standard","meta":{"_monsterinsights_skip_tracking":false,"_monsterinsights_sitenote_active":false,"_monsterinsights_sitenote_note":"","_monsterinsights_sitenote_category":0,"footnotes":""},"categories":[8],"tags":[],"yoast_head":"<!-- This site is optimized with the Yoast SEO plugin v21.6 - https:\/\/yoast.com\/wordpress\/plugins\/seo\/ -->\n<title>Marmati se vratili iz Njema\u010dke u Omarsku zbog bolje budu\u0107nosti za troje djece - FOTO\/VIDEO - PrijedorDanas.com - Prijedorski gradski portal<\/title>\n<meta name=\"robots\" content=\"index, follow, max-snippet:-1, max-image-preview:large, max-video-preview:-1\" \/>\n<link rel=\"canonical\" href=\"https:\/\/www.prijedordanas.com\/?p=275609\" \/>\n<meta property=\"og:locale\" content=\"en_US\" \/>\n<meta property=\"og:type\" content=\"article\" \/>\n<meta property=\"og:title\" content=\"Marmati se vratili iz Njema\u010dke u Omarsku zbog bolje budu\u0107nosti za troje djece - FOTO\/VIDEO - PrijedorDanas.com - Prijedorski gradski portal\" \/>\n<meta property=\"og:description\" content=\"Nakon 11 godina zajedni\u010dkog \u017eivota u Njema\u010dkoj, Vesna i Marko Marmat vratili su se u Markovu rodnu Omarsku kod Prijedora gdje \u017eele da grade bolju budu\u0107nost za svoje troje maloljetne [&hellip;]\" \/>\n<meta property=\"og:url\" content=\"https:\/\/www.prijedordanas.com\/?p=275609\" \/>\n<meta property=\"og:site_name\" content=\"PrijedorDanas.com - Prijedorski gradski portal\" \/>\n<meta property=\"article:publisher\" content=\"https:\/\/www.facebook.com\/PrijedorDanasCom\/\" \/>\n<meta property=\"article:published_time\" content=\"2026-08-29T21:08:34+00:00\" \/>\n<meta property=\"og:image\" content=\"https:\/\/www.prijedordanas.com\/wp-content\/uploads\/2026\/08\/kozarski-porodica-marmat-povratak-u-omarsku-1-300x225.jpg\" \/>\n<meta name=\"author\" content=\"admin\" \/>\n<meta name=\"twitter:card\" content=\"summary_large_image\" \/>\n<meta name=\"twitter:label1\" content=\"Written by\" \/>\n\t<meta name=\"twitter:data1\" content=\"admin\" \/>\n\t<meta name=\"twitter:label2\" content=\"Est. reading time\" \/>\n\t<meta name=\"twitter:data2\" content=\"5 minutes\" \/>\n<script type=\"application\/ld+json\" class=\"yoast-schema-graph\">{\"@context\":\"https:\/\/schema.org\",\"@graph\":[{\"@type\":\"Article\",\"@id\":\"https:\/\/www.prijedordanas.com\/?p=275609#article\",\"isPartOf\":{\"@id\":\"https:\/\/www.prijedordanas.com\/?p=275609\"},\"author\":{\"name\":\"admin\",\"@id\":\"https:\/\/www.prijedordanas.com\/#\/schema\/person\/4e08ccf29b506ca916ff86d46bb700e6\"},\"headline\":\"Marmati se vratili iz Njema\u010dke u Omarsku zbog bolje budu\u0107nosti za troje djece &#8211; FOTO\/VIDEO\",\"datePublished\":\"2026-08-29T21:08:34+00:00\",\"dateModified\":\"2026-08-29T21:08:34+00:00\",\"mainEntityOfPage\":{\"@id\":\"https:\/\/www.prijedordanas.com\/?p=275609\"},\"wordCount\":875,\"publisher\":{\"@id\":\"https:\/\/www.prijedordanas.com\/#organization\"},\"articleSection\":[\"Svakodnevno\"],\"inLanguage\":\"en-US\"},{\"@type\":\"WebPage\",\"@id\":\"https:\/\/www.prijedordanas.com\/?p=275609\",\"url\":\"https:\/\/www.prijedordanas.com\/?p=275609\",\"name\":\"Marmati se vratili iz Njema\u010dke u Omarsku zbog bolje budu\u0107nosti za troje djece - FOTO\/VIDEO - PrijedorDanas.com - Prijedorski gradski portal\",\"isPartOf\":{\"@id\":\"https:\/\/www.prijedordanas.com\/#website\"},\"datePublished\":\"2026-08-29T21:08:34+00:00\",\"dateModified\":\"2026-08-29T21:08:34+00:00\",\"breadcrumb\":{\"@id\":\"https:\/\/www.prijedordanas.com\/?p=275609#breadcrumb\"},\"inLanguage\":\"en-US\",\"potentialAction\":[{\"@type\":\"ReadAction\",\"target\":[\"https:\/\/www.prijedordanas.com\/?p=275609\"]}]},{\"@type\":\"BreadcrumbList\",\"@id\":\"https:\/\/www.prijedordanas.com\/?p=275609#breadcrumb\",\"itemListElement\":[{\"@type\":\"ListItem\",\"position\":1,\"name\":\"Home\",\"item\":\"https:\/\/www.prijedordanas.com\/\"},{\"@type\":\"ListItem\",\"position\":2,\"name\":\"Marmati se vratili iz Njema\u010dke u Omarsku zbog bolje budu\u0107nosti za troje djece &#8211; FOTO\/VIDEO\"}]},{\"@type\":\"WebSite\",\"@id\":\"https:\/\/www.prijedordanas.com\/#website\",\"url\":\"https:\/\/www.prijedordanas.com\/\",\"name\":\"PrijedorDanas.com - Prijedorski gradski portal\",\"description\":\"Portal o doga\u0111anjima u gradu Prijedoru\",\"publisher\":{\"@id\":\"https:\/\/www.prijedordanas.com\/#organization\"},\"potentialAction\":[{\"@type\":\"SearchAction\",\"target\":{\"@type\":\"EntryPoint\",\"urlTemplate\":\"https:\/\/www.prijedordanas.com\/?s={search_term_string}\"},\"query-input\":\"required name=search_term_string\"}],\"inLanguage\":\"en-US\"},{\"@type\":\"Organization\",\"@id\":\"https:\/\/www.prijedordanas.com\/#organization\",\"name\":\"PrijedorDanas.com\",\"url\":\"https:\/\/www.prijedordanas.com\/\",\"logo\":{\"@type\":\"ImageObject\",\"inLanguage\":\"en-US\",\"@id\":\"https:\/\/www.prijedordanas.com\/#\/schema\/logo\/image\/\",\"url\":\"http:\/\/www.prijedordanas.com\/wp-content\/uploads\/2021\/12\/logopng.png\",\"contentUrl\":\"http:\/\/www.prijedordanas.com\/wp-content\/uploads\/2021\/12\/logopng.png\",\"width\":1019,\"height\":776,\"caption\":\"PrijedorDanas.com\"},\"image\":{\"@id\":\"https:\/\/www.prijedordanas.com\/#\/schema\/logo\/image\/\"},\"sameAs\":[\"https:\/\/www.facebook.com\/PrijedorDanasCom\/\"]},{\"@type\":\"Person\",\"@id\":\"https:\/\/www.prijedordanas.com\/#\/schema\/person\/4e08ccf29b506ca916ff86d46bb700e6\",\"name\":\"admin\",\"image\":{\"@type\":\"ImageObject\",\"inLanguage\":\"en-US\",\"@id\":\"https:\/\/www.prijedordanas.com\/#\/schema\/person\/image\/\",\"url\":\"https:\/\/secure.gravatar.com\/avatar\/1d3fc949d550f0b53a5f0d51e06dfd79?s=96&d=mm&r=g\",\"contentUrl\":\"https:\/\/secure.gravatar.com\/avatar\/1d3fc949d550f0b53a5f0d51e06dfd79?s=96&d=mm&r=g\",\"caption\":\"admin\"},\"url\":\"https:\/\/www.prijedordanas.com\/?author=1\"}]}<\/script>\n<!-- \/ Yoast SEO plugin. -->","yoast_head_json":{"title":"Marmati se vratili iz Njema\u010dke u Omarsku zbog bolje budu\u0107nosti za troje djece - FOTO\/VIDEO - PrijedorDanas.com - Prijedorski gradski portal","robots":{"index":"index","follow":"follow","max-snippet":"max-snippet:-1","max-image-preview":"max-image-preview:large","max-video-preview":"max-video-preview:-1"},"canonical":"https:\/\/www.prijedordanas.com\/?p=275609","og_locale":"en_US","og_type":"article","og_title":"Marmati se vratili iz Njema\u010dke u Omarsku zbog bolje budu\u0107nosti za troje djece - FOTO\/VIDEO - PrijedorDanas.com - Prijedorski gradski portal","og_description":"Nakon 11 godina zajedni\u010dkog \u017eivota u Njema\u010dkoj, Vesna i Marko Marmat vratili su se u Markovu rodnu Omarsku kod Prijedora gdje \u017eele da grade bolju budu\u0107nost za svoje troje maloljetne [&hellip;]","og_url":"https:\/\/www.prijedordanas.com\/?p=275609","og_site_name":"PrijedorDanas.com - Prijedorski gradski portal","article_publisher":"https:\/\/www.facebook.com\/PrijedorDanasCom\/","article_published_time":"2026-08-29T21:08:34+00:00","og_image":[{"url":"https:\/\/www.prijedordanas.com\/wp-content\/uploads\/2026\/08\/kozarski-porodica-marmat-povratak-u-omarsku-1-300x225.jpg"}],"author":"admin","twitter_card":"summary_large_image","twitter_misc":{"Written by":"admin","Est. reading time":"5 minutes"},"schema":{"@context":"https:\/\/schema.org","@graph":[{"@type":"Article","@id":"https:\/\/www.prijedordanas.com\/?p=275609#article","isPartOf":{"@id":"https:\/\/www.prijedordanas.com\/?p=275609"},"author":{"name":"admin","@id":"https:\/\/www.prijedordanas.com\/#\/schema\/person\/4e08ccf29b506ca916ff86d46bb700e6"},"headline":"Marmati se vratili iz Njema\u010dke u Omarsku zbog bolje budu\u0107nosti za troje djece &#8211; FOTO\/VIDEO","datePublished":"2026-08-29T21:08:34+00:00","dateModified":"2026-08-29T21:08:34+00:00","mainEntityOfPage":{"@id":"https:\/\/www.prijedordanas.com\/?p=275609"},"wordCount":875,"publisher":{"@id":"https:\/\/www.prijedordanas.com\/#organization"},"articleSection":["Svakodnevno"],"inLanguage":"en-US"},{"@type":"WebPage","@id":"https:\/\/www.prijedordanas.com\/?p=275609","url":"https:\/\/www.prijedordanas.com\/?p=275609","name":"Marmati se vratili iz Njema\u010dke u Omarsku zbog bolje budu\u0107nosti za troje djece - FOTO\/VIDEO - PrijedorDanas.com - Prijedorski gradski portal","isPartOf":{"@id":"https:\/\/www.prijedordanas.com\/#website"},"datePublished":"2026-08-29T21:08:34+00:00","dateModified":"2026-08-29T21:08:34+00:00","breadcrumb":{"@id":"https:\/\/www.prijedordanas.com\/?p=275609#breadcrumb"},"inLanguage":"en-US","potentialAction":[{"@type":"ReadAction","target":["https:\/\/www.prijedordanas.com\/?p=275609"]}]},{"@type":"BreadcrumbList","@id":"https:\/\/www.prijedordanas.com\/?p=275609#breadcrumb","itemListElement":[{"@type":"ListItem","position":1,"name":"Home","item":"https:\/\/www.prijedordanas.com\/"},{"@type":"ListItem","position":2,"name":"Marmati se vratili iz Njema\u010dke u Omarsku zbog bolje budu\u0107nosti za troje djece &#8211; FOTO\/VIDEO"}]},{"@type":"WebSite","@id":"https:\/\/www.prijedordanas.com\/#website","url":"https:\/\/www.prijedordanas.com\/","name":"PrijedorDanas.com - Prijedorski gradski portal","description":"Portal o doga\u0111anjima u gradu Prijedoru","publisher":{"@id":"https:\/\/www.prijedordanas.com\/#organization"},"potentialAction":[{"@type":"SearchAction","target":{"@type":"EntryPoint","urlTemplate":"https:\/\/www.prijedordanas.com\/?s={search_term_string}"},"query-input":"required name=search_term_string"}],"inLanguage":"en-US"},{"@type":"Organization","@id":"https:\/\/www.prijedordanas.com\/#organization","name":"PrijedorDanas.com","url":"https:\/\/www.prijedordanas.com\/","logo":{"@type":"ImageObject","inLanguage":"en-US","@id":"https:\/\/www.prijedordanas.com\/#\/schema\/logo\/image\/","url":"http:\/\/www.prijedordanas.com\/wp-content\/uploads\/2021\/12\/logopng.png","contentUrl":"http:\/\/www.prijedordanas.com\/wp-content\/uploads\/2021\/12\/logopng.png","width":1019,"height":776,"caption":"PrijedorDanas.com"},"image":{"@id":"https:\/\/www.prijedordanas.com\/#\/schema\/logo\/image\/"},"sameAs":["https:\/\/www.facebook.com\/PrijedorDanasCom\/"]},{"@type":"Person","@id":"https:\/\/www.prijedordanas.com\/#\/schema\/person\/4e08ccf29b506ca916ff86d46bb700e6","name":"admin","image":{"@type":"ImageObject","inLanguage":"en-US","@id":"https:\/\/www.prijedordanas.com\/#\/schema\/person\/image\/","url":"https:\/\/secure.gravatar.com\/avatar\/1d3fc949d550f0b53a5f0d51e06dfd79?s=96&d=mm&r=g","contentUrl":"https:\/\/secure.gravatar.com\/avatar\/1d3fc949d550f0b53a5f0d51e06dfd79?s=96&d=mm&r=g","caption":"admin"},"url":"https:\/\/www.prijedordanas.com\/?author=1"}]}},"_links":{"self":[{"href":"https:\/\/www.prijedordanas.com\/index.php?rest_route=\/wp\/v2\/posts\/275609"}],"collection":[{"href":"https:\/\/www.prijedordanas.com\/index.php?rest_route=\/wp\/v2\/posts"}],"about":[{"href":"https:\/\/www.prijedordanas.com\/index.php?rest_route=\/wp\/v2\/types\/post"}],"author":[{"embeddable":true,"href":"https:\/\/www.prijedordanas.com\/index.php?rest_route=\/wp\/v2\/users\/1"}],"replies":[{"embeddable":true,"href":"https:\/\/www.prijedordanas.com\/index.php?rest_route=%2Fwp%2Fv2%2Fcomments&post=275609"}],"version-history":[{"count":1,"href":"https:\/\/www.prijedordanas.com\/index.php?rest_route=\/wp\/v2\/posts\/275609\/revisions"}],"predecessor-version":[{"id":275615,"href":"https:\/\/www.prijedordanas.com\/index.php?rest_route=\/wp\/v2\/posts\/275609\/revisions\/275615"}],"wp:attachment":[{"href":"https:\/\/www.prijedordanas.com\/index.php?rest_route=%2Fwp%2Fv2%2Fmedia&parent=275609"}],"wp:term":[{"taxonomy":"category","embeddable":true,"href":"https:\/\/www.prijedordanas.com\/index.php?rest_route=%2Fwp%2Fv2%2Fcategories&post=275609"},{"taxonomy":"post_tag","embeddable":true,"href":"https:\/\/www.prijedordanas.com\/index.php?rest_route=%2Fwp%2Fv2%2Ftags&post=275609"}],"curies":[{"name":"wp","href":"https:\/\/api.w.org\/{rel}","templated":true}]}}