{"id":275536,"date":"2026-08-29T10:10:52","date_gmt":"2026-08-29T08:10:52","guid":{"rendered":"https:\/\/www.prijedordanas.com\/?p=275536"},"modified":"2026-08-29T10:10:52","modified_gmt":"2026-08-29T08:10:52","slug":"ojkaca-je-nas-ponos-velikogospojinski-sabor-u-jelickoj-okupio-25-grupa","status":"publish","type":"post","link":"https:\/\/www.prijedordanas.com\/?p=275536","title":{"rendered":"&#8220;Ojka\u010da je na\u0161 ponos&#8221;: Velikogospojinski sabor u Jeli\u0107koj okupio 25 grupa"},"content":{"rendered":"<p><a href=\"https:\/\/www.prijedordanas.com\/wp-content\/uploads\/2026\/08\/kozarski-jelicka-sabor-ojkaca2026-1.jpg\"><img loading=\"lazy\" decoding=\"async\" class=\"alignleft size-medium wp-image-275537\" src=\"https:\/\/www.prijedordanas.com\/wp-content\/uploads\/2026\/08\/kozarski-jelicka-sabor-ojkaca2026-1-300x225.jpg\" alt=\"\" width=\"300\" height=\"225\" srcset=\"https:\/\/www.prijedordanas.com\/wp-content\/uploads\/2026\/08\/kozarski-jelicka-sabor-ojkaca2026-1-300x225.jpg 300w, https:\/\/www.prijedordanas.com\/wp-content\/uploads\/2026\/08\/kozarski-jelicka-sabor-ojkaca2026-1-640x480.jpg 640w, https:\/\/www.prijedordanas.com\/wp-content\/uploads\/2026\/08\/kozarski-jelicka-sabor-ojkaca2026-1.jpg 667w\" sizes=\"(max-width: 300px) 100vw, 300px\" \/><\/a>U porti hrama u Jeli\u0107koj odr\u017ean je Velikogospojinski sabor izvorne pjesme \u2013 ojka\u010de, koji je dio 61. \u201eKo\u010di\u0107evog zbora\u201c.<\/p>\n<p>U\u010destvovalo je 25 izvornih pjeva\u010dkih grupa, me\u0111u kojima je \u201eTrome\u0111a\u201c iz Slavi\u0107ke.<\/p>\n<p>\u010clan ove grupe Dragan Bo\u0161njak isti\u010de da je ojka\u010du zavolio jo\u0161 kao dijete.<\/p>\n<p>\u201eZato \u0161to to poti\u010de ispod kozarskih sela, ja kao dijete sam pjevao to i jo\u0161 uvijek se osje\u0107am mlado i mogu i sada da pjevam. Samo od mla\u0111ih malo ko to pjeva\u201c, ka\u017ee Bo\u0161njak.<\/p>\n<p>U\u010destvovala je Izvorna ojka\u010dka grupa \u201eJanjac\u201c iz Svodne.<\/p>\n<p><a href=\"https:\/\/www.prijedordanas.com\/wp-content\/uploads\/2026\/08\/kozarski-jelicka-sabor-ojkaca2026-2.jpg\"><img loading=\"lazy\" decoding=\"async\" class=\"alignleft size-medium wp-image-275538\" src=\"https:\/\/www.prijedordanas.com\/wp-content\/uploads\/2026\/08\/kozarski-jelicka-sabor-ojkaca2026-2-300x169.jpg\" alt=\"\" width=\"300\" height=\"169\" srcset=\"https:\/\/www.prijedordanas.com\/wp-content\/uploads\/2026\/08\/kozarski-jelicka-sabor-ojkaca2026-2-300x169.jpg 300w, https:\/\/www.prijedordanas.com\/wp-content\/uploads\/2026\/08\/kozarski-jelicka-sabor-ojkaca2026-2.jpg 600w\" sizes=\"(max-width: 300px) 100vw, 300px\" \/><\/a>\u201eVolimo pjesmu, volimo ojka\u010du, dru\u017eenje. Ojka\u010da je na\u0161a pjesma, ponos za na\u0161e krajeve, u\u017eivamo\u201c, naveo je \u010dlan ove grupe Mikan Bogun.<\/p>\n<p>Brane Macura ka\u017ee da njegova pjeva\u010dka grupa \u201eRakeli\u0107i-Busnovi\u201c, Velikogospojinski sabor u Jeli\u0107koj godinama ne propu\u0161ta.<\/p>\n<p>\u201eMeni je 80 godina, a 25 godina dolazim ovdje sa mojom grupom. Lijepo nas do\u010dekaju ovi doma\u0107ini i neka ostane \u0161to du\u017ee ovaj sabor\u201c, poru\u010dio je Macura.<\/p>\n<p><a href=\"https:\/\/www.prijedordanas.com\/wp-content\/uploads\/2026\/08\/kozarski-jelicka-sabor-ojkaca2026-3.jpg\"><img loading=\"lazy\" decoding=\"async\" class=\"alignleft size-medium wp-image-275539\" src=\"https:\/\/www.prijedordanas.com\/wp-content\/uploads\/2026\/08\/kozarski-jelicka-sabor-ojkaca2026-3-300x169.jpg\" alt=\"\" width=\"300\" height=\"169\" srcset=\"https:\/\/www.prijedordanas.com\/wp-content\/uploads\/2026\/08\/kozarski-jelicka-sabor-ojkaca2026-3-300x169.jpg 300w, https:\/\/www.prijedordanas.com\/wp-content\/uploads\/2026\/08\/kozarski-jelicka-sabor-ojkaca2026-3.jpg 600w\" sizes=\"(max-width: 300px) 100vw, 300px\" \/><\/a>\u010clan Organizacionog odbora 61. \u201eKo\u010di\u0107evog zbora\u201c Miladin Beri\u0107 ka\u017ee da je pro\u0161le godine odlu\u010deno da se u ovu manifestaciju uklju\u010di i tradicionalna kozarska ojka\u010da.<\/p>\n<p>\u201ePrepoznali smo ovaj sabor u Jeli\u0107koj za Veliku Gospojinu kao takav i odlu\u010dili da podr\u017eimo ovaj projekat. Ovo je jednostavno gajenje tradicije, na\u0161eg pjevanja i na\u010din da se ovaj tip pjevanja ne zaboravi nikada i ostane mla\u0111im generacijama\u201c, smatra Beri\u0107.<\/p>\n<p>Doma\u0107ini Velikogospojinskog saborovanja su Mu\u0161ka pjeva\u010dka grupa \u201eTimar\u201c iz Jeli\u0107ke i crkvena op\u0161tina Jeli\u0107ka.<\/p>\n<p><a href=\"https:\/\/www.prijedordanas.com\/wp-content\/uploads\/2026\/08\/kozarski-jelicka-sabor-ojkaca2026-4.jpg\"><img loading=\"lazy\" decoding=\"async\" src=\"https:\/\/www.prijedordanas.com\/wp-content\/uploads\/2026\/08\/kozarski-jelicka-sabor-ojkaca2026-4-300x169.jpg\" alt=\"\" width=\"300\" height=\"169\" class=\"alignleft size-medium wp-image-275540\" srcset=\"https:\/\/www.prijedordanas.com\/wp-content\/uploads\/2026\/08\/kozarski-jelicka-sabor-ojkaca2026-4-300x169.jpg 300w, https:\/\/www.prijedordanas.com\/wp-content\/uploads\/2026\/08\/kozarski-jelicka-sabor-ojkaca2026-4.jpg 600w\" sizes=\"(max-width: 300px) 100vw, 300px\" \/><\/a>\u0160ef pjeva\u010dke grupe \u201eTimar\u201c Zoran Grahovac ka\u017ee da je ovo okupljanje dokaz da ljudi vole izvornu pjesmu koja se mora \u010duvati.<\/p>\n<p>\u201eMi to moramo o\u010duvati, to je na\u0161 cilj, zato se i dru\u017eimo. Imali smo razumijevanja Ministarstva za prosvjetu i kulturu RS da su to prepoznali i zbor za Veliku Gospojinu uklju\u010dili u odr\u017eavanje \u2018Ko\u010di\u0107evih dana\u2019, naveo je Grahovac.<\/p>\n<p>Paroh Jeli\u0107ki, jerej Vladimir Kos navodi da je zna\u010dajno da se vjernici okupljaju pored hramova.<\/p>\n<p>\u201eNalazimo se na svetom mjestu jer tu imamo hram koji postoji 200 godina, koji okuplja cijelu na\u0161u parohiju, ali i \u0161ire. Zna\u010dajno je da se na\u0161 narod okuplja oko svojih hramova i da njeguje svoju trediciju i svoje obi\u010daje\u201c, naveo je jerej Kos.<\/p>\n<p><a href=\"https:\/\/kozarski.com\/ojkaca-je-nas-ponos-velikogospojinski-sabor-u-jelickoj-okupio-25-grupa\/\" target=\"_blank\" rel=\"noopener\">kozarski.com<\/a><\/p>\n","protected":false},"excerpt":{"rendered":"<p>U porti hrama u Jeli\u0107koj odr\u017ean je Velikogospojinski sabor izvorne pjesme \u2013 ojka\u010de, koji je dio 61. \u201eKo\u010di\u0107evog zbora\u201c. U\u010destvovalo je 25 izvornih pjeva\u010dkih grupa, me\u0111u kojima je \u201eTrome\u0111a\u201c iz [&hellip;]<\/p>\n","protected":false},"author":1,"featured_media":0,"comment_status":"closed","ping_status":"open","sticky":false,"template":"","format":"standard","meta":{"_monsterinsights_skip_tracking":false,"_monsterinsights_sitenote_active":false,"_monsterinsights_sitenote_note":"","_monsterinsights_sitenote_category":0,"footnotes":""},"categories":[8],"tags":[],"yoast_head":"<!-- This site is optimized with the Yoast SEO plugin v21.6 - https:\/\/yoast.com\/wordpress\/plugins\/seo\/ -->\n<title>&quot;Ojka\u010da je na\u0161 ponos&quot;: Velikogospojinski sabor u Jeli\u0107koj okupio 25 grupa - PrijedorDanas.com - Prijedorski gradski portal<\/title>\n<meta name=\"robots\" content=\"index, follow, max-snippet:-1, max-image-preview:large, max-video-preview:-1\" \/>\n<link rel=\"canonical\" href=\"https:\/\/www.prijedordanas.com\/?p=275536\" \/>\n<meta property=\"og:locale\" content=\"en_US\" \/>\n<meta property=\"og:type\" content=\"article\" \/>\n<meta property=\"og:title\" content=\"&quot;Ojka\u010da je na\u0161 ponos&quot;: Velikogospojinski sabor u Jeli\u0107koj okupio 25 grupa - PrijedorDanas.com - Prijedorski gradski portal\" \/>\n<meta property=\"og:description\" content=\"U porti hrama u Jeli\u0107koj odr\u017ean je Velikogospojinski sabor izvorne pjesme \u2013 ojka\u010de, koji je dio 61. \u201eKo\u010di\u0107evog zbora\u201c. U\u010destvovalo je 25 izvornih pjeva\u010dkih grupa, me\u0111u kojima je \u201eTrome\u0111a\u201c iz [&hellip;]\" \/>\n<meta property=\"og:url\" content=\"https:\/\/www.prijedordanas.com\/?p=275536\" \/>\n<meta property=\"og:site_name\" content=\"PrijedorDanas.com - Prijedorski gradski portal\" \/>\n<meta property=\"article:publisher\" content=\"https:\/\/www.facebook.com\/PrijedorDanasCom\/\" \/>\n<meta property=\"article:published_time\" content=\"2026-08-29T08:10:52+00:00\" \/>\n<meta property=\"og:image\" content=\"https:\/\/www.prijedordanas.com\/wp-content\/uploads\/2026\/08\/kozarski-jelicka-sabor-ojkaca2026-1-300x225.jpg\" \/>\n<meta name=\"author\" content=\"admin\" \/>\n<meta name=\"twitter:card\" content=\"summary_large_image\" \/>\n<meta name=\"twitter:label1\" content=\"Written by\" \/>\n\t<meta name=\"twitter:data1\" content=\"admin\" \/>\n\t<meta name=\"twitter:label2\" content=\"Est. reading time\" \/>\n\t<meta name=\"twitter:data2\" content=\"3 minutes\" \/>\n<script type=\"application\/ld+json\" class=\"yoast-schema-graph\">{\"@context\":\"https:\/\/schema.org\",\"@graph\":[{\"@type\":\"Article\",\"@id\":\"https:\/\/www.prijedordanas.com\/?p=275536#article\",\"isPartOf\":{\"@id\":\"https:\/\/www.prijedordanas.com\/?p=275536\"},\"author\":{\"name\":\"admin\",\"@id\":\"https:\/\/www.prijedordanas.com\/#\/schema\/person\/4e08ccf29b506ca916ff86d46bb700e6\"},\"headline\":\"&#8220;Ojka\u010da je na\u0161 ponos&#8221;: Velikogospojinski sabor u Jeli\u0107koj okupio 25 grupa\",\"datePublished\":\"2026-08-29T08:10:52+00:00\",\"dateModified\":\"2026-08-29T08:10:52+00:00\",\"mainEntityOfPage\":{\"@id\":\"https:\/\/www.prijedordanas.com\/?p=275536\"},\"wordCount\":418,\"publisher\":{\"@id\":\"https:\/\/www.prijedordanas.com\/#organization\"},\"articleSection\":[\"Svakodnevno\"],\"inLanguage\":\"en-US\"},{\"@type\":\"WebPage\",\"@id\":\"https:\/\/www.prijedordanas.com\/?p=275536\",\"url\":\"https:\/\/www.prijedordanas.com\/?p=275536\",\"name\":\"\\\"Ojka\u010da je na\u0161 ponos\\\": Velikogospojinski sabor u Jeli\u0107koj okupio 25 grupa - PrijedorDanas.com - Prijedorski gradski portal\",\"isPartOf\":{\"@id\":\"https:\/\/www.prijedordanas.com\/#website\"},\"datePublished\":\"2026-08-29T08:10:52+00:00\",\"dateModified\":\"2026-08-29T08:10:52+00:00\",\"breadcrumb\":{\"@id\":\"https:\/\/www.prijedordanas.com\/?p=275536#breadcrumb\"},\"inLanguage\":\"en-US\",\"potentialAction\":[{\"@type\":\"ReadAction\",\"target\":[\"https:\/\/www.prijedordanas.com\/?p=275536\"]}]},{\"@type\":\"BreadcrumbList\",\"@id\":\"https:\/\/www.prijedordanas.com\/?p=275536#breadcrumb\",\"itemListElement\":[{\"@type\":\"ListItem\",\"position\":1,\"name\":\"Home\",\"item\":\"https:\/\/www.prijedordanas.com\/\"},{\"@type\":\"ListItem\",\"position\":2,\"name\":\"&#8220;Ojka\u010da je na\u0161 ponos&#8221;: Velikogospojinski sabor u Jeli\u0107koj okupio 25 grupa\"}]},{\"@type\":\"WebSite\",\"@id\":\"https:\/\/www.prijedordanas.com\/#website\",\"url\":\"https:\/\/www.prijedordanas.com\/\",\"name\":\"PrijedorDanas.com - Prijedorski gradski portal\",\"description\":\"Portal o doga\u0111anjima u gradu Prijedoru\",\"publisher\":{\"@id\":\"https:\/\/www.prijedordanas.com\/#organization\"},\"potentialAction\":[{\"@type\":\"SearchAction\",\"target\":{\"@type\":\"EntryPoint\",\"urlTemplate\":\"https:\/\/www.prijedordanas.com\/?s={search_term_string}\"},\"query-input\":\"required name=search_term_string\"}],\"inLanguage\":\"en-US\"},{\"@type\":\"Organization\",\"@id\":\"https:\/\/www.prijedordanas.com\/#organization\",\"name\":\"PrijedorDanas.com\",\"url\":\"https:\/\/www.prijedordanas.com\/\",\"logo\":{\"@type\":\"ImageObject\",\"inLanguage\":\"en-US\",\"@id\":\"https:\/\/www.prijedordanas.com\/#\/schema\/logo\/image\/\",\"url\":\"http:\/\/www.prijedordanas.com\/wp-content\/uploads\/2021\/12\/logopng.png\",\"contentUrl\":\"http:\/\/www.prijedordanas.com\/wp-content\/uploads\/2021\/12\/logopng.png\",\"width\":1019,\"height\":776,\"caption\":\"PrijedorDanas.com\"},\"image\":{\"@id\":\"https:\/\/www.prijedordanas.com\/#\/schema\/logo\/image\/\"},\"sameAs\":[\"https:\/\/www.facebook.com\/PrijedorDanasCom\/\"]},{\"@type\":\"Person\",\"@id\":\"https:\/\/www.prijedordanas.com\/#\/schema\/person\/4e08ccf29b506ca916ff86d46bb700e6\",\"name\":\"admin\",\"image\":{\"@type\":\"ImageObject\",\"inLanguage\":\"en-US\",\"@id\":\"https:\/\/www.prijedordanas.com\/#\/schema\/person\/image\/\",\"url\":\"https:\/\/secure.gravatar.com\/avatar\/1d3fc949d550f0b53a5f0d51e06dfd79?s=96&d=mm&r=g\",\"contentUrl\":\"https:\/\/secure.gravatar.com\/avatar\/1d3fc949d550f0b53a5f0d51e06dfd79?s=96&d=mm&r=g\",\"caption\":\"admin\"},\"url\":\"https:\/\/www.prijedordanas.com\/?author=1\"}]}<\/script>\n<!-- \/ Yoast SEO plugin. -->","yoast_head_json":{"title":"\"Ojka\u010da je na\u0161 ponos\": Velikogospojinski sabor u Jeli\u0107koj okupio 25 grupa - PrijedorDanas.com - Prijedorski gradski portal","robots":{"index":"index","follow":"follow","max-snippet":"max-snippet:-1","max-image-preview":"max-image-preview:large","max-video-preview":"max-video-preview:-1"},"canonical":"https:\/\/www.prijedordanas.com\/?p=275536","og_locale":"en_US","og_type":"article","og_title":"\"Ojka\u010da je na\u0161 ponos\": Velikogospojinski sabor u Jeli\u0107koj okupio 25 grupa - PrijedorDanas.com - Prijedorski gradski portal","og_description":"U porti hrama u Jeli\u0107koj odr\u017ean je Velikogospojinski sabor izvorne pjesme \u2013 ojka\u010de, koji je dio 61. \u201eKo\u010di\u0107evog zbora\u201c. U\u010destvovalo je 25 izvornih pjeva\u010dkih grupa, me\u0111u kojima je \u201eTrome\u0111a\u201c iz [&hellip;]","og_url":"https:\/\/www.prijedordanas.com\/?p=275536","og_site_name":"PrijedorDanas.com - Prijedorski gradski portal","article_publisher":"https:\/\/www.facebook.com\/PrijedorDanasCom\/","article_published_time":"2026-08-29T08:10:52+00:00","og_image":[{"url":"https:\/\/www.prijedordanas.com\/wp-content\/uploads\/2026\/08\/kozarski-jelicka-sabor-ojkaca2026-1-300x225.jpg"}],"author":"admin","twitter_card":"summary_large_image","twitter_misc":{"Written by":"admin","Est. reading time":"3 minutes"},"schema":{"@context":"https:\/\/schema.org","@graph":[{"@type":"Article","@id":"https:\/\/www.prijedordanas.com\/?p=275536#article","isPartOf":{"@id":"https:\/\/www.prijedordanas.com\/?p=275536"},"author":{"name":"admin","@id":"https:\/\/www.prijedordanas.com\/#\/schema\/person\/4e08ccf29b506ca916ff86d46bb700e6"},"headline":"&#8220;Ojka\u010da je na\u0161 ponos&#8221;: Velikogospojinski sabor u Jeli\u0107koj okupio 25 grupa","datePublished":"2026-08-29T08:10:52+00:00","dateModified":"2026-08-29T08:10:52+00:00","mainEntityOfPage":{"@id":"https:\/\/www.prijedordanas.com\/?p=275536"},"wordCount":418,"publisher":{"@id":"https:\/\/www.prijedordanas.com\/#organization"},"articleSection":["Svakodnevno"],"inLanguage":"en-US"},{"@type":"WebPage","@id":"https:\/\/www.prijedordanas.com\/?p=275536","url":"https:\/\/www.prijedordanas.com\/?p=275536","name":"\"Ojka\u010da je na\u0161 ponos\": Velikogospojinski sabor u Jeli\u0107koj okupio 25 grupa - PrijedorDanas.com - Prijedorski gradski portal","isPartOf":{"@id":"https:\/\/www.prijedordanas.com\/#website"},"datePublished":"2026-08-29T08:10:52+00:00","dateModified":"2026-08-29T08:10:52+00:00","breadcrumb":{"@id":"https:\/\/www.prijedordanas.com\/?p=275536#breadcrumb"},"inLanguage":"en-US","potentialAction":[{"@type":"ReadAction","target":["https:\/\/www.prijedordanas.com\/?p=275536"]}]},{"@type":"BreadcrumbList","@id":"https:\/\/www.prijedordanas.com\/?p=275536#breadcrumb","itemListElement":[{"@type":"ListItem","position":1,"name":"Home","item":"https:\/\/www.prijedordanas.com\/"},{"@type":"ListItem","position":2,"name":"&#8220;Ojka\u010da je na\u0161 ponos&#8221;: Velikogospojinski sabor u Jeli\u0107koj okupio 25 grupa"}]},{"@type":"WebSite","@id":"https:\/\/www.prijedordanas.com\/#website","url":"https:\/\/www.prijedordanas.com\/","name":"PrijedorDanas.com - Prijedorski gradski portal","description":"Portal o doga\u0111anjima u gradu Prijedoru","publisher":{"@id":"https:\/\/www.prijedordanas.com\/#organization"},"potentialAction":[{"@type":"SearchAction","target":{"@type":"EntryPoint","urlTemplate":"https:\/\/www.prijedordanas.com\/?s={search_term_string}"},"query-input":"required name=search_term_string"}],"inLanguage":"en-US"},{"@type":"Organization","@id":"https:\/\/www.prijedordanas.com\/#organization","name":"PrijedorDanas.com","url":"https:\/\/www.prijedordanas.com\/","logo":{"@type":"ImageObject","inLanguage":"en-US","@id":"https:\/\/www.prijedordanas.com\/#\/schema\/logo\/image\/","url":"http:\/\/www.prijedordanas.com\/wp-content\/uploads\/2021\/12\/logopng.png","contentUrl":"http:\/\/www.prijedordanas.com\/wp-content\/uploads\/2021\/12\/logopng.png","width":1019,"height":776,"caption":"PrijedorDanas.com"},"image":{"@id":"https:\/\/www.prijedordanas.com\/#\/schema\/logo\/image\/"},"sameAs":["https:\/\/www.facebook.com\/PrijedorDanasCom\/"]},{"@type":"Person","@id":"https:\/\/www.prijedordanas.com\/#\/schema\/person\/4e08ccf29b506ca916ff86d46bb700e6","name":"admin","image":{"@type":"ImageObject","inLanguage":"en-US","@id":"https:\/\/www.prijedordanas.com\/#\/schema\/person\/image\/","url":"https:\/\/secure.gravatar.com\/avatar\/1d3fc949d550f0b53a5f0d51e06dfd79?s=96&d=mm&r=g","contentUrl":"https:\/\/secure.gravatar.com\/avatar\/1d3fc949d550f0b53a5f0d51e06dfd79?s=96&d=mm&r=g","caption":"admin"},"url":"https:\/\/www.prijedordanas.com\/?author=1"}]}},"_links":{"self":[{"href":"https:\/\/www.prijedordanas.com\/index.php?rest_route=\/wp\/v2\/posts\/275536"}],"collection":[{"href":"https:\/\/www.prijedordanas.com\/index.php?rest_route=\/wp\/v2\/posts"}],"about":[{"href":"https:\/\/www.prijedordanas.com\/index.php?rest_route=\/wp\/v2\/types\/post"}],"author":[{"embeddable":true,"href":"https:\/\/www.prijedordanas.com\/index.php?rest_route=\/wp\/v2\/users\/1"}],"replies":[{"embeddable":true,"href":"https:\/\/www.prijedordanas.com\/index.php?rest_route=%2Fwp%2Fv2%2Fcomments&post=275536"}],"version-history":[{"count":1,"href":"https:\/\/www.prijedordanas.com\/index.php?rest_route=\/wp\/v2\/posts\/275536\/revisions"}],"predecessor-version":[{"id":275541,"href":"https:\/\/www.prijedordanas.com\/index.php?rest_route=\/wp\/v2\/posts\/275536\/revisions\/275541"}],"wp:attachment":[{"href":"https:\/\/www.prijedordanas.com\/index.php?rest_route=%2Fwp%2Fv2%2Fmedia&parent=275536"}],"wp:term":[{"taxonomy":"category","embeddable":true,"href":"https:\/\/www.prijedordanas.com\/index.php?rest_route=%2Fwp%2Fv2%2Fcategories&post=275536"},{"taxonomy":"post_tag","embeddable":true,"href":"https:\/\/www.prijedordanas.com\/index.php?rest_route=%2Fwp%2Fv2%2Ftags&post=275536"}],"curies":[{"name":"wp","href":"https:\/\/api.w.org\/{rel}","templated":true}]}}