{"id":275474,"date":"2026-08-28T01:28:22","date_gmt":"2026-08-27T23:28:22","guid":{"rendered":"https:\/\/www.prijedordanas.com\/?p=275474"},"modified":"2026-08-28T01:28:22","modified_gmt":"2026-08-27T23:28:22","slug":"susa-uzela-danak-prinosi-kukuruza-pod-znakom-pitanja-video","status":"publish","type":"post","link":"https:\/\/www.prijedordanas.com\/?p=275474","title":{"rendered":"Su\u0161a uzela danak, prinosi kukuruza pod znakom pitanja &#8211; VIDEO"},"content":{"rendered":"<p><a href=\"https:\/\/www.prijedordanas.com\/wp-content\/uploads\/2026\/08\/kozarski-susa-kukuruz-1.jpg\"><img loading=\"lazy\" decoding=\"async\" class=\"alignleft size-medium wp-image-275475\" src=\"https:\/\/www.prijedordanas.com\/wp-content\/uploads\/2026\/08\/kozarski-susa-kukuruz-1-300x225.jpg\" alt=\"\" width=\"300\" height=\"225\" srcset=\"https:\/\/www.prijedordanas.com\/wp-content\/uploads\/2026\/08\/kozarski-susa-kukuruz-1-300x225.jpg 300w, https:\/\/www.prijedordanas.com\/wp-content\/uploads\/2026\/08\/kozarski-susa-kukuruz-1-640x480.jpg 640w, https:\/\/www.prijedordanas.com\/wp-content\/uploads\/2026\/08\/kozarski-susa-kukuruz-1.jpg 667w\" sizes=\"(max-width: 300px) 100vw, 300px\" \/><\/a>Su\u0161a je ove godine te\u0161ko pogodila poljoprivrednu proizvodnju \u0161irom Republike Srpske i Bosne i Hercegovine, pa tako i na podru\u010dju Prijedora, a najte\u017ee posljedice ostavila je na usjevima kukuruza.<\/p>\n<p>Dugotrajni period bez padavina i ekstremno visoke temperature negativno su uticali i na suncokret, a posebno na soju, dok je \u017eetva strnih \u017eita, koja je obavljena ranije, pro\u0161la bez ve\u0107ih \u0161teta.<\/p>\n<p>Prema procjenama poljoprivrednika i stru\u010dnjaka, kona\u010dni prinosi kukuruza mogli bi biti zna\u010dajno smanjeni.<\/p>\n<p>Ipak, kona\u010dna procjena \u0161tete bi\u0107e mogu\u0107a tek nakon zavr\u0161etka vegetacijske sezone i berbe.<\/p>\n<p>Sini\u0161a Slijepac, vi\u0161i stru\u010dni saradnik za vo\u0107arstvo i vinogradarstvo u Resoru za pru\u017eanje stru\u010dnih usluga u poljoprivredi, Ministarstva poljoprivrede, \u0161umarstva i vodoprivrede RS isti\u010de da je stanje na parcelama koje imaju sistem za navodnjavanje znatno bolje.<\/p>\n<p><a href=\"https:\/\/www.prijedordanas.com\/wp-content\/uploads\/2026\/08\/kozarski-susa-sinisa-slijepac.jpg\"><img loading=\"lazy\" decoding=\"async\" class=\"alignleft size-medium wp-image-275476\" src=\"https:\/\/www.prijedordanas.com\/wp-content\/uploads\/2026\/08\/kozarski-susa-sinisa-slijepac-300x169.jpg\" alt=\"\" width=\"300\" height=\"169\" srcset=\"https:\/\/www.prijedordanas.com\/wp-content\/uploads\/2026\/08\/kozarski-susa-sinisa-slijepac-300x169.jpg 300w, https:\/\/www.prijedordanas.com\/wp-content\/uploads\/2026\/08\/kozarski-susa-sinisa-slijepac.jpg 600w\" sizes=\"(max-width: 300px) 100vw, 300px\" \/><\/a>\u201eKukuruz uglavnom u \u017eitnicama, odnosno u Lijev\u010de Polju, Posavini i Semberiji, onaj kukuruz koji je navodnjavan jo\u0161 uvijek se dobro dr\u017ei. Nema neke velike \u0161tete od su\u0161e i tu \u0107e prinosi biti zadovoljavaju\u0107i. Tamo gdje nema navodnjavanja, kao obavezne mjere koja je ve\u0107 nekoliko prethodnih godina neophodna, evo vidimo da bez navodnjavanja nema smisla raditi i baviti se proizvodnjom\u201c, ka\u017ee Slijepac.<\/p>\n<p>Dodaje da \u0107e se pravi razmjeri \u0161tete znati tek do kraja sezone.<\/p>\n<p>\u201eDo kraja sezone kako \u0107e to izgledati, to \u0107emo tek da vidimo, ali evidentno je da \u0161tete ima. Sada koliko je, jako je te\u0161ko govoriti o tome i mnogo je nezahvalno\u201c, navodi Slijepac.<\/p>\n<p><a href=\"https:\/\/www.prijedordanas.com\/wp-content\/uploads\/2026\/08\/kozarski-susa-voce.jpg\"><img loading=\"lazy\" decoding=\"async\" class=\"alignleft size-medium wp-image-275477\" src=\"https:\/\/www.prijedordanas.com\/wp-content\/uploads\/2026\/08\/kozarski-susa-voce-300x225.jpg\" alt=\"\" width=\"300\" height=\"225\" srcset=\"https:\/\/www.prijedordanas.com\/wp-content\/uploads\/2026\/08\/kozarski-susa-voce-300x225.jpg 300w, https:\/\/www.prijedordanas.com\/wp-content\/uploads\/2026\/08\/kozarski-susa-voce-640x480.jpg 640w, https:\/\/www.prijedordanas.com\/wp-content\/uploads\/2026\/08\/kozarski-susa-voce.jpg 667w\" sizes=\"(max-width: 300px) 100vw, 300px\" \/><\/a>Su\u0161a ostavila posljedice i u vo\u0107njacima<\/p>\n<p>Posljedice dugotrajnog nedostatka padavina vidljive su i u vo\u0107njacima.<\/p>\n<p>Iako je prolje\u0107e ukazivalo na dobar potencijal za rod, su\u0161ni period koji traje od sredine juna dodatno je opteretio vo\u0107ne kulture.<\/p>\n<p>Boris Stankovi\u0107, vi\u0161i stru\u010dni saradnik za vo\u0107arstvo i vinogradarstvo u Resoru za pru\u017eanje stru\u010dnih usluga u poljoprivredi, Ministarstva poljoprivrede, \u0161umarstva i vodoprivrede RS obja\u0161njava da biljke na nedostatak vode reaguju smanjenjem fiziolo\u0161kih procesa, \u0161to se direktno odra\u017eava na plodove.<\/p>\n<p>\u201eBiljka reaguje na stres na sebi svojstven na\u010din. Ona usljed nedostatka vode u zemlji\u0161tu zatvara stome, smanjuje transpiraciju, smanjuje fotosintezu na u\u0161trb plodova, a da bi se odr\u017eala u vitalnosti\u201c, obja\u0161njava Stankovi\u0107.<\/p>\n<p><a href=\"https:\/\/www.prijedordanas.com\/wp-content\/uploads\/2026\/08\/kozarski-susa-boris-stankovic.jpg\"><img loading=\"lazy\" decoding=\"async\" class=\"alignleft size-medium wp-image-275478\" src=\"https:\/\/www.prijedordanas.com\/wp-content\/uploads\/2026\/08\/kozarski-susa-boris-stankovic-300x169.jpg\" alt=\"\" width=\"300\" height=\"169\" srcset=\"https:\/\/www.prijedordanas.com\/wp-content\/uploads\/2026\/08\/kozarski-susa-boris-stankovic-300x169.jpg 300w, https:\/\/www.prijedordanas.com\/wp-content\/uploads\/2026\/08\/kozarski-susa-boris-stankovic.jpg 600w\" sizes=\"(max-width: 300px) 100vw, 300px\" \/><\/a>Prema njegovim rije\u010dima, bez sistema za navodnjavanje sve je te\u017ee baviti se intenzivnom vo\u0107arskom proizvodnjom, posebno imaju\u0107i u vidu klimatske promjene koje su sve izra\u017eenije posljednjih godina.<\/p>\n<p>\u201eBez navodnjavanja te\u0161ko je raditi intenzivnu proizvodnju vo\u0107a, s obzirom na ove klimatske promjene koje se de\u0161avaju unazad deset, petnaest godina i evidentne su \u0161tete\u201c, ka\u017ee Stankovi\u0107.<\/p>\n<p>Kao jednu od mjera za\u0161tite vo\u0107njaka preporu\u010duje i postavljanje protivgradnih mre\u017ea, koje, osim za\u0161tite od grada, mogu imati i dodatnu ulogu u za\u0161titi biljaka od visokih temperatura.<\/p>\n<p>\u201ePored navodnjavanja preporu\u010duje se i protivgradna mre\u017ea, koja osim \u0161to slu\u017ei za za\u0161titu od grada ima funkciju da u odre\u0111enoj mjeri zasjeni vo\u0107njak, snizi temperaturu dva do tri stepena, sprije\u010di isparavanje, a u nekoj mjeri i sprije\u010di pojavu o\u017eegotina na plodu\u201c, navodi Stankovi\u0107.<\/p>\n<p><a href=\"https:\/\/www.prijedordanas.com\/wp-content\/uploads\/2026\/08\/kozarski-susa-kukuruz-2.jpg\"><img loading=\"lazy\" decoding=\"async\" src=\"https:\/\/www.prijedordanas.com\/wp-content\/uploads\/2026\/08\/kozarski-susa-kukuruz-2-300x225.jpg\" alt=\"\" width=\"300\" height=\"225\" class=\"alignleft size-medium wp-image-275479\" srcset=\"https:\/\/www.prijedordanas.com\/wp-content\/uploads\/2026\/08\/kozarski-susa-kukuruz-2-300x225.jpg 300w, https:\/\/www.prijedordanas.com\/wp-content\/uploads\/2026\/08\/kozarski-susa-kukuruz-2-640x480.jpg 640w, https:\/\/www.prijedordanas.com\/wp-content\/uploads\/2026\/08\/kozarski-susa-kukuruz-2.jpg 667w\" sizes=\"(max-width: 300px) 100vw, 300px\" \/><\/a>Smanjeni prinosi ne predstavljaju problem samo za ratare i vo\u0107are. Proizvo\u0111a\u010di strahuju da bi manja proizvodnja kukuruza i drugih kultura mogla dovesti do rasta cijena sto\u010dne hrane, \u0161to bi dodatno pove\u0107alo tro\u0161kove sto\u010darske proizvodnje.<\/p>\n<p>Agronomi upozoravaju da visoke temperature, dugi periodi bez padavina i sve neravnomjerniji raspored padavina ozbiljno mijenjaju uslove u kojima se odvija poljoprivredna proizvodnja.<\/p>\n<p>Kukuruz je posebno osjetljiv na nedostatak vode u klju\u010dnim fazama razvoja, zbog \u010dega stru\u010dnjaci sve vi\u0161e ukazuju na potrebu za navodnjavanjem, ali i za prilago\u0111avanjem proizvodnje novim klimatskim uslovima.<\/p>\n<p>Ovogodi\u0161nja su\u0161a jo\u0161 jednom je pokazala koliko poljoprivredna proizvodnja zavisi od vremenskih prilika, ali i koliko \u0107e ulaganje u sisteme za navodnjavanje i druge mjere za\u0161tite u budu\u0107nosti biti va\u017eno za o\u010duvanje prinosa i stabilnost proizvodnje.<\/p>\n<p><a href=\"https:\/\/kozarski.com\/susa-uzela-danak-prinosi-kukuruza-pod-znakom-pitanja\/\" target=\"_blank\" rel=\"noopener\">kozarski.com<\/a><\/p>\n<p><iframe loading=\"lazy\" title=\"SU\u0160A UZELA DANAK: PRINOSI KUKURUZA POD ZNAKOM PITANJA\" width=\"500\" height=\"281\" src=\"https:\/\/www.youtube.com\/embed\/huLQPkwHf_o?feature=oembed\" frameborder=\"0\" allow=\"accelerometer; autoplay; clipboard-write; encrypted-media; gyroscope; picture-in-picture; web-share\" referrerpolicy=\"strict-origin-when-cross-origin\" allowfullscreen><\/iframe><\/p>\n","protected":false},"excerpt":{"rendered":"<p>Su\u0161a je ove godine te\u0161ko pogodila poljoprivrednu proizvodnju \u0161irom Republike Srpske i Bosne i Hercegovine, pa tako i na podru\u010dju Prijedora, a najte\u017ee posljedice ostavila je na usjevima kukuruza. Dugotrajni [&hellip;]<\/p>\n","protected":false},"author":1,"featured_media":0,"comment_status":"closed","ping_status":"open","sticky":false,"template":"","format":"standard","meta":{"_monsterinsights_skip_tracking":false,"_monsterinsights_sitenote_active":false,"_monsterinsights_sitenote_note":"","_monsterinsights_sitenote_category":0,"footnotes":""},"categories":[3],"tags":[],"yoast_head":"<!-- This site is optimized with the Yoast SEO plugin v21.6 - https:\/\/yoast.com\/wordpress\/plugins\/seo\/ -->\n<title>Su\u0161a uzela danak, prinosi kukuruza pod znakom pitanja - VIDEO - PrijedorDanas.com - Prijedorski gradski portal<\/title>\n<meta name=\"robots\" content=\"index, follow, max-snippet:-1, max-image-preview:large, max-video-preview:-1\" \/>\n<link rel=\"canonical\" href=\"https:\/\/www.prijedordanas.com\/?p=275474\" \/>\n<meta property=\"og:locale\" content=\"en_US\" \/>\n<meta property=\"og:type\" content=\"article\" \/>\n<meta property=\"og:title\" content=\"Su\u0161a uzela danak, prinosi kukuruza pod znakom pitanja - VIDEO - PrijedorDanas.com - Prijedorski gradski portal\" \/>\n<meta property=\"og:description\" content=\"Su\u0161a je ove godine te\u0161ko pogodila poljoprivrednu proizvodnju \u0161irom Republike Srpske i Bosne i Hercegovine, pa tako i na podru\u010dju Prijedora, a najte\u017ee posljedice ostavila je na usjevima kukuruza. Dugotrajni [&hellip;]\" \/>\n<meta property=\"og:url\" content=\"https:\/\/www.prijedordanas.com\/?p=275474\" \/>\n<meta property=\"og:site_name\" content=\"PrijedorDanas.com - Prijedorski gradski portal\" \/>\n<meta property=\"article:publisher\" content=\"https:\/\/www.facebook.com\/PrijedorDanasCom\/\" \/>\n<meta property=\"article:published_time\" content=\"2026-08-27T23:28:22+00:00\" \/>\n<meta property=\"og:image\" content=\"https:\/\/www.prijedordanas.com\/wp-content\/uploads\/2026\/08\/kozarski-susa-kukuruz-1-300x225.jpg\" \/>\n<meta name=\"author\" content=\"admin\" \/>\n<meta name=\"twitter:card\" content=\"summary_large_image\" \/>\n<meta name=\"twitter:label1\" content=\"Written by\" \/>\n\t<meta name=\"twitter:data1\" content=\"admin\" \/>\n\t<meta name=\"twitter:label2\" content=\"Est. reading time\" \/>\n\t<meta name=\"twitter:data2\" content=\"4 minutes\" \/>\n<script type=\"application\/ld+json\" class=\"yoast-schema-graph\">{\"@context\":\"https:\/\/schema.org\",\"@graph\":[{\"@type\":\"Article\",\"@id\":\"https:\/\/www.prijedordanas.com\/?p=275474#article\",\"isPartOf\":{\"@id\":\"https:\/\/www.prijedordanas.com\/?p=275474\"},\"author\":{\"name\":\"admin\",\"@id\":\"https:\/\/www.prijedordanas.com\/#\/schema\/person\/4e08ccf29b506ca916ff86d46bb700e6\"},\"headline\":\"Su\u0161a uzela danak, prinosi kukuruza pod znakom pitanja &#8211; VIDEO\",\"datePublished\":\"2026-08-27T23:28:22+00:00\",\"dateModified\":\"2026-08-27T23:28:22+00:00\",\"mainEntityOfPage\":{\"@id\":\"https:\/\/www.prijedordanas.com\/?p=275474\"},\"wordCount\":688,\"publisher\":{\"@id\":\"https:\/\/www.prijedordanas.com\/#organization\"},\"articleSection\":[\"\u017divot\"],\"inLanguage\":\"en-US\"},{\"@type\":\"WebPage\",\"@id\":\"https:\/\/www.prijedordanas.com\/?p=275474\",\"url\":\"https:\/\/www.prijedordanas.com\/?p=275474\",\"name\":\"Su\u0161a uzela danak, prinosi kukuruza pod znakom pitanja - VIDEO - PrijedorDanas.com - Prijedorski gradski portal\",\"isPartOf\":{\"@id\":\"https:\/\/www.prijedordanas.com\/#website\"},\"datePublished\":\"2026-08-27T23:28:22+00:00\",\"dateModified\":\"2026-08-27T23:28:22+00:00\",\"breadcrumb\":{\"@id\":\"https:\/\/www.prijedordanas.com\/?p=275474#breadcrumb\"},\"inLanguage\":\"en-US\",\"potentialAction\":[{\"@type\":\"ReadAction\",\"target\":[\"https:\/\/www.prijedordanas.com\/?p=275474\"]}]},{\"@type\":\"BreadcrumbList\",\"@id\":\"https:\/\/www.prijedordanas.com\/?p=275474#breadcrumb\",\"itemListElement\":[{\"@type\":\"ListItem\",\"position\":1,\"name\":\"Home\",\"item\":\"https:\/\/www.prijedordanas.com\/\"},{\"@type\":\"ListItem\",\"position\":2,\"name\":\"Su\u0161a uzela danak, prinosi kukuruza pod znakom pitanja &#8211; VIDEO\"}]},{\"@type\":\"WebSite\",\"@id\":\"https:\/\/www.prijedordanas.com\/#website\",\"url\":\"https:\/\/www.prijedordanas.com\/\",\"name\":\"PrijedorDanas.com - Prijedorski gradski portal\",\"description\":\"Portal o doga\u0111anjima u gradu Prijedoru\",\"publisher\":{\"@id\":\"https:\/\/www.prijedordanas.com\/#organization\"},\"potentialAction\":[{\"@type\":\"SearchAction\",\"target\":{\"@type\":\"EntryPoint\",\"urlTemplate\":\"https:\/\/www.prijedordanas.com\/?s={search_term_string}\"},\"query-input\":\"required name=search_term_string\"}],\"inLanguage\":\"en-US\"},{\"@type\":\"Organization\",\"@id\":\"https:\/\/www.prijedordanas.com\/#organization\",\"name\":\"PrijedorDanas.com\",\"url\":\"https:\/\/www.prijedordanas.com\/\",\"logo\":{\"@type\":\"ImageObject\",\"inLanguage\":\"en-US\",\"@id\":\"https:\/\/www.prijedordanas.com\/#\/schema\/logo\/image\/\",\"url\":\"http:\/\/www.prijedordanas.com\/wp-content\/uploads\/2021\/12\/logopng.png\",\"contentUrl\":\"http:\/\/www.prijedordanas.com\/wp-content\/uploads\/2021\/12\/logopng.png\",\"width\":1019,\"height\":776,\"caption\":\"PrijedorDanas.com\"},\"image\":{\"@id\":\"https:\/\/www.prijedordanas.com\/#\/schema\/logo\/image\/\"},\"sameAs\":[\"https:\/\/www.facebook.com\/PrijedorDanasCom\/\"]},{\"@type\":\"Person\",\"@id\":\"https:\/\/www.prijedordanas.com\/#\/schema\/person\/4e08ccf29b506ca916ff86d46bb700e6\",\"name\":\"admin\",\"image\":{\"@type\":\"ImageObject\",\"inLanguage\":\"en-US\",\"@id\":\"https:\/\/www.prijedordanas.com\/#\/schema\/person\/image\/\",\"url\":\"https:\/\/secure.gravatar.com\/avatar\/1d3fc949d550f0b53a5f0d51e06dfd79?s=96&d=mm&r=g\",\"contentUrl\":\"https:\/\/secure.gravatar.com\/avatar\/1d3fc949d550f0b53a5f0d51e06dfd79?s=96&d=mm&r=g\",\"caption\":\"admin\"},\"url\":\"https:\/\/www.prijedordanas.com\/?author=1\"}]}<\/script>\n<!-- \/ Yoast SEO plugin. -->","yoast_head_json":{"title":"Su\u0161a uzela danak, prinosi kukuruza pod znakom pitanja - VIDEO - PrijedorDanas.com - Prijedorski gradski portal","robots":{"index":"index","follow":"follow","max-snippet":"max-snippet:-1","max-image-preview":"max-image-preview:large","max-video-preview":"max-video-preview:-1"},"canonical":"https:\/\/www.prijedordanas.com\/?p=275474","og_locale":"en_US","og_type":"article","og_title":"Su\u0161a uzela danak, prinosi kukuruza pod znakom pitanja - VIDEO - PrijedorDanas.com - Prijedorski gradski portal","og_description":"Su\u0161a je ove godine te\u0161ko pogodila poljoprivrednu proizvodnju \u0161irom Republike Srpske i Bosne i Hercegovine, pa tako i na podru\u010dju Prijedora, a najte\u017ee posljedice ostavila je na usjevima kukuruza. Dugotrajni [&hellip;]","og_url":"https:\/\/www.prijedordanas.com\/?p=275474","og_site_name":"PrijedorDanas.com - Prijedorski gradski portal","article_publisher":"https:\/\/www.facebook.com\/PrijedorDanasCom\/","article_published_time":"2026-08-27T23:28:22+00:00","og_image":[{"url":"https:\/\/www.prijedordanas.com\/wp-content\/uploads\/2026\/08\/kozarski-susa-kukuruz-1-300x225.jpg"}],"author":"admin","twitter_card":"summary_large_image","twitter_misc":{"Written by":"admin","Est. reading time":"4 minutes"},"schema":{"@context":"https:\/\/schema.org","@graph":[{"@type":"Article","@id":"https:\/\/www.prijedordanas.com\/?p=275474#article","isPartOf":{"@id":"https:\/\/www.prijedordanas.com\/?p=275474"},"author":{"name":"admin","@id":"https:\/\/www.prijedordanas.com\/#\/schema\/person\/4e08ccf29b506ca916ff86d46bb700e6"},"headline":"Su\u0161a uzela danak, prinosi kukuruza pod znakom pitanja &#8211; VIDEO","datePublished":"2026-08-27T23:28:22+00:00","dateModified":"2026-08-27T23:28:22+00:00","mainEntityOfPage":{"@id":"https:\/\/www.prijedordanas.com\/?p=275474"},"wordCount":688,"publisher":{"@id":"https:\/\/www.prijedordanas.com\/#organization"},"articleSection":["\u017divot"],"inLanguage":"en-US"},{"@type":"WebPage","@id":"https:\/\/www.prijedordanas.com\/?p=275474","url":"https:\/\/www.prijedordanas.com\/?p=275474","name":"Su\u0161a uzela danak, prinosi kukuruza pod znakom pitanja - VIDEO - PrijedorDanas.com - Prijedorski gradski portal","isPartOf":{"@id":"https:\/\/www.prijedordanas.com\/#website"},"datePublished":"2026-08-27T23:28:22+00:00","dateModified":"2026-08-27T23:28:22+00:00","breadcrumb":{"@id":"https:\/\/www.prijedordanas.com\/?p=275474#breadcrumb"},"inLanguage":"en-US","potentialAction":[{"@type":"ReadAction","target":["https:\/\/www.prijedordanas.com\/?p=275474"]}]},{"@type":"BreadcrumbList","@id":"https:\/\/www.prijedordanas.com\/?p=275474#breadcrumb","itemListElement":[{"@type":"ListItem","position":1,"name":"Home","item":"https:\/\/www.prijedordanas.com\/"},{"@type":"ListItem","position":2,"name":"Su\u0161a uzela danak, prinosi kukuruza pod znakom pitanja &#8211; VIDEO"}]},{"@type":"WebSite","@id":"https:\/\/www.prijedordanas.com\/#website","url":"https:\/\/www.prijedordanas.com\/","name":"PrijedorDanas.com - Prijedorski gradski portal","description":"Portal o doga\u0111anjima u gradu Prijedoru","publisher":{"@id":"https:\/\/www.prijedordanas.com\/#organization"},"potentialAction":[{"@type":"SearchAction","target":{"@type":"EntryPoint","urlTemplate":"https:\/\/www.prijedordanas.com\/?s={search_term_string}"},"query-input":"required name=search_term_string"}],"inLanguage":"en-US"},{"@type":"Organization","@id":"https:\/\/www.prijedordanas.com\/#organization","name":"PrijedorDanas.com","url":"https:\/\/www.prijedordanas.com\/","logo":{"@type":"ImageObject","inLanguage":"en-US","@id":"https:\/\/www.prijedordanas.com\/#\/schema\/logo\/image\/","url":"http:\/\/www.prijedordanas.com\/wp-content\/uploads\/2021\/12\/logopng.png","contentUrl":"http:\/\/www.prijedordanas.com\/wp-content\/uploads\/2021\/12\/logopng.png","width":1019,"height":776,"caption":"PrijedorDanas.com"},"image":{"@id":"https:\/\/www.prijedordanas.com\/#\/schema\/logo\/image\/"},"sameAs":["https:\/\/www.facebook.com\/PrijedorDanasCom\/"]},{"@type":"Person","@id":"https:\/\/www.prijedordanas.com\/#\/schema\/person\/4e08ccf29b506ca916ff86d46bb700e6","name":"admin","image":{"@type":"ImageObject","inLanguage":"en-US","@id":"https:\/\/www.prijedordanas.com\/#\/schema\/person\/image\/","url":"https:\/\/secure.gravatar.com\/avatar\/1d3fc949d550f0b53a5f0d51e06dfd79?s=96&d=mm&r=g","contentUrl":"https:\/\/secure.gravatar.com\/avatar\/1d3fc949d550f0b53a5f0d51e06dfd79?s=96&d=mm&r=g","caption":"admin"},"url":"https:\/\/www.prijedordanas.com\/?author=1"}]}},"_links":{"self":[{"href":"https:\/\/www.prijedordanas.com\/index.php?rest_route=\/wp\/v2\/posts\/275474"}],"collection":[{"href":"https:\/\/www.prijedordanas.com\/index.php?rest_route=\/wp\/v2\/posts"}],"about":[{"href":"https:\/\/www.prijedordanas.com\/index.php?rest_route=\/wp\/v2\/types\/post"}],"author":[{"embeddable":true,"href":"https:\/\/www.prijedordanas.com\/index.php?rest_route=\/wp\/v2\/users\/1"}],"replies":[{"embeddable":true,"href":"https:\/\/www.prijedordanas.com\/index.php?rest_route=%2Fwp%2Fv2%2Fcomments&post=275474"}],"version-history":[{"count":1,"href":"https:\/\/www.prijedordanas.com\/index.php?rest_route=\/wp\/v2\/posts\/275474\/revisions"}],"predecessor-version":[{"id":275480,"href":"https:\/\/www.prijedordanas.com\/index.php?rest_route=\/wp\/v2\/posts\/275474\/revisions\/275480"}],"wp:attachment":[{"href":"https:\/\/www.prijedordanas.com\/index.php?rest_route=%2Fwp%2Fv2%2Fmedia&parent=275474"}],"wp:term":[{"taxonomy":"category","embeddable":true,"href":"https:\/\/www.prijedordanas.com\/index.php?rest_route=%2Fwp%2Fv2%2Fcategories&post=275474"},{"taxonomy":"post_tag","embeddable":true,"href":"https:\/\/www.prijedordanas.com\/index.php?rest_route=%2Fwp%2Fv2%2Ftags&post=275474"}],"curies":[{"name":"wp","href":"https:\/\/api.w.org\/{rel}","templated":true}]}}