{"id":275446,"date":"2026-08-27T22:34:25","date_gmt":"2026-08-27T20:34:25","guid":{"rendered":"https:\/\/www.prijedordanas.com\/?p=275446"},"modified":"2026-08-27T22:34:25","modified_gmt":"2026-08-27T20:34:25","slug":"ribnjak-sanicani-u-stecaju-skupstina-povjerilaca-o-planu-reorganizacije-1-oktobra","status":"publish","type":"post","link":"https:\/\/www.prijedordanas.com\/?p=275446","title":{"rendered":"Ribnjak &#8220;Sani\u010dani&#8221; u ste\u010daju: Skup\u0161tina povjerilaca o planu reorganizacije 1. oktobra"},"content":{"rendered":"<p><a href=\"https:\/\/www.prijedordanas.com\/wp-content\/uploads\/2023\/04\/ribnjak-sanicani-april2023-2.jpg\"><img loading=\"lazy\" decoding=\"async\" src=\"https:\/\/www.prijedordanas.com\/wp-content\/uploads\/2023\/04\/ribnjak-sanicani-april2023-2-300x225.jpg\" alt=\"\" width=\"300\" height=\"225\" class=\"alignleft size-medium wp-image-203666\" srcset=\"https:\/\/www.prijedordanas.com\/wp-content\/uploads\/2023\/04\/ribnjak-sanicani-april2023-2-300x225.jpg 300w, https:\/\/www.prijedordanas.com\/wp-content\/uploads\/2023\/04\/ribnjak-sanicani-april2023-2-640x480.jpg 640w, https:\/\/www.prijedordanas.com\/wp-content\/uploads\/2023\/04\/ribnjak-sanicani-april2023-2.jpg 667w\" sizes=\"(max-width: 300px) 100vw, 300px\" \/><\/a>Skup\u0161tina povjerilaca ribnjaka \u201eSani\u010dani\u201c u ste\u010daju razmatrac\u0301e 1. oktobra plan reorganizacije ovog preduzec\u0301a, objavio je Okru\u017eni privredni sud Prijedor. <\/p>\n<p>\u201eOdmah po glasanju o planu reorganizacije na istom ro\u010di\u0161tu sud \u0107e saslu\u0161ati ste\u010dajnog upravnika, odbor povjerilaca i zakonskog zastupnika ste\u010dajnog du\u017enika o rezultatima glasanja i uslovima za potvr\u0111ivanje plana reorganizacije\u201c, naveo je sud. <\/p>\n<p>Plan reorganizacije sa\u010dinio je ste\u010dajni upravnik Vojo Pavi\u010dic\u0301, prihvatio odbor povjerilaca, a grad Prijedor zapo\u010deo procedure za osnivanje novog preduzec\u0301a koje je bi trebalo da izmiri sve povjerioce, \u010dime bi bili stvoreni uslovi za zatvaranje ste\u010daja, te da nastavi djelatnost ribnjaka. <\/p>\n<p>Skup\u0161tina grada Prijedora donijela je u maju odluku o osnivanju preduzec\u0301a \u201eNovi Sani\u010dani\u201c, u julu ju je izmijenila, po\u010detkom avgusta poni\u0161tila je te odluke i donijela odluku o osnivanju preduzec\u0301a \u201eHidrosistem Sani\u010dani\u201c, a za narednu sjednicu, zakazanu za 2. septembra, najavila izmjenu te odluke. <\/p>\n<p>Vlada Republike Srpske u julu je gradu dozna\u010dila 3.827.000 KM namijenjenih novom preduzec\u0301u kada bude osnovano da se podmire povjerioci i tro\u0161kovi ste\u010daja. <\/p>\n<p>Okru\u017eni privredni sud u Prijedoru prethodno je za 29. septembra zakazao skup\u0161tinu povjerilaca na kojoj c\u0301e se odlu\u010divati o investicionoj ponudi biv\u0161eg vec\u0301inskog vlasnika Radojice Ratkovca.<\/p>\n<p>Ste\u010daj u ribnjaku Sani\u010dani otvoren je po\u010detkom 2021. godine.<\/p>\n<p>Tekst \u2013 Katarina Pani\u0107 &#8211; <a href=\"https:\/\/www.prijedordanas.com\" target=\"_blank\" rel=\"noopener noreferrer\">www.prijedordanas.com<\/a><br \/>\nFoto &#8211; ilustracija <\/p>\n","protected":false},"excerpt":{"rendered":"<p>Skup\u0161tina povjerilaca ribnjaka \u201eSani\u010dani\u201c u ste\u010daju razmatrac\u0301e 1. oktobra plan reorganizacije ovog preduzec\u0301a, objavio je Okru\u017eni privredni sud Prijedor. \u201eOdmah po glasanju o planu reorganizacije na istom ro\u010di\u0161tu sud \u0107e [&hellip;]<\/p>\n","protected":false},"author":1,"featured_media":0,"comment_status":"closed","ping_status":"open","sticky":false,"template":"","format":"standard","meta":{"_monsterinsights_skip_tracking":false,"_monsterinsights_sitenote_active":false,"_monsterinsights_sitenote_note":"","_monsterinsights_sitenote_category":0,"footnotes":""},"categories":[4],"tags":[],"yoast_head":"<!-- This site is optimized with the Yoast SEO plugin v21.6 - https:\/\/yoast.com\/wordpress\/plugins\/seo\/ -->\n<title>Ribnjak &quot;Sani\u010dani&quot; u ste\u010daju: Skup\u0161tina povjerilaca o planu reorganizacije 1. oktobra - PrijedorDanas.com - Prijedorski gradski portal<\/title>\n<meta name=\"robots\" content=\"index, follow, max-snippet:-1, max-image-preview:large, max-video-preview:-1\" \/>\n<link rel=\"canonical\" href=\"https:\/\/www.prijedordanas.com\/?p=275446\" \/>\n<meta property=\"og:locale\" content=\"en_US\" \/>\n<meta property=\"og:type\" content=\"article\" \/>\n<meta property=\"og:title\" content=\"Ribnjak &quot;Sani\u010dani&quot; u ste\u010daju: Skup\u0161tina povjerilaca o planu reorganizacije 1. oktobra - PrijedorDanas.com - Prijedorski gradski portal\" \/>\n<meta property=\"og:description\" content=\"Skup\u0161tina povjerilaca ribnjaka \u201eSani\u010dani\u201c u ste\u010daju razmatrac\u0301e 1. oktobra plan reorganizacije ovog preduzec\u0301a, objavio je Okru\u017eni privredni sud Prijedor. \u201eOdmah po glasanju o planu reorganizacije na istom ro\u010di\u0161tu sud \u0107e [&hellip;]\" \/>\n<meta property=\"og:url\" content=\"https:\/\/www.prijedordanas.com\/?p=275446\" \/>\n<meta property=\"og:site_name\" content=\"PrijedorDanas.com - Prijedorski gradski portal\" \/>\n<meta property=\"article:publisher\" content=\"https:\/\/www.facebook.com\/PrijedorDanasCom\/\" \/>\n<meta property=\"article:published_time\" content=\"2026-08-27T20:34:25+00:00\" \/>\n<meta property=\"og:image\" content=\"https:\/\/www.prijedordanas.com\/wp-content\/uploads\/2023\/04\/ribnjak-sanicani-april2023-2-300x225.jpg\" \/>\n<meta name=\"author\" content=\"admin\" \/>\n<meta name=\"twitter:card\" content=\"summary_large_image\" \/>\n<meta name=\"twitter:label1\" content=\"Written by\" \/>\n\t<meta name=\"twitter:data1\" content=\"admin\" \/>\n<script type=\"application\/ld+json\" class=\"yoast-schema-graph\">{\"@context\":\"https:\/\/schema.org\",\"@graph\":[{\"@type\":\"Article\",\"@id\":\"https:\/\/www.prijedordanas.com\/?p=275446#article\",\"isPartOf\":{\"@id\":\"https:\/\/www.prijedordanas.com\/?p=275446\"},\"author\":{\"name\":\"admin\",\"@id\":\"https:\/\/www.prijedordanas.com\/#\/schema\/person\/4e08ccf29b506ca916ff86d46bb700e6\"},\"headline\":\"Ribnjak &#8220;Sani\u010dani&#8221; u ste\u010daju: Skup\u0161tina povjerilaca o planu reorganizacije 1. oktobra\",\"datePublished\":\"2026-08-27T20:34:25+00:00\",\"dateModified\":\"2026-08-27T20:34:25+00:00\",\"mainEntityOfPage\":{\"@id\":\"https:\/\/www.prijedordanas.com\/?p=275446\"},\"wordCount\":252,\"publisher\":{\"@id\":\"https:\/\/www.prijedordanas.com\/#organization\"},\"articleSection\":[\"Dru\u0161tvo\"],\"inLanguage\":\"en-US\"},{\"@type\":\"WebPage\",\"@id\":\"https:\/\/www.prijedordanas.com\/?p=275446\",\"url\":\"https:\/\/www.prijedordanas.com\/?p=275446\",\"name\":\"Ribnjak \\\"Sani\u010dani\\\" u ste\u010daju: Skup\u0161tina povjerilaca o planu reorganizacije 1. oktobra - PrijedorDanas.com - Prijedorski gradski portal\",\"isPartOf\":{\"@id\":\"https:\/\/www.prijedordanas.com\/#website\"},\"datePublished\":\"2026-08-27T20:34:25+00:00\",\"dateModified\":\"2026-08-27T20:34:25+00:00\",\"breadcrumb\":{\"@id\":\"https:\/\/www.prijedordanas.com\/?p=275446#breadcrumb\"},\"inLanguage\":\"en-US\",\"potentialAction\":[{\"@type\":\"ReadAction\",\"target\":[\"https:\/\/www.prijedordanas.com\/?p=275446\"]}]},{\"@type\":\"BreadcrumbList\",\"@id\":\"https:\/\/www.prijedordanas.com\/?p=275446#breadcrumb\",\"itemListElement\":[{\"@type\":\"ListItem\",\"position\":1,\"name\":\"Home\",\"item\":\"https:\/\/www.prijedordanas.com\/\"},{\"@type\":\"ListItem\",\"position\":2,\"name\":\"Ribnjak &#8220;Sani\u010dani&#8221; u ste\u010daju: Skup\u0161tina povjerilaca o planu reorganizacije 1. oktobra\"}]},{\"@type\":\"WebSite\",\"@id\":\"https:\/\/www.prijedordanas.com\/#website\",\"url\":\"https:\/\/www.prijedordanas.com\/\",\"name\":\"PrijedorDanas.com - Prijedorski gradski portal\",\"description\":\"Portal o doga\u0111anjima u gradu Prijedoru\",\"publisher\":{\"@id\":\"https:\/\/www.prijedordanas.com\/#organization\"},\"potentialAction\":[{\"@type\":\"SearchAction\",\"target\":{\"@type\":\"EntryPoint\",\"urlTemplate\":\"https:\/\/www.prijedordanas.com\/?s={search_term_string}\"},\"query-input\":\"required name=search_term_string\"}],\"inLanguage\":\"en-US\"},{\"@type\":\"Organization\",\"@id\":\"https:\/\/www.prijedordanas.com\/#organization\",\"name\":\"PrijedorDanas.com\",\"url\":\"https:\/\/www.prijedordanas.com\/\",\"logo\":{\"@type\":\"ImageObject\",\"inLanguage\":\"en-US\",\"@id\":\"https:\/\/www.prijedordanas.com\/#\/schema\/logo\/image\/\",\"url\":\"http:\/\/www.prijedordanas.com\/wp-content\/uploads\/2021\/12\/logopng.png\",\"contentUrl\":\"http:\/\/www.prijedordanas.com\/wp-content\/uploads\/2021\/12\/logopng.png\",\"width\":1019,\"height\":776,\"caption\":\"PrijedorDanas.com\"},\"image\":{\"@id\":\"https:\/\/www.prijedordanas.com\/#\/schema\/logo\/image\/\"},\"sameAs\":[\"https:\/\/www.facebook.com\/PrijedorDanasCom\/\"]},{\"@type\":\"Person\",\"@id\":\"https:\/\/www.prijedordanas.com\/#\/schema\/person\/4e08ccf29b506ca916ff86d46bb700e6\",\"name\":\"admin\",\"image\":{\"@type\":\"ImageObject\",\"inLanguage\":\"en-US\",\"@id\":\"https:\/\/www.prijedordanas.com\/#\/schema\/person\/image\/\",\"url\":\"https:\/\/secure.gravatar.com\/avatar\/1d3fc949d550f0b53a5f0d51e06dfd79?s=96&d=mm&r=g\",\"contentUrl\":\"https:\/\/secure.gravatar.com\/avatar\/1d3fc949d550f0b53a5f0d51e06dfd79?s=96&d=mm&r=g\",\"caption\":\"admin\"},\"url\":\"https:\/\/www.prijedordanas.com\/?author=1\"}]}<\/script>\n<!-- \/ Yoast SEO plugin. -->","yoast_head_json":{"title":"Ribnjak \"Sani\u010dani\" u ste\u010daju: Skup\u0161tina povjerilaca o planu reorganizacije 1. oktobra - PrijedorDanas.com - Prijedorski gradski portal","robots":{"index":"index","follow":"follow","max-snippet":"max-snippet:-1","max-image-preview":"max-image-preview:large","max-video-preview":"max-video-preview:-1"},"canonical":"https:\/\/www.prijedordanas.com\/?p=275446","og_locale":"en_US","og_type":"article","og_title":"Ribnjak \"Sani\u010dani\" u ste\u010daju: Skup\u0161tina povjerilaca o planu reorganizacije 1. oktobra - PrijedorDanas.com - Prijedorski gradski portal","og_description":"Skup\u0161tina povjerilaca ribnjaka \u201eSani\u010dani\u201c u ste\u010daju razmatrac\u0301e 1. oktobra plan reorganizacije ovog preduzec\u0301a, objavio je Okru\u017eni privredni sud Prijedor. \u201eOdmah po glasanju o planu reorganizacije na istom ro\u010di\u0161tu sud \u0107e [&hellip;]","og_url":"https:\/\/www.prijedordanas.com\/?p=275446","og_site_name":"PrijedorDanas.com - Prijedorski gradski portal","article_publisher":"https:\/\/www.facebook.com\/PrijedorDanasCom\/","article_published_time":"2026-08-27T20:34:25+00:00","og_image":[{"url":"https:\/\/www.prijedordanas.com\/wp-content\/uploads\/2023\/04\/ribnjak-sanicani-april2023-2-300x225.jpg"}],"author":"admin","twitter_card":"summary_large_image","twitter_misc":{"Written by":"admin"},"schema":{"@context":"https:\/\/schema.org","@graph":[{"@type":"Article","@id":"https:\/\/www.prijedordanas.com\/?p=275446#article","isPartOf":{"@id":"https:\/\/www.prijedordanas.com\/?p=275446"},"author":{"name":"admin","@id":"https:\/\/www.prijedordanas.com\/#\/schema\/person\/4e08ccf29b506ca916ff86d46bb700e6"},"headline":"Ribnjak &#8220;Sani\u010dani&#8221; u ste\u010daju: Skup\u0161tina povjerilaca o planu reorganizacije 1. oktobra","datePublished":"2026-08-27T20:34:25+00:00","dateModified":"2026-08-27T20:34:25+00:00","mainEntityOfPage":{"@id":"https:\/\/www.prijedordanas.com\/?p=275446"},"wordCount":252,"publisher":{"@id":"https:\/\/www.prijedordanas.com\/#organization"},"articleSection":["Dru\u0161tvo"],"inLanguage":"en-US"},{"@type":"WebPage","@id":"https:\/\/www.prijedordanas.com\/?p=275446","url":"https:\/\/www.prijedordanas.com\/?p=275446","name":"Ribnjak \"Sani\u010dani\" u ste\u010daju: Skup\u0161tina povjerilaca o planu reorganizacije 1. oktobra - PrijedorDanas.com - Prijedorski gradski portal","isPartOf":{"@id":"https:\/\/www.prijedordanas.com\/#website"},"datePublished":"2026-08-27T20:34:25+00:00","dateModified":"2026-08-27T20:34:25+00:00","breadcrumb":{"@id":"https:\/\/www.prijedordanas.com\/?p=275446#breadcrumb"},"inLanguage":"en-US","potentialAction":[{"@type":"ReadAction","target":["https:\/\/www.prijedordanas.com\/?p=275446"]}]},{"@type":"BreadcrumbList","@id":"https:\/\/www.prijedordanas.com\/?p=275446#breadcrumb","itemListElement":[{"@type":"ListItem","position":1,"name":"Home","item":"https:\/\/www.prijedordanas.com\/"},{"@type":"ListItem","position":2,"name":"Ribnjak &#8220;Sani\u010dani&#8221; u ste\u010daju: Skup\u0161tina povjerilaca o planu reorganizacije 1. oktobra"}]},{"@type":"WebSite","@id":"https:\/\/www.prijedordanas.com\/#website","url":"https:\/\/www.prijedordanas.com\/","name":"PrijedorDanas.com - Prijedorski gradski portal","description":"Portal o doga\u0111anjima u gradu Prijedoru","publisher":{"@id":"https:\/\/www.prijedordanas.com\/#organization"},"potentialAction":[{"@type":"SearchAction","target":{"@type":"EntryPoint","urlTemplate":"https:\/\/www.prijedordanas.com\/?s={search_term_string}"},"query-input":"required name=search_term_string"}],"inLanguage":"en-US"},{"@type":"Organization","@id":"https:\/\/www.prijedordanas.com\/#organization","name":"PrijedorDanas.com","url":"https:\/\/www.prijedordanas.com\/","logo":{"@type":"ImageObject","inLanguage":"en-US","@id":"https:\/\/www.prijedordanas.com\/#\/schema\/logo\/image\/","url":"http:\/\/www.prijedordanas.com\/wp-content\/uploads\/2021\/12\/logopng.png","contentUrl":"http:\/\/www.prijedordanas.com\/wp-content\/uploads\/2021\/12\/logopng.png","width":1019,"height":776,"caption":"PrijedorDanas.com"},"image":{"@id":"https:\/\/www.prijedordanas.com\/#\/schema\/logo\/image\/"},"sameAs":["https:\/\/www.facebook.com\/PrijedorDanasCom\/"]},{"@type":"Person","@id":"https:\/\/www.prijedordanas.com\/#\/schema\/person\/4e08ccf29b506ca916ff86d46bb700e6","name":"admin","image":{"@type":"ImageObject","inLanguage":"en-US","@id":"https:\/\/www.prijedordanas.com\/#\/schema\/person\/image\/","url":"https:\/\/secure.gravatar.com\/avatar\/1d3fc949d550f0b53a5f0d51e06dfd79?s=96&d=mm&r=g","contentUrl":"https:\/\/secure.gravatar.com\/avatar\/1d3fc949d550f0b53a5f0d51e06dfd79?s=96&d=mm&r=g","caption":"admin"},"url":"https:\/\/www.prijedordanas.com\/?author=1"}]}},"_links":{"self":[{"href":"https:\/\/www.prijedordanas.com\/index.php?rest_route=\/wp\/v2\/posts\/275446"}],"collection":[{"href":"https:\/\/www.prijedordanas.com\/index.php?rest_route=\/wp\/v2\/posts"}],"about":[{"href":"https:\/\/www.prijedordanas.com\/index.php?rest_route=\/wp\/v2\/types\/post"}],"author":[{"embeddable":true,"href":"https:\/\/www.prijedordanas.com\/index.php?rest_route=\/wp\/v2\/users\/1"}],"replies":[{"embeddable":true,"href":"https:\/\/www.prijedordanas.com\/index.php?rest_route=%2Fwp%2Fv2%2Fcomments&post=275446"}],"version-history":[{"count":1,"href":"https:\/\/www.prijedordanas.com\/index.php?rest_route=\/wp\/v2\/posts\/275446\/revisions"}],"predecessor-version":[{"id":275447,"href":"https:\/\/www.prijedordanas.com\/index.php?rest_route=\/wp\/v2\/posts\/275446\/revisions\/275447"}],"wp:attachment":[{"href":"https:\/\/www.prijedordanas.com\/index.php?rest_route=%2Fwp%2Fv2%2Fmedia&parent=275446"}],"wp:term":[{"taxonomy":"category","embeddable":true,"href":"https:\/\/www.prijedordanas.com\/index.php?rest_route=%2Fwp%2Fv2%2Fcategories&post=275446"},{"taxonomy":"post_tag","embeddable":true,"href":"https:\/\/www.prijedordanas.com\/index.php?rest_route=%2Fwp%2Fv2%2Ftags&post=275446"}],"curies":[{"name":"wp","href":"https:\/\/api.w.org\/{rel}","templated":true}]}}