{"id":275430,"date":"2026-08-27T18:17:03","date_gmt":"2026-08-27T16:17:03","guid":{"rendered":"https:\/\/www.prijedordanas.com\/?p=275430"},"modified":"2026-08-27T18:17:03","modified_gmt":"2026-08-27T16:17:03","slug":"rudar-prijedor-u-petak-protiv-romanije-prijedorcani-spremni-za-prvi-prvenstveni-mec-video","status":"publish","type":"post","link":"https:\/\/www.prijedordanas.com\/?p=275430","title":{"rendered":"&#8220;Rudar-Prijedor&#8221; u petak protiv &#8220;Romanije&#8221;: Prijedor\u010dani spremni za prvi prvenstveni me\u010d &#8211; VIDEO"},"content":{"rendered":"<p><a href=\"https:\/\/www.prijedordanas.com\/wp-content\/uploads\/2026\/08\/kozarski-rudarpd-najava-romanija.jpg\"><img loading=\"lazy\" decoding=\"async\" src=\"https:\/\/www.prijedordanas.com\/wp-content\/uploads\/2026\/08\/kozarski-rudarpd-najava-romanija-300x225.jpg\" alt=\"\" width=\"300\" height=\"225\" class=\"alignleft size-medium wp-image-275425\" srcset=\"https:\/\/www.prijedordanas.com\/wp-content\/uploads\/2026\/08\/kozarski-rudarpd-najava-romanija-300x225.jpg 300w, https:\/\/www.prijedordanas.com\/wp-content\/uploads\/2026\/08\/kozarski-rudarpd-najava-romanija-640x480.jpg 640w, https:\/\/www.prijedordanas.com\/wp-content\/uploads\/2026\/08\/kozarski-rudarpd-najava-romanija.jpg 667w\" sizes=\"(max-width: 300px) 100vw, 300px\" \/><\/a>Fudbaleri \u201eRudar-Prijedora\u201c sutra \u0107e na doma\u0107em terenu odigrati prvu prvenstvenu utakmicu u novoj sezoni Prve lige Republike Srpske, nakon \u0161to su zbog administrativnih problema propustili susret prvog kola.<\/p>\n<p>Protivnik \u0107e im biti ekipa FK \u201eRomanija\u201c, koja je dobro otvorila prvenstvo, a trener prijedorskog kluba Goran Kecman o\u010dekuje zanimljiv i kvalitetan susret.<\/p>\n<p>\u201e\u0160to se ti\u010de nas, momci su svi zdravi, svi konkuri\u0161u za tim, odnosno ovi koji su dobili pravo da nastupaju. Poprili\u010dno smo se digli oko samog starta, po\u010detka priprema. Bilo je te\u0161ko. Ju\u010de sam rekao u jednoj izjavi da je situacija bila prvo te\u0161ka, pa onda specifi\u010dna, a sad je ve\u0107 lijepa. Te\u0161ka je bila zato \u0161to smo ostali s jednim igra\u010dem, to je Nemanja Pekija. Specifi\u010dna je zato \u0161to smo zakasnili s pripremama i \u0161to je sav taj kadar koji ima kvalitet i koji bi mo\u017eda do\u0161ao u na\u0161 klub ve\u0107 negdje potpisao, oti\u0161ao, a mi smo mogli dovesti igra\u010de koji su u tom momentu bili bez kluba\u201c, rekao je Kecman.<\/p>\n<p>On isti\u010de da je atmosfera u ekipi sada mnogo bolja i da igra\u010di spremno do\u010dekuju po\u010detak prvenstva.<\/p>\n<p>\u201eO\u010dekujte jednu dobru utakmicu s na\u0161e strane, a i sa strane protivnika\u201c, poru\u010dio je Kecman.<\/p>\n<p>Iz prijedorskog kluba nagla\u0161avaju da \u0107e se u narednom periodu i uprava i igra\u010di potruditi da na terenu pru\u017ee najbolje od sebe. Cilj je da ekipa kroz igre i rezultate poka\u017ee ambiciju i opravda o\u010dekivanja navija\u010da.<\/p>\n<p>Me\u0111u onima koji s nestrpljenjem o\u010dekuju po\u010detak prvenstva je i Mario Sajak, koji isti\u010de da je ekipa vrijedno trenirala.<\/p>\n<p>\u201ePovratak, kao i svaki u svoj klub, je dobar. Momci su dobri, svi su korektni \u0161to su do\u0161li. Vrijedno smo trenirali, radili i do\u010dekujemo spremno prvo kolo, tj. drugo\u201c, rekao je Sajak.<\/p>\n<p>Kapiten \u201eRudar-Prijedora\u201c Nemanja Pekija vjeruje da ekipa mo\u017ee ostvariti zacrtani cilj i boriti se za visok plasman.<\/p>\n<p>\u201eCilj je da \u0161to vi\u0161e igramo u ovoj sezoni. Pro\u0161le sezone nismo imali dosta nastupa. Nadam se da \u0107u biti zdrav tokom \u010ditave sezone, da \u0107u pomo\u0107i ovoj mladoj ekipi da ostvarimo na\u0161 cilj \u2013 da budemo u vrhu tabele ove godine\u201c, rekao je Pekija.<\/p>\n<p>Pekija se osvrnuo i na najavljenu finansijsku pomo\u0107 klubu, naglasiv\u0161i da \u0107e ona mnogo zna\u010diti ekipi nakon te\u0161kog perioda.<\/p>\n<p>\u201eNov\u010dane pomo\u0107i su obe\u0107ane. Naravno da \u0107e nam to mnogo zna\u010diti, jer smo imali stvarno te\u0161ku situaciju u zadnje vrijeme i sigurno \u0107e nam te pare dobro do\u0107i da zakrpimo neke rupe koje imamo iz pro\u0161losti\u201c, istakao je kapiten \u201eRudar-Prijedora\u201c.<\/p>\n<p>Trener Goran Kecman pozvao je navija\u010de da sutra do\u0111u na stadion i podr\u017ee ekipu u njenom prvom prvenstvenom nastupu ove sezone.<\/p>\n<p>Prijedor\u010dani \u0107e tako pred doma\u0107om publikom poku\u0161ati da pobjedom otvore prvenstvo i naprave prvi korak ka ostvarenju ambicije \u2013 plasmanu u vrh tabele.<\/p>\n<p><a href=\"https:\/\/kozarski.com\/rudar-prijedor-sutra-protiv-romanije-prijedorcani-spremni-za-prvi-prvenstveni-mec\/\" rel=\"noopener\" target=\"_blank\">kozarski.com<\/a><\/p>\n<p><iframe loading=\"lazy\" title=\"FK \u201eRUDAR-PRIJEDOR\u201c SUTRA IGRA PRVU UTAKMICU PROTIV FK \u201eROMANIJA\u201c\" width=\"500\" height=\"281\" src=\"https:\/\/www.youtube.com\/embed\/4eJb30TWLqA?feature=oembed\" frameborder=\"0\" allow=\"accelerometer; autoplay; clipboard-write; encrypted-media; gyroscope; picture-in-picture; web-share\" referrerpolicy=\"strict-origin-when-cross-origin\" allowfullscreen><\/iframe><\/p>\n","protected":false},"excerpt":{"rendered":"<p>Fudbaleri \u201eRudar-Prijedora\u201c sutra \u0107e na doma\u0107em terenu odigrati prvu prvenstvenu utakmicu u novoj sezoni Prve lige Republike Srpske, nakon \u0161to su zbog administrativnih problema propustili susret prvog kola. Protivnik \u0107e [&hellip;]<\/p>\n","protected":false},"author":1,"featured_media":0,"comment_status":"closed","ping_status":"open","sticky":false,"template":"","format":"standard","meta":{"_monsterinsights_skip_tracking":false,"_monsterinsights_sitenote_active":false,"_monsterinsights_sitenote_note":"","_monsterinsights_sitenote_category":0,"footnotes":""},"categories":[7],"tags":[],"yoast_head":"<!-- This site is optimized with the Yoast SEO plugin v21.6 - https:\/\/yoast.com\/wordpress\/plugins\/seo\/ -->\n<title>&quot;Rudar-Prijedor&quot; u petak protiv &quot;Romanije&quot;: Prijedor\u010dani spremni za prvi prvenstveni me\u010d - VIDEO - PrijedorDanas.com - Prijedorski gradski portal<\/title>\n<meta name=\"robots\" content=\"index, follow, max-snippet:-1, max-image-preview:large, max-video-preview:-1\" \/>\n<link rel=\"canonical\" href=\"https:\/\/www.prijedordanas.com\/?p=275430\" \/>\n<meta property=\"og:locale\" content=\"en_US\" \/>\n<meta property=\"og:type\" content=\"article\" \/>\n<meta property=\"og:title\" content=\"&quot;Rudar-Prijedor&quot; u petak protiv &quot;Romanije&quot;: Prijedor\u010dani spremni za prvi prvenstveni me\u010d - VIDEO - PrijedorDanas.com - Prijedorski gradski portal\" \/>\n<meta property=\"og:description\" content=\"Fudbaleri \u201eRudar-Prijedora\u201c sutra \u0107e na doma\u0107em terenu odigrati prvu prvenstvenu utakmicu u novoj sezoni Prve lige Republike Srpske, nakon \u0161to su zbog administrativnih problema propustili susret prvog kola. Protivnik \u0107e [&hellip;]\" \/>\n<meta property=\"og:url\" content=\"https:\/\/www.prijedordanas.com\/?p=275430\" \/>\n<meta property=\"og:site_name\" content=\"PrijedorDanas.com - Prijedorski gradski portal\" \/>\n<meta property=\"article:publisher\" content=\"https:\/\/www.facebook.com\/PrijedorDanasCom\/\" \/>\n<meta property=\"article:published_time\" content=\"2026-08-27T16:17:03+00:00\" \/>\n<meta property=\"og:image\" content=\"https:\/\/www.prijedordanas.com\/wp-content\/uploads\/2026\/08\/kozarski-rudarpd-najava-romanija-300x225.jpg\" \/>\n<meta name=\"author\" content=\"admin\" \/>\n<meta name=\"twitter:card\" content=\"summary_large_image\" \/>\n<meta name=\"twitter:label1\" content=\"Written by\" \/>\n\t<meta name=\"twitter:data1\" content=\"admin\" \/>\n<script type=\"application\/ld+json\" class=\"yoast-schema-graph\">{\"@context\":\"https:\/\/schema.org\",\"@graph\":[{\"@type\":\"Article\",\"@id\":\"https:\/\/www.prijedordanas.com\/?p=275430#article\",\"isPartOf\":{\"@id\":\"https:\/\/www.prijedordanas.com\/?p=275430\"},\"author\":{\"name\":\"admin\",\"@id\":\"https:\/\/www.prijedordanas.com\/#\/schema\/person\/4e08ccf29b506ca916ff86d46bb700e6\"},\"headline\":\"&#8220;Rudar-Prijedor&#8221; u petak protiv &#8220;Romanije&#8221;: Prijedor\u010dani spremni za prvi prvenstveni me\u010d &#8211; VIDEO\",\"datePublished\":\"2026-08-27T16:17:03+00:00\",\"dateModified\":\"2026-08-27T16:17:03+00:00\",\"mainEntityOfPage\":{\"@id\":\"https:\/\/www.prijedordanas.com\/?p=275430\"},\"wordCount\":525,\"publisher\":{\"@id\":\"https:\/\/www.prijedordanas.com\/#organization\"},\"articleSection\":[\"Sport\"],\"inLanguage\":\"en-US\"},{\"@type\":\"WebPage\",\"@id\":\"https:\/\/www.prijedordanas.com\/?p=275430\",\"url\":\"https:\/\/www.prijedordanas.com\/?p=275430\",\"name\":\"\\\"Rudar-Prijedor\\\" u petak protiv \\\"Romanije\\\": Prijedor\u010dani spremni za prvi prvenstveni me\u010d - VIDEO - PrijedorDanas.com - Prijedorski gradski portal\",\"isPartOf\":{\"@id\":\"https:\/\/www.prijedordanas.com\/#website\"},\"datePublished\":\"2026-08-27T16:17:03+00:00\",\"dateModified\":\"2026-08-27T16:17:03+00:00\",\"breadcrumb\":{\"@id\":\"https:\/\/www.prijedordanas.com\/?p=275430#breadcrumb\"},\"inLanguage\":\"en-US\",\"potentialAction\":[{\"@type\":\"ReadAction\",\"target\":[\"https:\/\/www.prijedordanas.com\/?p=275430\"]}]},{\"@type\":\"BreadcrumbList\",\"@id\":\"https:\/\/www.prijedordanas.com\/?p=275430#breadcrumb\",\"itemListElement\":[{\"@type\":\"ListItem\",\"position\":1,\"name\":\"Home\",\"item\":\"https:\/\/www.prijedordanas.com\/\"},{\"@type\":\"ListItem\",\"position\":2,\"name\":\"&#8220;Rudar-Prijedor&#8221; u petak protiv &#8220;Romanije&#8221;: Prijedor\u010dani spremni za prvi prvenstveni me\u010d &#8211; VIDEO\"}]},{\"@type\":\"WebSite\",\"@id\":\"https:\/\/www.prijedordanas.com\/#website\",\"url\":\"https:\/\/www.prijedordanas.com\/\",\"name\":\"PrijedorDanas.com - Prijedorski gradski portal\",\"description\":\"Portal o doga\u0111anjima u gradu Prijedoru\",\"publisher\":{\"@id\":\"https:\/\/www.prijedordanas.com\/#organization\"},\"potentialAction\":[{\"@type\":\"SearchAction\",\"target\":{\"@type\":\"EntryPoint\",\"urlTemplate\":\"https:\/\/www.prijedordanas.com\/?s={search_term_string}\"},\"query-input\":\"required name=search_term_string\"}],\"inLanguage\":\"en-US\"},{\"@type\":\"Organization\",\"@id\":\"https:\/\/www.prijedordanas.com\/#organization\",\"name\":\"PrijedorDanas.com\",\"url\":\"https:\/\/www.prijedordanas.com\/\",\"logo\":{\"@type\":\"ImageObject\",\"inLanguage\":\"en-US\",\"@id\":\"https:\/\/www.prijedordanas.com\/#\/schema\/logo\/image\/\",\"url\":\"http:\/\/www.prijedordanas.com\/wp-content\/uploads\/2021\/12\/logopng.png\",\"contentUrl\":\"http:\/\/www.prijedordanas.com\/wp-content\/uploads\/2021\/12\/logopng.png\",\"width\":1019,\"height\":776,\"caption\":\"PrijedorDanas.com\"},\"image\":{\"@id\":\"https:\/\/www.prijedordanas.com\/#\/schema\/logo\/image\/\"},\"sameAs\":[\"https:\/\/www.facebook.com\/PrijedorDanasCom\/\"]},{\"@type\":\"Person\",\"@id\":\"https:\/\/www.prijedordanas.com\/#\/schema\/person\/4e08ccf29b506ca916ff86d46bb700e6\",\"name\":\"admin\",\"image\":{\"@type\":\"ImageObject\",\"inLanguage\":\"en-US\",\"@id\":\"https:\/\/www.prijedordanas.com\/#\/schema\/person\/image\/\",\"url\":\"https:\/\/secure.gravatar.com\/avatar\/1d3fc949d550f0b53a5f0d51e06dfd79?s=96&d=mm&r=g\",\"contentUrl\":\"https:\/\/secure.gravatar.com\/avatar\/1d3fc949d550f0b53a5f0d51e06dfd79?s=96&d=mm&r=g\",\"caption\":\"admin\"},\"url\":\"https:\/\/www.prijedordanas.com\/?author=1\"}]}<\/script>\n<!-- \/ Yoast SEO plugin. -->","yoast_head_json":{"title":"\"Rudar-Prijedor\" u petak protiv \"Romanije\": Prijedor\u010dani spremni za prvi prvenstveni me\u010d - VIDEO - PrijedorDanas.com - Prijedorski gradski portal","robots":{"index":"index","follow":"follow","max-snippet":"max-snippet:-1","max-image-preview":"max-image-preview:large","max-video-preview":"max-video-preview:-1"},"canonical":"https:\/\/www.prijedordanas.com\/?p=275430","og_locale":"en_US","og_type":"article","og_title":"\"Rudar-Prijedor\" u petak protiv \"Romanije\": Prijedor\u010dani spremni za prvi prvenstveni me\u010d - VIDEO - PrijedorDanas.com - Prijedorski gradski portal","og_description":"Fudbaleri \u201eRudar-Prijedora\u201c sutra \u0107e na doma\u0107em terenu odigrati prvu prvenstvenu utakmicu u novoj sezoni Prve lige Republike Srpske, nakon \u0161to su zbog administrativnih problema propustili susret prvog kola. Protivnik \u0107e [&hellip;]","og_url":"https:\/\/www.prijedordanas.com\/?p=275430","og_site_name":"PrijedorDanas.com - Prijedorski gradski portal","article_publisher":"https:\/\/www.facebook.com\/PrijedorDanasCom\/","article_published_time":"2026-08-27T16:17:03+00:00","og_image":[{"url":"https:\/\/www.prijedordanas.com\/wp-content\/uploads\/2026\/08\/kozarski-rudarpd-najava-romanija-300x225.jpg"}],"author":"admin","twitter_card":"summary_large_image","twitter_misc":{"Written by":"admin"},"schema":{"@context":"https:\/\/schema.org","@graph":[{"@type":"Article","@id":"https:\/\/www.prijedordanas.com\/?p=275430#article","isPartOf":{"@id":"https:\/\/www.prijedordanas.com\/?p=275430"},"author":{"name":"admin","@id":"https:\/\/www.prijedordanas.com\/#\/schema\/person\/4e08ccf29b506ca916ff86d46bb700e6"},"headline":"&#8220;Rudar-Prijedor&#8221; u petak protiv &#8220;Romanije&#8221;: Prijedor\u010dani spremni za prvi prvenstveni me\u010d &#8211; VIDEO","datePublished":"2026-08-27T16:17:03+00:00","dateModified":"2026-08-27T16:17:03+00:00","mainEntityOfPage":{"@id":"https:\/\/www.prijedordanas.com\/?p=275430"},"wordCount":525,"publisher":{"@id":"https:\/\/www.prijedordanas.com\/#organization"},"articleSection":["Sport"],"inLanguage":"en-US"},{"@type":"WebPage","@id":"https:\/\/www.prijedordanas.com\/?p=275430","url":"https:\/\/www.prijedordanas.com\/?p=275430","name":"\"Rudar-Prijedor\" u petak protiv \"Romanije\": Prijedor\u010dani spremni za prvi prvenstveni me\u010d - VIDEO - PrijedorDanas.com - Prijedorski gradski portal","isPartOf":{"@id":"https:\/\/www.prijedordanas.com\/#website"},"datePublished":"2026-08-27T16:17:03+00:00","dateModified":"2026-08-27T16:17:03+00:00","breadcrumb":{"@id":"https:\/\/www.prijedordanas.com\/?p=275430#breadcrumb"},"inLanguage":"en-US","potentialAction":[{"@type":"ReadAction","target":["https:\/\/www.prijedordanas.com\/?p=275430"]}]},{"@type":"BreadcrumbList","@id":"https:\/\/www.prijedordanas.com\/?p=275430#breadcrumb","itemListElement":[{"@type":"ListItem","position":1,"name":"Home","item":"https:\/\/www.prijedordanas.com\/"},{"@type":"ListItem","position":2,"name":"&#8220;Rudar-Prijedor&#8221; u petak protiv &#8220;Romanije&#8221;: Prijedor\u010dani spremni za prvi prvenstveni me\u010d &#8211; VIDEO"}]},{"@type":"WebSite","@id":"https:\/\/www.prijedordanas.com\/#website","url":"https:\/\/www.prijedordanas.com\/","name":"PrijedorDanas.com - Prijedorski gradski portal","description":"Portal o doga\u0111anjima u gradu Prijedoru","publisher":{"@id":"https:\/\/www.prijedordanas.com\/#organization"},"potentialAction":[{"@type":"SearchAction","target":{"@type":"EntryPoint","urlTemplate":"https:\/\/www.prijedordanas.com\/?s={search_term_string}"},"query-input":"required name=search_term_string"}],"inLanguage":"en-US"},{"@type":"Organization","@id":"https:\/\/www.prijedordanas.com\/#organization","name":"PrijedorDanas.com","url":"https:\/\/www.prijedordanas.com\/","logo":{"@type":"ImageObject","inLanguage":"en-US","@id":"https:\/\/www.prijedordanas.com\/#\/schema\/logo\/image\/","url":"http:\/\/www.prijedordanas.com\/wp-content\/uploads\/2021\/12\/logopng.png","contentUrl":"http:\/\/www.prijedordanas.com\/wp-content\/uploads\/2021\/12\/logopng.png","width":1019,"height":776,"caption":"PrijedorDanas.com"},"image":{"@id":"https:\/\/www.prijedordanas.com\/#\/schema\/logo\/image\/"},"sameAs":["https:\/\/www.facebook.com\/PrijedorDanasCom\/"]},{"@type":"Person","@id":"https:\/\/www.prijedordanas.com\/#\/schema\/person\/4e08ccf29b506ca916ff86d46bb700e6","name":"admin","image":{"@type":"ImageObject","inLanguage":"en-US","@id":"https:\/\/www.prijedordanas.com\/#\/schema\/person\/image\/","url":"https:\/\/secure.gravatar.com\/avatar\/1d3fc949d550f0b53a5f0d51e06dfd79?s=96&d=mm&r=g","contentUrl":"https:\/\/secure.gravatar.com\/avatar\/1d3fc949d550f0b53a5f0d51e06dfd79?s=96&d=mm&r=g","caption":"admin"},"url":"https:\/\/www.prijedordanas.com\/?author=1"}]}},"_links":{"self":[{"href":"https:\/\/www.prijedordanas.com\/index.php?rest_route=\/wp\/v2\/posts\/275430"}],"collection":[{"href":"https:\/\/www.prijedordanas.com\/index.php?rest_route=\/wp\/v2\/posts"}],"about":[{"href":"https:\/\/www.prijedordanas.com\/index.php?rest_route=\/wp\/v2\/types\/post"}],"author":[{"embeddable":true,"href":"https:\/\/www.prijedordanas.com\/index.php?rest_route=\/wp\/v2\/users\/1"}],"replies":[{"embeddable":true,"href":"https:\/\/www.prijedordanas.com\/index.php?rest_route=%2Fwp%2Fv2%2Fcomments&post=275430"}],"version-history":[{"count":1,"href":"https:\/\/www.prijedordanas.com\/index.php?rest_route=\/wp\/v2\/posts\/275430\/revisions"}],"predecessor-version":[{"id":275431,"href":"https:\/\/www.prijedordanas.com\/index.php?rest_route=\/wp\/v2\/posts\/275430\/revisions\/275431"}],"wp:attachment":[{"href":"https:\/\/www.prijedordanas.com\/index.php?rest_route=%2Fwp%2Fv2%2Fmedia&parent=275430"}],"wp:term":[{"taxonomy":"category","embeddable":true,"href":"https:\/\/www.prijedordanas.com\/index.php?rest_route=%2Fwp%2Fv2%2Fcategories&post=275430"},{"taxonomy":"post_tag","embeddable":true,"href":"https:\/\/www.prijedordanas.com\/index.php?rest_route=%2Fwp%2Fv2%2Ftags&post=275430"}],"curies":[{"name":"wp","href":"https:\/\/api.w.org\/{rel}","templated":true}]}}