{"id":275385,"date":"2026-08-26T23:10:55","date_gmt":"2026-08-26T21:10:55","guid":{"rendered":"https:\/\/www.prijedordanas.com\/?p=275385"},"modified":"2026-08-26T23:10:55","modified_gmt":"2026-08-26T21:10:55","slug":"multisektorski-tim-prijedor-zetu-i-surjaku-krivicne-prijave-za-medusobno-nasilje-jedan-drugog-prijavili-policiji","status":"publish","type":"post","link":"https:\/\/www.prijedordanas.com\/?p=275385","title":{"rendered":"Multisektorski tim Prijedor: Zetu i \u0161urjaku krivi\u010dne prijave za me\u0111usobno nasilje, jedan drugog prijavili policiji"},"content":{"rendered":"<p><a href=\"https:\/\/www.prijedordanas.com\/wp-content\/uploads\/2026\/08\/multisektorski-tim-pd-avgust.jpg\"><img loading=\"lazy\" decoding=\"async\" src=\"https:\/\/www.prijedordanas.com\/wp-content\/uploads\/2026\/08\/multisektorski-tim-pd-avgust-300x225.jpg\" alt=\"\" width=\"300\" height=\"225\" class=\"alignleft size-medium wp-image-275386\" srcset=\"https:\/\/www.prijedordanas.com\/wp-content\/uploads\/2026\/08\/multisektorski-tim-pd-avgust-300x225.jpg 300w, https:\/\/www.prijedordanas.com\/wp-content\/uploads\/2026\/08\/multisektorski-tim-pd-avgust-640x480.jpg 640w, https:\/\/www.prijedordanas.com\/wp-content\/uploads\/2026\/08\/multisektorski-tim-pd-avgust.jpg 667w\" sizes=\"(max-width: 300px) 100vw, 300px\" \/><\/a>Policijska uprava Prijedor podnijela je izvje\u0161taj protiv zeta i \u0161urjaka koji su se potukli i me\u0111usobno nanijeli povrede, a potom su jedan drugog prijavili policiji za nasilje.<\/p>\n<p>Zamjenik komandira za kriminalitet u Policijskoj stanici Prijedor dva Neboj\u0161a Stupar rekao je da su i jedan i drugi po\u010dinioci i \u017ertve jer su jedan drugog prijavili policiji i hitnoj pomo\u0107i za nasilje, a obojica su bili pod uticajem alkohola.<\/p>\n<p>\u201cU pitanju su naru\u0161eni porodi\u010dni odnosi. Do\u0161lo je do fizi\u010dkog sukoba i obojica su zadobili povrede\u201d, rekao je Stupar na redovnom mjese\u010dnom sastanku multisektroskog tima za borbu protiv porodi\u010dnog nasilja u Prijedoru.<\/p>\n<p>Ovaj slu\u010daj nasilja po\u010dinjen je u prisustvu njihove \u0161estoro djece uzrasta od \u010detiri do 15 godina.<\/p>\n<p>Centar za socijalni rad Prijedor zabilje\u017eio je u pro\u0161lom mjesecu 11 prijava porodi\u010dnog i rodno zasnovanog nasilja, a u jo\u0161 dvije, koje su se ticale kontakata roditelja s maloljetnom djecom, nije postupano po procedurama za porodi\u010dno nasilje.<\/p>\n<p>Socijalna radnica Dragana Gruji\u010di\u0107 navela je da u nekim slu\u010dajevima u pozadini nasilja stoje nerije\u0161eni imovinsko-pravni odnosi me\u0111u \u010dlanovima porodice, a taj problem je izra\u017eeniji ljeti kada veliki broj gra\u0111ana iz dijaspore boravi u Prijedoru.<\/p>\n<p>\u201cu jednom slu\u010daju, koji se ponavlja, svekrva prijavljuje snahu s kojom \u017eivi u istom doma\u0107instvu, nezadovoljna \u0161to ne mo\u017ee da je kontroli\u0161e, a snaha ne\u0107e da joj svekrva upravlja \u017eivotom. Svekrva nas optu\u017euje da ni\u0161ta ne radimo, a kada je uputimo na sve procedure koje moramo ispo\u0161tovati, odustaje od daljih prijavljivanja i o\u010dekuje od nas da rije\u0161imo njihovo neslaganje\u201d, navela je Gruji\u010di\u0107eva.<\/p>\n<p>Ona je pohvalila postupanje policije po jednoj anonimnoj prijavi za psihi\u010dko i verbalno nasilje gdje su policijski slu\u017ebenici odmah oti\u0161li kod \u017eene na radno mjesto izvan Prijedora da provjere navode iz prijave.<\/p>\n<p>Razmatran i slu\u010daj vi\u0161estrukog recidiviste u \u010dinjenju krivi\u010dnog djela porodi\u010dno nasilje nad suprugom, kojem su u vi\u0161e navrata izricane hitne mjere suda i koje je on kr\u0161io.<\/p>\n<p>Pro\u0161log mjeseca je ponovo po\u010dinio isto krivi\u010dno djelo pred maloljetnim djetetom i povrijedio suprugu.<\/p>\n<p>\u201cOvdje opet dolazimo do problema koji ne znamo kako da rije\u0161imo. Mi ne dobijamo informacije ni o pritvoru, ni kasnije o eventualnom produ\u017eenju pritvora, a to bi \u017ertvi bila i te kako korisna informacija\u201d, istakla je Gruji\u010di\u0107eva.<\/p>\n<p>U jednom prijedorskom selu sestra je u vi\u0161e navrata prijavljivala brata za verbalno nasilje, a razlog je \u0161to je udata za Nijemca i brat se s tim ne mo\u017ee pomiriti.<\/p>\n<p>U ku\u0107i koju dijele brat pu\u0161ta preglasnu muziku i pjesme koje sestra smatra uvredljivim, a Nijemac kao odgovor pu\u0161ta preglasno operu.<\/p>\n<p>Brat je sjekirom i kamenjem ga\u0111ao reflektor i kameru sestrinog dijela ku\u0107e i pritom o\u0161tetio fasadu, pa je dobio prijavu za krivi\u010dno djelo o\u0161te\u0107enje tu\u0111e stvari, a zbog prijetnji i vrije\u0111anja dobio je i prijavu za krivi\u010dno djelo nasilje u porodici ili porodi\u010dnoj zajednici.<\/p>\n<p>Sastanku su danas prisustvovali i predstavnici Gradske uprave, Bolnice \u201cDr Mladen Stojanovi\u0107\u201d, Doma zdravlja, Centra \u201cSunce\u201d i medija, a tim \u010dine i predstavnici aktiva direktora osnovnih i srednjih \u0161kola, te Okru\u017enog javnog tu\u017eila\u0161tva.<\/p>\n<p>Doma\u0107in je bio Centar za socijalni rad, a narednog mjeseca redovni sastanak odr\u017ea\u0107e se u Bolnici \u201cDr Mladen Stojanovi\u0107\u201d.<\/p>\n<p>SRNA<\/p>\n","protected":false},"excerpt":{"rendered":"<p>Policijska uprava Prijedor podnijela je izvje\u0161taj protiv zeta i \u0161urjaka koji su se potukli i me\u0111usobno nanijeli povrede, a potom su jedan drugog prijavili policiji za nasilje. Zamjenik komandira za [&hellip;]<\/p>\n","protected":false},"author":1,"featured_media":0,"comment_status":"closed","ping_status":"open","sticky":false,"template":"","format":"standard","meta":{"_monsterinsights_skip_tracking":false,"_monsterinsights_sitenote_active":false,"_monsterinsights_sitenote_note":"","_monsterinsights_sitenote_category":0,"footnotes":""},"categories":[4],"tags":[],"yoast_head":"<!-- This site is optimized with the Yoast SEO plugin v21.6 - https:\/\/yoast.com\/wordpress\/plugins\/seo\/ -->\n<title>Multisektorski tim Prijedor: Zetu i \u0161urjaku krivi\u010dne prijave za me\u0111usobno nasilje, jedan drugog prijavili policiji - PrijedorDanas.com - Prijedorski gradski portal<\/title>\n<meta name=\"robots\" content=\"index, follow, max-snippet:-1, max-image-preview:large, max-video-preview:-1\" \/>\n<link rel=\"canonical\" href=\"https:\/\/www.prijedordanas.com\/?p=275385\" \/>\n<meta property=\"og:locale\" content=\"en_US\" \/>\n<meta property=\"og:type\" content=\"article\" \/>\n<meta property=\"og:title\" content=\"Multisektorski tim Prijedor: Zetu i \u0161urjaku krivi\u010dne prijave za me\u0111usobno nasilje, jedan drugog prijavili policiji - PrijedorDanas.com - Prijedorski gradski portal\" \/>\n<meta property=\"og:description\" content=\"Policijska uprava Prijedor podnijela je izvje\u0161taj protiv zeta i \u0161urjaka koji su se potukli i me\u0111usobno nanijeli povrede, a potom su jedan drugog prijavili policiji za nasilje. Zamjenik komandira za [&hellip;]\" \/>\n<meta property=\"og:url\" content=\"https:\/\/www.prijedordanas.com\/?p=275385\" \/>\n<meta property=\"og:site_name\" content=\"PrijedorDanas.com - Prijedorski gradski portal\" \/>\n<meta property=\"article:publisher\" content=\"https:\/\/www.facebook.com\/PrijedorDanasCom\/\" \/>\n<meta property=\"article:published_time\" content=\"2026-08-26T21:10:55+00:00\" \/>\n<meta property=\"og:image\" content=\"https:\/\/www.prijedordanas.com\/wp-content\/uploads\/2026\/08\/multisektorski-tim-pd-avgust-300x225.jpg\" \/>\n<meta name=\"author\" content=\"admin\" \/>\n<meta name=\"twitter:card\" content=\"summary_large_image\" \/>\n<meta name=\"twitter:label1\" content=\"Written by\" \/>\n\t<meta name=\"twitter:data1\" content=\"admin\" \/>\n<script type=\"application\/ld+json\" class=\"yoast-schema-graph\">{\"@context\":\"https:\/\/schema.org\",\"@graph\":[{\"@type\":\"Article\",\"@id\":\"https:\/\/www.prijedordanas.com\/?p=275385#article\",\"isPartOf\":{\"@id\":\"https:\/\/www.prijedordanas.com\/?p=275385\"},\"author\":{\"name\":\"admin\",\"@id\":\"https:\/\/www.prijedordanas.com\/#\/schema\/person\/4e08ccf29b506ca916ff86d46bb700e6\"},\"headline\":\"Multisektorski tim Prijedor: Zetu i \u0161urjaku krivi\u010dne prijave za me\u0111usobno nasilje, jedan drugog prijavili policiji\",\"datePublished\":\"2026-08-26T21:10:55+00:00\",\"dateModified\":\"2026-08-26T21:10:55+00:00\",\"mainEntityOfPage\":{\"@id\":\"https:\/\/www.prijedordanas.com\/?p=275385\"},\"wordCount\":594,\"publisher\":{\"@id\":\"https:\/\/www.prijedordanas.com\/#organization\"},\"articleSection\":[\"Dru\u0161tvo\"],\"inLanguage\":\"en-US\"},{\"@type\":\"WebPage\",\"@id\":\"https:\/\/www.prijedordanas.com\/?p=275385\",\"url\":\"https:\/\/www.prijedordanas.com\/?p=275385\",\"name\":\"Multisektorski tim Prijedor: Zetu i \u0161urjaku krivi\u010dne prijave za me\u0111usobno nasilje, jedan drugog prijavili policiji - PrijedorDanas.com - Prijedorski gradski portal\",\"isPartOf\":{\"@id\":\"https:\/\/www.prijedordanas.com\/#website\"},\"datePublished\":\"2026-08-26T21:10:55+00:00\",\"dateModified\":\"2026-08-26T21:10:55+00:00\",\"breadcrumb\":{\"@id\":\"https:\/\/www.prijedordanas.com\/?p=275385#breadcrumb\"},\"inLanguage\":\"en-US\",\"potentialAction\":[{\"@type\":\"ReadAction\",\"target\":[\"https:\/\/www.prijedordanas.com\/?p=275385\"]}]},{\"@type\":\"BreadcrumbList\",\"@id\":\"https:\/\/www.prijedordanas.com\/?p=275385#breadcrumb\",\"itemListElement\":[{\"@type\":\"ListItem\",\"position\":1,\"name\":\"Home\",\"item\":\"https:\/\/www.prijedordanas.com\/\"},{\"@type\":\"ListItem\",\"position\":2,\"name\":\"Multisektorski tim Prijedor: Zetu i \u0161urjaku krivi\u010dne prijave za me\u0111usobno nasilje, jedan drugog prijavili policiji\"}]},{\"@type\":\"WebSite\",\"@id\":\"https:\/\/www.prijedordanas.com\/#website\",\"url\":\"https:\/\/www.prijedordanas.com\/\",\"name\":\"PrijedorDanas.com - Prijedorski gradski portal\",\"description\":\"Portal o doga\u0111anjima u gradu Prijedoru\",\"publisher\":{\"@id\":\"https:\/\/www.prijedordanas.com\/#organization\"},\"potentialAction\":[{\"@type\":\"SearchAction\",\"target\":{\"@type\":\"EntryPoint\",\"urlTemplate\":\"https:\/\/www.prijedordanas.com\/?s={search_term_string}\"},\"query-input\":\"required name=search_term_string\"}],\"inLanguage\":\"en-US\"},{\"@type\":\"Organization\",\"@id\":\"https:\/\/www.prijedordanas.com\/#organization\",\"name\":\"PrijedorDanas.com\",\"url\":\"https:\/\/www.prijedordanas.com\/\",\"logo\":{\"@type\":\"ImageObject\",\"inLanguage\":\"en-US\",\"@id\":\"https:\/\/www.prijedordanas.com\/#\/schema\/logo\/image\/\",\"url\":\"http:\/\/www.prijedordanas.com\/wp-content\/uploads\/2021\/12\/logopng.png\",\"contentUrl\":\"http:\/\/www.prijedordanas.com\/wp-content\/uploads\/2021\/12\/logopng.png\",\"width\":1019,\"height\":776,\"caption\":\"PrijedorDanas.com\"},\"image\":{\"@id\":\"https:\/\/www.prijedordanas.com\/#\/schema\/logo\/image\/\"},\"sameAs\":[\"https:\/\/www.facebook.com\/PrijedorDanasCom\/\"]},{\"@type\":\"Person\",\"@id\":\"https:\/\/www.prijedordanas.com\/#\/schema\/person\/4e08ccf29b506ca916ff86d46bb700e6\",\"name\":\"admin\",\"image\":{\"@type\":\"ImageObject\",\"inLanguage\":\"en-US\",\"@id\":\"https:\/\/www.prijedordanas.com\/#\/schema\/person\/image\/\",\"url\":\"https:\/\/secure.gravatar.com\/avatar\/1d3fc949d550f0b53a5f0d51e06dfd79?s=96&d=mm&r=g\",\"contentUrl\":\"https:\/\/secure.gravatar.com\/avatar\/1d3fc949d550f0b53a5f0d51e06dfd79?s=96&d=mm&r=g\",\"caption\":\"admin\"},\"url\":\"https:\/\/www.prijedordanas.com\/?author=1\"}]}<\/script>\n<!-- \/ Yoast SEO plugin. -->","yoast_head_json":{"title":"Multisektorski tim Prijedor: Zetu i \u0161urjaku krivi\u010dne prijave za me\u0111usobno nasilje, jedan drugog prijavili policiji - PrijedorDanas.com - Prijedorski gradski portal","robots":{"index":"index","follow":"follow","max-snippet":"max-snippet:-1","max-image-preview":"max-image-preview:large","max-video-preview":"max-video-preview:-1"},"canonical":"https:\/\/www.prijedordanas.com\/?p=275385","og_locale":"en_US","og_type":"article","og_title":"Multisektorski tim Prijedor: Zetu i \u0161urjaku krivi\u010dne prijave za me\u0111usobno nasilje, jedan drugog prijavili policiji - PrijedorDanas.com - Prijedorski gradski portal","og_description":"Policijska uprava Prijedor podnijela je izvje\u0161taj protiv zeta i \u0161urjaka koji su se potukli i me\u0111usobno nanijeli povrede, a potom su jedan drugog prijavili policiji za nasilje. Zamjenik komandira za [&hellip;]","og_url":"https:\/\/www.prijedordanas.com\/?p=275385","og_site_name":"PrijedorDanas.com - Prijedorski gradski portal","article_publisher":"https:\/\/www.facebook.com\/PrijedorDanasCom\/","article_published_time":"2026-08-26T21:10:55+00:00","og_image":[{"url":"https:\/\/www.prijedordanas.com\/wp-content\/uploads\/2026\/08\/multisektorski-tim-pd-avgust-300x225.jpg"}],"author":"admin","twitter_card":"summary_large_image","twitter_misc":{"Written by":"admin"},"schema":{"@context":"https:\/\/schema.org","@graph":[{"@type":"Article","@id":"https:\/\/www.prijedordanas.com\/?p=275385#article","isPartOf":{"@id":"https:\/\/www.prijedordanas.com\/?p=275385"},"author":{"name":"admin","@id":"https:\/\/www.prijedordanas.com\/#\/schema\/person\/4e08ccf29b506ca916ff86d46bb700e6"},"headline":"Multisektorski tim Prijedor: Zetu i \u0161urjaku krivi\u010dne prijave za me\u0111usobno nasilje, jedan drugog prijavili policiji","datePublished":"2026-08-26T21:10:55+00:00","dateModified":"2026-08-26T21:10:55+00:00","mainEntityOfPage":{"@id":"https:\/\/www.prijedordanas.com\/?p=275385"},"wordCount":594,"publisher":{"@id":"https:\/\/www.prijedordanas.com\/#organization"},"articleSection":["Dru\u0161tvo"],"inLanguage":"en-US"},{"@type":"WebPage","@id":"https:\/\/www.prijedordanas.com\/?p=275385","url":"https:\/\/www.prijedordanas.com\/?p=275385","name":"Multisektorski tim Prijedor: Zetu i \u0161urjaku krivi\u010dne prijave za me\u0111usobno nasilje, jedan drugog prijavili policiji - PrijedorDanas.com - Prijedorski gradski portal","isPartOf":{"@id":"https:\/\/www.prijedordanas.com\/#website"},"datePublished":"2026-08-26T21:10:55+00:00","dateModified":"2026-08-26T21:10:55+00:00","breadcrumb":{"@id":"https:\/\/www.prijedordanas.com\/?p=275385#breadcrumb"},"inLanguage":"en-US","potentialAction":[{"@type":"ReadAction","target":["https:\/\/www.prijedordanas.com\/?p=275385"]}]},{"@type":"BreadcrumbList","@id":"https:\/\/www.prijedordanas.com\/?p=275385#breadcrumb","itemListElement":[{"@type":"ListItem","position":1,"name":"Home","item":"https:\/\/www.prijedordanas.com\/"},{"@type":"ListItem","position":2,"name":"Multisektorski tim Prijedor: Zetu i \u0161urjaku krivi\u010dne prijave za me\u0111usobno nasilje, jedan drugog prijavili policiji"}]},{"@type":"WebSite","@id":"https:\/\/www.prijedordanas.com\/#website","url":"https:\/\/www.prijedordanas.com\/","name":"PrijedorDanas.com - Prijedorski gradski portal","description":"Portal o doga\u0111anjima u gradu Prijedoru","publisher":{"@id":"https:\/\/www.prijedordanas.com\/#organization"},"potentialAction":[{"@type":"SearchAction","target":{"@type":"EntryPoint","urlTemplate":"https:\/\/www.prijedordanas.com\/?s={search_term_string}"},"query-input":"required name=search_term_string"}],"inLanguage":"en-US"},{"@type":"Organization","@id":"https:\/\/www.prijedordanas.com\/#organization","name":"PrijedorDanas.com","url":"https:\/\/www.prijedordanas.com\/","logo":{"@type":"ImageObject","inLanguage":"en-US","@id":"https:\/\/www.prijedordanas.com\/#\/schema\/logo\/image\/","url":"http:\/\/www.prijedordanas.com\/wp-content\/uploads\/2021\/12\/logopng.png","contentUrl":"http:\/\/www.prijedordanas.com\/wp-content\/uploads\/2021\/12\/logopng.png","width":1019,"height":776,"caption":"PrijedorDanas.com"},"image":{"@id":"https:\/\/www.prijedordanas.com\/#\/schema\/logo\/image\/"},"sameAs":["https:\/\/www.facebook.com\/PrijedorDanasCom\/"]},{"@type":"Person","@id":"https:\/\/www.prijedordanas.com\/#\/schema\/person\/4e08ccf29b506ca916ff86d46bb700e6","name":"admin","image":{"@type":"ImageObject","inLanguage":"en-US","@id":"https:\/\/www.prijedordanas.com\/#\/schema\/person\/image\/","url":"https:\/\/secure.gravatar.com\/avatar\/1d3fc949d550f0b53a5f0d51e06dfd79?s=96&d=mm&r=g","contentUrl":"https:\/\/secure.gravatar.com\/avatar\/1d3fc949d550f0b53a5f0d51e06dfd79?s=96&d=mm&r=g","caption":"admin"},"url":"https:\/\/www.prijedordanas.com\/?author=1"}]}},"_links":{"self":[{"href":"https:\/\/www.prijedordanas.com\/index.php?rest_route=\/wp\/v2\/posts\/275385"}],"collection":[{"href":"https:\/\/www.prijedordanas.com\/index.php?rest_route=\/wp\/v2\/posts"}],"about":[{"href":"https:\/\/www.prijedordanas.com\/index.php?rest_route=\/wp\/v2\/types\/post"}],"author":[{"embeddable":true,"href":"https:\/\/www.prijedordanas.com\/index.php?rest_route=\/wp\/v2\/users\/1"}],"replies":[{"embeddable":true,"href":"https:\/\/www.prijedordanas.com\/index.php?rest_route=%2Fwp%2Fv2%2Fcomments&post=275385"}],"version-history":[{"count":1,"href":"https:\/\/www.prijedordanas.com\/index.php?rest_route=\/wp\/v2\/posts\/275385\/revisions"}],"predecessor-version":[{"id":275387,"href":"https:\/\/www.prijedordanas.com\/index.php?rest_route=\/wp\/v2\/posts\/275385\/revisions\/275387"}],"wp:attachment":[{"href":"https:\/\/www.prijedordanas.com\/index.php?rest_route=%2Fwp%2Fv2%2Fmedia&parent=275385"}],"wp:term":[{"taxonomy":"category","embeddable":true,"href":"https:\/\/www.prijedordanas.com\/index.php?rest_route=%2Fwp%2Fv2%2Fcategories&post=275385"},{"taxonomy":"post_tag","embeddable":true,"href":"https:\/\/www.prijedordanas.com\/index.php?rest_route=%2Fwp%2Fv2%2Ftags&post=275385"}],"curies":[{"name":"wp","href":"https:\/\/api.w.org\/{rel}","templated":true}]}}