{"id":275357,"date":"2026-08-26T15:10:37","date_gmt":"2026-08-26T13:10:37","guid":{"rendered":"https:\/\/www.prijedordanas.com\/?p=275357"},"modified":"2026-08-26T17:37:34","modified_gmt":"2026-08-26T15:37:34","slug":"skupstina-grada-prijedora-iduce-sedmice-o-besplatnim-parcelama-za-osjetljive-kategorije","status":"publish","type":"post","link":"https:\/\/www.prijedordanas.com\/?p=275357","title":{"rendered":"Skup\u0161tina grada Prijedora: Idu\u0107e sedmice o besplatnim parcelama za osjetljive kategorije"},"content":{"rendered":"<p><a href=\"https:\/\/www.prijedordanas.com\/wp-content\/uploads\/2026\/08\/skupstina-grada-7avgust-2.jpg\"><img loading=\"lazy\" decoding=\"async\" class=\"alignleft size-medium wp-image-274493\" src=\"https:\/\/www.prijedordanas.com\/wp-content\/uploads\/2026\/08\/skupstina-grada-7avgust-2-300x225.jpg\" alt=\"\" width=\"300\" height=\"225\" srcset=\"https:\/\/www.prijedordanas.com\/wp-content\/uploads\/2026\/08\/skupstina-grada-7avgust-2-300x225.jpg 300w, https:\/\/www.prijedordanas.com\/wp-content\/uploads\/2026\/08\/skupstina-grada-7avgust-2-640x480.jpg 640w, https:\/\/www.prijedordanas.com\/wp-content\/uploads\/2026\/08\/skupstina-grada-7avgust-2.jpg 667w\" sizes=\"(max-width: 300px) 100vw, 300px\" \/><\/a>Odbornici Skup\u0161tine grada Prijedora iduc\u0301e sedmice razmatrac\u0301e prijedlog odluke o utvr\u0111ivanju parcela namijenjenih za osnivanje prava gra\u0111enja bez naknade osjetljivim kategorijama, objavila je danas skup\u0161tinska slu\u017eba.<\/p>\n<p>Radi se o 12 parcela namijenjenih porodicama sa \u010detvoro i vi\u0161e djece, mladim bra\u010dnim parovima do 35 godina starosti i samohranim roditeljima prilikom sticanja prava svojine na prvoj nepokretnosti, a po pravilniku koji je Skup\u0161tina usvojila 7. avgusta.<\/p>\n<p>Gradona\u010delnik Prijedora Slobodan Javor rekao je danas Srni da se radi o 11 parcela na podru\u010dju Palan\u010di\u0161ta i o jednoj parceli u \u010cirkin Polju.<\/p>\n<p>Pred odbornicima je i prijedlog odluke o izmjeni odluke o osnivanju firme Hidrosistem \u201eSani\u010dani\u201c Prijedor koja bi trebalo da preuzme upravljanje ribnjakom.<\/p>\n<p>Prvobitno odlukom jedna od delatnosti je \u201eRegulisanje djelatnosti javnih ustanova koje obezbje\u0111uju zdravstvenu za\u0161titu, obrazovanje, kulturne usluge i druge dru\u0161tvene usluge, osim obaveznog socijalnog osiguranja\u201c, a, nakon izvr\u0161ene provjere uslova za registraciju, utvr\u0111eno je da tu djelatnost nije moguc\u0301e registrovati.<\/p>\n<p>Odbornici c\u0301e razmatrati izmjene i dopune regulacionog plana za Omarsku, izvje\u0161taje o poslovanju \u201eToplane\u201c, \u201eAutotransporta\u201c i Zavoda za izgradnju grada i 22 ta\u010dke koje se odnose na kadrovska pitanja.<\/p>\n<p>Iz imovinsko-pravnih oblasti na dnevnom redu je prijedlog odluka da se prenesu prava svojine bez naknade firmama \u201eRaki\u201c, \u201eGM gradnja\u201c i \u201eGold invest\u201c, kao i fizi\u010dkom licu Draganu \u017de\u017eelju, da se firmi \u201eNeomet monta\u017ea\u201c proda gradsko zemlji\u0161te, te da se s firmom \u201eUna elektrik\u201c izvr\u0161i zamjena nekretnina.<\/p>\n<p>Sjednica je zakazana za srijedu, 2. septembra, u 10.00 \u010dasova.<\/p>\n<p>SRNA\/katarina Pani\u0107<br \/>\nFoto &#8211; ilustracij<\/p>\n","protected":false},"excerpt":{"rendered":"<p>Odbornici Skup\u0161tine grada Prijedora iduc\u0301e sedmice razmatrac\u0301e prijedlog odluke o utvr\u0111ivanju parcela namijenjenih za osnivanje prava gra\u0111enja bez naknade osjetljivim kategorijama, objavila je danas skup\u0161tinska slu\u017eba. Radi se o 12 [&hellip;]<\/p>\n","protected":false},"author":1,"featured_media":0,"comment_status":"closed","ping_status":"open","sticky":false,"template":"","format":"standard","meta":{"_monsterinsights_skip_tracking":false,"_monsterinsights_sitenote_active":false,"_monsterinsights_sitenote_note":"","_monsterinsights_sitenote_category":0,"footnotes":""},"categories":[4],"tags":[],"yoast_head":"<!-- This site is optimized with the Yoast SEO plugin v21.6 - https:\/\/yoast.com\/wordpress\/plugins\/seo\/ -->\n<title>Skup\u0161tina grada Prijedora: Idu\u0107e sedmice o besplatnim parcelama za osjetljive kategorije - PrijedorDanas.com - Prijedorski gradski portal<\/title>\n<meta name=\"robots\" content=\"index, follow, max-snippet:-1, max-image-preview:large, max-video-preview:-1\" \/>\n<link rel=\"canonical\" href=\"https:\/\/www.prijedordanas.com\/?p=275357\" \/>\n<meta property=\"og:locale\" content=\"en_US\" \/>\n<meta property=\"og:type\" content=\"article\" \/>\n<meta property=\"og:title\" content=\"Skup\u0161tina grada Prijedora: Idu\u0107e sedmice o besplatnim parcelama za osjetljive kategorije - PrijedorDanas.com - Prijedorski gradski portal\" \/>\n<meta property=\"og:description\" content=\"Odbornici Skup\u0161tine grada Prijedora iduc\u0301e sedmice razmatrac\u0301e prijedlog odluke o utvr\u0111ivanju parcela namijenjenih za osnivanje prava gra\u0111enja bez naknade osjetljivim kategorijama, objavila je danas skup\u0161tinska slu\u017eba. Radi se o 12 [&hellip;]\" \/>\n<meta property=\"og:url\" content=\"https:\/\/www.prijedordanas.com\/?p=275357\" \/>\n<meta property=\"og:site_name\" content=\"PrijedorDanas.com - Prijedorski gradski portal\" \/>\n<meta property=\"article:publisher\" content=\"https:\/\/www.facebook.com\/PrijedorDanasCom\/\" \/>\n<meta property=\"article:published_time\" content=\"2026-08-26T13:10:37+00:00\" \/>\n<meta property=\"article:modified_time\" content=\"2026-08-26T15:37:34+00:00\" \/>\n<meta property=\"og:image\" content=\"https:\/\/www.prijedordanas.com\/wp-content\/uploads\/2026\/08\/skupstina-grada-7avgust-2-300x225.jpg\" \/>\n<meta name=\"author\" content=\"admin\" \/>\n<meta name=\"twitter:card\" content=\"summary_large_image\" \/>\n<meta name=\"twitter:label1\" content=\"Written by\" \/>\n\t<meta name=\"twitter:data1\" content=\"admin\" \/>\n\t<meta name=\"twitter:label2\" content=\"Est. reading time\" \/>\n\t<meta name=\"twitter:data2\" content=\"2 minutes\" \/>\n<script type=\"application\/ld+json\" class=\"yoast-schema-graph\">{\"@context\":\"https:\/\/schema.org\",\"@graph\":[{\"@type\":\"Article\",\"@id\":\"https:\/\/www.prijedordanas.com\/?p=275357#article\",\"isPartOf\":{\"@id\":\"https:\/\/www.prijedordanas.com\/?p=275357\"},\"author\":{\"name\":\"admin\",\"@id\":\"https:\/\/www.prijedordanas.com\/#\/schema\/person\/4e08ccf29b506ca916ff86d46bb700e6\"},\"headline\":\"Skup\u0161tina grada Prijedora: Idu\u0107e sedmice o besplatnim parcelama za osjetljive kategorije\",\"datePublished\":\"2026-08-26T13:10:37+00:00\",\"dateModified\":\"2026-08-26T15:37:34+00:00\",\"mainEntityOfPage\":{\"@id\":\"https:\/\/www.prijedordanas.com\/?p=275357\"},\"wordCount\":277,\"publisher\":{\"@id\":\"https:\/\/www.prijedordanas.com\/#organization\"},\"articleSection\":[\"Dru\u0161tvo\"],\"inLanguage\":\"en-US\"},{\"@type\":\"WebPage\",\"@id\":\"https:\/\/www.prijedordanas.com\/?p=275357\",\"url\":\"https:\/\/www.prijedordanas.com\/?p=275357\",\"name\":\"Skup\u0161tina grada Prijedora: Idu\u0107e sedmice o besplatnim parcelama za osjetljive kategorije - PrijedorDanas.com - Prijedorski gradski portal\",\"isPartOf\":{\"@id\":\"https:\/\/www.prijedordanas.com\/#website\"},\"datePublished\":\"2026-08-26T13:10:37+00:00\",\"dateModified\":\"2026-08-26T15:37:34+00:00\",\"breadcrumb\":{\"@id\":\"https:\/\/www.prijedordanas.com\/?p=275357#breadcrumb\"},\"inLanguage\":\"en-US\",\"potentialAction\":[{\"@type\":\"ReadAction\",\"target\":[\"https:\/\/www.prijedordanas.com\/?p=275357\"]}]},{\"@type\":\"BreadcrumbList\",\"@id\":\"https:\/\/www.prijedordanas.com\/?p=275357#breadcrumb\",\"itemListElement\":[{\"@type\":\"ListItem\",\"position\":1,\"name\":\"Home\",\"item\":\"https:\/\/www.prijedordanas.com\/\"},{\"@type\":\"ListItem\",\"position\":2,\"name\":\"Skup\u0161tina grada Prijedora: Idu\u0107e sedmice o besplatnim parcelama za osjetljive kategorije\"}]},{\"@type\":\"WebSite\",\"@id\":\"https:\/\/www.prijedordanas.com\/#website\",\"url\":\"https:\/\/www.prijedordanas.com\/\",\"name\":\"PrijedorDanas.com - Prijedorski gradski portal\",\"description\":\"Portal o doga\u0111anjima u gradu Prijedoru\",\"publisher\":{\"@id\":\"https:\/\/www.prijedordanas.com\/#organization\"},\"potentialAction\":[{\"@type\":\"SearchAction\",\"target\":{\"@type\":\"EntryPoint\",\"urlTemplate\":\"https:\/\/www.prijedordanas.com\/?s={search_term_string}\"},\"query-input\":\"required name=search_term_string\"}],\"inLanguage\":\"en-US\"},{\"@type\":\"Organization\",\"@id\":\"https:\/\/www.prijedordanas.com\/#organization\",\"name\":\"PrijedorDanas.com\",\"url\":\"https:\/\/www.prijedordanas.com\/\",\"logo\":{\"@type\":\"ImageObject\",\"inLanguage\":\"en-US\",\"@id\":\"https:\/\/www.prijedordanas.com\/#\/schema\/logo\/image\/\",\"url\":\"http:\/\/www.prijedordanas.com\/wp-content\/uploads\/2021\/12\/logopng.png\",\"contentUrl\":\"http:\/\/www.prijedordanas.com\/wp-content\/uploads\/2021\/12\/logopng.png\",\"width\":1019,\"height\":776,\"caption\":\"PrijedorDanas.com\"},\"image\":{\"@id\":\"https:\/\/www.prijedordanas.com\/#\/schema\/logo\/image\/\"},\"sameAs\":[\"https:\/\/www.facebook.com\/PrijedorDanasCom\/\"]},{\"@type\":\"Person\",\"@id\":\"https:\/\/www.prijedordanas.com\/#\/schema\/person\/4e08ccf29b506ca916ff86d46bb700e6\",\"name\":\"admin\",\"image\":{\"@type\":\"ImageObject\",\"inLanguage\":\"en-US\",\"@id\":\"https:\/\/www.prijedordanas.com\/#\/schema\/person\/image\/\",\"url\":\"https:\/\/secure.gravatar.com\/avatar\/1d3fc949d550f0b53a5f0d51e06dfd79?s=96&d=mm&r=g\",\"contentUrl\":\"https:\/\/secure.gravatar.com\/avatar\/1d3fc949d550f0b53a5f0d51e06dfd79?s=96&d=mm&r=g\",\"caption\":\"admin\"},\"url\":\"https:\/\/www.prijedordanas.com\/?author=1\"}]}<\/script>\n<!-- \/ Yoast SEO plugin. -->","yoast_head_json":{"title":"Skup\u0161tina grada Prijedora: Idu\u0107e sedmice o besplatnim parcelama za osjetljive kategorije - PrijedorDanas.com - Prijedorski gradski portal","robots":{"index":"index","follow":"follow","max-snippet":"max-snippet:-1","max-image-preview":"max-image-preview:large","max-video-preview":"max-video-preview:-1"},"canonical":"https:\/\/www.prijedordanas.com\/?p=275357","og_locale":"en_US","og_type":"article","og_title":"Skup\u0161tina grada Prijedora: Idu\u0107e sedmice o besplatnim parcelama za osjetljive kategorije - PrijedorDanas.com - Prijedorski gradski portal","og_description":"Odbornici Skup\u0161tine grada Prijedora iduc\u0301e sedmice razmatrac\u0301e prijedlog odluke o utvr\u0111ivanju parcela namijenjenih za osnivanje prava gra\u0111enja bez naknade osjetljivim kategorijama, objavila je danas skup\u0161tinska slu\u017eba. Radi se o 12 [&hellip;]","og_url":"https:\/\/www.prijedordanas.com\/?p=275357","og_site_name":"PrijedorDanas.com - Prijedorski gradski portal","article_publisher":"https:\/\/www.facebook.com\/PrijedorDanasCom\/","article_published_time":"2026-08-26T13:10:37+00:00","article_modified_time":"2026-08-26T15:37:34+00:00","og_image":[{"url":"https:\/\/www.prijedordanas.com\/wp-content\/uploads\/2026\/08\/skupstina-grada-7avgust-2-300x225.jpg"}],"author":"admin","twitter_card":"summary_large_image","twitter_misc":{"Written by":"admin","Est. reading time":"2 minutes"},"schema":{"@context":"https:\/\/schema.org","@graph":[{"@type":"Article","@id":"https:\/\/www.prijedordanas.com\/?p=275357#article","isPartOf":{"@id":"https:\/\/www.prijedordanas.com\/?p=275357"},"author":{"name":"admin","@id":"https:\/\/www.prijedordanas.com\/#\/schema\/person\/4e08ccf29b506ca916ff86d46bb700e6"},"headline":"Skup\u0161tina grada Prijedora: Idu\u0107e sedmice o besplatnim parcelama za osjetljive kategorije","datePublished":"2026-08-26T13:10:37+00:00","dateModified":"2026-08-26T15:37:34+00:00","mainEntityOfPage":{"@id":"https:\/\/www.prijedordanas.com\/?p=275357"},"wordCount":277,"publisher":{"@id":"https:\/\/www.prijedordanas.com\/#organization"},"articleSection":["Dru\u0161tvo"],"inLanguage":"en-US"},{"@type":"WebPage","@id":"https:\/\/www.prijedordanas.com\/?p=275357","url":"https:\/\/www.prijedordanas.com\/?p=275357","name":"Skup\u0161tina grada Prijedora: Idu\u0107e sedmice o besplatnim parcelama za osjetljive kategorije - PrijedorDanas.com - Prijedorski gradski portal","isPartOf":{"@id":"https:\/\/www.prijedordanas.com\/#website"},"datePublished":"2026-08-26T13:10:37+00:00","dateModified":"2026-08-26T15:37:34+00:00","breadcrumb":{"@id":"https:\/\/www.prijedordanas.com\/?p=275357#breadcrumb"},"inLanguage":"en-US","potentialAction":[{"@type":"ReadAction","target":["https:\/\/www.prijedordanas.com\/?p=275357"]}]},{"@type":"BreadcrumbList","@id":"https:\/\/www.prijedordanas.com\/?p=275357#breadcrumb","itemListElement":[{"@type":"ListItem","position":1,"name":"Home","item":"https:\/\/www.prijedordanas.com\/"},{"@type":"ListItem","position":2,"name":"Skup\u0161tina grada Prijedora: Idu\u0107e sedmice o besplatnim parcelama za osjetljive kategorije"}]},{"@type":"WebSite","@id":"https:\/\/www.prijedordanas.com\/#website","url":"https:\/\/www.prijedordanas.com\/","name":"PrijedorDanas.com - Prijedorski gradski portal","description":"Portal o doga\u0111anjima u gradu Prijedoru","publisher":{"@id":"https:\/\/www.prijedordanas.com\/#organization"},"potentialAction":[{"@type":"SearchAction","target":{"@type":"EntryPoint","urlTemplate":"https:\/\/www.prijedordanas.com\/?s={search_term_string}"},"query-input":"required name=search_term_string"}],"inLanguage":"en-US"},{"@type":"Organization","@id":"https:\/\/www.prijedordanas.com\/#organization","name":"PrijedorDanas.com","url":"https:\/\/www.prijedordanas.com\/","logo":{"@type":"ImageObject","inLanguage":"en-US","@id":"https:\/\/www.prijedordanas.com\/#\/schema\/logo\/image\/","url":"http:\/\/www.prijedordanas.com\/wp-content\/uploads\/2021\/12\/logopng.png","contentUrl":"http:\/\/www.prijedordanas.com\/wp-content\/uploads\/2021\/12\/logopng.png","width":1019,"height":776,"caption":"PrijedorDanas.com"},"image":{"@id":"https:\/\/www.prijedordanas.com\/#\/schema\/logo\/image\/"},"sameAs":["https:\/\/www.facebook.com\/PrijedorDanasCom\/"]},{"@type":"Person","@id":"https:\/\/www.prijedordanas.com\/#\/schema\/person\/4e08ccf29b506ca916ff86d46bb700e6","name":"admin","image":{"@type":"ImageObject","inLanguage":"en-US","@id":"https:\/\/www.prijedordanas.com\/#\/schema\/person\/image\/","url":"https:\/\/secure.gravatar.com\/avatar\/1d3fc949d550f0b53a5f0d51e06dfd79?s=96&d=mm&r=g","contentUrl":"https:\/\/secure.gravatar.com\/avatar\/1d3fc949d550f0b53a5f0d51e06dfd79?s=96&d=mm&r=g","caption":"admin"},"url":"https:\/\/www.prijedordanas.com\/?author=1"}]}},"_links":{"self":[{"href":"https:\/\/www.prijedordanas.com\/index.php?rest_route=\/wp\/v2\/posts\/275357"}],"collection":[{"href":"https:\/\/www.prijedordanas.com\/index.php?rest_route=\/wp\/v2\/posts"}],"about":[{"href":"https:\/\/www.prijedordanas.com\/index.php?rest_route=\/wp\/v2\/types\/post"}],"author":[{"embeddable":true,"href":"https:\/\/www.prijedordanas.com\/index.php?rest_route=\/wp\/v2\/users\/1"}],"replies":[{"embeddable":true,"href":"https:\/\/www.prijedordanas.com\/index.php?rest_route=%2Fwp%2Fv2%2Fcomments&post=275357"}],"version-history":[{"count":2,"href":"https:\/\/www.prijedordanas.com\/index.php?rest_route=\/wp\/v2\/posts\/275357\/revisions"}],"predecessor-version":[{"id":275367,"href":"https:\/\/www.prijedordanas.com\/index.php?rest_route=\/wp\/v2\/posts\/275357\/revisions\/275367"}],"wp:attachment":[{"href":"https:\/\/www.prijedordanas.com\/index.php?rest_route=%2Fwp%2Fv2%2Fmedia&parent=275357"}],"wp:term":[{"taxonomy":"category","embeddable":true,"href":"https:\/\/www.prijedordanas.com\/index.php?rest_route=%2Fwp%2Fv2%2Fcategories&post=275357"},{"taxonomy":"post_tag","embeddable":true,"href":"https:\/\/www.prijedordanas.com\/index.php?rest_route=%2Fwp%2Fv2%2Ftags&post=275357"}],"curies":[{"name":"wp","href":"https:\/\/api.w.org\/{rel}","templated":true}]}}