{"id":275302,"date":"2026-08-25T19:14:25","date_gmt":"2026-08-25T17:14:25","guid":{"rendered":"https:\/\/www.prijedordanas.com\/?p=275302"},"modified":"2026-08-25T19:14:25","modified_gmt":"2026-08-25T17:14:25","slug":"u-prijedoru-broj-redovnih-birackih-mjesta-manji-za-23-pridruzeni-susjednim-najblizim-mjestima-video","status":"publish","type":"post","link":"https:\/\/www.prijedordanas.com\/?p=275302","title":{"rendered":"U Prijedoru broj redovnih bira\u010dkih mjesta manji za 23, pridru\u017eeni susjednim najbli\u017eim mjestima &#8211; VIDEO"},"content":{"rendered":"<p><a href=\"https:\/\/www.prijedordanas.com\/wp-content\/uploads\/2024\/10\/izbori-2024-glasanje-9.jpg\"><img loading=\"lazy\" decoding=\"async\" src=\"https:\/\/www.prijedordanas.com\/wp-content\/uploads\/2024\/10\/izbori-2024-glasanje-9-300x225.jpg\" alt=\"\" width=\"300\" height=\"225\" class=\"alignleft size-medium wp-image-234644\" srcset=\"https:\/\/www.prijedordanas.com\/wp-content\/uploads\/2024\/10\/izbori-2024-glasanje-9-300x225.jpg 300w, https:\/\/www.prijedordanas.com\/wp-content\/uploads\/2024\/10\/izbori-2024-glasanje-9-640x480.jpg 640w, https:\/\/www.prijedordanas.com\/wp-content\/uploads\/2024\/10\/izbori-2024-glasanje-9.jpg 667w\" sizes=\"(max-width: 300px) 100vw, 300px\" \/><\/a>Centralna izborna komisija BiH je za pro\u0161le lokalne izbore,  prije dvije godine, tra\u017eila da se broj bira\u010dkih mjesta redukuje. Na zahtjev prijedorske Gradske izborne komisije tada je ostalo svih 129 mjesta. Ponovo su iz CIK-a sa tim aktivnostima krenuli po\u010detkom ove godine, tako da je GIK sva redovna bira\u010dka mjesta sa manje od 300 glasa\u010da pridru\u017eio najbli\u017eem bira\u010dkom mjestu. Predsjednik Gradske izborne komisije Prijedor \u017deljko \u0160kondri\u0107 ka\u017ee da je sada 106 redovnih bira\u010dkih mjesta.   <\/p>\n<p>\u201cMalo Palan\u010di\u0161te smo pridru\u017eili Velikom Palan\u010di\u0161tu, iz Jutrogo\u0161te \u0107e morati glasati u Brezi\u010danima, ali Brezi\u010dani su najbli\u017ei centar gdje mogu obaviti svoju obavezu. Tako redom smo radili i do\u0161li na broj 106 redovnih bira\u010dkih mjesta. Me\u0111utim, nisu sva promijenila lokaciju. Kozaru\u0161a i Kami\u010dani imaju dvije hiljade i ne\u0161to glasa\u010da na jednoj adresi. To zna\u010di Kozaru\u0161a BB ima preko dvije hiljade glasa\u010da. I mi smo do sada imali tu tri bira\u010dka mjesta, pod A, B i C. S obzirom da smo pratili izbore i da smo konstatovali da na ta tri bira\u010dka mjesta ne iza\u0111e vi\u0161e od 500-600 glasa\u010da, tra\u017eili smo od Centralne izborne komisije da nam ukinu po jedno bira\u010dko mjesto u tim mjestima. Isto tako, Rasavci su imali zajedno sa Ni\u0161tavcima 1.020 glasa\u010da, a tu nikad nije na oba bira\u010dke mjesta iza\u0161lo preko 600-700 glasa\u010da, tako da smo od Centralne izborne komisije tra\u017eili i dobili da to bude jedno glasa\u010dko mjesto\u201d, pri\u010da on.<\/p>\n<p>\u0160kondri\u0107 isti\u010de da nijedno bira\u010dko mjesto nije ukinuto ve\u0107 da je samo promijenilo lokaciju, odnosno pridru\u017eeno je najbli\u017eim bira\u010dkom mjestu.<\/p>\n<p>\u201c\u0160urkovcu je najbli\u017ee bira\u010dko mjesto Donja Ljubija i oni \u0107e svi mo\u0107i svoje bira\u010dko pravo da ostvare u Donjoj Ljubiji, dok Ravska ide u Gornju Ljubiju. To su njihova mjesta gdje oni obavljaju sve svoje neke potrebe kao \u0161to su trgovina, zdravstvo, \u0161kolstvo itd. Ne vidim ba\u0161 nekakvog razloga zbog \u010dega je tolika, da ka\u017eem, ujdurma oko pridru\u017eivanja tih bira\u010dkih mjesta centrima njihovim. Mada moje nije uop\u0161te da cijenim da li je to ispravno ili neispravno, mi smo se jednostavno pona\u0161ali kako je tra\u017eila Centralna izborna komisija\u201d, ka\u017ee \u0160kondri\u0107.<\/p>\n<p><a href=\"https:\/\/www.prijedordanas.com\/wp-content\/uploads\/2026\/08\/kozarski-skondric-glasacka-mjesta.jpg\"><img loading=\"lazy\" decoding=\"async\" src=\"https:\/\/www.prijedordanas.com\/wp-content\/uploads\/2026\/08\/kozarski-skondric-glasacka-mjesta-300x225.jpg\" alt=\"\" width=\"300\" height=\"225\" class=\"alignleft size-medium wp-image-275303\" srcset=\"https:\/\/www.prijedordanas.com\/wp-content\/uploads\/2026\/08\/kozarski-skondric-glasacka-mjesta-300x225.jpg 300w, https:\/\/www.prijedordanas.com\/wp-content\/uploads\/2026\/08\/kozarski-skondric-glasacka-mjesta-640x480.jpg 640w, https:\/\/www.prijedordanas.com\/wp-content\/uploads\/2026\/08\/kozarski-skondric-glasacka-mjesta.jpg 667w\" sizes=\"(max-width: 300px) 100vw, 300px\" \/><\/a>On navodi da pored 106 redovnih ima jedno mjesto glasanje li\u010dno.<\/p>\n<p>\u201cTo mjesto glasanje li\u010dno je za glasanje za op\u0161tinu svog prebivali\u0161ta. Tu zadnjih par izbora niko nije glasao, ali je ostalo. Njemu smo pridodali mjesto glasanje u odsustvu i glasanje na nepotvr\u0111enim glasa\u010dkim listi\u0107ima tako da je to objedinjeno. Bi\u0107e u Gimnaziji \u201cSveti Sava\u201d, ka\u017ee on.<\/p>\n<p>\u0160kondri\u0107 navodi da je proteklog vikenda po\u010dela obuka za predsjednike bira\u010dkih odbora i njihove zamjenike.<\/p>\n<p>\u201cCentralna izborna komisija je GIK-u dostavila spisak od oko 320 lica koja su se kandidovala za predsjednike odnosno zamjenike predsjednika i mi smo pro\u0161li vikend pozvali 300 lica sa tog spiska da pristupe obuci i testiranju. Odazvalo ih se manje od pola tako da imamo jo\u0161 sljede\u0107i subotu pa \u0107emo vidjeti koliko osoba imamo za predsjednike i za zamjenike predsjednika kojih trebamo 212. Uz nova pravila CIK-a da predsjednik ni u kom slu\u010daju ne mo\u017ee svoje obaveze predati nekome drugome osim svom zamjeniku, do sada je mogao \u010dlanu bira\u010dkog odbora dok on ode obaviti glasanje ako ne glasa na tom bira\u010dkom mjestu, me\u0111utim sada po novim pravilima samo zamjenik mo\u017ee da zamjeni predsjednika\u201d, obja\u0161njava \u0160kondri\u0107.<\/p>\n<p>Dodaje da jo\u0161 nije poznato koliko \u0107e iznositi nov\u010dane naknade za rad u bira\u010dkim odborima, ali da one ni pro\u0161le godine kada su iznosile preko 400 KM nisu stimulisale za ovaj posao. Ocjenjuje da je GIK spreman za primjenu skenera i podsje\u0107a da je Prijedor na pro\u0161lim lokalnim izborima sa skenerima na 25 bira\u010dkih mjesta u\u010destvovao u pilot projektu.<\/p>\n<p>\u201cTada nije bilo problema. Sada sve zavisi od novih skenera koji nisu isti kao oni pro\u0161li. Dobavlja\u010d skenera, osnosno opreme, nije ispo\u0161tovao mogu\u0107nosti skenera u skladu sa izbornim zakonom. Imamo situaciju da je za skener listi\u0107 va\u017ee\u0107i i on \u0107e ga ozna\u010diti kao va\u017ee\u0107i, a za izbornu komisiju s obziriom da \u0107e biti i ru\u010dno brojanje taj listi\u0107 mo\u017ee biti neva\u017ee\u0107i, isto tako za skener mo\u017ee odre\u0111eni listi\u0107 da bude neva\u017ee\u0107i, a za komisiju va\u017ee\u0107i. Imamo tu neusagla\u0161enost programa skenera i izbornog zakona\u201d, ka\u017ee \u0160kondri\u0107.<\/p>\n<p>Podsje\u0107a da se do 10. septembra vr\u0161i prijava za glasanje putem mobilnog tima.<\/p>\n<p>\u201cPopunj\u0430va se odre\u0111eni obrazac i potrebna je odre\u0111ena medicinska dokumentacija, a vjerovatno stariji ljudi koji nisu u mogu\u0107nosti da odu na glasanje imaju odre\u0111enu medicisnku dokumentaciju\u201d, ka\u017ee on.<\/p>\n<p>Dodaje da u izvodu centralnog bira\u010dkog spiska Prijedor ima 86.000 glasa\u010da.<\/p>\n<p>\u201cTo vjerovatno ne odgovara stvarno\u0161\u0107u jer bira\u010dke spiskove pravi IDDEEA, odgovornost za bira\u010dke spiskove snoci CIK i mi ih dobijamo. Kada ka\u017eu da ima dosta mrtvih to nije ta\u010dno. Imamo lica koja imaju prebivali\u0161te u Prijedoru i imaju li\u010dnu kartu u Prijedoru, a umru u drugom gradu, recimo Novom Gradu, Beogradu ili negdje drugo i na\u0161 mati\u010dni ured ne dobije obavje\u0161tenje o smrti lica i ono se vodi na bira\u010dkom spisku samo u tim slu\u010dejevima, ali to je mo\u017eda neka statisti\u010dka gre\u0161ka. Imamo vi\u0161e slu\u010dajeva da su se ljudi odselili, oti\u0161li, imaju li\u010dnu kartu, ne \u017eive u gradu Prijedoru, a vode se na bira\u010dkom spisku, jer niko nije obavezan da se prilikom prijavljivanja u drugoj dr\u017eavi tra\u017ei od CIPS-a da se ispi\u0161e sa te adrese. Zbog toga i imamo veliki broj ljudi koji stvarno ne \u017eive u Prijedoru, a na bira\u010dkom su spisku\u201d, navodi on.<\/p>\n<p><a href=\"https:\/\/kozarski.com\/u-prijedoru-broj-redovnih-birackih-mjesta-manji-za-23-pridruzeni-susjednim-najblizim-mjestima\/\" rel=\"noopener\" target=\"_blank\">kozarski.com<\/a><\/p>\n<p><iframe loading=\"lazy\" title=\"U PRIJEDORU BROJ REDOVNIH BIRA\u010cKIH MJESTA MANJI ZA 23\" width=\"500\" height=\"281\" src=\"https:\/\/www.youtube.com\/embed\/UrP4nXH4gDc?feature=oembed\" frameborder=\"0\" allow=\"accelerometer; autoplay; clipboard-write; encrypted-media; gyroscope; picture-in-picture; web-share\" referrerpolicy=\"strict-origin-when-cross-origin\" allowfullscreen><\/iframe><\/p>\n","protected":false},"excerpt":{"rendered":"<p>Centralna izborna komisija BiH je za pro\u0161le lokalne izbore, prije dvije godine, tra\u017eila da se broj bira\u010dkih mjesta redukuje. Na zahtjev prijedorske Gradske izborne komisije tada je ostalo svih 129 [&hellip;]<\/p>\n","protected":false},"author":1,"featured_media":0,"comment_status":"closed","ping_status":"open","sticky":false,"template":"","format":"standard","meta":{"_monsterinsights_skip_tracking":false,"_monsterinsights_sitenote_active":false,"_monsterinsights_sitenote_note":"","_monsterinsights_sitenote_category":0,"footnotes":""},"categories":[4],"tags":[],"yoast_head":"<!-- This site is optimized with the Yoast SEO plugin v21.6 - https:\/\/yoast.com\/wordpress\/plugins\/seo\/ -->\n<title>U Prijedoru broj redovnih bira\u010dkih mjesta manji za 23, pridru\u017eeni susjednim najbli\u017eim mjestima - VIDEO - PrijedorDanas.com - Prijedorski gradski portal<\/title>\n<meta name=\"robots\" content=\"index, follow, max-snippet:-1, max-image-preview:large, max-video-preview:-1\" \/>\n<link rel=\"canonical\" href=\"https:\/\/www.prijedordanas.com\/?p=275302\" \/>\n<meta property=\"og:locale\" content=\"en_US\" \/>\n<meta property=\"og:type\" content=\"article\" \/>\n<meta property=\"og:title\" content=\"U Prijedoru broj redovnih bira\u010dkih mjesta manji za 23, pridru\u017eeni susjednim najbli\u017eim mjestima - VIDEO - PrijedorDanas.com - Prijedorski gradski portal\" \/>\n<meta property=\"og:description\" content=\"Centralna izborna komisija BiH je za pro\u0161le lokalne izbore, prije dvije godine, tra\u017eila da se broj bira\u010dkih mjesta redukuje. Na zahtjev prijedorske Gradske izborne komisije tada je ostalo svih 129 [&hellip;]\" \/>\n<meta property=\"og:url\" content=\"https:\/\/www.prijedordanas.com\/?p=275302\" \/>\n<meta property=\"og:site_name\" content=\"PrijedorDanas.com - Prijedorski gradski portal\" \/>\n<meta property=\"article:publisher\" content=\"https:\/\/www.facebook.com\/PrijedorDanasCom\/\" \/>\n<meta property=\"article:published_time\" content=\"2026-08-25T17:14:25+00:00\" \/>\n<meta property=\"og:image\" content=\"https:\/\/www.prijedordanas.com\/wp-content\/uploads\/2024\/10\/izbori-2024-glasanje-9-300x225.jpg\" \/>\n<meta name=\"author\" content=\"admin\" \/>\n<meta name=\"twitter:card\" content=\"summary_large_image\" \/>\n<meta name=\"twitter:label1\" content=\"Written by\" \/>\n\t<meta name=\"twitter:data1\" content=\"admin\" \/>\n<script type=\"application\/ld+json\" class=\"yoast-schema-graph\">{\"@context\":\"https:\/\/schema.org\",\"@graph\":[{\"@type\":\"Article\",\"@id\":\"https:\/\/www.prijedordanas.com\/?p=275302#article\",\"isPartOf\":{\"@id\":\"https:\/\/www.prijedordanas.com\/?p=275302\"},\"author\":{\"name\":\"admin\",\"@id\":\"https:\/\/www.prijedordanas.com\/#\/schema\/person\/4e08ccf29b506ca916ff86d46bb700e6\"},\"headline\":\"U Prijedoru broj redovnih bira\u010dkih mjesta manji za 23, pridru\u017eeni susjednim najbli\u017eim mjestima &#8211; VIDEO\",\"datePublished\":\"2026-08-25T17:14:25+00:00\",\"dateModified\":\"2026-08-25T17:14:25+00:00\",\"mainEntityOfPage\":{\"@id\":\"https:\/\/www.prijedordanas.com\/?p=275302\"},\"wordCount\":1033,\"publisher\":{\"@id\":\"https:\/\/www.prijedordanas.com\/#organization\"},\"articleSection\":[\"Dru\u0161tvo\"],\"inLanguage\":\"en-US\"},{\"@type\":\"WebPage\",\"@id\":\"https:\/\/www.prijedordanas.com\/?p=275302\",\"url\":\"https:\/\/www.prijedordanas.com\/?p=275302\",\"name\":\"U Prijedoru broj redovnih bira\u010dkih mjesta manji za 23, pridru\u017eeni susjednim najbli\u017eim mjestima - VIDEO - PrijedorDanas.com - Prijedorski gradski portal\",\"isPartOf\":{\"@id\":\"https:\/\/www.prijedordanas.com\/#website\"},\"datePublished\":\"2026-08-25T17:14:25+00:00\",\"dateModified\":\"2026-08-25T17:14:25+00:00\",\"breadcrumb\":{\"@id\":\"https:\/\/www.prijedordanas.com\/?p=275302#breadcrumb\"},\"inLanguage\":\"en-US\",\"potentialAction\":[{\"@type\":\"ReadAction\",\"target\":[\"https:\/\/www.prijedordanas.com\/?p=275302\"]}]},{\"@type\":\"BreadcrumbList\",\"@id\":\"https:\/\/www.prijedordanas.com\/?p=275302#breadcrumb\",\"itemListElement\":[{\"@type\":\"ListItem\",\"position\":1,\"name\":\"Home\",\"item\":\"https:\/\/www.prijedordanas.com\/\"},{\"@type\":\"ListItem\",\"position\":2,\"name\":\"U Prijedoru broj redovnih bira\u010dkih mjesta manji za 23, pridru\u017eeni susjednim najbli\u017eim mjestima &#8211; VIDEO\"}]},{\"@type\":\"WebSite\",\"@id\":\"https:\/\/www.prijedordanas.com\/#website\",\"url\":\"https:\/\/www.prijedordanas.com\/\",\"name\":\"PrijedorDanas.com - Prijedorski gradski portal\",\"description\":\"Portal o doga\u0111anjima u gradu Prijedoru\",\"publisher\":{\"@id\":\"https:\/\/www.prijedordanas.com\/#organization\"},\"potentialAction\":[{\"@type\":\"SearchAction\",\"target\":{\"@type\":\"EntryPoint\",\"urlTemplate\":\"https:\/\/www.prijedordanas.com\/?s={search_term_string}\"},\"query-input\":\"required name=search_term_string\"}],\"inLanguage\":\"en-US\"},{\"@type\":\"Organization\",\"@id\":\"https:\/\/www.prijedordanas.com\/#organization\",\"name\":\"PrijedorDanas.com\",\"url\":\"https:\/\/www.prijedordanas.com\/\",\"logo\":{\"@type\":\"ImageObject\",\"inLanguage\":\"en-US\",\"@id\":\"https:\/\/www.prijedordanas.com\/#\/schema\/logo\/image\/\",\"url\":\"http:\/\/www.prijedordanas.com\/wp-content\/uploads\/2021\/12\/logopng.png\",\"contentUrl\":\"http:\/\/www.prijedordanas.com\/wp-content\/uploads\/2021\/12\/logopng.png\",\"width\":1019,\"height\":776,\"caption\":\"PrijedorDanas.com\"},\"image\":{\"@id\":\"https:\/\/www.prijedordanas.com\/#\/schema\/logo\/image\/\"},\"sameAs\":[\"https:\/\/www.facebook.com\/PrijedorDanasCom\/\"]},{\"@type\":\"Person\",\"@id\":\"https:\/\/www.prijedordanas.com\/#\/schema\/person\/4e08ccf29b506ca916ff86d46bb700e6\",\"name\":\"admin\",\"image\":{\"@type\":\"ImageObject\",\"inLanguage\":\"en-US\",\"@id\":\"https:\/\/www.prijedordanas.com\/#\/schema\/person\/image\/\",\"url\":\"https:\/\/secure.gravatar.com\/avatar\/1d3fc949d550f0b53a5f0d51e06dfd79?s=96&d=mm&r=g\",\"contentUrl\":\"https:\/\/secure.gravatar.com\/avatar\/1d3fc949d550f0b53a5f0d51e06dfd79?s=96&d=mm&r=g\",\"caption\":\"admin\"},\"url\":\"https:\/\/www.prijedordanas.com\/?author=1\"}]}<\/script>\n<!-- \/ Yoast SEO plugin. -->","yoast_head_json":{"title":"U Prijedoru broj redovnih bira\u010dkih mjesta manji za 23, pridru\u017eeni susjednim najbli\u017eim mjestima - VIDEO - PrijedorDanas.com - Prijedorski gradski portal","robots":{"index":"index","follow":"follow","max-snippet":"max-snippet:-1","max-image-preview":"max-image-preview:large","max-video-preview":"max-video-preview:-1"},"canonical":"https:\/\/www.prijedordanas.com\/?p=275302","og_locale":"en_US","og_type":"article","og_title":"U Prijedoru broj redovnih bira\u010dkih mjesta manji za 23, pridru\u017eeni susjednim najbli\u017eim mjestima - VIDEO - PrijedorDanas.com - Prijedorski gradski portal","og_description":"Centralna izborna komisija BiH je za pro\u0161le lokalne izbore, prije dvije godine, tra\u017eila da se broj bira\u010dkih mjesta redukuje. Na zahtjev prijedorske Gradske izborne komisije tada je ostalo svih 129 [&hellip;]","og_url":"https:\/\/www.prijedordanas.com\/?p=275302","og_site_name":"PrijedorDanas.com - Prijedorski gradski portal","article_publisher":"https:\/\/www.facebook.com\/PrijedorDanasCom\/","article_published_time":"2026-08-25T17:14:25+00:00","og_image":[{"url":"https:\/\/www.prijedordanas.com\/wp-content\/uploads\/2024\/10\/izbori-2024-glasanje-9-300x225.jpg"}],"author":"admin","twitter_card":"summary_large_image","twitter_misc":{"Written by":"admin"},"schema":{"@context":"https:\/\/schema.org","@graph":[{"@type":"Article","@id":"https:\/\/www.prijedordanas.com\/?p=275302#article","isPartOf":{"@id":"https:\/\/www.prijedordanas.com\/?p=275302"},"author":{"name":"admin","@id":"https:\/\/www.prijedordanas.com\/#\/schema\/person\/4e08ccf29b506ca916ff86d46bb700e6"},"headline":"U Prijedoru broj redovnih bira\u010dkih mjesta manji za 23, pridru\u017eeni susjednim najbli\u017eim mjestima &#8211; VIDEO","datePublished":"2026-08-25T17:14:25+00:00","dateModified":"2026-08-25T17:14:25+00:00","mainEntityOfPage":{"@id":"https:\/\/www.prijedordanas.com\/?p=275302"},"wordCount":1033,"publisher":{"@id":"https:\/\/www.prijedordanas.com\/#organization"},"articleSection":["Dru\u0161tvo"],"inLanguage":"en-US"},{"@type":"WebPage","@id":"https:\/\/www.prijedordanas.com\/?p=275302","url":"https:\/\/www.prijedordanas.com\/?p=275302","name":"U Prijedoru broj redovnih bira\u010dkih mjesta manji za 23, pridru\u017eeni susjednim najbli\u017eim mjestima - VIDEO - PrijedorDanas.com - Prijedorski gradski portal","isPartOf":{"@id":"https:\/\/www.prijedordanas.com\/#website"},"datePublished":"2026-08-25T17:14:25+00:00","dateModified":"2026-08-25T17:14:25+00:00","breadcrumb":{"@id":"https:\/\/www.prijedordanas.com\/?p=275302#breadcrumb"},"inLanguage":"en-US","potentialAction":[{"@type":"ReadAction","target":["https:\/\/www.prijedordanas.com\/?p=275302"]}]},{"@type":"BreadcrumbList","@id":"https:\/\/www.prijedordanas.com\/?p=275302#breadcrumb","itemListElement":[{"@type":"ListItem","position":1,"name":"Home","item":"https:\/\/www.prijedordanas.com\/"},{"@type":"ListItem","position":2,"name":"U Prijedoru broj redovnih bira\u010dkih mjesta manji za 23, pridru\u017eeni susjednim najbli\u017eim mjestima &#8211; VIDEO"}]},{"@type":"WebSite","@id":"https:\/\/www.prijedordanas.com\/#website","url":"https:\/\/www.prijedordanas.com\/","name":"PrijedorDanas.com - Prijedorski gradski portal","description":"Portal o doga\u0111anjima u gradu Prijedoru","publisher":{"@id":"https:\/\/www.prijedordanas.com\/#organization"},"potentialAction":[{"@type":"SearchAction","target":{"@type":"EntryPoint","urlTemplate":"https:\/\/www.prijedordanas.com\/?s={search_term_string}"},"query-input":"required name=search_term_string"}],"inLanguage":"en-US"},{"@type":"Organization","@id":"https:\/\/www.prijedordanas.com\/#organization","name":"PrijedorDanas.com","url":"https:\/\/www.prijedordanas.com\/","logo":{"@type":"ImageObject","inLanguage":"en-US","@id":"https:\/\/www.prijedordanas.com\/#\/schema\/logo\/image\/","url":"http:\/\/www.prijedordanas.com\/wp-content\/uploads\/2021\/12\/logopng.png","contentUrl":"http:\/\/www.prijedordanas.com\/wp-content\/uploads\/2021\/12\/logopng.png","width":1019,"height":776,"caption":"PrijedorDanas.com"},"image":{"@id":"https:\/\/www.prijedordanas.com\/#\/schema\/logo\/image\/"},"sameAs":["https:\/\/www.facebook.com\/PrijedorDanasCom\/"]},{"@type":"Person","@id":"https:\/\/www.prijedordanas.com\/#\/schema\/person\/4e08ccf29b506ca916ff86d46bb700e6","name":"admin","image":{"@type":"ImageObject","inLanguage":"en-US","@id":"https:\/\/www.prijedordanas.com\/#\/schema\/person\/image\/","url":"https:\/\/secure.gravatar.com\/avatar\/1d3fc949d550f0b53a5f0d51e06dfd79?s=96&d=mm&r=g","contentUrl":"https:\/\/secure.gravatar.com\/avatar\/1d3fc949d550f0b53a5f0d51e06dfd79?s=96&d=mm&r=g","caption":"admin"},"url":"https:\/\/www.prijedordanas.com\/?author=1"}]}},"_links":{"self":[{"href":"https:\/\/www.prijedordanas.com\/index.php?rest_route=\/wp\/v2\/posts\/275302"}],"collection":[{"href":"https:\/\/www.prijedordanas.com\/index.php?rest_route=\/wp\/v2\/posts"}],"about":[{"href":"https:\/\/www.prijedordanas.com\/index.php?rest_route=\/wp\/v2\/types\/post"}],"author":[{"embeddable":true,"href":"https:\/\/www.prijedordanas.com\/index.php?rest_route=\/wp\/v2\/users\/1"}],"replies":[{"embeddable":true,"href":"https:\/\/www.prijedordanas.com\/index.php?rest_route=%2Fwp%2Fv2%2Fcomments&post=275302"}],"version-history":[{"count":1,"href":"https:\/\/www.prijedordanas.com\/index.php?rest_route=\/wp\/v2\/posts\/275302\/revisions"}],"predecessor-version":[{"id":275304,"href":"https:\/\/www.prijedordanas.com\/index.php?rest_route=\/wp\/v2\/posts\/275302\/revisions\/275304"}],"wp:attachment":[{"href":"https:\/\/www.prijedordanas.com\/index.php?rest_route=%2Fwp%2Fv2%2Fmedia&parent=275302"}],"wp:term":[{"taxonomy":"category","embeddable":true,"href":"https:\/\/www.prijedordanas.com\/index.php?rest_route=%2Fwp%2Fv2%2Fcategories&post=275302"},{"taxonomy":"post_tag","embeddable":true,"href":"https:\/\/www.prijedordanas.com\/index.php?rest_route=%2Fwp%2Fv2%2Ftags&post=275302"}],"curies":[{"name":"wp","href":"https:\/\/api.w.org\/{rel}","templated":true}]}}