{"id":275300,"date":"2026-08-25T19:54:41","date_gmt":"2026-08-25T17:54:41","guid":{"rendered":"https:\/\/www.prijedordanas.com\/?p=275300"},"modified":"2026-08-25T20:01:06","modified_gmt":"2026-08-25T18:01:06","slug":"prijedor-od-7-septembra-turisticki-vauceri-podrska-kucnom-budzetu-i-domacim-destinacijama-video","status":"publish","type":"post","link":"https:\/\/www.prijedordanas.com\/?p=275300","title":{"rendered":"Prijedor: Od 7. septembra turisti\u010dki vau\u010deri, podr\u0161ka ku\u0107nom bud\u017eetu i doma\u0107im destinacijama &#8211; VIDEO"},"content":{"rendered":"<p><a href=\"https:\/\/www.prijedordanas.com\/wp-content\/uploads\/2026\/07\/prijedor-setaliste-juli2026-2.jpg\"><img loading=\"lazy\" decoding=\"async\" class=\"alignleft size-medium wp-image-273232\" src=\"https:\/\/www.prijedordanas.com\/wp-content\/uploads\/2026\/07\/prijedor-setaliste-juli2026-2-300x225.jpg\" alt=\"\" width=\"300\" height=\"225\" srcset=\"https:\/\/www.prijedordanas.com\/wp-content\/uploads\/2026\/07\/prijedor-setaliste-juli2026-2-300x225.jpg 300w, https:\/\/www.prijedordanas.com\/wp-content\/uploads\/2026\/07\/prijedor-setaliste-juli2026-2-640x480.jpg 640w, https:\/\/www.prijedordanas.com\/wp-content\/uploads\/2026\/07\/prijedor-setaliste-juli2026-2.jpg 667w\" sizes=\"(max-width: 300px) 100vw, 300px\" \/><\/a>Gra\u0111ani Republike Srpske i ove jeseni ima\u0107e priliku da uz subvenciju Vlade provedu odmor na nekoj od doma\u0107ih destinacija.<\/p>\n<p>Nova uredba predvi\u0111a turisti\u010dke vau\u010dere u vrijednosti od 100 KM, koji \u0107e se mo\u0107i iskoristiti od 7. septembra do 30. novembra.<\/p>\n<p>Svrha vau\u010dera je podsticaj doma\u0107eg turizma, ali i rastere\u0107enje bud\u017eeta gra\u0111ana.<\/p>\n<p>\u201cJa to ne koristim, nisam koristio ovih godina, ali mislim da je jako dobra stvar. Pogodno je za gra\u0111ane da iskoriste jeftiniji aran\u017eman odmora\u201d, rekao je Prijedor\u010danin Dra\u0161ko \u0110akovi\u0107.<\/p>\n<p>Iz Turisti\u010dke organizacije grada Prijedora poru\u010duju da su uslovi i procedura za prijavu i ove godine jasni i jednostavni, a ima i novina.<\/p>\n<p><a href=\"https:\/\/www.prijedordanas.com\/wp-content\/uploads\/2026\/08\/kozarski-turisticki-vauceri-aramanda.jpg\"><img loading=\"lazy\" decoding=\"async\" class=\"alignleft size-medium wp-image-275308\" src=\"https:\/\/www.prijedordanas.com\/wp-content\/uploads\/2026\/08\/kozarski-turisticki-vauceri-aramanda-300x225.jpg\" alt=\"\" width=\"300\" height=\"225\" srcset=\"https:\/\/www.prijedordanas.com\/wp-content\/uploads\/2026\/08\/kozarski-turisticki-vauceri-aramanda-300x225.jpg 300w, https:\/\/www.prijedordanas.com\/wp-content\/uploads\/2026\/08\/kozarski-turisticki-vauceri-aramanda-640x480.jpg 640w, https:\/\/www.prijedordanas.com\/wp-content\/uploads\/2026\/08\/kozarski-turisticki-vauceri-aramanda.jpg 666w\" sizes=\"(max-width: 300px) 100vw, 300px\" \/><\/a>\u201cOno \u0161to je novina ove godine jeste da se u program mogu uklju\u010diti i turisti\u010dke agencije koje \u0107e kreirati aran\u017emane po volji na\u0161eg stanovni\u0161tva. Ministarstvo trgovine i turizma raspisalo je javni poziv za ugostitelje i turisti\u010dke agencije. Nakon sprovedene procedure, spisak ugostiteljskih objekata bi\u0107e objavljen na zvani\u010dnom sajtu resornog ministarstva. Vau\u010deri \u0107e se mo\u0107i koristiti tako \u0161to jedan vau\u010der vrijedi za jednu osobu za najmanje dva no\u0107enja, a ukoliko su u pitanju dvije osobe, onda su neophodna najmanje tri no\u0107enja\u201d, pojasnila je Dijana Aramanda, v. d. direktora Turisti\u010dke organizacije Prijedor.<\/p>\n<p>Sude\u0107i po dosada\u0161njim iskustvima, najve\u0107e interesovanje gra\u0111ana o\u010dekuje se za banjske i planinske centre, te avanturisti\u010dki turizam. Kada je rije\u010d o Prijedoru, u lokalnoj turisti\u010dkoj organizaciji isti\u010du da dosada\u0161nji dio godine bilje\u017ei pozitivne rezultate i rast broja posjeta.<\/p>\n<p>\u201cNa osnovu statisti\u010dkih podataka Zavoda za statistiku Republike Srpske, kada uporedimo prvih \u0161est mjeseci pro\u0161le godine i prvih \u0161est mjeseci ove godine, imali smo porast u broju dolazaka za 7,1 odsto i no\u0107enja za 8,3 odsto. I dalje su to prete\u017eno gosti iz zemalja regiona \u2013 Slovenije, Hrvatske i Srbije, mada imamo i pove\u0107an broj gostiju iz evropskih zemalja. Najvi\u0161e gostiju dolazi u okviru brojnih delegacija povodom doga\u0111aja koji se organizuju u okviru obilje\u017eavanja Dana grada i brojnih manifestacija u sklopu Prijedorskog ljeta ili Prijedorske zime. U te statisti\u010dke podatke ne ulaze ljudi iz dijaspore koji dolaze svojim ku\u0107ama, ve\u0107 isklju\u010divo oni koji su ostvarili no\u0107enje na teritoriji grada Prijedora u nekom od ugostiteljskih objekata koji pru\u017eaju usluge smje\u0161taja\u201d, dodala je Aramanda.<\/p>\n<p><a href=\"https:\/\/www.prijedordanas.com\/wp-content\/uploads\/2026\/08\/kozarski-turisticki-vauceri-djakovic.jpg\"><img loading=\"lazy\" decoding=\"async\" src=\"https:\/\/www.prijedordanas.com\/wp-content\/uploads\/2026\/08\/kozarski-turisticki-vauceri-djakovic-300x225.jpg\" alt=\"\" width=\"300\" height=\"225\" class=\"alignleft size-medium wp-image-275309\" srcset=\"https:\/\/www.prijedordanas.com\/wp-content\/uploads\/2026\/08\/kozarski-turisticki-vauceri-djakovic-300x225.jpg 300w, https:\/\/www.prijedordanas.com\/wp-content\/uploads\/2026\/08\/kozarski-turisticki-vauceri-djakovic-640x480.jpg 640w, https:\/\/www.prijedordanas.com\/wp-content\/uploads\/2026\/08\/kozarski-turisticki-vauceri-djakovic.jpg 667w\" sizes=\"(max-width: 300px) 100vw, 300px\" \/><\/a>Imaju\u0107i u vidu da se u Prijedoru bilje\u017ei pove\u0107an broj no\u0107enja, u lokalnoj turisti\u010dkoj organizaciji nadaju se da \u0107e se taj pozitivni trend nastaviti i tokom jeseni.<\/p>\n<p>O\u010dekuju da \u0107e tome doprinijeti upravo turisti\u010dki vau\u010deri, ali i smje\u0161tajni kapaciteti iz na\u0161eg kraja za koje vjeruju da \u0107e se ponovo na\u0107i na spisku resornog ministarstva.<\/p>\n<p><a href=\"https:\/\/kozarski.com\/od-7-septembra-turisticki-vauceri-podrska-kucnom-budzetu-i-domacim-destinacijama\/\" target=\"_blank\" rel=\"noopener\">kozarski.com<\/a><\/p>\n<p><iframe loading=\"lazy\" title=\"OD 7. SEPTEMBRA TURISTI\u010cKI VAU\u010cERI: PODR\u0160KA KU\u0106NOM BUD\u017dETU I DOMA\u0106IM DESTINACIJAMA\" width=\"500\" height=\"281\" src=\"https:\/\/www.youtube.com\/embed\/eVEZB6T4G7I?feature=oembed\" frameborder=\"0\" allow=\"accelerometer; autoplay; clipboard-write; encrypted-media; gyroscope; picture-in-picture; web-share\" referrerpolicy=\"strict-origin-when-cross-origin\" allowfullscreen><\/iframe><\/p>\n","protected":false},"excerpt":{"rendered":"<p>Gra\u0111ani Republike Srpske i ove jeseni ima\u0107e priliku da uz subvenciju Vlade provedu odmor na nekoj od doma\u0107ih destinacija. Nova uredba predvi\u0111a turisti\u010dke vau\u010dere u vrijednosti od 100 KM, koji [&hellip;]<\/p>\n","protected":false},"author":1,"featured_media":0,"comment_status":"closed","ping_status":"open","sticky":false,"template":"","format":"standard","meta":{"_monsterinsights_skip_tracking":false,"_monsterinsights_sitenote_active":false,"_monsterinsights_sitenote_note":"","_monsterinsights_sitenote_category":0,"footnotes":""},"categories":[8],"tags":[],"yoast_head":"<!-- This site is optimized with the Yoast SEO plugin v21.6 - https:\/\/yoast.com\/wordpress\/plugins\/seo\/ -->\n<title>Prijedor: Od 7. septembra turisti\u010dki vau\u010deri, podr\u0161ka ku\u0107nom bud\u017eetu i doma\u0107im destinacijama - VIDEO - PrijedorDanas.com - Prijedorski gradski portal<\/title>\n<meta name=\"robots\" content=\"index, follow, max-snippet:-1, max-image-preview:large, max-video-preview:-1\" \/>\n<link rel=\"canonical\" href=\"https:\/\/www.prijedordanas.com\/?p=275300\" \/>\n<meta property=\"og:locale\" content=\"en_US\" \/>\n<meta property=\"og:type\" content=\"article\" \/>\n<meta property=\"og:title\" content=\"Prijedor: Od 7. septembra turisti\u010dki vau\u010deri, podr\u0161ka ku\u0107nom bud\u017eetu i doma\u0107im destinacijama - VIDEO - PrijedorDanas.com - Prijedorski gradski portal\" \/>\n<meta property=\"og:description\" content=\"Gra\u0111ani Republike Srpske i ove jeseni ima\u0107e priliku da uz subvenciju Vlade provedu odmor na nekoj od doma\u0107ih destinacija. Nova uredba predvi\u0111a turisti\u010dke vau\u010dere u vrijednosti od 100 KM, koji [&hellip;]\" \/>\n<meta property=\"og:url\" content=\"https:\/\/www.prijedordanas.com\/?p=275300\" \/>\n<meta property=\"og:site_name\" content=\"PrijedorDanas.com - Prijedorski gradski portal\" \/>\n<meta property=\"article:publisher\" content=\"https:\/\/www.facebook.com\/PrijedorDanasCom\/\" \/>\n<meta property=\"article:published_time\" content=\"2026-08-25T17:54:41+00:00\" \/>\n<meta property=\"article:modified_time\" content=\"2026-08-25T18:01:06+00:00\" \/>\n<meta property=\"og:image\" content=\"https:\/\/www.prijedordanas.com\/wp-content\/uploads\/2026\/07\/prijedor-setaliste-juli2026-2-300x225.jpg\" \/>\n<meta name=\"author\" content=\"admin\" \/>\n<meta name=\"twitter:card\" content=\"summary_large_image\" \/>\n<meta name=\"twitter:label1\" content=\"Written by\" \/>\n\t<meta name=\"twitter:data1\" content=\"admin\" \/>\n\t<meta name=\"twitter:label2\" content=\"Est. reading time\" \/>\n\t<meta name=\"twitter:data2\" content=\"3 minutes\" \/>\n<script type=\"application\/ld+json\" class=\"yoast-schema-graph\">{\"@context\":\"https:\/\/schema.org\",\"@graph\":[{\"@type\":\"Article\",\"@id\":\"https:\/\/www.prijedordanas.com\/?p=275300#article\",\"isPartOf\":{\"@id\":\"https:\/\/www.prijedordanas.com\/?p=275300\"},\"author\":{\"name\":\"admin\",\"@id\":\"https:\/\/www.prijedordanas.com\/#\/schema\/person\/4e08ccf29b506ca916ff86d46bb700e6\"},\"headline\":\"Prijedor: Od 7. septembra turisti\u010dki vau\u010deri, podr\u0161ka ku\u0107nom bud\u017eetu i doma\u0107im destinacijama &#8211; VIDEO\",\"datePublished\":\"2026-08-25T17:54:41+00:00\",\"dateModified\":\"2026-08-25T18:01:06+00:00\",\"mainEntityOfPage\":{\"@id\":\"https:\/\/www.prijedordanas.com\/?p=275300\"},\"wordCount\":499,\"publisher\":{\"@id\":\"https:\/\/www.prijedordanas.com\/#organization\"},\"articleSection\":[\"Svakodnevno\"],\"inLanguage\":\"en-US\"},{\"@type\":\"WebPage\",\"@id\":\"https:\/\/www.prijedordanas.com\/?p=275300\",\"url\":\"https:\/\/www.prijedordanas.com\/?p=275300\",\"name\":\"Prijedor: Od 7. septembra turisti\u010dki vau\u010deri, podr\u0161ka ku\u0107nom bud\u017eetu i doma\u0107im destinacijama - VIDEO - PrijedorDanas.com - Prijedorski gradski portal\",\"isPartOf\":{\"@id\":\"https:\/\/www.prijedordanas.com\/#website\"},\"datePublished\":\"2026-08-25T17:54:41+00:00\",\"dateModified\":\"2026-08-25T18:01:06+00:00\",\"breadcrumb\":{\"@id\":\"https:\/\/www.prijedordanas.com\/?p=275300#breadcrumb\"},\"inLanguage\":\"en-US\",\"potentialAction\":[{\"@type\":\"ReadAction\",\"target\":[\"https:\/\/www.prijedordanas.com\/?p=275300\"]}]},{\"@type\":\"BreadcrumbList\",\"@id\":\"https:\/\/www.prijedordanas.com\/?p=275300#breadcrumb\",\"itemListElement\":[{\"@type\":\"ListItem\",\"position\":1,\"name\":\"Home\",\"item\":\"https:\/\/www.prijedordanas.com\/\"},{\"@type\":\"ListItem\",\"position\":2,\"name\":\"Prijedor: Od 7. septembra turisti\u010dki vau\u010deri, podr\u0161ka ku\u0107nom bud\u017eetu i doma\u0107im destinacijama &#8211; VIDEO\"}]},{\"@type\":\"WebSite\",\"@id\":\"https:\/\/www.prijedordanas.com\/#website\",\"url\":\"https:\/\/www.prijedordanas.com\/\",\"name\":\"PrijedorDanas.com - Prijedorski gradski portal\",\"description\":\"Portal o doga\u0111anjima u gradu Prijedoru\",\"publisher\":{\"@id\":\"https:\/\/www.prijedordanas.com\/#organization\"},\"potentialAction\":[{\"@type\":\"SearchAction\",\"target\":{\"@type\":\"EntryPoint\",\"urlTemplate\":\"https:\/\/www.prijedordanas.com\/?s={search_term_string}\"},\"query-input\":\"required name=search_term_string\"}],\"inLanguage\":\"en-US\"},{\"@type\":\"Organization\",\"@id\":\"https:\/\/www.prijedordanas.com\/#organization\",\"name\":\"PrijedorDanas.com\",\"url\":\"https:\/\/www.prijedordanas.com\/\",\"logo\":{\"@type\":\"ImageObject\",\"inLanguage\":\"en-US\",\"@id\":\"https:\/\/www.prijedordanas.com\/#\/schema\/logo\/image\/\",\"url\":\"http:\/\/www.prijedordanas.com\/wp-content\/uploads\/2021\/12\/logopng.png\",\"contentUrl\":\"http:\/\/www.prijedordanas.com\/wp-content\/uploads\/2021\/12\/logopng.png\",\"width\":1019,\"height\":776,\"caption\":\"PrijedorDanas.com\"},\"image\":{\"@id\":\"https:\/\/www.prijedordanas.com\/#\/schema\/logo\/image\/\"},\"sameAs\":[\"https:\/\/www.facebook.com\/PrijedorDanasCom\/\"]},{\"@type\":\"Person\",\"@id\":\"https:\/\/www.prijedordanas.com\/#\/schema\/person\/4e08ccf29b506ca916ff86d46bb700e6\",\"name\":\"admin\",\"image\":{\"@type\":\"ImageObject\",\"inLanguage\":\"en-US\",\"@id\":\"https:\/\/www.prijedordanas.com\/#\/schema\/person\/image\/\",\"url\":\"https:\/\/secure.gravatar.com\/avatar\/1d3fc949d550f0b53a5f0d51e06dfd79?s=96&d=mm&r=g\",\"contentUrl\":\"https:\/\/secure.gravatar.com\/avatar\/1d3fc949d550f0b53a5f0d51e06dfd79?s=96&d=mm&r=g\",\"caption\":\"admin\"},\"url\":\"https:\/\/www.prijedordanas.com\/?author=1\"}]}<\/script>\n<!-- \/ Yoast SEO plugin. -->","yoast_head_json":{"title":"Prijedor: Od 7. septembra turisti\u010dki vau\u010deri, podr\u0161ka ku\u0107nom bud\u017eetu i doma\u0107im destinacijama - VIDEO - PrijedorDanas.com - Prijedorski gradski portal","robots":{"index":"index","follow":"follow","max-snippet":"max-snippet:-1","max-image-preview":"max-image-preview:large","max-video-preview":"max-video-preview:-1"},"canonical":"https:\/\/www.prijedordanas.com\/?p=275300","og_locale":"en_US","og_type":"article","og_title":"Prijedor: Od 7. septembra turisti\u010dki vau\u010deri, podr\u0161ka ku\u0107nom bud\u017eetu i doma\u0107im destinacijama - VIDEO - PrijedorDanas.com - Prijedorski gradski portal","og_description":"Gra\u0111ani Republike Srpske i ove jeseni ima\u0107e priliku da uz subvenciju Vlade provedu odmor na nekoj od doma\u0107ih destinacija. Nova uredba predvi\u0111a turisti\u010dke vau\u010dere u vrijednosti od 100 KM, koji [&hellip;]","og_url":"https:\/\/www.prijedordanas.com\/?p=275300","og_site_name":"PrijedorDanas.com - Prijedorski gradski portal","article_publisher":"https:\/\/www.facebook.com\/PrijedorDanasCom\/","article_published_time":"2026-08-25T17:54:41+00:00","article_modified_time":"2026-08-25T18:01:06+00:00","og_image":[{"url":"https:\/\/www.prijedordanas.com\/wp-content\/uploads\/2026\/07\/prijedor-setaliste-juli2026-2-300x225.jpg"}],"author":"admin","twitter_card":"summary_large_image","twitter_misc":{"Written by":"admin","Est. reading time":"3 minutes"},"schema":{"@context":"https:\/\/schema.org","@graph":[{"@type":"Article","@id":"https:\/\/www.prijedordanas.com\/?p=275300#article","isPartOf":{"@id":"https:\/\/www.prijedordanas.com\/?p=275300"},"author":{"name":"admin","@id":"https:\/\/www.prijedordanas.com\/#\/schema\/person\/4e08ccf29b506ca916ff86d46bb700e6"},"headline":"Prijedor: Od 7. septembra turisti\u010dki vau\u010deri, podr\u0161ka ku\u0107nom bud\u017eetu i doma\u0107im destinacijama &#8211; VIDEO","datePublished":"2026-08-25T17:54:41+00:00","dateModified":"2026-08-25T18:01:06+00:00","mainEntityOfPage":{"@id":"https:\/\/www.prijedordanas.com\/?p=275300"},"wordCount":499,"publisher":{"@id":"https:\/\/www.prijedordanas.com\/#organization"},"articleSection":["Svakodnevno"],"inLanguage":"en-US"},{"@type":"WebPage","@id":"https:\/\/www.prijedordanas.com\/?p=275300","url":"https:\/\/www.prijedordanas.com\/?p=275300","name":"Prijedor: Od 7. septembra turisti\u010dki vau\u010deri, podr\u0161ka ku\u0107nom bud\u017eetu i doma\u0107im destinacijama - VIDEO - PrijedorDanas.com - Prijedorski gradski portal","isPartOf":{"@id":"https:\/\/www.prijedordanas.com\/#website"},"datePublished":"2026-08-25T17:54:41+00:00","dateModified":"2026-08-25T18:01:06+00:00","breadcrumb":{"@id":"https:\/\/www.prijedordanas.com\/?p=275300#breadcrumb"},"inLanguage":"en-US","potentialAction":[{"@type":"ReadAction","target":["https:\/\/www.prijedordanas.com\/?p=275300"]}]},{"@type":"BreadcrumbList","@id":"https:\/\/www.prijedordanas.com\/?p=275300#breadcrumb","itemListElement":[{"@type":"ListItem","position":1,"name":"Home","item":"https:\/\/www.prijedordanas.com\/"},{"@type":"ListItem","position":2,"name":"Prijedor: Od 7. septembra turisti\u010dki vau\u010deri, podr\u0161ka ku\u0107nom bud\u017eetu i doma\u0107im destinacijama &#8211; VIDEO"}]},{"@type":"WebSite","@id":"https:\/\/www.prijedordanas.com\/#website","url":"https:\/\/www.prijedordanas.com\/","name":"PrijedorDanas.com - Prijedorski gradski portal","description":"Portal o doga\u0111anjima u gradu Prijedoru","publisher":{"@id":"https:\/\/www.prijedordanas.com\/#organization"},"potentialAction":[{"@type":"SearchAction","target":{"@type":"EntryPoint","urlTemplate":"https:\/\/www.prijedordanas.com\/?s={search_term_string}"},"query-input":"required name=search_term_string"}],"inLanguage":"en-US"},{"@type":"Organization","@id":"https:\/\/www.prijedordanas.com\/#organization","name":"PrijedorDanas.com","url":"https:\/\/www.prijedordanas.com\/","logo":{"@type":"ImageObject","inLanguage":"en-US","@id":"https:\/\/www.prijedordanas.com\/#\/schema\/logo\/image\/","url":"http:\/\/www.prijedordanas.com\/wp-content\/uploads\/2021\/12\/logopng.png","contentUrl":"http:\/\/www.prijedordanas.com\/wp-content\/uploads\/2021\/12\/logopng.png","width":1019,"height":776,"caption":"PrijedorDanas.com"},"image":{"@id":"https:\/\/www.prijedordanas.com\/#\/schema\/logo\/image\/"},"sameAs":["https:\/\/www.facebook.com\/PrijedorDanasCom\/"]},{"@type":"Person","@id":"https:\/\/www.prijedordanas.com\/#\/schema\/person\/4e08ccf29b506ca916ff86d46bb700e6","name":"admin","image":{"@type":"ImageObject","inLanguage":"en-US","@id":"https:\/\/www.prijedordanas.com\/#\/schema\/person\/image\/","url":"https:\/\/secure.gravatar.com\/avatar\/1d3fc949d550f0b53a5f0d51e06dfd79?s=96&d=mm&r=g","contentUrl":"https:\/\/secure.gravatar.com\/avatar\/1d3fc949d550f0b53a5f0d51e06dfd79?s=96&d=mm&r=g","caption":"admin"},"url":"https:\/\/www.prijedordanas.com\/?author=1"}]}},"_links":{"self":[{"href":"https:\/\/www.prijedordanas.com\/index.php?rest_route=\/wp\/v2\/posts\/275300"}],"collection":[{"href":"https:\/\/www.prijedordanas.com\/index.php?rest_route=\/wp\/v2\/posts"}],"about":[{"href":"https:\/\/www.prijedordanas.com\/index.php?rest_route=\/wp\/v2\/types\/post"}],"author":[{"embeddable":true,"href":"https:\/\/www.prijedordanas.com\/index.php?rest_route=\/wp\/v2\/users\/1"}],"replies":[{"embeddable":true,"href":"https:\/\/www.prijedordanas.com\/index.php?rest_route=%2Fwp%2Fv2%2Fcomments&post=275300"}],"version-history":[{"count":4,"href":"https:\/\/www.prijedordanas.com\/index.php?rest_route=\/wp\/v2\/posts\/275300\/revisions"}],"predecessor-version":[{"id":275310,"href":"https:\/\/www.prijedordanas.com\/index.php?rest_route=\/wp\/v2\/posts\/275300\/revisions\/275310"}],"wp:attachment":[{"href":"https:\/\/www.prijedordanas.com\/index.php?rest_route=%2Fwp%2Fv2%2Fmedia&parent=275300"}],"wp:term":[{"taxonomy":"category","embeddable":true,"href":"https:\/\/www.prijedordanas.com\/index.php?rest_route=%2Fwp%2Fv2%2Fcategories&post=275300"},{"taxonomy":"post_tag","embeddable":true,"href":"https:\/\/www.prijedordanas.com\/index.php?rest_route=%2Fwp%2Fv2%2Ftags&post=275300"}],"curies":[{"name":"wp","href":"https:\/\/api.w.org\/{rel}","templated":true}]}}