{"id":2753,"date":"2014-05-13T15:05:47","date_gmt":"2014-05-13T14:05:47","guid":{"rendered":"https:\/\/www.prijedordanas.com\/?p=2753"},"modified":"2014-05-13T15:05:47","modified_gmt":"2014-05-13T14:05:47","slug":"zeljeznice-rs-nova-proizvodna-linija-zvanicno-pustena-u-rad","status":"publish","type":"post","link":"https:\/\/www.prijedordanas.com\/?p=2753","title":{"rendered":"\u017dELJEZNICE RS: NOVA PROIZVODNA LINIJA ZVANI\u010cNO PU\u0160TENA U RAD"},"content":{"rendered":"<p><a href=\"https:\/\/www.prijedordanas.com\/wp-content\/uploads\/2014\/05\/zeljeznice-rs-novi-pogon-1.jpg\"><img loading=\"lazy\" decoding=\"async\" class=\"alignleft size-thumbnail wp-image-2754\" alt=\"zeljeznice rs-novi pogon 1\" src=\"https:\/\/www.prijedordanas.com\/wp-content\/uploads\/2014\/05\/zeljeznice-rs-novi-pogon-1-300x300.jpg\" width=\"150\" height=\"150\" srcset=\"https:\/\/www.prijedordanas.com\/wp-content\/uploads\/2014\/05\/zeljeznice-rs-novi-pogon-1-300x300.jpg 300w, https:\/\/www.prijedordanas.com\/wp-content\/uploads\/2014\/05\/zeljeznice-rs-novi-pogon-1-50x50.jpg 50w\" sizes=\"(max-width: 150px) 100vw, 150px\" \/><\/a>&#8220;\u017deljeznice Republike Srpske&#8221; u Prijedoru su danas u rad pustile novi sistem &#8211; proizvodnu liniju za obradu i napresavanje osovina i to\u010dkova, jedinu u Republici Srpskoj i BiH.<\/p>\n<p>Generalni direktor &#8220;\u017deljeznica Republike Srpske&#8221; Dragan Savanovic\u0301 rekao je da c\u0301e ovaj pogon vlastitim snagama raditi uslugu koju su do sada plac\u0301ali trec\u0301im licima, naj\u010de\u0161c\u0301e Sloveniji i Srbiji, \u010dime c\u0301e se ostvariti znatne u\u0161tede.<\/p>\n<p>&#8220;Zbog cijene i kvaliteta usluge i jednostavne procedure vjerujemo da c\u0301e i federalne \u017eeljeznice ovu uslugu raditi kod nas, a povoljnim uslovima o\u010dekujemo da c\u0301emo pridobiti i druge kupce izvan BiH&#8221;, rekao je Savanovic\u0301 novinarima u Prijedoru.<\/p>\n<p><a href=\"https:\/\/www.prijedordanas.com\/wp-content\/uploads\/2014\/05\/zeljeznice-rs-novi-pogon-2.jpg\"><img loading=\"lazy\" decoding=\"async\" class=\"alignleft size-thumbnail wp-image-2755\" alt=\"zeljeznice rs-novi pogon 2\" src=\"https:\/\/www.prijedordanas.com\/wp-content\/uploads\/2014\/05\/zeljeznice-rs-novi-pogon-2-300x300.jpg\" width=\"150\" height=\"150\" srcset=\"https:\/\/www.prijedordanas.com\/wp-content\/uploads\/2014\/05\/zeljeznice-rs-novi-pogon-2-300x300.jpg 300w, https:\/\/www.prijedordanas.com\/wp-content\/uploads\/2014\/05\/zeljeznice-rs-novi-pogon-2-50x50.jpg 50w\" sizes=\"(max-width: 150px) 100vw, 150px\" \/><\/a>On je naveo da je pokretanje novog pogona finansirano iz kredita Republike Poljske od 4,5 miliona evra iz kojeg su finansirane i rekonstrukcija i modernizacija postojec\u0301ih sistema u Prijedoru, Banjaluci i Doboju.<\/p>\n<p>&#8220;U jednoj smjeni radi 11 ljudi, a moguc\u0301e uvo\u0111enje i druge i trec\u0301e smjene tra\u017eilo bi i dodatan broj radnika. Kapacitet rada u jednoj smjeni je vi\u0161e od 1.000 napresovanih sklopova godi\u0161nje. U moguc\u0301nosti smo da napresavamo osovine i za putni\u010dke i za teretne vagone, a u dogledno vrijeme i za lokomotivske osovine i za dizel i za elektro vu\u010du&#8221;, kazao je Savanovic\u0301 i dodao da potrebu za ovim sistemom imaju i mnoge druge industrije.<\/p>\n<p>Profesor Ma\u0161inskog fakulteta u Banjaluci Drago Blagojevic\u0301 pojasnio je da se radi o vrlo sofisticiranom proizvodnom sistemu.<\/p>\n<p><a href=\"https:\/\/www.prijedordanas.com\/wp-content\/uploads\/2014\/05\/zeljeznice-rs-novi-pogon-3.jpg\"><img loading=\"lazy\" decoding=\"async\" src=\"https:\/\/www.prijedordanas.com\/wp-content\/uploads\/2014\/05\/zeljeznice-rs-novi-pogon-3-300x300.jpg\" alt=\"zeljeznice rs-novi pogon 3\" width=\"150\" height=\"150\" class=\"alignleft size-thumbnail wp-image-2756\" srcset=\"https:\/\/www.prijedordanas.com\/wp-content\/uploads\/2014\/05\/zeljeznice-rs-novi-pogon-3-300x300.jpg 300w, https:\/\/www.prijedordanas.com\/wp-content\/uploads\/2014\/05\/zeljeznice-rs-novi-pogon-3-50x50.jpg 50w\" sizes=\"(max-width: 150px) 100vw, 150px\" \/><\/a>&#8220;To je sistem koji je samo pri\u017eeljkivan u ranijim generacijama, ali za to nije bilo hrabrosti da se donese odluka da se u\u0111e u ovu investiciju. Namjenski je prilago\u0111en za potrebe \u017eeljeznica, ali uz pojedine pripravke omoguc\u0301uje primjenu \u0161irokog spektra&#8221;, dodao je Blagojevic\u0301.<\/p>\n<p>Sve\u010danost pu\u0161tanja u rad nove proizvodne linije uprili\u010dena je u povodu obilje\u017eavanja krsne slave &#8220;\u017deljeznica Republike Srpske&#8221;, Svetog Vasilija Ostro\u0161kog.<\/p>\n<p>SRNA<\/p>\n","protected":false},"excerpt":{"rendered":"<p>&#8220;\u017deljeznice Republike Srpske&#8221; u Prijedoru su danas u rad pustile novi sistem &#8211; proizvodnu liniju za obradu i napresavanje osovina i to\u010dkova, jedinu u Republici Srpskoj i BiH. Generalni direktor [&hellip;]<\/p>\n","protected":false},"author":1,"featured_media":0,"comment_status":"closed","ping_status":"open","sticky":false,"template":"","format":"standard","meta":{"_monsterinsights_skip_tracking":false,"_monsterinsights_sitenote_active":false,"_monsterinsights_sitenote_note":"","_monsterinsights_sitenote_category":0,"footnotes":""},"categories":[4],"tags":[1229,1228,539],"yoast_head":"<!-- This site is optimized with the Yoast SEO plugin v21.6 - https:\/\/yoast.com\/wordpress\/plugins\/seo\/ -->\n<title>\u017dELJEZNICE RS: NOVA PROIZVODNA LINIJA ZVANI\u010cNO PU\u0160TENA U RAD - PrijedorDanas.com - Prijedorski gradski portal<\/title>\n<meta name=\"robots\" content=\"index, follow, max-snippet:-1, max-image-preview:large, max-video-preview:-1\" \/>\n<link rel=\"canonical\" href=\"https:\/\/www.prijedordanas.com\/?p=2753\" \/>\n<meta property=\"og:locale\" content=\"en_US\" \/>\n<meta property=\"og:type\" content=\"article\" \/>\n<meta property=\"og:title\" content=\"\u017dELJEZNICE RS: NOVA PROIZVODNA LINIJA ZVANI\u010cNO PU\u0160TENA U RAD - PrijedorDanas.com - Prijedorski gradski portal\" \/>\n<meta property=\"og:description\" content=\"&#8220;\u017deljeznice Republike Srpske&#8221; u Prijedoru su danas u rad pustile novi sistem &#8211; proizvodnu liniju za obradu i napresavanje osovina i to\u010dkova, jedinu u Republici Srpskoj i BiH. Generalni direktor [&hellip;]\" \/>\n<meta property=\"og:url\" content=\"https:\/\/www.prijedordanas.com\/?p=2753\" \/>\n<meta property=\"og:site_name\" content=\"PrijedorDanas.com - Prijedorski gradski portal\" \/>\n<meta property=\"article:publisher\" content=\"https:\/\/www.facebook.com\/PrijedorDanasCom\/\" \/>\n<meta property=\"article:published_time\" content=\"2014-05-13T14:05:47+00:00\" \/>\n<meta property=\"og:image\" content=\"https:\/\/www.prijedordanas.com\/wp-content\/uploads\/2014\/05\/zeljeznice-rs-novi-pogon-1-300x300.jpg\" \/>\n<meta name=\"author\" content=\"admin\" \/>\n<meta name=\"twitter:card\" content=\"summary_large_image\" \/>\n<meta name=\"twitter:label1\" content=\"Written by\" \/>\n\t<meta name=\"twitter:data1\" content=\"admin\" \/>\n\t<meta name=\"twitter:label2\" content=\"Est. reading time\" \/>\n\t<meta name=\"twitter:data2\" content=\"2 minutes\" \/>\n<script type=\"application\/ld+json\" class=\"yoast-schema-graph\">{\"@context\":\"https:\/\/schema.org\",\"@graph\":[{\"@type\":\"Article\",\"@id\":\"https:\/\/www.prijedordanas.com\/?p=2753#article\",\"isPartOf\":{\"@id\":\"https:\/\/www.prijedordanas.com\/?p=2753\"},\"author\":{\"name\":\"admin\",\"@id\":\"https:\/\/www.prijedordanas.com\/#\/schema\/person\/4e08ccf29b506ca916ff86d46bb700e6\"},\"headline\":\"\u017dELJEZNICE RS: NOVA PROIZVODNA LINIJA ZVANI\u010cNO PU\u0160TENA U RAD\",\"datePublished\":\"2014-05-13T14:05:47+00:00\",\"dateModified\":\"2014-05-13T14:05:47+00:00\",\"mainEntityOfPage\":{\"@id\":\"https:\/\/www.prijedordanas.com\/?p=2753\"},\"wordCount\":327,\"publisher\":{\"@id\":\"https:\/\/www.prijedordanas.com\/#organization\"},\"keywords\":[\"napresavanje osovina i to\u010dkova\",\"proizvodna linija\",\"\u017deljeznice RS\"],\"articleSection\":[\"Dru\u0161tvo\"],\"inLanguage\":\"en-US\"},{\"@type\":\"WebPage\",\"@id\":\"https:\/\/www.prijedordanas.com\/?p=2753\",\"url\":\"https:\/\/www.prijedordanas.com\/?p=2753\",\"name\":\"\u017dELJEZNICE RS: NOVA PROIZVODNA LINIJA ZVANI\u010cNO PU\u0160TENA U RAD - PrijedorDanas.com - Prijedorski gradski portal\",\"isPartOf\":{\"@id\":\"https:\/\/www.prijedordanas.com\/#website\"},\"datePublished\":\"2014-05-13T14:05:47+00:00\",\"dateModified\":\"2014-05-13T14:05:47+00:00\",\"breadcrumb\":{\"@id\":\"https:\/\/www.prijedordanas.com\/?p=2753#breadcrumb\"},\"inLanguage\":\"en-US\",\"potentialAction\":[{\"@type\":\"ReadAction\",\"target\":[\"https:\/\/www.prijedordanas.com\/?p=2753\"]}]},{\"@type\":\"BreadcrumbList\",\"@id\":\"https:\/\/www.prijedordanas.com\/?p=2753#breadcrumb\",\"itemListElement\":[{\"@type\":\"ListItem\",\"position\":1,\"name\":\"Home\",\"item\":\"https:\/\/www.prijedordanas.com\/\"},{\"@type\":\"ListItem\",\"position\":2,\"name\":\"\u017dELJEZNICE RS: NOVA PROIZVODNA LINIJA ZVANI\u010cNO PU\u0160TENA U RAD\"}]},{\"@type\":\"WebSite\",\"@id\":\"https:\/\/www.prijedordanas.com\/#website\",\"url\":\"https:\/\/www.prijedordanas.com\/\",\"name\":\"PrijedorDanas.com - Prijedorski gradski portal\",\"description\":\"Portal o doga\u0111anjima u gradu Prijedoru\",\"publisher\":{\"@id\":\"https:\/\/www.prijedordanas.com\/#organization\"},\"potentialAction\":[{\"@type\":\"SearchAction\",\"target\":{\"@type\":\"EntryPoint\",\"urlTemplate\":\"https:\/\/www.prijedordanas.com\/?s={search_term_string}\"},\"query-input\":\"required name=search_term_string\"}],\"inLanguage\":\"en-US\"},{\"@type\":\"Organization\",\"@id\":\"https:\/\/www.prijedordanas.com\/#organization\",\"name\":\"PrijedorDanas.com\",\"url\":\"https:\/\/www.prijedordanas.com\/\",\"logo\":{\"@type\":\"ImageObject\",\"inLanguage\":\"en-US\",\"@id\":\"https:\/\/www.prijedordanas.com\/#\/schema\/logo\/image\/\",\"url\":\"http:\/\/www.prijedordanas.com\/wp-content\/uploads\/2021\/12\/logopng.png\",\"contentUrl\":\"http:\/\/www.prijedordanas.com\/wp-content\/uploads\/2021\/12\/logopng.png\",\"width\":1019,\"height\":776,\"caption\":\"PrijedorDanas.com\"},\"image\":{\"@id\":\"https:\/\/www.prijedordanas.com\/#\/schema\/logo\/image\/\"},\"sameAs\":[\"https:\/\/www.facebook.com\/PrijedorDanasCom\/\"]},{\"@type\":\"Person\",\"@id\":\"https:\/\/www.prijedordanas.com\/#\/schema\/person\/4e08ccf29b506ca916ff86d46bb700e6\",\"name\":\"admin\",\"image\":{\"@type\":\"ImageObject\",\"inLanguage\":\"en-US\",\"@id\":\"https:\/\/www.prijedordanas.com\/#\/schema\/person\/image\/\",\"url\":\"https:\/\/secure.gravatar.com\/avatar\/1d3fc949d550f0b53a5f0d51e06dfd79?s=96&d=mm&r=g\",\"contentUrl\":\"https:\/\/secure.gravatar.com\/avatar\/1d3fc949d550f0b53a5f0d51e06dfd79?s=96&d=mm&r=g\",\"caption\":\"admin\"},\"url\":\"https:\/\/www.prijedordanas.com\/?author=1\"}]}<\/script>\n<!-- \/ Yoast SEO plugin. -->","yoast_head_json":{"title":"\u017dELJEZNICE RS: NOVA PROIZVODNA LINIJA ZVANI\u010cNO PU\u0160TENA U RAD - PrijedorDanas.com - Prijedorski gradski portal","robots":{"index":"index","follow":"follow","max-snippet":"max-snippet:-1","max-image-preview":"max-image-preview:large","max-video-preview":"max-video-preview:-1"},"canonical":"https:\/\/www.prijedordanas.com\/?p=2753","og_locale":"en_US","og_type":"article","og_title":"\u017dELJEZNICE RS: NOVA PROIZVODNA LINIJA ZVANI\u010cNO PU\u0160TENA U RAD - PrijedorDanas.com - Prijedorski gradski portal","og_description":"&#8220;\u017deljeznice Republike Srpske&#8221; u Prijedoru su danas u rad pustile novi sistem &#8211; proizvodnu liniju za obradu i napresavanje osovina i to\u010dkova, jedinu u Republici Srpskoj i BiH. Generalni direktor [&hellip;]","og_url":"https:\/\/www.prijedordanas.com\/?p=2753","og_site_name":"PrijedorDanas.com - Prijedorski gradski portal","article_publisher":"https:\/\/www.facebook.com\/PrijedorDanasCom\/","article_published_time":"2014-05-13T14:05:47+00:00","og_image":[{"url":"https:\/\/www.prijedordanas.com\/wp-content\/uploads\/2014\/05\/zeljeznice-rs-novi-pogon-1-300x300.jpg"}],"author":"admin","twitter_card":"summary_large_image","twitter_misc":{"Written by":"admin","Est. reading time":"2 minutes"},"schema":{"@context":"https:\/\/schema.org","@graph":[{"@type":"Article","@id":"https:\/\/www.prijedordanas.com\/?p=2753#article","isPartOf":{"@id":"https:\/\/www.prijedordanas.com\/?p=2753"},"author":{"name":"admin","@id":"https:\/\/www.prijedordanas.com\/#\/schema\/person\/4e08ccf29b506ca916ff86d46bb700e6"},"headline":"\u017dELJEZNICE RS: NOVA PROIZVODNA LINIJA ZVANI\u010cNO PU\u0160TENA U RAD","datePublished":"2014-05-13T14:05:47+00:00","dateModified":"2014-05-13T14:05:47+00:00","mainEntityOfPage":{"@id":"https:\/\/www.prijedordanas.com\/?p=2753"},"wordCount":327,"publisher":{"@id":"https:\/\/www.prijedordanas.com\/#organization"},"keywords":["napresavanje osovina i to\u010dkova","proizvodna linija","\u017deljeznice RS"],"articleSection":["Dru\u0161tvo"],"inLanguage":"en-US"},{"@type":"WebPage","@id":"https:\/\/www.prijedordanas.com\/?p=2753","url":"https:\/\/www.prijedordanas.com\/?p=2753","name":"\u017dELJEZNICE RS: NOVA PROIZVODNA LINIJA ZVANI\u010cNO PU\u0160TENA U RAD - PrijedorDanas.com - Prijedorski gradski portal","isPartOf":{"@id":"https:\/\/www.prijedordanas.com\/#website"},"datePublished":"2014-05-13T14:05:47+00:00","dateModified":"2014-05-13T14:05:47+00:00","breadcrumb":{"@id":"https:\/\/www.prijedordanas.com\/?p=2753#breadcrumb"},"inLanguage":"en-US","potentialAction":[{"@type":"ReadAction","target":["https:\/\/www.prijedordanas.com\/?p=2753"]}]},{"@type":"BreadcrumbList","@id":"https:\/\/www.prijedordanas.com\/?p=2753#breadcrumb","itemListElement":[{"@type":"ListItem","position":1,"name":"Home","item":"https:\/\/www.prijedordanas.com\/"},{"@type":"ListItem","position":2,"name":"\u017dELJEZNICE RS: NOVA PROIZVODNA LINIJA ZVANI\u010cNO PU\u0160TENA U RAD"}]},{"@type":"WebSite","@id":"https:\/\/www.prijedordanas.com\/#website","url":"https:\/\/www.prijedordanas.com\/","name":"PrijedorDanas.com - Prijedorski gradski portal","description":"Portal o doga\u0111anjima u gradu Prijedoru","publisher":{"@id":"https:\/\/www.prijedordanas.com\/#organization"},"potentialAction":[{"@type":"SearchAction","target":{"@type":"EntryPoint","urlTemplate":"https:\/\/www.prijedordanas.com\/?s={search_term_string}"},"query-input":"required name=search_term_string"}],"inLanguage":"en-US"},{"@type":"Organization","@id":"https:\/\/www.prijedordanas.com\/#organization","name":"PrijedorDanas.com","url":"https:\/\/www.prijedordanas.com\/","logo":{"@type":"ImageObject","inLanguage":"en-US","@id":"https:\/\/www.prijedordanas.com\/#\/schema\/logo\/image\/","url":"http:\/\/www.prijedordanas.com\/wp-content\/uploads\/2021\/12\/logopng.png","contentUrl":"http:\/\/www.prijedordanas.com\/wp-content\/uploads\/2021\/12\/logopng.png","width":1019,"height":776,"caption":"PrijedorDanas.com"},"image":{"@id":"https:\/\/www.prijedordanas.com\/#\/schema\/logo\/image\/"},"sameAs":["https:\/\/www.facebook.com\/PrijedorDanasCom\/"]},{"@type":"Person","@id":"https:\/\/www.prijedordanas.com\/#\/schema\/person\/4e08ccf29b506ca916ff86d46bb700e6","name":"admin","image":{"@type":"ImageObject","inLanguage":"en-US","@id":"https:\/\/www.prijedordanas.com\/#\/schema\/person\/image\/","url":"https:\/\/secure.gravatar.com\/avatar\/1d3fc949d550f0b53a5f0d51e06dfd79?s=96&d=mm&r=g","contentUrl":"https:\/\/secure.gravatar.com\/avatar\/1d3fc949d550f0b53a5f0d51e06dfd79?s=96&d=mm&r=g","caption":"admin"},"url":"https:\/\/www.prijedordanas.com\/?author=1"}]}},"_links":{"self":[{"href":"https:\/\/www.prijedordanas.com\/index.php?rest_route=\/wp\/v2\/posts\/2753"}],"collection":[{"href":"https:\/\/www.prijedordanas.com\/index.php?rest_route=\/wp\/v2\/posts"}],"about":[{"href":"https:\/\/www.prijedordanas.com\/index.php?rest_route=\/wp\/v2\/types\/post"}],"author":[{"embeddable":true,"href":"https:\/\/www.prijedordanas.com\/index.php?rest_route=\/wp\/v2\/users\/1"}],"replies":[{"embeddable":true,"href":"https:\/\/www.prijedordanas.com\/index.php?rest_route=%2Fwp%2Fv2%2Fcomments&post=2753"}],"version-history":[{"count":1,"href":"https:\/\/www.prijedordanas.com\/index.php?rest_route=\/wp\/v2\/posts\/2753\/revisions"}],"predecessor-version":[{"id":2757,"href":"https:\/\/www.prijedordanas.com\/index.php?rest_route=\/wp\/v2\/posts\/2753\/revisions\/2757"}],"wp:attachment":[{"href":"https:\/\/www.prijedordanas.com\/index.php?rest_route=%2Fwp%2Fv2%2Fmedia&parent=2753"}],"wp:term":[{"taxonomy":"category","embeddable":true,"href":"https:\/\/www.prijedordanas.com\/index.php?rest_route=%2Fwp%2Fv2%2Fcategories&post=2753"},{"taxonomy":"post_tag","embeddable":true,"href":"https:\/\/www.prijedordanas.com\/index.php?rest_route=%2Fwp%2Fv2%2Ftags&post=2753"}],"curies":[{"name":"wp","href":"https:\/\/api.w.org\/{rel}","templated":true}]}}