{"id":275275,"date":"2026-08-25T23:02:46","date_gmt":"2026-08-25T21:02:46","guid":{"rendered":"https:\/\/www.prijedordanas.com\/?p=275275"},"modified":"2026-09-01T13:08:27","modified_gmt":"2026-09-01T11:08:27","slug":"raspored-medijskog-predstavljanja-politickih-subjekata-na-rtv-prijedor","status":"publish","type":"post","link":"https:\/\/www.prijedordanas.com\/?p=275275","title":{"rendered":"Raspored medijskog predstavljanja politi\u010dkih subjekata na RTV Prijedor"},"content":{"rendered":"<p><a href=\"https:\/\/www.prijedordanas.com\/wp-content\/uploads\/2026\/09\/kozarski-medijsko-predstavljanje-izbori2026-zrijebanje-1.jpg\"><img loading=\"lazy\" decoding=\"async\" src=\"https:\/\/www.prijedordanas.com\/wp-content\/uploads\/2026\/09\/kozarski-medijsko-predstavljanje-izbori2026-zrijebanje-1-300x225.jpg\" alt=\"\" width=\"300\" height=\"225\" class=\"alignleft size-medium wp-image-275746\" srcset=\"https:\/\/www.prijedordanas.com\/wp-content\/uploads\/2026\/09\/kozarski-medijsko-predstavljanje-izbori2026-zrijebanje-1-300x225.jpg 300w, https:\/\/www.prijedordanas.com\/wp-content\/uploads\/2026\/09\/kozarski-medijsko-predstavljanje-izbori2026-zrijebanje-1-640x480.jpg 640w, https:\/\/www.prijedordanas.com\/wp-content\/uploads\/2026\/09\/kozarski-medijsko-predstavljanje-izbori2026-zrijebanje-1.jpg 667w\" sizes=\"(max-width: 300px) 100vw, 300px\" \/><\/a>U skladu sa  obavljenim \u017erijebanjem za medijsko predstavljanje politi\u010dkih subjekata u programu RTV Prijedor tokom predizborne kampanje za Op\u0161te izbore 2026. godine, utvr\u0111en je raspored termina za neposredna obra\u0107anja politi\u010dkih subjekata.<\/p>\n<p>Snimanje predizbornih poruka bi\u0107e obavljano u studiju TV Prijedor, prema sljede\u0107em rasporedu:<\/p>\n<p>Datum Politi\u010dki subjekt<\/p>\n<p>7. septembar 2026.      HDZ BiH, HSS BiH, HKDU, HSP AS, HDU, HSP HB, HRAST<br \/>\n8. septembar 2026.      NAROD I PRAVDA, SDBiH<br \/>\n9. septembar 2026.      NES BiH, PDA, NAPRIJED! \u2013 ZA EVROPSKU BiH ZAJEDNO<br \/>\n10. septembar 2026.    \u017dELJKO KOM\u0160I\u0106 \u2013 ZA GRA\u0110ANSKU DR\u017dAVU \u2013 DF\/GS<br \/>\n14. septembar 2026.    BOSANSKOHERCEGOVA\u010cKA INICIJATIVA \u2013 KASUMOVI\u0106 FUAD<br \/>\n15. septembar 2026.    HRVATSKA PETORKA HSS 1990, HRS, HNP, HDS I HSS<br \/>\n16. septembar 2026.    UJEDINJENA SRPSKA<br \/>\n17. septembar 2026.    SAVEZ NEZAVISNIH SOCIJALDEMOKRATA \u2013 SNSD \u2013 MILORAD DODIK<br \/>\n21. septembar 2026.    SBiH \u2013 STRANKA ZA BOSNU I HERCEGOVINU<br \/>\n22. septembar 2026.    KOALICIJA ZA DR\u017dAVU<br \/>\n23. septembar 2026.    NA\u0160A STRANKA<br \/>\n24. septembar 2026.    DNS \u2013 NENAD NE\u0160I\u0106<br \/>\n28. septembar 2026.    DRA\u0160KO STANIVUKOVI\u0106 \u2013 POKRET SIGURNA SRPSKA (PSS, PDP, NSP\u2026)<br \/>\n29. septembar 2026.    ZA PRAVDU I RED \u2013 LISTA NEBOJ\u0160E VUKANOVI\u0106A \u2013 PDP RS \u2013 IGOR CRNADAK<br \/>\n30. septembar 2026.    SOCIJALISTI\u010cKA PARTIJA PETAR \u0110OKI\u0106 \u2013 DEMOS \u2013 NDP<br \/>\n1. oktobar 2026.          SPS \u2013 GORAN SELAK \u2013 POKRET JEDINSTVENA SRPSKA<\/p>\n<p><a href=\"https:\/\/www.prijedordanas.com\/wp-content\/uploads\/2026\/09\/kozarski-medijsko-predstavljanje-izbori2026-zrijebanje-2.jpg\"><img loading=\"lazy\" decoding=\"async\" src=\"https:\/\/www.prijedordanas.com\/wp-content\/uploads\/2026\/09\/kozarski-medijsko-predstavljanje-izbori2026-zrijebanje-2-300x225.jpg\" alt=\"\" width=\"300\" height=\"225\" class=\"alignleft size-medium wp-image-275747\" srcset=\"https:\/\/www.prijedordanas.com\/wp-content\/uploads\/2026\/09\/kozarski-medijsko-predstavljanje-izbori2026-zrijebanje-2-300x225.jpg 300w, https:\/\/www.prijedordanas.com\/wp-content\/uploads\/2026\/09\/kozarski-medijsko-predstavljanje-izbori2026-zrijebanje-2-640x480.jpg 640w, https:\/\/www.prijedordanas.com\/wp-content\/uploads\/2026\/09\/kozarski-medijsko-predstavljanje-izbori2026-zrijebanje-2.jpg 667w\" sizes=\"(max-width: 300px) 100vw, 300px\" \/><\/a>Prema ranijem saop\u0161tenju IPC \u201eKozarski vjesnik\u201c, svim politi\u010dkim subjektima obezbije\u0111eni su jednaki uslovi za neposredno obra\u0107anje u programu RTV Prijedor.<\/p>\n<p>\u201cNa\u0161a medijska ku\u0107a \u0107e tako\u0111e javnost informisati o najva\u017enijim aktivnostima politi\u010dkih subjekata na terenu koji su registrovani na podru\u010dju Prijedora, a njihove aktivnosti bi\u0107e besplatno emitovane u na\u0161im informativnim emisijama\u201c, izjavila je vr\u0161ilac du\u017enosti urednika IPC \u201eKozarski vjesnik\u201c Gordana Kaurin.<\/p>\n<p>IPC \u201eKozarski vjesnik\u201c \u0107e, tako\u0111e, svim politi\u010dkim subjektima pod jednakim uslovima omogu\u0107iti pla\u0107eno politi\u010dko ogla\u0161avanje.<\/p>\n<p>Politi\u010dki subjekti koji \u017eele da koriste usluge pla\u0107enog politi\u010dkog ogla\u0161avanja du\u017eni su da pismenim putem podnesu zahtjev najkasnije 48 \u010dasova prije planiranog emitovanja. Nov\u010dana naknada za usluge objavljivanja upla\u0107uje se unaprijed, prema va\u017ee\u0107em cjenovniku.<\/p>\n<p>Sve dodatne informacije u vezi sa medijskim predstavljanjem u programu RTV Prijedor mogu se dobiti putem telefona 052\/232-863 ili elektronskom po\u0161tom.<\/p>\n<p><a href=\"https:\/\/kozarski.com\/raspored-medijskog-predstavljanja-politickih-subjekata-na-rtv-prijedor\/\" rel=\"noopener\" target=\"_blank\">kozarski.com<\/a><\/p>\n","protected":false},"excerpt":{"rendered":"<p>U skladu sa obavljenim \u017erijebanjem za medijsko predstavljanje politi\u010dkih subjekata u programu RTV Prijedor tokom predizborne kampanje za Op\u0161te izbore 2026. godine, utvr\u0111en je raspored termina za neposredna obra\u0107anja politi\u010dkih [&hellip;]<\/p>\n","protected":false},"author":1,"featured_media":0,"comment_status":"closed","ping_status":"open","sticky":false,"template":"","format":"standard","meta":{"_monsterinsights_skip_tracking":false,"_monsterinsights_sitenote_active":false,"_monsterinsights_sitenote_note":"","_monsterinsights_sitenote_category":0,"footnotes":""},"categories":[11585,8],"tags":[],"yoast_head":"<!-- This site is optimized with the Yoast SEO plugin v21.6 - https:\/\/yoast.com\/wordpress\/plugins\/seo\/ -->\n<title>Raspored medijskog predstavljanja politi\u010dkih subjekata na RTV Prijedor - PrijedorDanas.com - Prijedorski gradski portal<\/title>\n<meta name=\"robots\" content=\"index, follow, max-snippet:-1, max-image-preview:large, max-video-preview:-1\" \/>\n<link rel=\"canonical\" href=\"https:\/\/www.prijedordanas.com\/?p=275275\" \/>\n<meta property=\"og:locale\" content=\"en_US\" \/>\n<meta property=\"og:type\" content=\"article\" \/>\n<meta property=\"og:title\" content=\"Raspored medijskog predstavljanja politi\u010dkih subjekata na RTV Prijedor - PrijedorDanas.com - Prijedorski gradski portal\" \/>\n<meta property=\"og:description\" content=\"U skladu sa obavljenim \u017erijebanjem za medijsko predstavljanje politi\u010dkih subjekata u programu RTV Prijedor tokom predizborne kampanje za Op\u0161te izbore 2026. godine, utvr\u0111en je raspored termina za neposredna obra\u0107anja politi\u010dkih [&hellip;]\" \/>\n<meta property=\"og:url\" content=\"https:\/\/www.prijedordanas.com\/?p=275275\" \/>\n<meta property=\"og:site_name\" content=\"PrijedorDanas.com - Prijedorski gradski portal\" \/>\n<meta property=\"article:publisher\" content=\"https:\/\/www.facebook.com\/PrijedorDanasCom\/\" \/>\n<meta property=\"article:published_time\" content=\"2026-08-25T21:02:46+00:00\" \/>\n<meta property=\"article:modified_time\" content=\"2026-09-01T11:08:27+00:00\" \/>\n<meta property=\"og:image\" content=\"https:\/\/www.prijedordanas.com\/wp-content\/uploads\/2026\/09\/kozarski-medijsko-predstavljanje-izbori2026-zrijebanje-1-300x225.jpg\" \/>\n<meta name=\"author\" content=\"admin\" \/>\n<meta name=\"twitter:card\" content=\"summary_large_image\" \/>\n<meta name=\"twitter:label1\" content=\"Written by\" \/>\n\t<meta name=\"twitter:data1\" content=\"admin\" \/>\n<script type=\"application\/ld+json\" class=\"yoast-schema-graph\">{\"@context\":\"https:\/\/schema.org\",\"@graph\":[{\"@type\":\"Article\",\"@id\":\"https:\/\/www.prijedordanas.com\/?p=275275#article\",\"isPartOf\":{\"@id\":\"https:\/\/www.prijedordanas.com\/?p=275275\"},\"author\":{\"name\":\"admin\",\"@id\":\"https:\/\/www.prijedordanas.com\/#\/schema\/person\/4e08ccf29b506ca916ff86d46bb700e6\"},\"headline\":\"Raspored medijskog predstavljanja politi\u010dkih subjekata na RTV Prijedor\",\"datePublished\":\"2026-08-25T21:02:46+00:00\",\"dateModified\":\"2026-09-01T11:08:27+00:00\",\"mainEntityOfPage\":{\"@id\":\"https:\/\/www.prijedordanas.com\/?p=275275\"},\"wordCount\":345,\"publisher\":{\"@id\":\"https:\/\/www.prijedordanas.com\/#organization\"},\"articleSection\":[\"Izbori\",\"Svakodnevno\"],\"inLanguage\":\"en-US\"},{\"@type\":\"WebPage\",\"@id\":\"https:\/\/www.prijedordanas.com\/?p=275275\",\"url\":\"https:\/\/www.prijedordanas.com\/?p=275275\",\"name\":\"Raspored medijskog predstavljanja politi\u010dkih subjekata na RTV Prijedor - PrijedorDanas.com - Prijedorski gradski portal\",\"isPartOf\":{\"@id\":\"https:\/\/www.prijedordanas.com\/#website\"},\"datePublished\":\"2026-08-25T21:02:46+00:00\",\"dateModified\":\"2026-09-01T11:08:27+00:00\",\"breadcrumb\":{\"@id\":\"https:\/\/www.prijedordanas.com\/?p=275275#breadcrumb\"},\"inLanguage\":\"en-US\",\"potentialAction\":[{\"@type\":\"ReadAction\",\"target\":[\"https:\/\/www.prijedordanas.com\/?p=275275\"]}]},{\"@type\":\"BreadcrumbList\",\"@id\":\"https:\/\/www.prijedordanas.com\/?p=275275#breadcrumb\",\"itemListElement\":[{\"@type\":\"ListItem\",\"position\":1,\"name\":\"Home\",\"item\":\"https:\/\/www.prijedordanas.com\/\"},{\"@type\":\"ListItem\",\"position\":2,\"name\":\"Raspored medijskog predstavljanja politi\u010dkih subjekata na RTV Prijedor\"}]},{\"@type\":\"WebSite\",\"@id\":\"https:\/\/www.prijedordanas.com\/#website\",\"url\":\"https:\/\/www.prijedordanas.com\/\",\"name\":\"PrijedorDanas.com - Prijedorski gradski portal\",\"description\":\"Portal o doga\u0111anjima u gradu Prijedoru\",\"publisher\":{\"@id\":\"https:\/\/www.prijedordanas.com\/#organization\"},\"potentialAction\":[{\"@type\":\"SearchAction\",\"target\":{\"@type\":\"EntryPoint\",\"urlTemplate\":\"https:\/\/www.prijedordanas.com\/?s={search_term_string}\"},\"query-input\":\"required name=search_term_string\"}],\"inLanguage\":\"en-US\"},{\"@type\":\"Organization\",\"@id\":\"https:\/\/www.prijedordanas.com\/#organization\",\"name\":\"PrijedorDanas.com\",\"url\":\"https:\/\/www.prijedordanas.com\/\",\"logo\":{\"@type\":\"ImageObject\",\"inLanguage\":\"en-US\",\"@id\":\"https:\/\/www.prijedordanas.com\/#\/schema\/logo\/image\/\",\"url\":\"http:\/\/www.prijedordanas.com\/wp-content\/uploads\/2021\/12\/logopng.png\",\"contentUrl\":\"http:\/\/www.prijedordanas.com\/wp-content\/uploads\/2021\/12\/logopng.png\",\"width\":1019,\"height\":776,\"caption\":\"PrijedorDanas.com\"},\"image\":{\"@id\":\"https:\/\/www.prijedordanas.com\/#\/schema\/logo\/image\/\"},\"sameAs\":[\"https:\/\/www.facebook.com\/PrijedorDanasCom\/\"]},{\"@type\":\"Person\",\"@id\":\"https:\/\/www.prijedordanas.com\/#\/schema\/person\/4e08ccf29b506ca916ff86d46bb700e6\",\"name\":\"admin\",\"image\":{\"@type\":\"ImageObject\",\"inLanguage\":\"en-US\",\"@id\":\"https:\/\/www.prijedordanas.com\/#\/schema\/person\/image\/\",\"url\":\"https:\/\/secure.gravatar.com\/avatar\/1d3fc949d550f0b53a5f0d51e06dfd79?s=96&d=mm&r=g\",\"contentUrl\":\"https:\/\/secure.gravatar.com\/avatar\/1d3fc949d550f0b53a5f0d51e06dfd79?s=96&d=mm&r=g\",\"caption\":\"admin\"},\"url\":\"https:\/\/www.prijedordanas.com\/?author=1\"}]}<\/script>\n<!-- \/ Yoast SEO plugin. -->","yoast_head_json":{"title":"Raspored medijskog predstavljanja politi\u010dkih subjekata na RTV Prijedor - PrijedorDanas.com - Prijedorski gradski portal","robots":{"index":"index","follow":"follow","max-snippet":"max-snippet:-1","max-image-preview":"max-image-preview:large","max-video-preview":"max-video-preview:-1"},"canonical":"https:\/\/www.prijedordanas.com\/?p=275275","og_locale":"en_US","og_type":"article","og_title":"Raspored medijskog predstavljanja politi\u010dkih subjekata na RTV Prijedor - PrijedorDanas.com - Prijedorski gradski portal","og_description":"U skladu sa obavljenim \u017erijebanjem za medijsko predstavljanje politi\u010dkih subjekata u programu RTV Prijedor tokom predizborne kampanje za Op\u0161te izbore 2026. godine, utvr\u0111en je raspored termina za neposredna obra\u0107anja politi\u010dkih [&hellip;]","og_url":"https:\/\/www.prijedordanas.com\/?p=275275","og_site_name":"PrijedorDanas.com - Prijedorski gradski portal","article_publisher":"https:\/\/www.facebook.com\/PrijedorDanasCom\/","article_published_time":"2026-08-25T21:02:46+00:00","article_modified_time":"2026-09-01T11:08:27+00:00","og_image":[{"url":"https:\/\/www.prijedordanas.com\/wp-content\/uploads\/2026\/09\/kozarski-medijsko-predstavljanje-izbori2026-zrijebanje-1-300x225.jpg"}],"author":"admin","twitter_card":"summary_large_image","twitter_misc":{"Written by":"admin"},"schema":{"@context":"https:\/\/schema.org","@graph":[{"@type":"Article","@id":"https:\/\/www.prijedordanas.com\/?p=275275#article","isPartOf":{"@id":"https:\/\/www.prijedordanas.com\/?p=275275"},"author":{"name":"admin","@id":"https:\/\/www.prijedordanas.com\/#\/schema\/person\/4e08ccf29b506ca916ff86d46bb700e6"},"headline":"Raspored medijskog predstavljanja politi\u010dkih subjekata na RTV Prijedor","datePublished":"2026-08-25T21:02:46+00:00","dateModified":"2026-09-01T11:08:27+00:00","mainEntityOfPage":{"@id":"https:\/\/www.prijedordanas.com\/?p=275275"},"wordCount":345,"publisher":{"@id":"https:\/\/www.prijedordanas.com\/#organization"},"articleSection":["Izbori","Svakodnevno"],"inLanguage":"en-US"},{"@type":"WebPage","@id":"https:\/\/www.prijedordanas.com\/?p=275275","url":"https:\/\/www.prijedordanas.com\/?p=275275","name":"Raspored medijskog predstavljanja politi\u010dkih subjekata na RTV Prijedor - PrijedorDanas.com - Prijedorski gradski portal","isPartOf":{"@id":"https:\/\/www.prijedordanas.com\/#website"},"datePublished":"2026-08-25T21:02:46+00:00","dateModified":"2026-09-01T11:08:27+00:00","breadcrumb":{"@id":"https:\/\/www.prijedordanas.com\/?p=275275#breadcrumb"},"inLanguage":"en-US","potentialAction":[{"@type":"ReadAction","target":["https:\/\/www.prijedordanas.com\/?p=275275"]}]},{"@type":"BreadcrumbList","@id":"https:\/\/www.prijedordanas.com\/?p=275275#breadcrumb","itemListElement":[{"@type":"ListItem","position":1,"name":"Home","item":"https:\/\/www.prijedordanas.com\/"},{"@type":"ListItem","position":2,"name":"Raspored medijskog predstavljanja politi\u010dkih subjekata na RTV Prijedor"}]},{"@type":"WebSite","@id":"https:\/\/www.prijedordanas.com\/#website","url":"https:\/\/www.prijedordanas.com\/","name":"PrijedorDanas.com - Prijedorski gradski portal","description":"Portal o doga\u0111anjima u gradu Prijedoru","publisher":{"@id":"https:\/\/www.prijedordanas.com\/#organization"},"potentialAction":[{"@type":"SearchAction","target":{"@type":"EntryPoint","urlTemplate":"https:\/\/www.prijedordanas.com\/?s={search_term_string}"},"query-input":"required name=search_term_string"}],"inLanguage":"en-US"},{"@type":"Organization","@id":"https:\/\/www.prijedordanas.com\/#organization","name":"PrijedorDanas.com","url":"https:\/\/www.prijedordanas.com\/","logo":{"@type":"ImageObject","inLanguage":"en-US","@id":"https:\/\/www.prijedordanas.com\/#\/schema\/logo\/image\/","url":"http:\/\/www.prijedordanas.com\/wp-content\/uploads\/2021\/12\/logopng.png","contentUrl":"http:\/\/www.prijedordanas.com\/wp-content\/uploads\/2021\/12\/logopng.png","width":1019,"height":776,"caption":"PrijedorDanas.com"},"image":{"@id":"https:\/\/www.prijedordanas.com\/#\/schema\/logo\/image\/"},"sameAs":["https:\/\/www.facebook.com\/PrijedorDanasCom\/"]},{"@type":"Person","@id":"https:\/\/www.prijedordanas.com\/#\/schema\/person\/4e08ccf29b506ca916ff86d46bb700e6","name":"admin","image":{"@type":"ImageObject","inLanguage":"en-US","@id":"https:\/\/www.prijedordanas.com\/#\/schema\/person\/image\/","url":"https:\/\/secure.gravatar.com\/avatar\/1d3fc949d550f0b53a5f0d51e06dfd79?s=96&d=mm&r=g","contentUrl":"https:\/\/secure.gravatar.com\/avatar\/1d3fc949d550f0b53a5f0d51e06dfd79?s=96&d=mm&r=g","caption":"admin"},"url":"https:\/\/www.prijedordanas.com\/?author=1"}]}},"_links":{"self":[{"href":"https:\/\/www.prijedordanas.com\/index.php?rest_route=\/wp\/v2\/posts\/275275"}],"collection":[{"href":"https:\/\/www.prijedordanas.com\/index.php?rest_route=\/wp\/v2\/posts"}],"about":[{"href":"https:\/\/www.prijedordanas.com\/index.php?rest_route=\/wp\/v2\/types\/post"}],"author":[{"embeddable":true,"href":"https:\/\/www.prijedordanas.com\/index.php?rest_route=\/wp\/v2\/users\/1"}],"replies":[{"embeddable":true,"href":"https:\/\/www.prijedordanas.com\/index.php?rest_route=%2Fwp%2Fv2%2Fcomments&post=275275"}],"version-history":[{"count":2,"href":"https:\/\/www.prijedordanas.com\/index.php?rest_route=\/wp\/v2\/posts\/275275\/revisions"}],"predecessor-version":[{"id":275748,"href":"https:\/\/www.prijedordanas.com\/index.php?rest_route=\/wp\/v2\/posts\/275275\/revisions\/275748"}],"wp:attachment":[{"href":"https:\/\/www.prijedordanas.com\/index.php?rest_route=%2Fwp%2Fv2%2Fmedia&parent=275275"}],"wp:term":[{"taxonomy":"category","embeddable":true,"href":"https:\/\/www.prijedordanas.com\/index.php?rest_route=%2Fwp%2Fv2%2Fcategories&post=275275"},{"taxonomy":"post_tag","embeddable":true,"href":"https:\/\/www.prijedordanas.com\/index.php?rest_route=%2Fwp%2Fv2%2Ftags&post=275275"}],"curies":[{"name":"wp","href":"https:\/\/api.w.org\/{rel}","templated":true}]}}