{"id":275243,"date":"2026-08-24T13:43:18","date_gmt":"2026-08-24T11:43:18","guid":{"rendered":"https:\/\/www.prijedordanas.com\/?p=275243"},"modified":"2026-08-24T13:43:18","modified_gmt":"2026-08-24T11:43:18","slug":"novi-radari-u-rs-nece-samo-mjeriti-brzinu-evo-sta-ce-sve-hvatati","status":"publish","type":"post","link":"https:\/\/www.prijedordanas.com\/?p=275243","title":{"rendered":"Novi radari u RS: Ne\u0107e samo mjeriti brzinu &#8211; evo \u0161ta \u0107e sve &#8220;hvatati&#8221;"},"content":{"rendered":"<p><a href=\"https:\/\/www.prijedordanas.com\/wp-content\/uploads\/2026\/03\/radar-kamicani-1.jpg\"><img loading=\"lazy\" decoding=\"async\" src=\"https:\/\/www.prijedordanas.com\/wp-content\/uploads\/2026\/03\/radar-kamicani-1-300x225.jpg\" alt=\"\" width=\"300\" height=\"225\" class=\"alignleft size-medium wp-image-264374\" srcset=\"https:\/\/www.prijedordanas.com\/wp-content\/uploads\/2026\/03\/radar-kamicani-1-300x225.jpg 300w, https:\/\/www.prijedordanas.com\/wp-content\/uploads\/2026\/03\/radar-kamicani-1-640x480.jpg 640w, https:\/\/www.prijedordanas.com\/wp-content\/uploads\/2026\/03\/radar-kamicani-1.jpg 667w\" sizes=\"(max-width: 300px) 100vw, 300px\" \/><\/a>MUP Republike Srpske pokrenuo je postupak nabavke 90 novih stacionarnih radara, a rije\u010d je o sistemima koji \u0107e imati znatno vi\u0161e mogu\u0107nosti od klasi\u010dnog mjerenja brzine.<\/p>\n<p>Novi ure\u0111aji trebalo bi da evidentiraju prolazak kroz crveno svjetlo, nevezivanje sigurnosnog pojasa, ali i kori\u0161tenje mobilnog telefona tokom vo\u017enje koji nije prilago\u0111en upotrebi u vozilu. To zna\u010di da \u0107e novi radarski sistem pratiti mnogo vi\u0161e od toga da li je prekora\u010dena dozvoljena brzina.<\/p>\n<p>MUP je naveo i da \u0107e novih 90 stacionarnih radara biti postavljeno na lokacijama koje su odre\u0111ene nakon analize bezbjednosti saobra\u0107aja, ali i na osnovu zahtjeva gra\u0111ana i lokalnih zajednica.<\/p>\n<p>Posebna pa\u017enja bi\u0107e posve\u0107ena lokacijama u blizini \u0161kola, vrti\u0107a, drugih javnih ustanova, kao i u podru\u010djima u blizini granice BiH.<\/p>\n<p>Ovo nije prvi put da MUP Srpske uvodi stacionirane radare. Ministarstvo je tokom 2020. godine nabavilo 100 radara, koji su u operativnu upotrebu uvedeni tokom 2021. godine.<\/p>\n<p>Iz MUP-a navode da su analize pokazale da radarski sistemi imaju preventivni efekat i da je na dionicama na kojima su postavljeni pove\u0107an nivo bezbjednosti saobra\u0107aja i da nije bilo saobra\u0107ajnih nesre\u0107a sa smrtnim ishodom.<\/p>\n<p>S obzirom na mogu\u0107nosti novih ure\u0111aja, voza\u010di \u0107e ubudu\u0107e morati mnogo vi\u0161e da paze za volanom jer nije samo brzina ono \u0161to \u0107e radar mo\u0107i da zabilje\u017ei.<\/p>\n<p><a href=\"https:\/\/atvbl.rs\/lat\/vijesti\/drustvo\/novi-radari-u-srpskoj-nece-samo-mjeriti-brzinu-evo-sta-ce-sve-hvatati\/2333423\" rel=\"noopener\" target=\"_blank\">atvbl.rs<\/a><\/p>\n","protected":false},"excerpt":{"rendered":"<p>MUP Republike Srpske pokrenuo je postupak nabavke 90 novih stacionarnih radara, a rije\u010d je o sistemima koji \u0107e imati znatno vi\u0161e mogu\u0107nosti od klasi\u010dnog mjerenja brzine. Novi ure\u0111aji trebalo bi [&hellip;]<\/p>\n","protected":false},"author":1,"featured_media":0,"comment_status":"closed","ping_status":"open","sticky":false,"template":"","format":"standard","meta":{"_monsterinsights_skip_tracking":false,"_monsterinsights_sitenote_active":false,"_monsterinsights_sitenote_note":"","_monsterinsights_sitenote_category":0,"footnotes":""},"categories":[3],"tags":[],"yoast_head":"<!-- This site is optimized with the Yoast SEO plugin v21.6 - https:\/\/yoast.com\/wordpress\/plugins\/seo\/ -->\n<title>Novi radari u RS: Ne\u0107e samo mjeriti brzinu - evo \u0161ta \u0107e sve &quot;hvatati&quot; - PrijedorDanas.com - Prijedorski gradski portal<\/title>\n<meta name=\"robots\" content=\"index, follow, max-snippet:-1, max-image-preview:large, max-video-preview:-1\" \/>\n<link rel=\"canonical\" href=\"https:\/\/www.prijedordanas.com\/?p=275243\" \/>\n<meta property=\"og:locale\" content=\"en_US\" \/>\n<meta property=\"og:type\" content=\"article\" \/>\n<meta property=\"og:title\" content=\"Novi radari u RS: Ne\u0107e samo mjeriti brzinu - evo \u0161ta \u0107e sve &quot;hvatati&quot; - PrijedorDanas.com - Prijedorski gradski portal\" \/>\n<meta property=\"og:description\" content=\"MUP Republike Srpske pokrenuo je postupak nabavke 90 novih stacionarnih radara, a rije\u010d je o sistemima koji \u0107e imati znatno vi\u0161e mogu\u0107nosti od klasi\u010dnog mjerenja brzine. Novi ure\u0111aji trebalo bi [&hellip;]\" \/>\n<meta property=\"og:url\" content=\"https:\/\/www.prijedordanas.com\/?p=275243\" \/>\n<meta property=\"og:site_name\" content=\"PrijedorDanas.com - Prijedorski gradski portal\" \/>\n<meta property=\"article:publisher\" content=\"https:\/\/www.facebook.com\/PrijedorDanasCom\/\" \/>\n<meta property=\"article:published_time\" content=\"2026-08-24T11:43:18+00:00\" \/>\n<meta property=\"og:image\" content=\"https:\/\/www.prijedordanas.com\/wp-content\/uploads\/2026\/03\/radar-kamicani-1-300x225.jpg\" \/>\n<meta name=\"author\" content=\"admin\" \/>\n<meta name=\"twitter:card\" content=\"summary_large_image\" \/>\n<meta name=\"twitter:label1\" content=\"Written by\" \/>\n\t<meta name=\"twitter:data1\" content=\"admin\" \/>\n<script type=\"application\/ld+json\" class=\"yoast-schema-graph\">{\"@context\":\"https:\/\/schema.org\",\"@graph\":[{\"@type\":\"Article\",\"@id\":\"https:\/\/www.prijedordanas.com\/?p=275243#article\",\"isPartOf\":{\"@id\":\"https:\/\/www.prijedordanas.com\/?p=275243\"},\"author\":{\"name\":\"admin\",\"@id\":\"https:\/\/www.prijedordanas.com\/#\/schema\/person\/4e08ccf29b506ca916ff86d46bb700e6\"},\"headline\":\"Novi radari u RS: Ne\u0107e samo mjeriti brzinu &#8211; evo \u0161ta \u0107e sve &#8220;hvatati&#8221;\",\"datePublished\":\"2026-08-24T11:43:18+00:00\",\"dateModified\":\"2026-08-24T11:43:18+00:00\",\"mainEntityOfPage\":{\"@id\":\"https:\/\/www.prijedordanas.com\/?p=275243\"},\"wordCount\":250,\"publisher\":{\"@id\":\"https:\/\/www.prijedordanas.com\/#organization\"},\"articleSection\":[\"\u017divot\"],\"inLanguage\":\"en-US\"},{\"@type\":\"WebPage\",\"@id\":\"https:\/\/www.prijedordanas.com\/?p=275243\",\"url\":\"https:\/\/www.prijedordanas.com\/?p=275243\",\"name\":\"Novi radari u RS: Ne\u0107e samo mjeriti brzinu - evo \u0161ta \u0107e sve \\\"hvatati\\\" - PrijedorDanas.com - Prijedorski gradski portal\",\"isPartOf\":{\"@id\":\"https:\/\/www.prijedordanas.com\/#website\"},\"datePublished\":\"2026-08-24T11:43:18+00:00\",\"dateModified\":\"2026-08-24T11:43:18+00:00\",\"breadcrumb\":{\"@id\":\"https:\/\/www.prijedordanas.com\/?p=275243#breadcrumb\"},\"inLanguage\":\"en-US\",\"potentialAction\":[{\"@type\":\"ReadAction\",\"target\":[\"https:\/\/www.prijedordanas.com\/?p=275243\"]}]},{\"@type\":\"BreadcrumbList\",\"@id\":\"https:\/\/www.prijedordanas.com\/?p=275243#breadcrumb\",\"itemListElement\":[{\"@type\":\"ListItem\",\"position\":1,\"name\":\"Home\",\"item\":\"https:\/\/www.prijedordanas.com\/\"},{\"@type\":\"ListItem\",\"position\":2,\"name\":\"Novi radari u RS: Ne\u0107e samo mjeriti brzinu &#8211; evo \u0161ta \u0107e sve &#8220;hvatati&#8221;\"}]},{\"@type\":\"WebSite\",\"@id\":\"https:\/\/www.prijedordanas.com\/#website\",\"url\":\"https:\/\/www.prijedordanas.com\/\",\"name\":\"PrijedorDanas.com - Prijedorski gradski portal\",\"description\":\"Portal o doga\u0111anjima u gradu Prijedoru\",\"publisher\":{\"@id\":\"https:\/\/www.prijedordanas.com\/#organization\"},\"potentialAction\":[{\"@type\":\"SearchAction\",\"target\":{\"@type\":\"EntryPoint\",\"urlTemplate\":\"https:\/\/www.prijedordanas.com\/?s={search_term_string}\"},\"query-input\":\"required name=search_term_string\"}],\"inLanguage\":\"en-US\"},{\"@type\":\"Organization\",\"@id\":\"https:\/\/www.prijedordanas.com\/#organization\",\"name\":\"PrijedorDanas.com\",\"url\":\"https:\/\/www.prijedordanas.com\/\",\"logo\":{\"@type\":\"ImageObject\",\"inLanguage\":\"en-US\",\"@id\":\"https:\/\/www.prijedordanas.com\/#\/schema\/logo\/image\/\",\"url\":\"http:\/\/www.prijedordanas.com\/wp-content\/uploads\/2021\/12\/logopng.png\",\"contentUrl\":\"http:\/\/www.prijedordanas.com\/wp-content\/uploads\/2021\/12\/logopng.png\",\"width\":1019,\"height\":776,\"caption\":\"PrijedorDanas.com\"},\"image\":{\"@id\":\"https:\/\/www.prijedordanas.com\/#\/schema\/logo\/image\/\"},\"sameAs\":[\"https:\/\/www.facebook.com\/PrijedorDanasCom\/\"]},{\"@type\":\"Person\",\"@id\":\"https:\/\/www.prijedordanas.com\/#\/schema\/person\/4e08ccf29b506ca916ff86d46bb700e6\",\"name\":\"admin\",\"image\":{\"@type\":\"ImageObject\",\"inLanguage\":\"en-US\",\"@id\":\"https:\/\/www.prijedordanas.com\/#\/schema\/person\/image\/\",\"url\":\"https:\/\/secure.gravatar.com\/avatar\/1d3fc949d550f0b53a5f0d51e06dfd79?s=96&d=mm&r=g\",\"contentUrl\":\"https:\/\/secure.gravatar.com\/avatar\/1d3fc949d550f0b53a5f0d51e06dfd79?s=96&d=mm&r=g\",\"caption\":\"admin\"},\"url\":\"https:\/\/www.prijedordanas.com\/?author=1\"}]}<\/script>\n<!-- \/ Yoast SEO plugin. -->","yoast_head_json":{"title":"Novi radari u RS: Ne\u0107e samo mjeriti brzinu - evo \u0161ta \u0107e sve \"hvatati\" - PrijedorDanas.com - Prijedorski gradski portal","robots":{"index":"index","follow":"follow","max-snippet":"max-snippet:-1","max-image-preview":"max-image-preview:large","max-video-preview":"max-video-preview:-1"},"canonical":"https:\/\/www.prijedordanas.com\/?p=275243","og_locale":"en_US","og_type":"article","og_title":"Novi radari u RS: Ne\u0107e samo mjeriti brzinu - evo \u0161ta \u0107e sve \"hvatati\" - PrijedorDanas.com - Prijedorski gradski portal","og_description":"MUP Republike Srpske pokrenuo je postupak nabavke 90 novih stacionarnih radara, a rije\u010d je o sistemima koji \u0107e imati znatno vi\u0161e mogu\u0107nosti od klasi\u010dnog mjerenja brzine. Novi ure\u0111aji trebalo bi [&hellip;]","og_url":"https:\/\/www.prijedordanas.com\/?p=275243","og_site_name":"PrijedorDanas.com - Prijedorski gradski portal","article_publisher":"https:\/\/www.facebook.com\/PrijedorDanasCom\/","article_published_time":"2026-08-24T11:43:18+00:00","og_image":[{"url":"https:\/\/www.prijedordanas.com\/wp-content\/uploads\/2026\/03\/radar-kamicani-1-300x225.jpg"}],"author":"admin","twitter_card":"summary_large_image","twitter_misc":{"Written by":"admin"},"schema":{"@context":"https:\/\/schema.org","@graph":[{"@type":"Article","@id":"https:\/\/www.prijedordanas.com\/?p=275243#article","isPartOf":{"@id":"https:\/\/www.prijedordanas.com\/?p=275243"},"author":{"name":"admin","@id":"https:\/\/www.prijedordanas.com\/#\/schema\/person\/4e08ccf29b506ca916ff86d46bb700e6"},"headline":"Novi radari u RS: Ne\u0107e samo mjeriti brzinu &#8211; evo \u0161ta \u0107e sve &#8220;hvatati&#8221;","datePublished":"2026-08-24T11:43:18+00:00","dateModified":"2026-08-24T11:43:18+00:00","mainEntityOfPage":{"@id":"https:\/\/www.prijedordanas.com\/?p=275243"},"wordCount":250,"publisher":{"@id":"https:\/\/www.prijedordanas.com\/#organization"},"articleSection":["\u017divot"],"inLanguage":"en-US"},{"@type":"WebPage","@id":"https:\/\/www.prijedordanas.com\/?p=275243","url":"https:\/\/www.prijedordanas.com\/?p=275243","name":"Novi radari u RS: Ne\u0107e samo mjeriti brzinu - evo \u0161ta \u0107e sve \"hvatati\" - PrijedorDanas.com - Prijedorski gradski portal","isPartOf":{"@id":"https:\/\/www.prijedordanas.com\/#website"},"datePublished":"2026-08-24T11:43:18+00:00","dateModified":"2026-08-24T11:43:18+00:00","breadcrumb":{"@id":"https:\/\/www.prijedordanas.com\/?p=275243#breadcrumb"},"inLanguage":"en-US","potentialAction":[{"@type":"ReadAction","target":["https:\/\/www.prijedordanas.com\/?p=275243"]}]},{"@type":"BreadcrumbList","@id":"https:\/\/www.prijedordanas.com\/?p=275243#breadcrumb","itemListElement":[{"@type":"ListItem","position":1,"name":"Home","item":"https:\/\/www.prijedordanas.com\/"},{"@type":"ListItem","position":2,"name":"Novi radari u RS: Ne\u0107e samo mjeriti brzinu &#8211; evo \u0161ta \u0107e sve &#8220;hvatati&#8221;"}]},{"@type":"WebSite","@id":"https:\/\/www.prijedordanas.com\/#website","url":"https:\/\/www.prijedordanas.com\/","name":"PrijedorDanas.com - Prijedorski gradski portal","description":"Portal o doga\u0111anjima u gradu Prijedoru","publisher":{"@id":"https:\/\/www.prijedordanas.com\/#organization"},"potentialAction":[{"@type":"SearchAction","target":{"@type":"EntryPoint","urlTemplate":"https:\/\/www.prijedordanas.com\/?s={search_term_string}"},"query-input":"required name=search_term_string"}],"inLanguage":"en-US"},{"@type":"Organization","@id":"https:\/\/www.prijedordanas.com\/#organization","name":"PrijedorDanas.com","url":"https:\/\/www.prijedordanas.com\/","logo":{"@type":"ImageObject","inLanguage":"en-US","@id":"https:\/\/www.prijedordanas.com\/#\/schema\/logo\/image\/","url":"http:\/\/www.prijedordanas.com\/wp-content\/uploads\/2021\/12\/logopng.png","contentUrl":"http:\/\/www.prijedordanas.com\/wp-content\/uploads\/2021\/12\/logopng.png","width":1019,"height":776,"caption":"PrijedorDanas.com"},"image":{"@id":"https:\/\/www.prijedordanas.com\/#\/schema\/logo\/image\/"},"sameAs":["https:\/\/www.facebook.com\/PrijedorDanasCom\/"]},{"@type":"Person","@id":"https:\/\/www.prijedordanas.com\/#\/schema\/person\/4e08ccf29b506ca916ff86d46bb700e6","name":"admin","image":{"@type":"ImageObject","inLanguage":"en-US","@id":"https:\/\/www.prijedordanas.com\/#\/schema\/person\/image\/","url":"https:\/\/secure.gravatar.com\/avatar\/1d3fc949d550f0b53a5f0d51e06dfd79?s=96&d=mm&r=g","contentUrl":"https:\/\/secure.gravatar.com\/avatar\/1d3fc949d550f0b53a5f0d51e06dfd79?s=96&d=mm&r=g","caption":"admin"},"url":"https:\/\/www.prijedordanas.com\/?author=1"}]}},"_links":{"self":[{"href":"https:\/\/www.prijedordanas.com\/index.php?rest_route=\/wp\/v2\/posts\/275243"}],"collection":[{"href":"https:\/\/www.prijedordanas.com\/index.php?rest_route=\/wp\/v2\/posts"}],"about":[{"href":"https:\/\/www.prijedordanas.com\/index.php?rest_route=\/wp\/v2\/types\/post"}],"author":[{"embeddable":true,"href":"https:\/\/www.prijedordanas.com\/index.php?rest_route=\/wp\/v2\/users\/1"}],"replies":[{"embeddable":true,"href":"https:\/\/www.prijedordanas.com\/index.php?rest_route=%2Fwp%2Fv2%2Fcomments&post=275243"}],"version-history":[{"count":1,"href":"https:\/\/www.prijedordanas.com\/index.php?rest_route=\/wp\/v2\/posts\/275243\/revisions"}],"predecessor-version":[{"id":275244,"href":"https:\/\/www.prijedordanas.com\/index.php?rest_route=\/wp\/v2\/posts\/275243\/revisions\/275244"}],"wp:attachment":[{"href":"https:\/\/www.prijedordanas.com\/index.php?rest_route=%2Fwp%2Fv2%2Fmedia&parent=275243"}],"wp:term":[{"taxonomy":"category","embeddable":true,"href":"https:\/\/www.prijedordanas.com\/index.php?rest_route=%2Fwp%2Fv2%2Fcategories&post=275243"},{"taxonomy":"post_tag","embeddable":true,"href":"https:\/\/www.prijedordanas.com\/index.php?rest_route=%2Fwp%2Fv2%2Ftags&post=275243"}],"curies":[{"name":"wp","href":"https:\/\/api.w.org\/{rel}","templated":true}]}}